{"id":9357,"date":"2009-05-19T09:45:31","date_gmt":"2009-05-19T14:45:31","guid":{"rendered":"http:\/\/www.bibula.com\/?p=9357"},"modified":"2009-05-19T09:45:31","modified_gmt":"2009-05-19T14:45:31","slug":"niemcy-chca-zrzucic-z-siebie-odpowiedzialnosc","status":"publish","type":"post","link":"https:\/\/www.bibula.com\/?p=9357","title":{"rendered":"Niemcy chc\u0105 zrzuci\u0107 z siebie odpowiedzialno\u015b\u0107"},"content":{"rendered":"<p><em>Niemiecki &#8222;Der Spiegel&#8221; stawia skandaliczn\u0105 tez\u0119, \u017ce odpowiedzialno\u015b\u0107 za holokaust powinna by\u0107 problemem &#8222;og\u00f3lnoeuropejskim&#8221;, a nie tylko niemieckim<\/em><\/p>\r\n\r\n<p><strong>Tygodnik &#8222;Der Spiegel&#8221; w artykule zatytu\u0142owanym &#8222;Wsp\u00f3lnicy &#8211; europejscy pomocnicy Hitlera przy mordowaniu \u017byd\u00f3w&#8221; (Die Komplizen &#8211; Hitlers europ\u00c3\u00a4ische Helfer beim Judenmord) twierdzi, \u017ce za holokaust odpowiedzialni s\u0105 nie tylko Niemcy, poniewa\u017c bez pomocy setek tysi\u0119cy ludzi innych narodowo\u015bci (nie-Niemc\u00f3w) nazi\u015bci nie byliby w stanie samodzielnie wymordowa\u0107 kilku milion\u00f3w \u017byd\u00f3w. W\u015br\u00f3d pomocnik\u00f3w Hitlera tygodnik, m.in. obok Ukrai\u0144c\u00f3w, Rumun\u00f3w, Francuz\u00f3w czy W\u0119gr\u00f3w, wymienia tak\u017ce Polak\u00f3w. <\/strong><br \/>\r\n<br \/>\r\nW nawi\u0105zaniu do przeprowadzonej w ostatnich dniach ekstradycji z USA do Niemiec wojennego zbrodniarza, esesmana ukrai\u0144skiego pochodzenia Johna Demjaniuka, w niemieckiej prasie coraz cz\u0119\u015bciej pojawiaj\u0105 si\u0119 publikacje zwi\u0105zane z drug\u0105 wojn\u0105 \u015bwiatow\u0105 i odpowiedzialno\u015bci\u0105 za holokaust. W najnowszym numerze tygodnika &#8222;Der Spiegel&#8221; w obszernym, bo a\u017c jedenastostronicowym artykule czytamy, \u017ce nie tylko Niemcy s\u0105 odpowiedzialni za holokaust, poniewa\u017c w prawie ka\u017cdym europejskim kraju mieli wielu sprzymierze\u0144c\u00f3w, kt\u00f3rzy bardzo cz\u0119sto okazywali si\u0119 bardziej aktywni w likwidacji \u017byd\u00f3w ni\u017c nazi\u015bci. &#8222;Pomocnik\u00f3w i organizator\u00f3w holokaustu w\u015br\u00f3d 'nie-Niemc\u00f3w&#8217; by\u0142o tyle samo, co Niemc\u00f3w i Austriak\u00f3w razem wzi\u0119tych&#8221; &#8211; cytuje historyka Dietera Pohla &#8222;Der Spiegel&#8221;. <br \/>\r\nDo wsp\u00f3\u0142odpowiedzialnych za holokaust niemiecki tygodnik zalicza &#8222;ukrai\u0144skich \u017candarm\u00f3w, litewskich policjant\u00f3w, rumu\u0144skich \u017co\u0142nierzy, w\u0119gierskich kolejarzy, holenderskich urz\u0119dnik\u00f3w, francuskich burmistrz\u00f3w, norweskich ministr\u00f3w, w\u0142oskich \u017co\u0142nierzy i&#8230; polskich rolnik\u00f3w. <br \/>\r\nWrzucanie do jednego worka polskich rolnik\u00f3w z pozosta\u0142ymi wymienionymi przez tygodnik grupami &#8211; zdaniem dr. hab. Bogdana Musia\u0142a, pracownika Biura Edukacji Publicznej IPN &#8211; jest du\u017cym nadu\u017cyciem. &#8211; Trzeba odr\u00f3\u017cni\u0107 Francuz\u00f3w, W\u0119gr\u00f3w i Rumun\u00f3w od jakiej\u015b niewielkiej grupy Polak\u00f3w. Na przyk\u0142ad W\u0119grzy i S\u0142owacy robili to na ochotnika i nikt ich do tego nie zmusza\u0142 &#8211; powiedzia\u0142 w rozmowie z &#8222;Naszym Dziennikiem&#8221; dr Musia\u0142. &#8211; W Polsce by\u0142a zupe\u0142nie odmienna sytuacja, nasz kraj by\u0142 pod ca\u0142kowit\u0105 okupacj\u0105 niemieck\u0105 i praktycznie to Niemcy decydowali, kto musi, a kto nie, wzi\u0105\u0107 w tym udzia\u0142 &#8211; doda\u0142.<br \/>\r\nBogdan Musia\u0142 wytkn\u0105\u0142 tak\u017ce niemieckiemu tygodnikowi nadu\u017cycia w innych miejscach. &#8222;Der Spiegel&#8221; pisze o polskim antysemityzmie, kt\u00f3ry w konsekwencji mia\u0142 doprowadzi\u0107 do zamkni\u0119cia drzwi wielu polskich uniwersytet\u00f3w dla \u017byd\u00f3w. Historyk r\u00f3wnie\u017c t\u0119 informacj\u0119 nazwa\u0142 nieprawdziw\u0105, poniewa\u017c nigdy nie by\u0142o jakichkolwiek oficjalnych administracyjnych rozporz\u0105dze\u0144 na ten temat. &#8211; Nie by\u0142o czego\u015b takiego, co napisa\u0142 &#8222;Der Spiegel&#8221; &#8211; stwierdzi\u0142 dr Musia\u0142. &#8211; Owszem, by\u0142y jakie\u015b nieformalne akcje antysemickie, ale formalnie to by\u0142o zabronione. Owszem, istnia\u0142y nieformalne grupy, kt\u00f3re pr\u00f3bowa\u0142y szykanowa\u0107 \u017byd\u00f3w, ale to by\u0142y dzia\u0142ania niezgodne z obowi\u0105zuj\u0105cym prawem &#8211; podkre\u015bli\u0142 historyk IPN. Stwierdzi\u0142 te\u017c, \u017ce Niemcy najwyra\u017aniej nie wiedz\u0105 te\u017c o tym, \u017ce udzia\u0142 procentowy \u017byd\u00f3w w\u015br\u00f3d prawnik\u00f3w, lekarzy czy w\u015br\u00f3d innych kategorii zawodowych ludzi z wy\u017cszym wykszta\u0142ceniem by\u0142 przed wojn\u0105 w Polsce znacznie wy\u017cszy ni\u017c 10 procent (tylu \u017byd\u00f3w mieszka\u0142o przed wojn\u0105 w II RP). <br \/>\r\nOg\u00f3lna teza artyku\u0142u stawiana przez Niemc\u00f3w jest taka, \u017ce bez intensywnej pomocy obywateli z innych kraj\u00f3w Hitler nie by\u0142by w stanie dokona\u0107 holokaustu. W zwi\u0105zku z tym gazeta, cytuj\u0105c berli\u0144skiego historyka Goetza Aly, twierdzi, \u017ce holokaust w kwestii odpowiedzialno\u015bci za zbrodni\u0119 powinien sta\u0107 si\u0119 problemem nie tylko niemieckim, ale tak\u017ce og\u00f3lnoeuropejskim. &#8222;Der Spiegel&#8221; ubolewa jednak nad tym, \u017ce europejski proces odpowiedzialno\u015bci za holokaust jeszcze si\u0119 nie rozpocz\u0105\u0142. &#8222;Bardzo p\u00f3\u017ano &#8211; pisze niemiecki tygodnik &#8211; ale i tak jako pierwsi o swojej wsp\u00f3\u0142odpowiedzialno\u015bci w holokau\u015bcie zacz\u0119li m\u00f3wi\u0107 Francuzi i W\u0142osi, na pocz\u0105tku tej drogi s\u0105 Polacy, W\u0119grzy i Rumuni, a Litwini i Ukrai\u0144cy wcale nie chc\u0105 o tym m\u00f3wi\u0107&#8221;. <br \/>\r\nPr\u00f3by zrzucania odpowiedzialno\u015bci za holokaust przez Niemc\u00f3w na inne narody dr Musia\u0142 obserwuje ju\u017c od dawna. &#8211; Takie podej\u015bcie do tematu nie jest dla mnie niczym nowym. B\u0119d\u0105c na wielu naukowych sympozjach, chocia\u017cby na konferencji w Dachau, ju\u017c wielokrotnie s\u0142ysza\u0142em tez\u0119, \u017ce problem holokaustu w zasadzie jest problemem europejskim &#8211; twierdzi historyk.<br \/>\r\n<br \/>\r\n<strong>Niemcy: Polacy te\u017c s\u0105 winni<\/strong><br \/>\r\nNiemiecka gazeta przyznaje co prawda, \u017ce oko\u0142o 125 tys. Polak\u00f3w ratowa\u0142o \u017byd\u00f3w, ale jest to ma\u0142y procent ludno\u015bci &#8222;i w zasadzie nie ma wi\u0119kszego znaczenia, bowiem okupanci potrafili wykorzysta\u0107 takich, kt\u00f3rzy im pomagali w niszczeniu \u017byd\u00f3w&#8221;. Przyk\u0142ad Jedwabnego (dzi\u0119ki relacjom Jana T. Grossa) jest dla hamburskiego tygodnika dowodem na to, i\u017c Polacy tak\u017ce wsp\u00f3\u0142uczestniczyli w zag\u0142adzie \u017byd\u00f3w. &#8222;I ju\u017c dzisiaj dobrze wiemy, co ludzi w Jedwabnem i wielu innych polskich miastach w 1941 roku popchn\u0119\u0142o do mordu. Czasami chodzi\u0142o o pieni\u0105dze. Niekt\u00f3rzy sprawcy mieli d\u0142ugi u \u017byd\u00f3w, kt\u00f3rych po zbrodni mogli si\u0119 pozby\u0107. Ale w wi\u0119kszo\u015bci przypadk\u00f3w chodzi\u0142o po prostu o zemst\u0119&#8221; &#8211; czytamy w gazecie &#8222;Der Spiegel&#8221;.<br \/>\r\nJako jedynych, kt\u00f3rzy rzekomo naprawd\u0119 ratowali swoich \u017cydowskich obywateli, tygodnik wymienia Du\u0144czyk\u00f3w, kt\u00f3rzy pomogli uciec do Szwecji 7,5 tys. \u017bydom. R\u00f3wnie\u017c z t\u0105 tez\u0105 nie zgadza si\u0119 Bogdan Musia\u0142, twierdz\u0105c, \u017ce to jest nieporozumienie. &#8211; Nale\u017ca\u0142oby przypomnie\u0107, \u017ce Du\u0144czycy pomagali swoim \u017bydom za pieni\u0105dze. Oni tego nie robili za darmo, gdy\u017c brali od ka\u017cdego \u017byda 100 dolar\u00f3w. W odr\u00f3\u017cnieniu od tej sytuacji w Polsce za pomoc jakiemukolwiek \u017bydowi grozi\u0142a kara \u015bmierci dla ca\u0142ej rodziny &#8211; przypomina dr Musia\u0142 i podkre\u015bla, \u017ce wysuwanie takiego akurat argumentu przez niemieckich dziennikarzy jest te\u017c skandalem, gdy\u017c Du\u0144czycy nie ponosili \u017cadnego ryzyka takiej pomocy, a przecie\u017c robili to i tak za pieni\u0105dze. &#8211; Przypominam, \u017ce z r\u0105k niemieckich zgin\u0119\u0142o oko\u0142o 400 Du\u0144czyk\u00f3w, natomiast Du\u0144czyk\u00f3w s\u0142u\u017c\u0105cych w SS na froncie zgin\u0119\u0142o ponad 4 tys., wi\u0119c podawanie ich jako jakikolwiek przyk\u0142ad do na\u015bladowania jest zwyk\u0142ym skandalem &#8211; stwierdza dr Musia\u0142.<br \/>\r\nHistoryk przypomina r\u00f3wnie\u017c, \u017ce nasz kraj nigdy nie wsp\u00f3\u0142pracowa\u0142 z niemieckim okupantem, w odr\u00f3\u017cnieniu od wielu innych narod\u00f3w. &#8211; Owszem, byli \u017ali ludzie, tak zwani szmalcownicy, kt\u00f3rzy zapisali si\u0119 niechlubnie w obliczu holokaustu i nikt temu nie przeczy, ale to by\u0142 mimo wszystko jedynie margines. Nale\u017cy pami\u0119ta\u0107, \u017ce podczas okupacji polskie instytucje i polska administracja nie funkcjonowa\u0142y poza podziemiem, a za porz\u0105dek w naszym kraju w tamtym czasie odpowiedzialni byli jedynie Niemcy &#8211; podkre\u015bla dr Musia\u0142.<br \/>\r\n<strong><\/strong><\/p>\r\n\r\n<p><em><strong>Waldemar Maszewski, Hamburg<\/strong><\/em><\/p>\r\n\r\n<p><br class=\"spacer_\" \/><\/p>\r\n\r\n<p><strong>Za: <a href=\"http:\/\/www.naszdziennik.pl\/index.php?typ=sw&amp;dat=20090519&amp;id=sw01.txt\" target=\"_blank\">Nasz Dziennik, <\/a><\/strong><a href=\"http:\/\/www.naszdziennik.pl\/index.php?typ=sw&amp;dat=20090519&amp;id=sw01.txt\" target=\"_blank\">Wtorek, 19 maja 2009, Nr 116 (3437)<\/a><\/p>","protected":false},"excerpt":{"rendered":"Niemiecki &#8222;Der Spiegel&#8221; stawia skandaliczn\u0105 tez\u0119, \u017ce odpowiedzialno\u015b\u0107 za holokaust powinna by\u0107 problemem &#8222;og\u00f3lnoeuropejskim&#8221;, a nie tylko niemieckim Tygodnik &#8222;Der Spiegel&#8221; w artykule zatytu\u0142owanym &#8222;Wsp\u00f3lnicy &#8211; europejscy pomocnicy Hitlera przy mordowaniu \u017byd\u00f3w&#8221; (Die Komplizen &#8211; Hitlers europ\u00c3\u00a4ische Helfer beim Judenmord) twierdzi, \u017ce za holokaust odpowiedzialni s\u0105 nie tylko Niemcy, poniewa\u017c bez pomocy setek tysi\u0119cy ludzi [&hellip;]","protected":false},"author":1,"featured_media":0,"comment_status":"closed","ping_status":"closed","sticky":false,"template":"","format":"standard","meta":{"_acf_changed":false,"_monsterinsights_skip_tracking":false,"_monsterinsights_sitenote_active":false,"_monsterinsights_sitenote_note":"","_monsterinsights_sitenote_category":0,"ngg_post_thumbnail":0,"footnotes":"","_wp_rev_ctl_limit":""},"categories":[6],"tags":[22],"acf":[],"_links":{"self":[{"href":"https:\/\/www.bibula.com\/index.php?rest_route=\/wp\/v2\/posts\/9357"}],"collection":[{"href":"https:\/\/www.bibula.com\/index.php?rest_route=\/wp\/v2\/posts"}],"about":[{"href":"https:\/\/www.bibula.com\/index.php?rest_route=\/wp\/v2\/types\/post"}],"author":[{"embeddable":true,"href":"https:\/\/www.bibula.com\/index.php?rest_route=\/wp\/v2\/users\/1"}],"replies":[{"embeddable":true,"href":"https:\/\/www.bibula.com\/index.php?rest_route=%2Fwp%2Fv2%2Fcomments&post=9357"}],"version-history":[{"count":0,"href":"https:\/\/www.bibula.com\/index.php?rest_route=\/wp\/v2\/posts\/9357\/revisions"}],"wp:attachment":[{"href":"https:\/\/www.bibula.com\/index.php?rest_route=%2Fwp%2Fv2%2Fmedia&parent=9357"}],"wp:term":[{"taxonomy":"category","embeddable":true,"href":"https:\/\/www.bibula.com\/index.php?rest_route=%2Fwp%2Fv2%2Fcategories&post=9357"},{"taxonomy":"post_tag","embeddable":true,"href":"https:\/\/www.bibula.com\/index.php?rest_route=%2Fwp%2Fv2%2Ftags&post=9357"}],"curies":[{"name":"wp","href":"https:\/\/api.w.org\/{rel}","templated":true}]}}