{"id":93527,"date":"2017-02-02T13:45:53","date_gmt":"2017-02-02T18:45:53","guid":{"rendered":"http:\/\/www.bibula.com\/?p=93527"},"modified":"2017-02-02T13:45:53","modified_gmt":"2017-02-02T18:45:53","slug":"poslanka-sobecka-w-pis-nie-bylo-woli-politycznej-by-zakazac-aborcji-a-trzeba-by-to-zrobic","status":"publish","type":"post","link":"https:\/\/www.bibula.com\/?p=93527","title":{"rendered":"Pos\u0142anka Sobecka: w PiS nie by\u0142o woli politycznej by zakaza\u0107 aborcji, a trzeba by to zrobi\u0107"},"content":{"rendered":"<p><strong>Anna Sobecka z Prawa i Sprawiedliwo\u015bci udzieli\u0142a wywiadu dziennikowi \u201eRzeczpospolita\u201d. Potwierdza w nim swoj\u0105 postaw\u0119 \u201epro-life\u201d i deklaruje, \u017ce ustawa dopuszczaj\u0105ca aborcj\u0119 powinna zosta\u0107 zmieniona. Problem w tym, \u017ce jej partyjni koledzy si\u0119 z tym nie zgadzaj\u0105. <br>\r\n <\/strong><\/p>\r\n<p><strong>&#8211; <\/strong><em>Prawo w obecnym kszta\u0142cie nie chroni dzieci z zespo\u0142em Downa oraz pocz\u0119tych w wyniku gwa\u0142tu<\/em> &#8211; stwierdzi\u0142a Sobecka w wywiadzie dla \u201eRzeczpospolitej\u201d. Przytoczy\u0142a przy tym mi\u0119dzy innymi orzeczenie Trybuna\u0142u Konstytucyjnego z 28 maja 1997 r. kt\u00f3re stwierdza, \u017ce w demokratycznym pa\u0144stwie prawa \u201eod momentu powstania \u017cycie ludzkie staje si\u0119 warto\u015bci\u0105 chronion\u0105 konstytucyjnie, co dotyczy tak\u017ce fazy prenatalnej\u201d.<strong> <br>\r\n <\/strong><\/p>\r\n<p>Jacek Nizinkiewicz zapyta\u0142 wi\u0119c pos\u0142ank\u0119, dlaczego nie zaostrzono prawa aborcyjnego przez ostatnie 14 miesi\u0119cy rz\u0105d\u00f3w PiS?<strong> &#8211; <\/strong><em>Nie by\u0142o woli politycznej. W naszym klubie nie by\u0142o przymusu g\u0142osowania w tej sprawie i ka\u017cdy podejmowa\u0142 decyzje wed\u0142ug w\u0142asnego sumienia. Jak wida\u0107 zdania s\u0105 podzielone w tej kwestii<\/em> &#8211; stwierdzi\u0142a Anna Sobecka.<\/p>\r\n<p>Wed\u0142ug pose\u0142, PiS nie obawia si\u0119 \u201eczarnych protest\u00f3w\u201d. &#8211; <em>Polska jest wolnym krajem, w kt\u00f3rym swobodnie mo\u017cna demonstrowa\u0107 i wyra\u017ca\u0107 swoje pogl\u0105dy. Osobi\u015bcie smuci mnie sytuacja, w kt\u00f3rej matka wyst\u0119puje przeciw swemu dziecku, domagaj\u0105c si\u0119 prawa do jego zabicia. Parafrazuj\u0105c s\u0142owa prezydenta Ronalda Reagana, warto zauwa\u017cy\u0107, \u017ce wszyscy uczestnicy protestu zd\u0105\u017cyli si\u0119 ju\u017c urodzi\u0107, dlaczego wi\u0119c odmawiaj\u0105 tego prawa innym? W czarnym prote\u015bcie uczestniczy\u0142o 98 tys. os\u00f3b. Dla por\u00f3wnania dodam, \u017ce projekt obywatelskiej inicjatywy \u201eStop aborcji&#8221; by\u0142 podpisany przez blisko p\u00f3\u0142 miliona Polak\u00f3w. Nie wolno nam by\u0142o zlekcewa\u017cy\u0107 tak pot\u0119\u017cnego g\u0142osu obywateli &#8211; <\/em>zauwa\u017ca Sobecka.<\/p>\r\n<p>Sobecka przyzna\u0142a r\u00f3wnie\u017c, \u017ce by\u0142a przeciwko \u201ekaraniu kobiet\u201d zapisanym w odrzuconym przez Sejm projekcie autorstwa Ordo Iuris. Mimo tego g\u0142osowa\u0142a za dalszymi pracami nad projektem, tak by m\u00f3c wprowadzi\u0107 w \u017cycie ca\u0142kowity zakaz zabijania nienarodzonych.<strong> <br>\r\n <\/strong><\/p>\r\n<p>\u0179r\u00f3d\u0142o: \u201eRzeczpospolita\u201d<\/p>\r\n<p>kra<\/p>\r\n<p class=\"zrodlo\">Za: <a href=\"http:\/\/www.pch24.pl\/poslanka-sobecka--w-pis-nie-bylo-woli-politycznej-by-zakazac-aborcji--a-trzeba-by-to-zrobic-,49194,i.html\">PoloniaChristiana &#8211; pch24.pl (2017-02-02)<\/a><\/p>\r\n<h4>&nbsp;<\/h4>\r\n<hr style=\"background-color: #000000; border-width: 0; color: #000000; height: 2px; line-height: 0; text-align: center; width: 100%;\">\r\n<h4>&nbsp;<\/h4>","protected":false},"excerpt":{"rendered":"Anna Sobecka z Prawa i Sprawiedliwo\u015bci udzieli\u0142a wywiadu dziennikowi \u201eRzeczpospolita\u201d. Potwierdza w nim swoj\u0105 postaw\u0119 \u201epro-life\u201d i deklaruje, \u017ce ustawa dopuszczaj\u0105ca aborcj\u0119 powinna zosta\u0107 zmieniona. Problem w tym, \u017ce jej partyjni koledzy si\u0119 z tym nie zgadzaj\u0105. &#8211; Prawo w obecnym kszta\u0142cie nie chroni dzieci z zespo\u0142em Downa oraz pocz\u0119tych w wyniku gwa\u0142tu &#8211; stwierdzi\u0142a [&hellip;]","protected":false},"author":1,"featured_media":0,"comment_status":"closed","ping_status":"closed","sticky":false,"template":"","format":"standard","meta":{"_acf_changed":false,"_monsterinsights_skip_tracking":false,"_monsterinsights_sitenote_active":false,"_monsterinsights_sitenote_note":"","_monsterinsights_sitenote_category":0,"ngg_post_thumbnail":0,"footnotes":"","_wp_rev_ctl_limit":""},"categories":[8],"tags":[94,98],"acf":[],"_links":{"self":[{"href":"https:\/\/www.bibula.com\/index.php?rest_route=\/wp\/v2\/posts\/93527"}],"collection":[{"href":"https:\/\/www.bibula.com\/index.php?rest_route=\/wp\/v2\/posts"}],"about":[{"href":"https:\/\/www.bibula.com\/index.php?rest_route=\/wp\/v2\/types\/post"}],"author":[{"embeddable":true,"href":"https:\/\/www.bibula.com\/index.php?rest_route=\/wp\/v2\/users\/1"}],"replies":[{"embeddable":true,"href":"https:\/\/www.bibula.com\/index.php?rest_route=%2Fwp%2Fv2%2Fcomments&post=93527"}],"version-history":[{"count":0,"href":"https:\/\/www.bibula.com\/index.php?rest_route=\/wp\/v2\/posts\/93527\/revisions"}],"wp:attachment":[{"href":"https:\/\/www.bibula.com\/index.php?rest_route=%2Fwp%2Fv2%2Fmedia&parent=93527"}],"wp:term":[{"taxonomy":"category","embeddable":true,"href":"https:\/\/www.bibula.com\/index.php?rest_route=%2Fwp%2Fv2%2Fcategories&post=93527"},{"taxonomy":"post_tag","embeddable":true,"href":"https:\/\/www.bibula.com\/index.php?rest_route=%2Fwp%2Fv2%2Ftags&post=93527"}],"curies":[{"name":"wp","href":"https:\/\/api.w.org\/{rel}","templated":true}]}}