{"id":93523,"date":"2017-02-02T13:30:21","date_gmt":"2017-02-02T18:30:21","guid":{"rendered":"http:\/\/www.bibula.com\/?p=93523"},"modified":"2017-02-02T13:30:21","modified_gmt":"2017-02-02T18:30:21","slug":"watykan-nada-franciszkanom-niepokalanej-nowa-konstytucje-czy-pozostawi-slub-maryjny","status":"publish","type":"post","link":"https:\/\/www.bibula.com\/?p=93523","title":{"rendered":"Watykan nada Franciszkanom Niepokalanej now\u0105 konstytucj\u0119. Czy pozostawi \u015blub maryjny?"},"content":{"rendered":"<p><strong>Sprawa Franciszkan\u00f3w Niepokalanej zbli\u017ca si\u0119 do ko\u0144ca &#8211; podaj\u0105 media. Po oczyszczeniu z zarzut\u00f3w za\u0142o\u017cyciela zgromadzenia, Watykan ustanowi now\u0105 konstytucj\u0119 dla zakonu. Ma to si\u0119 sta\u0107 najp\u00f3\u017aniej do wrze\u015bnia. Konserwatywni dziennikarze wyra\u017caj\u0105 jednak obawy, \u017ce w nowym dokumencie nie zostanie uj\u0119ty \u015blub po\u015bwi\u0119cenia si\u0119 Matce Bo\u017cej. Wyra\u017ca\u0142 on dobitnie specyfik\u0119 zakonu.<\/strong><\/p>\r\n<p><img fetchpriority=\"high\" decoding=\"async\" class=\"aligncenter\" src=\"http:\/\/www.pch24.pl\/images\/min_mid_big\/mid_49201.jpg\" alt=\"Watykan nada Franciszkanom Niepokalanej now\u0105 konstytucj\u0119. Czy pozostawi \u015blub maryjny? \" width=\"596\" height=\"353\"><\/p>\r\n<p>Trwaj\u0105 prace nad ponownym umo\u017cliwieniem normalnego funkcjonowania Franciszkan\u00f3w Niepokalanej. Powinny one zosta\u0107 zako\u0144czone w tym roku &#8211; w najlepszym razie przed Wielkanoc\u0105.&nbsp;<\/p>\r\n<p>Portal Life Site News, za Marco Tossatim, wyra\u017ca jednak obawy, \u017ce z nowej konstytucji zakonu usuni\u0119ty zostanie obowi\u0105zek ca\u0142kowitego oddania si\u0119 Niepokalanej Matce Bo\u017cej. Ewentualnie, \u017ce stanie si\u0119 ono kwesti\u0105 wyboru. Stanowi\u0142oby to cios wymierzony w tradycyjn\u0105 franciszka\u0144sk\u0105 to\u017csamo\u015b\u0107.<\/p>\r\n<p>Do zako\u0144czenia sprawy Franciszkan\u00f3w Niepokalanej zmierzaj\u0105 kardyna\u0142 Joao Braz de Avis, prefekt Kongregacji Instytut\u00f3w \u0179ycia Konsekrowanego i Stowarzysze\u0144 \u0179ycia Apostolskiego wraz ze swoim Sekretarzem, Jos\u00c3\u00a9 Rodr\u00c3\u00adguezem Carballo.<\/p>\r\n<p>Franciszkanie Niepokalanej powstali w 1970 roku, jako \u201eodnoga\u201d franciszkan\u00f3w konwentualnych. Ga\u0142\u0105\u017a \u017ce\u0144ska powsta\u0142a dwana\u015bcie lat p\u00f3\u017aniej. Zakonnicy piel\u0119gnowali powr\u00f3t do franciszka\u0144skich tradycji, takich jak szczeg\u00f3lna rola przypisywana ub\u00f3stwu oraz po\u015bwi\u0119ceniu Maryi. To ostatnie stanowi\u0142o u nich czwarty, specyficzny \u015blub. Charakterystycznym rysem Instytutu by\u0142o tak\u017ce pos\u0142ugiwanie si\u0119 nadzwyczajn\u0105 form\u0105 rytu rzymskiego.<\/p>\r\n<p>W 2013 roku rozpocz\u0119\u0142o si\u0119 \u015bledztwo u Franciszkan\u00f3w Niepokalanej. Watykan powierzy\u0142 jego przeprowadzenie kapucynowi Fidenio Volpiemu. Wed\u0142ug Life Site News, przedstawiciele Watykanu wsp\u00f3\u0142pracowali z liberalnie nastawionymi zakonnikami, sceptycznymi wobec Mszy w klasycznym rycie rzymskim.<\/p>\r\n<p>W lipcu 2013 roku Watykan zakaza\u0142 cz\u0142onkom zgromadzenia odprawiania Mszy w klasycznym rycie rzymskim. Komentatorzy twierdzili, \u017ce sprzeciwia si\u0119 to Summorum Pontificum Benedykta XVI.<\/p>\r\n<p>Kontrolerzy oskar\u017cyli za\u0142o\u017cyciela zakonu, ojca Stefano Mari\u0119 Manelliego o malwersacje finansowe i inne przest\u0119pstwa. Zamieszanie doprowadzi\u0142a do zamkni\u0119cia seminarium. Wi\u0119kszo\u015b\u0107 rozproszonych w\u00f3wczas braci opu\u015bci\u0142a je i znalaz\u0142a schronienie na Filipinach, gdzie zostali inkardynowani.&nbsp;<\/p>\r\n<p>W 2015 roku zmar\u0142 nagle watyka\u0144ski komisarz Fidenzio Volpi, a zast\u0105pi\u0142 go Sabino Ardito. Natomiast kwestia domniemanych przest\u0119pstwa ojca Manelliego trafi\u0142a do w\u0142oskich s\u0105d\u00f3w. Te orzek\u0142y, \u017ce za\u0142o\u017cyciel tradycyjnego Instytutu jest niewinny.<\/p>\r\n<p>Od 2014 roku kontroli Watykanu podlega te\u017c \u017ce\u0144ska ga\u0142\u0105\u017a zakonu: Franciszkanki Niepokalanej.&nbsp;<\/p>\r\n<p>\u0179r\u00f3d\u0142a: lifesitenews.com \/ pch24.pl<\/p>\r\n<p>mjend<\/p>","protected":false},"excerpt":{"rendered":"Sprawa Franciszkan\u00f3w Niepokalanej zbli\u017ca si\u0119 do ko\u0144ca &#8211; podaj\u0105 media. Po oczyszczeniu z zarzut\u00f3w za\u0142o\u017cyciela zgromadzenia, Watykan ustanowi now\u0105 konstytucj\u0119 dla zakonu. Ma to si\u0119 sta\u0107 najp\u00f3\u017aniej do wrze\u015bnia. Konserwatywni dziennikarze wyra\u017caj\u0105 jednak obawy, \u017ce w nowym dokumencie nie zostanie uj\u0119ty \u015blub po\u015bwi\u0119cenia si\u0119 Matce Bo\u017cej. Wyra\u017ca\u0142 on dobitnie specyfik\u0119 zakonu. Trwaj\u0105 prace nad ponownym [&hellip;]","protected":false},"author":1,"featured_media":0,"comment_status":"closed","ping_status":"closed","sticky":false,"template":"","format":"standard","meta":{"_acf_changed":false,"_monsterinsights_skip_tracking":false,"_monsterinsights_sitenote_active":false,"_monsterinsights_sitenote_note":"","_monsterinsights_sitenote_category":0,"ngg_post_thumbnail":0,"footnotes":"","_wp_rev_ctl_limit":""},"categories":[3],"tags":[301,41,33],"acf":[],"_links":{"self":[{"href":"https:\/\/www.bibula.com\/index.php?rest_route=\/wp\/v2\/posts\/93523"}],"collection":[{"href":"https:\/\/www.bibula.com\/index.php?rest_route=\/wp\/v2\/posts"}],"about":[{"href":"https:\/\/www.bibula.com\/index.php?rest_route=\/wp\/v2\/types\/post"}],"author":[{"embeddable":true,"href":"https:\/\/www.bibula.com\/index.php?rest_route=\/wp\/v2\/users\/1"}],"replies":[{"embeddable":true,"href":"https:\/\/www.bibula.com\/index.php?rest_route=%2Fwp%2Fv2%2Fcomments&post=93523"}],"version-history":[{"count":0,"href":"https:\/\/www.bibula.com\/index.php?rest_route=\/wp\/v2\/posts\/93523\/revisions"}],"wp:attachment":[{"href":"https:\/\/www.bibula.com\/index.php?rest_route=%2Fwp%2Fv2%2Fmedia&parent=93523"}],"wp:term":[{"taxonomy":"category","embeddable":true,"href":"https:\/\/www.bibula.com\/index.php?rest_route=%2Fwp%2Fv2%2Fcategories&post=93523"},{"taxonomy":"post_tag","embeddable":true,"href":"https:\/\/www.bibula.com\/index.php?rest_route=%2Fwp%2Fv2%2Ftags&post=93523"}],"curies":[{"name":"wp","href":"https:\/\/api.w.org\/{rel}","templated":true}]}}