{"id":93513,"date":"2017-02-02T13:17:58","date_gmt":"2017-02-02T18:17:58","guid":{"rendered":"http:\/\/www.bibula.com\/?p=93513"},"modified":"2017-02-02T13:26:27","modified_gmt":"2017-02-02T18:26:27","slug":"ekipa-german-death-camps-zatrzymana-przez-niemiecka-policje-kazali-opuscic-miasto","status":"publish","type":"post","link":"https:\/\/www.bibula.com\/?p=93513","title":{"rendered":"Ekipa \u201eGerman Death Camps&#8221; zatrzymana przez niemieck\u0105 policj\u0119. \u201eKazali opu\u015bci\u0107 miasto&#8221;"},"content":{"rendered":"<p><strong>Cz\u0142onkowie akcji \u201eGerman Death Camps\u201d prezentowali wielki baner swojej akcji pod siedzib\u0105 g\u0142\u00f3wn\u0105 stacji ZDF w Moguncji. Dwukrotnie zostali zatrzymani przez niemieckich policjant\u00f3w, kt\u00f3rzy przeszukali samoch\u00f3d ci\u0105gn\u0105cy baner i gro\u017c\u0105c Polakom kazali im opu\u015bci\u0107 miasto.<\/strong><\/p>\r\n<p>Ekipa akcji \u201eGerman Death Camps\u201d uda\u0142a si\u0119 do Niemiec ze specjalnym banerem, by zwr\u00f3ci\u0107 uwag\u0119 na k\u0142amliwe informacje nt. \u201epolskich oboz\u00f3w zag\u0142ady\u201d, kt\u00f3re pojawiaj\u0105 si\u0119 w zagranicznych mediach. W tym r\u00f3wnie\u017c w Niemieckich. Symbolem sta\u0142a si\u0119 postawa tamtejszej stacji telewizyjnej ZDF, kt\u00f3ra mimo wyroku s\u0105du pr\u00f3bowa\u0142a uchyli\u0107 si\u0119 od przeprosin i sprostowania nieprawdziwej informacji.<\/p>\r\n<ul>\r\n\t<li>PRZECZYTAJ: <a href=\"http:\/\/www.kresy.pl\/wydarzenia,europa-zachodnia?zobacz\/niemiecka-telewizja-zdf-usuwa-posty-hashtagiem-germandeathcamps-pod-swoimi-wiadomosciami\"><strong>Niemiecka telewizja ZDF usuwa posty hashtagiem #GermanDeathCamps pod swoimi wiadomo\u015bciami<\/strong><\/a><\/li>\r\n<\/ul>\r\n<p>Dzi\u015b wczesnym popo\u0142udniem aktywi\u015bci pojawili si\u0119 pod siedzib\u0105 g\u0142\u00f3wn\u0105 stacji ZDF w Moguncji z samochodem prezentuj\u0105cym wielki baner akcji, z napisem <strong>\u201eObozy zag\u0142ady by\u0142y niemieckie, nie nazistowskie. ZDF przepro\u015bcie\u201d.<\/strong><\/p>\r\n<p>Nied\u0142ugo p\u00f3\u017aniej na stronie facebookowej akcji pojawi\u0142a si\u0119 informacja, \u017ce jej uczestnicy zostali zatrzymani przez niemieck\u0105 policj\u0119:<\/p>\r\n<p><strong><em>&#8211; Ch\u0142opak\u00f3w w busie z\u0142apa\u0142a niemiecka policja. Przeszukali ich dok\u0142adnie i sprawdzili samoch\u00f3d. Nie mieli si\u0119 do czego przyczepi\u0107 wi\u0119c pu\u015bcili dalej i kazali opu\u015bci\u0107 miasto gro\u017c\u0105c bli\u017cej nieokre\u015blonymi konsekwencjami. Oczywi\u015bcie nikt miasta nie zamierza opuszcza\u0107.<\/em><\/strong><\/p>\r\n<p>Jednak ok. 30 minut p\u00f3\u017aniej samoch\u00f3d \u201eGDC\u201d ponownie zosta\u0142 zatrzymany. Po parudziesi\u0119ciu minutach policja wypu\u015bci\u0142a samoch\u00f3d z wielkim billboardem.<\/p>\r\n<p><img fetchpriority=\"high\" decoding=\"async\" class=\"aligncenter\" src=\"https:\/\/scontent-waw1-1.xx.fbcdn.net\/v\/t1.0-9\/16472833_404076196602940_5432391385207876328_n.jpg?oh=62ac477e1874e5904ad7dcf0f7626f0c&amp;oe=590474D4\" alt=\"\" width=\"601\" height=\"338\"><\/p>\r\n<p><a href=\"https:\/\/www.facebook.com\/zbieramynabillboard\/\">Facebook.com<\/a> \/ Kresy.pl<\/p>\r\n<p class=\"zrodlo\">Za: <a href=\"http:\/\/www.kresy.pl\/wydarzenia,europa-zachodnia?zobacz\/ekipa-german-death-camps-zatrzymana-przez-niemiecka-policje-kazali-opuscic-miasto\">Kresy.pl (02 lutego 2017)<\/a><\/p>\r\n<hr style=\"background-color: #000000; border-width: 0; color: #000000; height: 2px; line-height: 0; text-align: center; width: 100%;\">\r\n<h2>K\u0142opoty organizator\u00f3w akcji \u201eGerman Death Camps\u201d. Niemiecka policja zatrzyma\u0142a billboard<\/h2>\r\n<p><img decoding=\"async\" class=\"aligncenter\" src=\"http:\/\/www.pch24.pl\/images\/min_mid_big\/mid_49207.jpg\" alt=\"K\u0142opoty organizator\u00f3w akcji \u201eGerman Death Camps\u201d. Niemiecka policja zatrzyma\u0142a billboard\" width=\"599\" height=\"354\"><\/p>\r\n<p style=\"text-align: center;\">\u0179r\u00f3d\u0142o: Facebook\/German Death Camps<\/p>\r\n<p><strong>Organizatorzy akcji przypominaj\u0105cej Niemcom, \u017ce to w\u0142a\u015bnie oni, a nie Polacy, stworzyli w okupowanej Europie podczas II Wojny \u015awiatowej sie\u0107 oboz\u00f3w zag\u0142ady, napotkali w swoich dzia\u0142aniach na trudno\u015bci. Facebookowy profil \u201eGerman Death Camps\u201d (pl. niemieckie obozy \u015bmierci) informuje, \u017ce samoch\u00f3d z billboardem by\u0142 kilkukrotnie zatrzymywany przez niemieck\u0105 policj\u0119. Obecnie stworzony przez funkcjonariuszy problem usta\u0142. Czy na sta\u0142e?<\/strong><\/p>\r\n<p>\u201eNasz bus zosta\u0142 w\u0142a\u015bnie zatrzymany przez niemieck\u0105 policj\u0119. Zaraz podamy wi\u0119cej informacji\u201d &#8211; napisali w czwartkowe popo\u0142udnie administratorzy profilu \u201eGerman Death Camps\u201d na Facebooku. By\u0142 to pierwszy wpis dotycz\u0105cy trudno\u015bci akcji na terenie Niemiec.<\/p>\r\n<p>\u201eCh\u0142opak\u00f3w w busie z\u0142apa\u0142a niemiecka policja. Przeszukali ich dok\u0142adnie i sprawdzili samoch\u00f3d. Nie mieli si\u0119 do czego przyczepi\u0107 wi\u0119c pu\u015bcili dalej i kazali opu\u015bci\u0107 miasto gro\u017c\u0105c bli\u017cej nieokre\u015blonymi konsekwencjami. Oczywi\u015bcie nikt miasta nie zamierza opuszcza\u0107\u201d &#8211; wyja\u015bniali godzin\u0119 p\u00f3\u017aniej.<\/p>\r\n<p>Rych\u0142o po umieszczeniu tego wpisu na Facebooku pojawi\u0142a si\u0119 kolejna informacja. Tw\u00f3rcy akcji \u201eGerman Death Camps\u201d zn\u00f3w zostali zatrzymani. Jak dodali, na miejscu pojawi\u0142 si\u0119 korespondent TVP Info w RFN, Cezary Gmyz. Mia\u0142 on pomaga\u0107 wyja\u015bnia\u0107 spraw\u0119 z funkcjonariuszami.<\/p>\r\n<p>Zgodnie z naj\u015bwie\u017cszymi doniesieniami \u201epolicja wypu\u015bci\u0142a ju\u017c billboard na wolno\u015b\u0107!\u201d.<\/p>\r\n<p>O ewentualnych kolejnych problemach Polak\u00f3w przypominaj\u0105cych Niemcom, kto dokona\u0142 Holokaustu, b\u0119dziemy informowali na bie\u017c\u0105co.<\/p>\r\n<p>Mobilny billboard z napisem \u201eDeath Camps Were Nazi German\u201d wyruszy\u0142 w \u015brod\u0119 z Wroc\u0142awia do Niemiec, Belgii i Wielkiej Brytanii. Akcja ta stanowi kolejny etap protestu zorganizowanego przez polskich internaut\u00f3w przeciwko u\u017cywaniu przez zagraniczne media sformu\u0142owania \u201epolskiej obozy koncentracyjne\u201d.<\/p>\r\n<p>\u0179r\u00f3d\u0142o: FB, PCh24.pl<\/p>\r\n<p>MW\u0142<\/p>\r\n<p class=\"zrodlo\">Za: <a href=\"http:\/\/www.pch24.pl\/klopoty-organizatorow-akcji-german-death-camps--niemiecka-policja-zatrzymala-billboard,49207,i.html\">PoloniaChristiana &#8211; pch24.pl (2017-02-02)<\/a><\/p>\r\n<hr style=\"background-color: #000000; border-width: 0; color: #000000; height: 2px; line-height: 0; text-align: center; width: 100%;\">","protected":false},"excerpt":{"rendered":"Cz\u0142onkowie akcji \u201eGerman Death Camps\u201d prezentowali wielki baner swojej akcji pod siedzib\u0105 g\u0142\u00f3wn\u0105 stacji ZDF w Moguncji. Dwukrotnie zostali zatrzymani przez niemieckich policjant\u00f3w, kt\u00f3rzy przeszukali samoch\u00f3d ci\u0105gn\u0105cy baner i gro\u017c\u0105c Polakom kazali im opu\u015bci\u0107 miasto. Ekipa akcji \u201eGerman Death Camps\u201d uda\u0142a si\u0119 do Niemiec ze specjalnym banerem, by zwr\u00f3ci\u0107 uwag\u0119 na k\u0142amliwe informacje nt. \u201epolskich [&hellip;]","protected":false},"author":1,"featured_media":0,"comment_status":"closed","ping_status":"closed","sticky":false,"template":"","format":"standard","meta":{"_acf_changed":false,"_monsterinsights_skip_tracking":false,"_monsterinsights_sitenote_active":false,"_monsterinsights_sitenote_note":"","_monsterinsights_sitenote_category":0,"ngg_post_thumbnail":0,"footnotes":"","_wp_rev_ctl_limit":""},"categories":[6],"tags":[65,16,166,22,136],"acf":[],"_links":{"self":[{"href":"https:\/\/www.bibula.com\/index.php?rest_route=\/wp\/v2\/posts\/93513"}],"collection":[{"href":"https:\/\/www.bibula.com\/index.php?rest_route=\/wp\/v2\/posts"}],"about":[{"href":"https:\/\/www.bibula.com\/index.php?rest_route=\/wp\/v2\/types\/post"}],"author":[{"embeddable":true,"href":"https:\/\/www.bibula.com\/index.php?rest_route=\/wp\/v2\/users\/1"}],"replies":[{"embeddable":true,"href":"https:\/\/www.bibula.com\/index.php?rest_route=%2Fwp%2Fv2%2Fcomments&post=93513"}],"version-history":[{"count":0,"href":"https:\/\/www.bibula.com\/index.php?rest_route=\/wp\/v2\/posts\/93513\/revisions"}],"wp:attachment":[{"href":"https:\/\/www.bibula.com\/index.php?rest_route=%2Fwp%2Fv2%2Fmedia&parent=93513"}],"wp:term":[{"taxonomy":"category","embeddable":true,"href":"https:\/\/www.bibula.com\/index.php?rest_route=%2Fwp%2Fv2%2Fcategories&post=93513"},{"taxonomy":"post_tag","embeddable":true,"href":"https:\/\/www.bibula.com\/index.php?rest_route=%2Fwp%2Fv2%2Ftags&post=93513"}],"curies":[{"name":"wp","href":"https:\/\/api.w.org\/{rel}","templated":true}]}}