{"id":93447,"date":"2017-01-31T10:10:44","date_gmt":"2017-01-31T15:10:44","guid":{"rendered":"http:\/\/www.bibula.com\/?p=93447"},"modified":"2017-01-31T10:10:44","modified_gmt":"2017-01-31T15:10:44","slug":"ukrainska-stacja-tv-o-przemyslu-kiedys-to-byla-ukraina-od-sanu-do-donu","status":"publish","type":"post","link":"https:\/\/www.bibula.com\/?p=93447","title":{"rendered":"Ukrai\u0144ska stacja TV o Przemy\u015blu: kiedy\u015b to by\u0142a Ukraina, od Sanu do Donu"},"content":{"rendered":"<p><strong>W sobotnim wydaniu serwisu informacyjnego ukrai\u0144skiej stacji TSN stwierdzono, \u017ce Przemy\u015bl \u201eto kiedy\u015b by\u0142a Ukraina od Sanu do Donu\u201d i miasto \u201enieoficjalnie nazywane ukrai\u0144sk\u0105 stolic\u0105 Polski\u201d, gdzie obecnie narastaj\u0105 antyukrai\u0144skie nastroje. Stwierdzono te\u017c m.in., \u017ce polski Sejm &#8222;rozdmucha\u0142 histori\u0119 wo\u0142y\u0144sk\u0105&#8221;.<\/strong><\/p>\r\n<p>Maria Py\u017c-Pakosz, urodzona we Lwowie Polka i dzia\u0142aczka tamtejszych polskich organizacji, obywatelk\u0105 Ukrainy, przet\u0142umaczy\u0142a na j\u0119zyk polski cz\u0119\u015b\u0107 sobotniego serwisu informacyjnego stacji TSN, po\u015bwi\u0119conego relacjom polsko-ukrai\u0144skim.<\/p>\r\n<p><em>&#8211; A na razie jeszcze jeden skandal &#8211; Polska i Ukraina niemal\u017ce &nbsp;pok\u0142\u00f3ci\u0142y si\u0119 przez prezydenta miasta Przemy\u015bla. S\u0142u\u017cba Bezpiecze\u0144stwa Ukrainy wyda\u0142a zakaz wjazdu na Ukrain\u0119 prezydentowi miasta Przemy\u015bla na 5 lat. Polscy dyplomaci oburzyli si\u0119 i zacz\u0119li grozi\u0107 prawie wojn\u0105 dyplomatyczn\u0105. <strong>Napi\u0119cie w stosunkach polsko &#8211; ukrai\u0144skich wzros\u0142o po serii ostatnich incydent\u00f3w &#8211; niszczenie pomnik\u00f3w, marsze nacjonalist\u00f3w i pobicie Ukrai\u0144c\u00f3w na polskich ulicach. Niezrozumienie wynika na tle historycznym, czym aktywnie manipuluje trzecia si\u0142a. <\/strong>Spr\u00f3bowali\u015bmy wyja\u015bni\u0107, dlaczego nast\u0105pi\u0142o och\u0142odzenie polsko &#8211; ukrai\u0144skich stosunk\u00f3w &#8211;<\/em> stwierdzono na wst\u0119pie serwisu informacyjnego. Nast\u0119pnie w nast\u0119puj\u0105cy spos\u00f3b opisano Przemy\u015bl:<\/p>\r\n<p><strong><em>&#8211; Przemy\u015bl. Kiedy\u015b to by\u0142a Ukraina. Od Sanu do Donu. St\u0105d ju\u017c wida\u0107 granic\u0119, tylko 10 km do Ukrainy. W\u0142a\u015bnie tutaj odby\u0142o si\u0119 pierwsze wykonanie hymnu Ukrainy, napisanego urodzonym nieopodal ojcem Micha\u0142em Werbyckim. Architektura Przemy\u015bla do tej pory nosi charakter Ksi\u0119stwa Ukrai\u0144skiego.<\/em><\/strong><\/p>\r\n<ul>\r\n\t<li>PRZECZYTAJ: <a href=\"http:\/\/www.kresy.pl\/wydarzenia,spoleczenstwo?zobacz\/ukrainska-telewizja-antyukrainska-histeria-w-polsce-nabiera-obrotow-video\"><strong>Ukrai\u0144ska telewizja: \u201eAntyukrai\u0144ska histeria w Polsce nabiera obrot\u00f3w\u201d [+VIDEO]<\/strong><\/a><\/li>\r\n<\/ul>\r\n<p><strong><em>&#8211; Polskie miasto Przemy\u015bl nieoficjalnie nazywaj\u0105 ukrai\u0144sk\u0105 stolic\u0105 Polski &#8211;<\/em><\/strong> kontynuowano w serwisie. <strong><em>&#8211; W\u0142a\u015bnie tutaj, teraz jak nigdy, odczuwa si\u0119 przeciwwaga historii przesz\u0142ej i obecnej. Latem tu napadli <a href=\"http:\/\/www.kresy.pl\/wydarzenia,spoleczenstwo?zobacz\/przemysl-prokuratura-wszczela-sledztwo-ws-zniewazania-rp-i-propagowania-banderyzmu-podczas-marszu-ukraincow\">na ukrai\u0144sk\u0105 procesj\u0119<\/a>, kt\u00f3ra sz\u0142a, aby uszanowa\u0107 ukrai\u0144skich \u017co\u0142nierzy Petlury &#8211; sojusznik\u00f3w Polski, kt\u00f3rzy spocz\u0119li na ukrai\u0144skim cmentarzu wojskowym.<\/em><\/strong><\/p>\r\n<ul>\r\n\t<li><strong><em>ZOBACZ: <\/em><a href=\"http:\/\/www.kresy.pl\/wydarzenia,spoleczenstwo?zobacz\/ukraincy-na-marszu-w-przemyslu-jeszcze-polska-nie-zginela-ale-zginac-musi-foto\">Ukrai\u0144cy na marszu w Przemy\u015blu: Jeszcze Polska nie zgin\u0119\u0142a ale zgin\u0105\u0107 musi [+VIDEO]<\/a><\/strong><\/li>\r\n\t<li><a href=\"http:\/\/www.kresy.pl\/wydarzenia,spoleczenstwo?zobacz\/byly-wiceszef-msz-atakuje-polskiego-kontrmanifestanta-na-pochodzie-w-przemyslu-video\"><strong>By\u0142y wiceszef MSZ atakuje polskiego kontrmanifestanta na pochodzie w Przemy\u015blu [+VIDEO]<\/strong><\/a><\/li>\r\n<\/ul>\r\n<p><strong><em>&#8211; Przed Nowym Rokiem mia\u0142y miejsce <a href=\"http:\/\/www.kresy.pl\/wydarzenia,spoleczenstwo?zobacz\/prowokacja-na-marszu-w-przemyslu-dr-zapalowski-dla-kresowpl-jest-ku-temu-wiele-przeslanek-video\">pogr\u00f3\u017cki wystosowane otwartym tekstem podczas marszu przez anty &#8211; &nbsp;ukrai\u0144skie organizacje pod Domem Ukrai\u0144skim w Przemy\u015blu<\/a>, kt\u00f3re nie ukrywaj\u0105 swojego udzia\u0142u w niszczeniu ukrai\u0144skich pomnik\u00f3w w Polsce. W Przemy\u015blu aktywizowa\u0142y si\u0119 si\u0142y, kt\u00f3re nie ukrywaj\u0105 swego z\u0142ego stosunku do Ukrai\u0144c\u00f3w. Polskie radykalnie nastawione osoby, denerwuj\u0105 mogi\u0142y \u017co\u0142nierzy UPA na ukrai\u0144skim cmentarzu i po prostu czerwono czarne wyszywanki. Tu [w Polsce] na ulicach bij\u0105 Ukrai\u0144c\u00f3w &#8211;<\/em><\/strong> podaje serwis, stwierdzaj\u0105c, \u017ce \u201esytuacja si\u0119 zaostrza\u201d i pytaj\u0105c, dlaczego Polacy stali si\u0119 wobec Ukrai\u0144c\u00f3w \u201eniekole\u017ce\u0144scy\u201d i czemu \u201ezacz\u0119li odpowiada\u0107 niszczeniem polskich pomnik\u00f3w?\u201d.<\/p>\r\n<ul>\r\n\t<li>Przeczytaj: <a href=\"http:\/\/www.kresy.pl\/wydarzenia,spoleczenstwo?zobacz\/ukrainski-urzednik-panstwowy-wypomina-polskim-wladzom-ze-nie-odnawiaja-pomnikow-upa\"><strong>Ukrai\u0144ski urz\u0119dnik pa\u0144stwowy wypomina polskim w\u0142adzom, \u017ce nie odnawiaj\u0105 pomnik\u00f3w UPA<\/strong><\/a><\/li>\r\n<\/ul>\r\n<p>Wed\u0142ug wiadomo\u015bci TSN, w\u0142adze w Kijowie wskazuj\u0105 na Warszaw\u0119 i<strong> twierdz\u0105, \u017ce to skutki \u201etego, \u017ce polski Sejm rozdmucha\u0142 histori\u0119 wo\u0142y\u0144sk\u0105 i nazwa\u0142 te tragiczne wydarzenia ludob\u00f3jstwem polskiego narodu\u201d.<\/strong> <strong>Stwierdzono te\u017c, \u017ce polskie w\u0142adze \u201erozwi\u0105zuj\u0105 r\u0119ce polskim nacjonalistycznym organizacjom\u201d i przymykaj\u0105 oczy na przejawy ksenofobii. <\/strong>Powo\u0142ano si\u0119 r\u00f3wnie\u017c na szefa UIPN, negacjonist\u0119 wo\u0142y\u0144skiego Wo\u0142odymyra Wiatrowycza, kt\u00f3ry stwierdzi\u0142, \u017ce w Polsce w ci\u0105gu 1,5 roku \u201ezniszczono 14 ukrai\u0144skich pomnik\u00f3w i mogi\u0142 [ku czci OUN-UPA, z kt\u00f3rych wi\u0119kszo\u015b\u0107 postawiono nielegalnie &#8211; red.]\u201d.<\/p>\r\n<p>Stacja przytacza r\u00f3wnie\u017c wypowied\u017a pos\u0142a PiS Micha\u0142a Dworczyka, kt\u00f3ry stwierdzi\u0142, \u017ce cho\u0107 jego zdaniem stosunki polsko-ukrai\u0144skie nie psuj\u0105 si\u0119,<strong> to \u201ew ostatnich tygodniach mia\u0142a miejsce seria wydarze\u0144, kt\u00f3re mo\u017cna nazwa\u0107 prowokacj\u0105\u201d.<\/strong> Wspomina o zniszczeniu pomnik\u00f3w w Bykowni i Hucie Pieniackiej oraz zakazie wjazdu na Ukrain\u0119 dla prezydenta Przemy\u015bla. <a href=\"http:\/\/www.kresy.pl\/wydarzenia,bezpieczenstwo-i-obrona?zobacz\/dworczyk-pis-zakaz-dla-prezydenta-przemysla-mogl-byc-prowokacja-rosyjskiej-agentury-w-szeregach-sbu\">Wcze\u015bniej, w wywiadzie dla portalu wPolityce.pl Dworczyk wskazywa\u0142, \u017ce zakaz ten m\u00f3g\u0142 by\u0107 prowokacj\u0105 rosyjskiej agentury w szeregach SBU.<\/a><\/p>\r\n<p>Z kolei stacja TSN zaznacza, \u017ce prezydent Przemy\u015bla Robert Choma \u201eprzewodniczy\u0142 temu samemu marszowi, gdzie krzyczano \u201e\u015bmier\u0107 Ukrai\u0144com\u201d\u201d, a sam zakaz by\u0142 \u201eca\u0142kowit\u0105 niespodziank\u0105\u201d dla Warszawy i przyczyn\u0105 bojkotu <a href=\"http:\/\/www.kresy.pl\/wydarzenia,azja-centralna?zobacz\/na-forum-europa-ukraina-bedzie-promowana-korzystna-dla-kijowa-trasa-nowego-jedwabnego-szlaku\">Forum Europa-Ukraina<\/a> przez cz\u0119\u015b\u0107 polskich polityk\u00f3w (g\u0142\u00f3wnie z partii rz\u0105dz\u0105cej) i dyplomat\u00f3w. Zwr\u00f3cono te\u017c uwag\u0119, \u017ce \u201enawet po skasowaniu zakazu wjazdu (\u2026) na forum tak nikt si\u0119 i nie pojawi\u0142\u201d. <em>&#8211; To jest jeszcze jednym sygna\u0142em &#8211;<\/em> poda\u0142a stacja dodaj\u0105c, \u017ce Choma oczekuje na przeprosiny.<\/p>\r\n<ul>\r\n\t<li>Przeczytaj: <a href=\"http:\/\/www.kresy.pl\/wydarzenia,bezpieczenstwo-i-obrona?zobacz\/sbu-pozytywnie-przyjelismy-publiczna-ocene-chomy-ws-antyukrainskich-marszow-w-przemyslu\"><strong>SBU: pozytywnie przyj\u0119li\u015bmy publiczn\u0105 ocen\u0119 Chomy ws. \u201eantyukrai\u0144skich marsz\u00f3w w Przemy\u015blu\u201d<\/strong><\/a><\/li>\r\n<\/ul>\r\n<p><strong><em>&#8211; Takimi nieporozumienia mi\u0119dzy Polsk\u0105 a Ukrain\u0105 dawno \u017cywi si\u0119 Moskwa. Kreml znalaz\u0142 odpowiedni grunt dla rozpalania wrogo\u015bci mi\u0119dzy Ukrai\u0144cami i Polakami &#8211;<\/em><\/strong> wskazuje TSN, powo\u0142uj\u0105c si\u0119 na ambasadora Ukrainy w Polsce, Andrija Deszczyc\u0119, wed\u0142ug kt\u00f3rego niszczenie pomnik\u00f3w w Polsce i na Ukrainie to prowokacja. Przywo\u0142ano r\u00f3wnie\u017c w charakterze eksperta Adama Lelonka, kt\u00f3ry stwierdzi\u0142 m.in., \u017ce w Polsce podczas EuroMajdanu \u201erosyjska maszyna propagandowa zapracowa\u0142a bardziej aktywnie\u201d, odnosz\u0105c si\u0119 w ten spos\u00f3b do g\u0142os\u00f3w nt. post\u0119puj\u0105cej bandryzacji Ukrainy.<\/p>\r\n<p><strong><em>&#8211; Tymczasem, na forum kt\u00f3ry zosta\u0142 zbojkotowany przez cz\u0119\u015b\u0107 polskich urz\u0119dnik\u00f3w, m\u00f3wi\u0105 o nieuniknionej przyja\u017ani polsko &#8211; ukrai\u0144skiej. W Kijowie m\u00f3wi\u0105 o tym, \u017ce historia pokazuje i\u017c jeste\u015bmy silniejsi, kiedy jeste\u015bmy razem. Tym czasem w Moskwie nikt nie drzemie &#8211;<\/em><\/strong> pointuje ukrai\u0144ska stacja.<\/p>\r\n<p><a href=\"http:\/\/polmedia.pl\/ostatnie-wiadomosci-z-ukrainy-spisane-z-propagandy-medialnej\/\">Polmedia.pl<\/a> \/ Kresy.pl<\/p>\r\n<p class=\"zrodlo\">Za: <a href=\"http:\/\/www.kresy.pl\/wydarzenia,spoleczenstwo?zobacz\/ukrainska-stacja-tv-o-przemyslu-kiedys-to-byla-ukraina-od-sanu-do-donu\">Kresy.pl (31 stycznia 2017)<\/a><\/p>","protected":false},"excerpt":{"rendered":"W sobotnim wydaniu serwisu informacyjnego ukrai\u0144skiej stacji TSN stwierdzono, \u017ce Przemy\u015bl \u201eto kiedy\u015b by\u0142a Ukraina od Sanu do Donu\u201d i miasto \u201enieoficjalnie nazywane ukrai\u0144sk\u0105 stolic\u0105 Polski\u201d, gdzie obecnie narastaj\u0105 antyukrai\u0144skie nastroje. Stwierdzono te\u017c m.in., \u017ce polski Sejm &#8222;rozdmucha\u0142 histori\u0119 wo\u0142y\u0144sk\u0105&#8221;. Maria Py\u017c-Pakosz, urodzona we Lwowie Polka i dzia\u0142aczka tamtejszych polskich organizacji, obywatelk\u0105 Ukrainy, przet\u0142umaczy\u0142a na [&hellip;]","protected":false},"author":1,"featured_media":0,"comment_status":"closed","ping_status":"closed","sticky":false,"template":"","format":"standard","meta":{"_acf_changed":false,"_monsterinsights_skip_tracking":false,"_monsterinsights_sitenote_active":false,"_monsterinsights_sitenote_note":"","_monsterinsights_sitenote_category":0,"ngg_post_thumbnail":0,"footnotes":"","_wp_rev_ctl_limit":""},"categories":[6],"tags":[65,98,20,167,17],"acf":[],"_links":{"self":[{"href":"https:\/\/www.bibula.com\/index.php?rest_route=\/wp\/v2\/posts\/93447"}],"collection":[{"href":"https:\/\/www.bibula.com\/index.php?rest_route=\/wp\/v2\/posts"}],"about":[{"href":"https:\/\/www.bibula.com\/index.php?rest_route=\/wp\/v2\/types\/post"}],"author":[{"embeddable":true,"href":"https:\/\/www.bibula.com\/index.php?rest_route=\/wp\/v2\/users\/1"}],"replies":[{"embeddable":true,"href":"https:\/\/www.bibula.com\/index.php?rest_route=%2Fwp%2Fv2%2Fcomments&post=93447"}],"version-history":[{"count":0,"href":"https:\/\/www.bibula.com\/index.php?rest_route=\/wp\/v2\/posts\/93447\/revisions"}],"wp:attachment":[{"href":"https:\/\/www.bibula.com\/index.php?rest_route=%2Fwp%2Fv2%2Fmedia&parent=93447"}],"wp:term":[{"taxonomy":"category","embeddable":true,"href":"https:\/\/www.bibula.com\/index.php?rest_route=%2Fwp%2Fv2%2Fcategories&post=93447"},{"taxonomy":"post_tag","embeddable":true,"href":"https:\/\/www.bibula.com\/index.php?rest_route=%2Fwp%2Fv2%2Ftags&post=93447"}],"curies":[{"name":"wp","href":"https:\/\/api.w.org\/{rel}","templated":true}]}}