{"id":93353,"date":"2017-01-26T13:24:33","date_gmt":"2017-01-26T18:24:33","guid":{"rendered":"http:\/\/www.bibula.com\/?p=93353"},"modified":"2017-01-26T14:25:05","modified_gmt":"2017-01-26T19:25:05","slug":"powstalo-polsko-ukrainskie-forum-partnerstwa-jestesmy-milosnikami-ukrainy","status":"publish","type":"post","link":"https:\/\/www.bibula.com\/?p=93353","title":{"rendered":"Powsta\u0142o Polsko-Ukrai\u0144skie Forum Partnerstwa. \u201eJeste\u015bmy mi\u0142o\u015bnikami Ukrainy&#8221;"},"content":{"rendered":"<p><strong>W poniedzia\u0142ek szef MSZ Witold Waszczykowski zainaugurowa\u0142 Polsko-Ukrai\u0144skie Forum Partnerstwa. \u201eCelem Europy jest przekszta\u0142cenie Ukrainy w stabilne europejskie pa\u0144stwo\u201d &#8211; m\u00f3wi\u0142 minister. Jan Malicki, szef Forum podkre\u015bli\u0142, \u017ce jego cz\u0142onkowie s\u0105 \u201emi\u0142o\u015bnikami Ukrainy\u201d.<\/strong><\/p>\r\n<p>Polsko-Ukrai\u0144skie Forum Partnerstwa, jak poinformowano, ma stanowi\u0107 \u201eplatform\u0119 dialogu obywatelskiego i wsp\u00f3\u0142pracy obu narod\u00f3w\u201d. B\u0119dzie r\u00f3wnie\u017c pe\u0142ni\u0107 funkcj\u0119 konsultacyjno-doradcz\u0105. Celem Forum jest zwi\u0119kszenie kontakt\u00f3w mi\u0119dzy Polsk\u0105 a Ukrain\u0105, a tak\u017ce \u201eumocnienie procesu zbli\u017cenia i pojednania obu narod\u00f3w\u201d.<\/p>\r\n<p>Na uroczyst\u0105 inauguracj\u0119 zaproszono m.in. ambasadora Ukrainy w Polsce Andrija Deszczyc\u0119, ambasadora Polski na Ukrainie Jana Piek\u0142o (r\u00f3wnie\u017c cz\u0142onek Forum), a tak\u017ce Sekretarz Stanu w Kancelarii Prezydenta i Pe\u0142nomocnik&nbsp; Prezydenta w Komitecie Konsultacyjnym&nbsp;Prezydent\u00f3w RP i Ukrainy Krzysztofa Szczerskiego.<\/p>\r\n<p>Minister spraw zagranicznych Witold Waszczykowski m\u00f3wi\u0142 podczas inauguracji Forum, \u017ce du\u017ce znaczenie dla budowania wi\u0119zi mi\u0119dzy Polsk\u0105 i Ukrain\u0105 ma szeroka wsp\u00f3\u0142praca na p\u0142aszczy\u017anie spo\u0142ecznej i gospodarczej, w tym m.in. relacje samorz\u0105dowe, wymiana m\u0142odzie\u017cy, handel i wsp\u00f3\u0142praca ma\u0142ych i \u015brednich przedsi\u0119biorstw.<\/p>\r\n<p>Szef MSZ zaznaczy\u0142 r\u00f3wnie\u017c, \u017ce <a href=\"http:\/\/www.kresy.pl\/wydarzenia,spoleczenstwo?zobacz\/dgp-pracownicy-z-ukrainy-atrakcyjni-nie-przez-wyzsze-wyksztalcenie-ale-nizsze-oczekiwania-placowe\">w Polsce znalaz\u0142o zatrudnienie ok. milion Ukrai\u0144c\u00f3w<\/a>. <strong><em>&#8211; Nasz kraj kojarzy si\u0119 Ukrai\u0144com jednoznacznie jako przyk\u0142ad udanej transformacji ustrojowej &#8211;<\/em><\/strong> podkre\u015bli\u0142 Waszczykowski. Jak czytamy na oficjalnej stronie MSZ m\u00f3wi\u0142 r\u00f3wnie\u017c, \u017ce \u201epewne elementy historii, takie jak rze\u017a wo\u0142y\u0144ska, b\u0119d\u0105 budzi\u0107 emocje i sprzeczne oceny jeszcze przez wiele lat\u201d. Jednak jego zdaniem, relacje mi\u0119dzy Polsk\u0105 a Ukrain\u0105 s\u0105 na bardzo wysokim poziomie.<\/p>\r\n<ul>\r\n\t<li>Przeczytaj: <strong><a href=\"http:\/\/www.kresy.pl\/wydarzenia,gospodarka?zobacz\/zarabiaja-na-pracy-ukraincow-i-sciaganiu-ich-do-polski-promuja-wieksza-imigracje-zarobkowa\">Zarabiaj\u0105 na pracy Ukrai\u0144c\u00f3w i \u015bci\u0105ganiu ich do Polski &#8211; promuj\u0105 wi\u0119ksz\u0105 imigracj\u0119 zarobkow\u0105<\/a><\/strong><\/li>\r\n<\/ul>\r\n<p><strong><em>&#8211; Na Ukrainie przenikaj\u0105 si\u0119 dwa kompletnie przeciwne paradygmaty spo\u0142eczno-polityczne: europejski, czy te\u017c zachodnioeuropejski, i rosyjski. Celem politycznym Europy jest przekszta\u0142cenie Ukrainy w stabilne europejskie pa\u0144stwo &#8211;<\/em><\/strong> m\u00f3wi\u0142 Waszczykowski, dodaj\u0105c, \u017ce Rosja dzia\u0142a na zahamowanie tego procesu.<\/p>\r\n<p><strong><em>&#8211; W \u015bwiadomo\u015bci narodu ukrai\u0144skiego dokona\u0142a si\u0119 zmiana, powsta\u0142o zdolne do samostanowienia si\u0119 spo\u0142ecze\u0144stwo ukrai\u0144skie. Proces ten toczy\u0142 si\u0119 niestety przy \u015bwi\u015bcie kul &#8211;<\/em><\/strong> m\u00f3wi\u0142 szef MSZ. Zaznaczy\u0142 te\u017c, \u017ce kluczowe znaczenie we wzajemnych stosunkach ma wsp\u00f3\u0142praca na rzecz bezpiecze\u0144stwa. Doda\u0142, \u017ce konflikt na Ukrainie jest dla Polski \u201estrategicznym wyzwaniem\u201d, za\u015b opieranie polityki europejskiej w oczekiwaniu na stabilizuj\u0105c\u0105 rol\u0119 Rosji w regionie \u201ejest my\u015bleniem \u017cyczeniowym\u201d.<\/p>\r\n<p>PRZECZYTAJ:<\/p>\r\n<ul>\r\n\t<li><a href=\"http:\/\/www.kresy.pl\/wydarzenia,polityka?zobacz\/waszczykowski-kapituluje-przed-ukrainskim-spojrzeniem-na-rozwiazanie-kwestii-wolynia\"><strong>Waszczykowski kapituluje przed ukrai\u0144skim spojrzeniem na rozwi\u0105zanie kwestii Wo\u0142ynia<\/strong><\/a><\/li>\r\n\t<li><a href=\"http:\/\/www.kresy.pl\/publicystyka,wywiady?zobacz\/witold-waszczykowski-dla-kresowpl-nie-bedziemy-stawiac-problemow-polskiej-mniejszosci-w-sposob-ultymatywny\"><strong>Witold Waszczykowski dla Kres\u00f3w.pl: Nie b\u0119dziemy stawia\u0107 problemu polskiej mniejszo\u015bci w spos\u00f3b ultymatywny<\/strong><\/a><\/li>\r\n<\/ul>\r\n<p>Przewodnicz\u0105cym Forum zosta\u0142 <a href=\"http:\/\/www.kresy.pl\/publicystyka,reportaze?zobacz\/co-komu-wolno-na-facebooku\">Jan Malicki<\/a> &#8211; kierownik Studium Europy Wschodniej UW. <strong>Podczas inauguracji podkre\u015bli\u0142, \u017ce wszyscy cz\u0142onkowie Forum s\u0105 \u201emi\u0142o\u015bnikami Ukrainy\u201d.<\/strong><\/p>\r\n<p>W sk\u0142ad Forum wchodzi 20 cz\u0142onk\u00f3w, m.in. dyrektor O\u015brodka Studi\u00f3w Wschodnich w Warszawie Adam Eberhatdt, przewodnicz\u0105cy Rady Programowej Forum Ekonomicznego w Krynicy Zygmunt Berdychowski, dyrektor Polskiego Instytutu Spraw Mi\u0119dzynarodowych S\u0142awomir D\u0119bski, prezes IPN Jaros\u0142aw Szarek i prezes Mi\u0119dzynarodowego Stowarzyszenia Przedsi\u0119biorc\u00f3w Polskich na Ukrainie Piotr Ciarkowski.<\/p>\r\n<p>Cz\u0142onkami Forum zostali r\u00f3wnie\u017c m.in. <a href=\"http:\/\/www.kresy.pl\/wydarzenia,polityka?zobacz\/maria-przelomiec-tvp-info-uchwala-wolynska-polskiego-sejmu-ucieszyla-rosje\">Maria Prze\u0142omiec<\/a>, <a href=\"http:\/\/www.kresy.pl\/wydarzenia,spoleczenstwo?zobacz\/byly-wiceszef-msz-atakuje-polskiego-kontrmanifestanta-na-pochodzie-w-przemyslu-video\">Krzysztof Stanowski<\/a>, Aleksandra Hnatiuk, prof. Grzegorz Motyka oraz prof. Przemys\u0142aw \u0179urawski vel Grajewski.<\/p>\r\n<p>CZYTAJ WI\u0118CEJ:<\/p>\r\n<ul>\r\n\t<li><a href=\"http:\/\/www.kresy.pl\/publicystyka,opinie?zobacz\/jak-maria-przelomiec-zmanipulowala-historie-polskiej-autonomii-na-wilenszczyznie\"><strong>Jak Maria Prze\u0142omiec zmanipulowa\u0142a histori\u0119 polskiej autonomii na Wile\u0144szczy\u017anie<\/strong><\/a><\/li>\r\n\t<li><a href=\"http:\/\/www.kresy.pl\/wydarzenia,spoleczenstwo?zobacz\/byly-wiceszef-msz-atakuje-polskiego-kontrmanifestanta-na-pochodzie-w-przemyslu-video\"><strong>By\u0142y wiceszef MSZ Krzysztof Stanowski atakuje polskiego kontrmanifestanta na pochodzie w Przemy\u015blu [+VIDEO]<\/strong><\/a><\/li>\r\n<\/ul>\r\n<p>Podczas swoich obrad cz\u0142onkowie Forum ustal\u0105 list\u0119 najpowa\u017cniejszych problem\u00f3w w stosunkach polsko-ukrai\u0144skich, sporz\u0105dz\u0105 list\u0119 mo\u017cliwych dzia\u0142a\u0144 i przedstawi\u0105 w tych kwestiach rekomendacje dla MSZ.<\/p>\r\n<p><strong><em>&#8211; Wa\u017cne jest, \u017ceby Polska rozwija\u0142a stosunki ze swoimi s\u0105siadami, a Ukraina jest naszym najwi\u0119kszym partnerem na Wschodzie <\/em><\/strong>&#8211; m\u00f3wi\u0142 Malicki. <strong><em>&#8211; Nam chodzi o Polsk\u0119. To Polsce potrzebna jest Ukraina istniej\u0105ca, wa\u017cna i sojusznicza &#8211;<\/em><\/strong> podkre\u015bli\u0142 szef SEW UW.<\/p>\r\n<p><img decoding=\"async\" src=\"http:\/\/www.msz.gov.pl\/resource\/59b539ca-c0d8-4879-a2ab-e328db79e2c1:JCR\" alt=\"\" width=\"600\"><\/p>\r\n<p><img decoding=\"async\" src=\"http:\/\/www.msz.gov.pl\/resource\/f5de92b1-fab0-4f27-85e6-2c31b4f4b0c2:JCR\" alt=\"\" width=\"600\"><\/p>\r\n<p><img decoding=\"async\" src=\"http:\/\/www.msz.gov.pl\/resource\/588b73ca-2c31-41ea-b1ed-1f26dac677fd:JCR\" alt=\"\" width=\"600\"><\/p>\r\n<p><img decoding=\"async\" src=\"http:\/\/www.msz.gov.pl\/resource\/1f306cee-4d6d-464e-88c4-2d6bf7ea470e:JCR\" alt=\"\" width=\"600\"><\/p>\r\n<p><img decoding=\"async\" src=\"http:\/\/www.msz.gov.pl\/resource\/eee6e8e8-03ec-4c26-a40d-d569a8e7ec38:JCR\" alt=\"\" width=\"600\"><\/p>\r\n<p><img decoding=\"async\" src=\"http:\/\/www.msz.gov.pl\/resource\/03a8e5c7-9aaa-4d0a-8d41-e9ae3ca46660:JCR\" alt=\"\" width=\"600\"><\/p>\r\n<p>Fot. MSZ \/ Micha\u0142 Jasiulewicz<\/p>\r\n<p>Msz.gov.pl \/ Kresy.pl<\/p>\r\n<p class=\"zrodlo\">Za: <a href=\"http:\/\/www.kresy.pl\/wydarzenia,polityka?zobacz\/powstalo-polsko-ukrainskie-forum-partnerstwa-jestesmy-milosnikami-ukrainy-foto\">Kresy.pl (25 stycznia 2017) &#8211; [Org. tytu\u0142: \u00abPowsta\u0142o Polsko-Ukrai\u0144skie Forum Partnerstwa. \u201eJeste\u015bmy mi\u0142o\u015bnikami Ukrainy\u201d [+FOTO]\u00bb]<\/a><\/p>\r\n<h4>&nbsp;<\/h4>\r\n<hr style=\"background-color: #000000; border-width: 0; color: #000000; height: 2px; line-height: 0; text-align: center; width: 100%;\">\r\n<h4>&nbsp;<\/h4>\r\n<h2>Polsko-ukrai\u0144skie towarzystwo wzajemnej adoracji<\/h2>\r\n<p>Szef MSZ Wiktor Waszczykowski powo\u0142a\u0142 nowe forum polsko-ukrai\u0144skie, czyli towarzystwo wzajemnej adoracji za pieni\u0105dze polskiego podatnika. Od prawej: Krzysztof Szczerski, ambasador Andrij Deszczyscia i Waszczykowski. Z ty\u0142y ambasador Jan Piek\u0142o i inni \u201egiedroyciowcy\u201d. Czytaj wi\u0119cej [tekst powy\u017cej]<\/p>\r\n<p><strong><em>ks. Tadeusz Isakowicz-Zaleski<\/em><\/strong><\/p>\r\n<p class=\"zrodlo\">Za: <a href=\"http:\/\/isakowicz.pl\/polsko-ukrainskie-towarzystwo-wzajemnej-adoracji\/\">isakowicz.pl (26 stycznia 2017)<\/a><\/p>\r\n<h4>&nbsp;<\/h4>\r\n<hr style=\"background-color: #000000; border-width: 0; color: #000000; height: 2px; line-height: 0; text-align: center; width: 100%;\">\r\n<h4>&nbsp;<\/h4>","protected":false},"excerpt":{"rendered":"W poniedzia\u0142ek szef MSZ Witold Waszczykowski zainaugurowa\u0142 Polsko-Ukrai\u0144skie Forum Partnerstwa. \u201eCelem Europy jest przekszta\u0142cenie Ukrainy w stabilne europejskie pa\u0144stwo\u201d &#8211; m\u00f3wi\u0142 minister. Jan Malicki, szef Forum podkre\u015bli\u0142, \u017ce jego cz\u0142onkowie s\u0105 \u201emi\u0142o\u015bnikami Ukrainy\u201d. Polsko-Ukrai\u0144skie Forum Partnerstwa, jak poinformowano, ma stanowi\u0107 \u201eplatform\u0119 dialogu obywatelskiego i wsp\u00f3\u0142pracy obu narod\u00f3w\u201d. B\u0119dzie r\u00f3wnie\u017c pe\u0142ni\u0107 funkcj\u0119 konsultacyjno-doradcz\u0105. Celem Forum jest [&hellip;]","protected":false},"author":1,"featured_media":0,"comment_status":"closed","ping_status":"closed","sticky":false,"template":"","format":"standard","meta":{"_acf_changed":false,"_monsterinsights_skip_tracking":false,"_monsterinsights_sitenote_active":false,"_monsterinsights_sitenote_note":"","_monsterinsights_sitenote_category":0,"ngg_post_thumbnail":0,"footnotes":"","_wp_rev_ctl_limit":""},"categories":[8],"tags":[98,167,17],"acf":[],"_links":{"self":[{"href":"https:\/\/www.bibula.com\/index.php?rest_route=\/wp\/v2\/posts\/93353"}],"collection":[{"href":"https:\/\/www.bibula.com\/index.php?rest_route=\/wp\/v2\/posts"}],"about":[{"href":"https:\/\/www.bibula.com\/index.php?rest_route=\/wp\/v2\/types\/post"}],"author":[{"embeddable":true,"href":"https:\/\/www.bibula.com\/index.php?rest_route=\/wp\/v2\/users\/1"}],"replies":[{"embeddable":true,"href":"https:\/\/www.bibula.com\/index.php?rest_route=%2Fwp%2Fv2%2Fcomments&post=93353"}],"version-history":[{"count":0,"href":"https:\/\/www.bibula.com\/index.php?rest_route=\/wp\/v2\/posts\/93353\/revisions"}],"wp:attachment":[{"href":"https:\/\/www.bibula.com\/index.php?rest_route=%2Fwp%2Fv2%2Fmedia&parent=93353"}],"wp:term":[{"taxonomy":"category","embeddable":true,"href":"https:\/\/www.bibula.com\/index.php?rest_route=%2Fwp%2Fv2%2Fcategories&post=93353"},{"taxonomy":"post_tag","embeddable":true,"href":"https:\/\/www.bibula.com\/index.php?rest_route=%2Fwp%2Fv2%2Ftags&post=93353"}],"curies":[{"name":"wp","href":"https:\/\/api.w.org\/{rel}","templated":true}]}}