{"id":93339,"date":"2017-01-26T13:26:01","date_gmt":"2017-01-26T18:26:01","guid":{"rendered":"http:\/\/www.bibula.com\/?p=93339"},"modified":"2017-01-26T22:11:42","modified_gmt":"2017-01-27T03:11:42","slug":"braun-o-odznaczeniu-szewacha-weissa-ignorancja-lub-lekcewazenie-polskiej-racji-stanu","status":"publish","type":"post","link":"https:\/\/www.bibula.com\/?p=93339","title":{"rendered":"Braun o odznaczeniu Szewacha Weissa: ignorancja lub lekcewa\u017cenie polskiej racji stanu"},"content":{"rendered":"<p><strong>Kilka dni temu najwy\u017cszym polskim odznaczeniem pa\u0144stwowym uhonorowano Szewacha Weissa, by\u0142ego ambasadora Izraela w Warszawie. Zdumienie takim stanem rzeczy wyrazi\u0142 by\u0142y kandydat na prezydenta &#8211; Grzegorz Braun. Wed\u0142ug niego decyzja ta jest ca\u0142kowicie niezrozumia\u0142a.<\/strong><\/p>\r\n<p>Grzegorz Braun w felietonie na \u0142amach \u201ePolski Niepodleg\u0142ej\u201d przytacza gar\u015b\u0107 pogl\u0105d\u00f3w Weissa. Wynika z nich, \u017ce \u201ebez Rosji <em>nie by\u0142oby w&nbsp;og\u00f3le wolno\u015bci<\/em>, <em>a&nbsp;Zwi\u0105zek Sowiecki \u201eda\u0142 mo\u017cliwo\u015b\u0107 Polakom wr\u00f3ci\u0107 do swojej to\u017csamo\u015bci polskiej<\/em>\u201d. Wed\u0142ug re\u017cysera, odznaczaj\u0105c Weissa, \u201eprezydent Andrzej Duda w&nbsp;spos\u00f3b spektakularny manifestuje w&nbsp;najlepszym przypadku g\u0142\u0119bok\u0105 ignorancj\u0119, w&nbsp;gorszym &#8211;&nbsp;arogancj\u0119 i&nbsp;nonszalancj\u0119, lekcewa\u017cenie polskiej wra\u017cliwo\u015bci historycznej i&nbsp;polskiej racji stanu\u201d.<\/p>\r\n<p>Autor felietonu przypomina, \u017ce Szewach Weiss jest&nbsp;\u201eby\u0142ym wojskowym, propagandyst\u0105 i&nbsp;politykiem, kt\u00f3rego karierze patronowa\u0142y tamtejsze s\u0142u\u017cby i&nbsp;partia socjalistyczna. Skierowany do post-PRL-u jako ambasador, zadomowi\u0142 si\u0119 w&nbsp;warszawskim \u017cyciu publicznym jako wujek dobra rada od stosunk\u00f3w polsko-\u017cydowskich. Od lat media z&nbsp;lewej i&nbsp;prawej strony g\u0142\u00f3wnego \u015bcieku upieraj\u0105 si\u0119 kreowa\u0107 go na zacny autorytet, <em>wielkiego przyjaciela Polak\u00f3w<\/em>\u201d etc.<\/p>\r\n<p>Wed\u0142ug Brauna, \u201ez&nbsp;panicznego l\u0119ku przed oskar\u017ceniem o&nbsp;antysemityzm, p.o. prawicowe media konsekwentnie przemilczaj\u0105 drastyczne realia historyczne i&nbsp;wsp\u00f3\u0142czesne wojny prowadzone przez elity \u017cydowskie z&nbsp;niepodleg\u0142\u0105 Polsk\u0105, za to racz\u0105 nas nieko\u0144cz\u0105cym si\u0119 festiwalem wyst\u0119p\u00f3w Weissa, s\u0142u\u017c\u0105cego jako rzadki okaz dobrego \u017byda, \u017cyczliwego Polsce i&nbsp;Polakom niczym Jankiel z&nbsp;<em>Pana Tadeusza<\/em>\u201d.<\/p>\r\n<p>Autor przypomina tak\u017ce, \u017ce Weiss \u201enie jest przecie\u017c jednak wy\u0142\u0105cznie facecjonist\u0105 i&nbsp;sentymentalist\u0105, bo przecie\u017c zd\u0105\u017cy\u0142 si\u0119 nam otwarcie zaprezentowa\u0107 jako powa\u017cny wsp\u00f3lnik tej gangsterskiej szajki, kt\u00f3ra usi\u0142uje dokona\u0107 na Polakach wymuszenia rozb\u00f3jniczego, dla zmylenia przeciwnika nazywanego <em>restytucj\u0105 mienia<\/em>\u201d.<\/p>\r\n<p>Braun twierdzi przy tym, \u017ce \u201ewyp\u0142aty \u017c\u0105daj\u0105 od nas bezczelni \u0142ajdacy niemog\u0105cy powo\u0142a\u0107 si\u0119 na cywilizowane prawo dziedziczenia, pragn\u0105cy prawem kaduka ustanowi\u0107 precedens na gruncie prawa plemiennego\u201d a Szewach Weiss publicznie te uroszczenia podtrzymuje, otwarcie deklaruj\u0105c trybalistyczne, a&nbsp;wi\u0119c w&nbsp;istocie rasistowskie podej\u015bcie do rzeczy.<\/p>\r\n<p>Autor nazwa\u0142 wi\u0119c uhonorowanie Weissa przez prezydenta Dud\u0119 \u201enaiwn\u0105 g\u0142upot\u0105\u201d albo&nbsp;\u201ecynicznym wyrachowaniem\u201d, deklaruj\u0105c przy tym, \u017ce je\u015bli prawdziwa jest opcja druga, to nie rozumie jakie profity dla Polski maj\u0105 z niej wynikn\u0105\u0107.<\/p>\r\n<p>\u0179r\u00f3d\u0142o: polskaniepodlegla.pl<\/p>\r\n<p>kra<\/p>\r\n<p class=\"zrodlo\">Za: <a href=\"http:\/\/www.pch24.pl\/braun-o-odznaczeniu-szewacha-weissa--ignorancja-lub-lekcewazenie-polskiej-racji-stanu,49020,i.html\">PoloniaChristiana &#8211; pch24.pl (2017-01-26)<\/a><\/p>\r\n<h4>&nbsp;<\/h4>\r\n<hr style=\"background-color: #000000; border-width: 0; color: #000000; height: 2px; line-height: 0; text-align: center; width: 100%;\">\r\n<h4>&nbsp;<\/h4>\r\n<blockquote>\r\n<p><strong>CZYTAJ i OGL\u0104DAJ:<\/strong><\/p>\r\n<ul>\r\n\t<li><a href=\"http:\/\/www.bibula.com\/?p=93026\" rel=\"bookmark\">Prezydent odznaczy\u0142 prof. Szewacha Weissa Orderem Or\u0142a Bia\u0142ego<\/a><\/li>\r\n\t<li><a href=\"http:\/\/www.bibula.com\/?p=82430\" rel=\"bookmark\">Grzegorz Braun i Szewach Weiss o \u017cydowskich roszczeniach wobec Polski<\/a><\/li>\r\n\t<li><a href=\"http:\/\/www.bibula.com\/?p=36938\" rel=\"bookmark\">Szewach Weiss: Jan Pawe\u0142 II &#8222;jest naszym wsp\u00f3lnym polsko-\u017cydowskim bohaterem\u201d<\/a><\/li>\r\n\t<li><a href=\"http:\/\/www.bibula.com\/?p=64050\" rel=\"bookmark\">Podw\u00f3jna moralno\u015b\u0107 Szewacha Weissa<\/a><\/li>\r\n\t<li><a href=\"http:\/\/www.bibula.com\/?p=88024\" rel=\"bookmark\">\u017bydzi a komunizm &#8211; <em>prof. Jerzy Robert Nowak<\/em><\/a><\/li>\r\n\t<li><a href=\"http:\/\/www.bibula.com\/?p=81235\" rel=\"bookmark\">\u201eReligia Holocaustu\u201d a dialog katolicko-\u017cydowski &#8211; <em>Hugon Hajducki<\/em><\/a><\/li>\r\n\t<li><a href=\"http:\/\/www.bibula.com\/?p=84558\" rel=\"bookmark\">Ambasador Izraela: \u201eChanuka to polskie \u015bwi\u0119to\u201d<\/a><\/li>\r\n\t<li><a href=\"http:\/\/www.bibula.com\/?p=71017\" rel=\"bookmark\">\u017bydzi nie rezygnuj\u0105 z rabunku Polski<\/a><\/li>\r\n\t<li><a href=\"http:\/\/www.bibula.com\/?p=42987\" rel=\"bookmark\">\u201eJudaizuj\u0105cym\u201d frondystom pod rozwag\u0119 &#8211; <em>Jacek Bartyzel<\/em><\/a><\/li>\r\n\t<li><a href=\"http:\/\/www.bibula.com\/?p=11371\" rel=\"bookmark\">Franciszkanie b\u0119d\u0105 propagowa\u0107 kultur\u0119 \u017cydowsk\u0105<\/a><\/li>\r\n\t<li><a href=\"http:\/\/www.bibula.com\/?p=2188\" rel=\"bookmark\">Szwach Weiss: &#8222;Rabin Shlomo Aviner nie wypowiada si\u0119 w imieniu wszystkich rabin\u00f3w Izraela&#8221;<\/a><\/li>\r\n<\/ul>\r\n<\/blockquote>\r\n<h4>&nbsp;<\/h4>\r\n<hr style=\"background-color: #000000; border-width: 0; color: #000000; height: 2px; line-height: 0; text-align: center; width: 100%;\">\r\n<h4>&nbsp;<\/h4>\r\n<p>[youtube =-Rx33ZBEC5A width=&#8221;600&#8243;]<\/p>\r\n<p>&nbsp;<\/p>\r\n<h4>&nbsp;<\/h4>\r\n<hr style=\"background-color: #000000; border-width: 0; color: #000000; height: 2px; line-height: 0; text-align: center; width: 100%;\">\r\n<h4>&nbsp;<\/h4>","protected":false},"excerpt":{"rendered":"Kilka dni temu najwy\u017cszym polskim odznaczeniem pa\u0144stwowym uhonorowano Szewacha Weissa, by\u0142ego ambasadora Izraela w Warszawie. Zdumienie takim stanem rzeczy wyrazi\u0142 by\u0142y kandydat na prezydenta &#8211; Grzegorz Braun. Wed\u0142ug niego decyzja ta jest ca\u0142kowicie niezrozumia\u0142a. Grzegorz Braun w felietonie na \u0142amach \u201ePolski Niepodleg\u0142ej\u201d przytacza gar\u015b\u0107 pogl\u0105d\u00f3w Weissa. Wynika z nich, \u017ce \u201ebez Rosji nie by\u0142oby w&nbsp;og\u00f3le [&hellip;]","protected":false},"author":1,"featured_media":0,"comment_status":"closed","ping_status":"closed","sticky":false,"template":"","format":"standard","meta":{"_acf_changed":false,"_monsterinsights_skip_tracking":false,"_monsterinsights_sitenote_active":false,"_monsterinsights_sitenote_note":"","_monsterinsights_sitenote_category":0,"ngg_post_thumbnail":0,"footnotes":"","_wp_rev_ctl_limit":""},"categories":[8],"tags":[349,344,98,53,101],"acf":[],"_links":{"self":[{"href":"https:\/\/www.bibula.com\/index.php?rest_route=\/wp\/v2\/posts\/93339"}],"collection":[{"href":"https:\/\/www.bibula.com\/index.php?rest_route=\/wp\/v2\/posts"}],"about":[{"href":"https:\/\/www.bibula.com\/index.php?rest_route=\/wp\/v2\/types\/post"}],"author":[{"embeddable":true,"href":"https:\/\/www.bibula.com\/index.php?rest_route=\/wp\/v2\/users\/1"}],"replies":[{"embeddable":true,"href":"https:\/\/www.bibula.com\/index.php?rest_route=%2Fwp%2Fv2%2Fcomments&post=93339"}],"version-history":[{"count":0,"href":"https:\/\/www.bibula.com\/index.php?rest_route=\/wp\/v2\/posts\/93339\/revisions"}],"wp:attachment":[{"href":"https:\/\/www.bibula.com\/index.php?rest_route=%2Fwp%2Fv2%2Fmedia&parent=93339"}],"wp:term":[{"taxonomy":"category","embeddable":true,"href":"https:\/\/www.bibula.com\/index.php?rest_route=%2Fwp%2Fv2%2Fcategories&post=93339"},{"taxonomy":"post_tag","embeddable":true,"href":"https:\/\/www.bibula.com\/index.php?rest_route=%2Fwp%2Fv2%2Ftags&post=93339"}],"curies":[{"name":"wp","href":"https:\/\/api.w.org\/{rel}","templated":true}]}}