{"id":92911,"date":"2017-01-14T15:35:42","date_gmt":"2017-01-14T20:35:42","guid":{"rendered":"http:\/\/www.bibula.com\/?p=92911"},"modified":"2017-01-14T15:35:42","modified_gmt":"2017-01-14T20:35:42","slug":"do-puszeczki-zamieszanie-z-orkiestra-po-krotce-arkadiusz-jakubczyk","status":"publish","type":"post","link":"https:\/\/www.bibula.com\/?p=92911","title":{"rendered":"Do puszeczki, zamieszanie z Orkiestr\u0105 \u2013 po kr\u00f3tce &#8211; <em>Arkadiusz Jakubczyk<\/em>"},"content":{"rendered":"<p><strong>Jak informuje wszem i wobec portal TVN24, 15 stycznia odb\u0119dzie si\u0119 25. Fina\u0142 Wielkiej Orkiestry \u015awi\u0105tecznej Pomocy.<\/strong><\/p>\r\n<p><em>\u201eJurek Owsiak ka\u017cdego roku daje z siebie wszystko. (\u2026) w ca\u0142ej Polsce oraz kilkudziesi\u0119ciu miejscach na \u015bwiecie zagra Wielka Orkiestra \u015awi\u0105tecznej Pomocy. Tym razem fundacja b\u0119dzie zbiera\u0107 pieni\u0105dze na ratowanie \u017cycia i zdrowia dzieci oraz senior\u00f3w\u201d. <\/em><\/p>\r\n<p>Osobi\u015bcie, nigdy WO\u015aP nie popiera\u0142em. Musz\u0119 tym samym przyzna\u0107, \u017ce w mojej ocenie nigdy nie kierowa\u0142em si\u0119 pobudkami ideowymi, czyli moim \u015bwiatopogl\u0105dem, tak odmiennym od \u015bwiatopogl\u0105du pana Owsiaka. Mo\u017cna powiedzie\u0107, \u017ce by\u0142 to odruch instynktowny, ca\u0142a akcja wydawa\u0142a mi si\u0119 po prostu \u201eszemrana\u201d.<\/p>\r\n<p>Przypatrzmy si\u0119 Wielkiej Orkiestrze bli\u017cej. W powy\u017cszym o\u015bwiadczeniu czytamy, \u017ce <em>\u201eTym razem fundacja b\u0119dzie zbiera\u0107 pieni\u0105dze na ratowanie \u017cycia i zdrowia dzieci oraz senior\u00f3w\u201d. <\/em>Senior\u00f3w? Czy\u017cby? Przecie\u017c ten sam pan Owsiak, publicznie opowiada\u0142 si\u0119 za eutanazj\u0105: <em>\u201e(\u2026) eutanazja to dla mnie pomoc starszym w cierpieniach\u201d <\/em>(sic!). Dzieci? Jak trafnie zauwa\u017cy\u0142 pan Terlikowski, Jurek Owsiak bra\u0142 czynny udzia\u0142 w tzw. Czarnych Marszach promuj\u0105cych legalne morderstwo najs\u0142abszych, \u201e<em>Uczestniczy\u0142 w nich, razem z zarz\u0105dem WO\u015aP. A to oznacza, \u017ce &#8211; nie po raz pierwszy &#8211; opowiedzia\u0142 si\u0119 po stronie cywilizacji \u015bmierci\u201d.<\/em> Pozostawi\u0119 to bez komentarza.<\/p>\r\n<p>Z za\u0142o\u017cenia, owoce dzia\u0142alno\u015bci charytatywnej powinny dociera\u0107 do konkretnych os\u00f3b, tych kt\u00f3re potrzebuj\u0105 wsparcia, jednak WO\u015aP wspiera insytyucje. Zakup sprz\u0119tu szpitalnego jest (lub powinien by\u0107) zadaniem NFZ. Wyr\u0119czanie Funduszu w zakupie narz\u0119dzi pracy jest przynajmniej nie na <a>miejscu<\/a>. Ale to przecie\u017c nie koniec naszej wyliczanki. Pieni\u0105dze zebrane przez ma\u0142oletnich serduszkowych puszkowicz\u00f3w utrzymuj\u0105 tak\u017ce \u201ePrzystanek Woodstock\u201d z jego \u201er\u00f3bta, co chceta\u201d i poga\u0144skim Hare Kriszn\u0105, siedzib\u0119 Orkiestry, samochody, pensje (tak, pensje) cz\u0142onk\u00f3w zarz\u0105du et tutti quanti. Wszystko to&nbsp; jest znane i co roku wa\u0142kowane. &nbsp;Tomasz Lipi\u0144ski (Brygada Kryzys&nbsp;i Tilt), kt\u00f3ry niejednokrotnie wyst\u0119powa\u0142 podczas fina\u0142\u00f3w&nbsp;WO\u015aP,&nbsp;podzieli\u0142 si\u0119 swoimi refleksjami na temat jego operacji w 2015 roku: <em>\u201eKiedy\u015b rokrocznie wyst\u0119powa\u0142em&nbsp;na koncertach&nbsp;WO\u015aP, ca\u0142kiem&nbsp;za darmo, przej\u0119ty wyrz\u0105dzanym dobrem. Nawet zwrot\u00f3w&nbsp;za podr\u00f3\u017c&nbsp;nie bra\u0142em. Do czasu,&nbsp;gdy dowiedzia\u0142em si\u0119&nbsp;w <\/em>garderobie<em>&nbsp;od cz\u0142onk\u00f3w pewnego, wtedy bardzo popularnego kabaretu, \u017ce&nbsp;dla nich&nbsp;ten dzie\u0144&nbsp;to prawdziwe \u017cniwa: obje\u017cd\u017caj\u0105 kilka podwarszawskich miejscowo\u015bci,&nbsp;w ka\u017cdej wyst\u0119puj\u0105,&nbsp;a&nbsp;za ka\u017cdy wyst\u0119p inkasuj\u0105 sowite honorarium.&nbsp;<strong>Najpierw&nbsp;nie uwierzy\u0142em,&nbsp;w ko\u0144cu Owsiak zawsze twierdzi\u0142, \u017ce wszyscy graj\u0105&nbsp;za darmo, Ho\u0142dys&nbsp;pi\u0119tnowa\u0142&nbsp;itd\u2026 <\/strong>Je\u015bli summa summarum&nbsp;WO\u015aP&nbsp;ma sukces,&nbsp;a&nbsp;MA,&nbsp;i tego&nbsp;nie neguj\u0119,&nbsp;to niech p\u0142ac\u0105 artystom, nap\u0119dzaj\u0105cym ca\u0142\u0105 imprez\u0119. Nie&nbsp;mam&nbsp;z&nbsp;tym problemu.&nbsp;<strong>Chodzi&nbsp;mi&nbsp;o&nbsp;to, \u017ce kto\u015b,&nbsp;kto dysponuje takim kapita\u0142em spo\u0142ecznego zaufania, przek\u0142adaj\u0105cym si\u0119&nbsp;na realny kapita\u0142 finansowy,&nbsp;nie powinien mija\u0107 si\u0119&nbsp;z prawd\u0105 nawet&nbsp;o milimetr\u201d. <\/strong><\/em>Ot co.<\/p>\r\n<p>Osobi\u015bcie, wychodz\u0119 z za\u0142o\u017cenia, \u017ce istnieje mn\u00f3stwo innych, mniej kontrowersyjnych, nienag\u0142a\u015bnianych medialnie i o szczerych intencjach organizacji dobroczynnych, takich jak Caritas Polska, kt\u00f3re zbieraj\u0105 rocznie wielokrotnie wi\u0119ksze kwoty bez niepotrzebnego rozg\u0142osu (Caritas &#8211; niestety* &#8211; przekaza\u0142a na licytacj\u0119 WO\u015aP lampk\u0119 oliwn\u0105 w formie go\u0142\u0119bia, aby pokaza\u0107, \u017ce nie postrzega siebie jako jej rywala, a raczej jako bratni\u0105 organizacj\u0119). Jest te\u017c \u201eSzlachetna Paczka\u201d, kt\u00f3ra w minionym roku zebra\u0142a 54 mln z\u0142otych, czyli o milion wi\u0119cej ni\u017c Orkiestra.&nbsp; My\u015bl\u0119, \u017ce je\u015bli chocia\u017c raz w roku przekazujemy swoje pieni\u0105dze na pomoc innym, to warto si\u0119 wysili\u0107 i poszuka\u0107 szlachetnego celu, a nie i\u015b\u0107 na \u0142atwizn\u0119. Warto robi\u0107 to m\u0105drze i z tak zwan\u0105 g\u0142ow\u0105.<\/p>\r\n<p><strong><em>Arkadiusz Jakubczyk<\/em><\/strong><\/p>","protected":false},"excerpt":{"rendered":"Jak informuje wszem i wobec portal TVN24, 15 stycznia odb\u0119dzie si\u0119 25. Fina\u0142 Wielkiej Orkiestry \u015awi\u0105tecznej Pomocy. \u201eJurek Owsiak ka\u017cdego roku daje z siebie wszystko. (\u2026) w ca\u0142ej Polsce oraz kilkudziesi\u0119ciu miejscach na \u015bwiecie zagra Wielka Orkiestra \u015awi\u0105tecznej Pomocy. Tym razem fundacja b\u0119dzie zbiera\u0107 pieni\u0105dze na ratowanie \u017cycia i zdrowia dzieci oraz senior\u00f3w\u201d. Osobi\u015bcie, nigdy [&hellip;]","protected":false},"author":1,"featured_media":0,"comment_status":"closed","ping_status":"closed","sticky":false,"template":"","format":"standard","meta":{"_acf_changed":false,"_monsterinsights_skip_tracking":false,"_monsterinsights_sitenote_active":false,"_monsterinsights_sitenote_note":"","_monsterinsights_sitenote_category":0,"ngg_post_thumbnail":0,"footnotes":"","_wp_rev_ctl_limit":""},"categories":[9],"tags":[98,226],"acf":[],"_links":{"self":[{"href":"https:\/\/www.bibula.com\/index.php?rest_route=\/wp\/v2\/posts\/92911"}],"collection":[{"href":"https:\/\/www.bibula.com\/index.php?rest_route=\/wp\/v2\/posts"}],"about":[{"href":"https:\/\/www.bibula.com\/index.php?rest_route=\/wp\/v2\/types\/post"}],"author":[{"embeddable":true,"href":"https:\/\/www.bibula.com\/index.php?rest_route=\/wp\/v2\/users\/1"}],"replies":[{"embeddable":true,"href":"https:\/\/www.bibula.com\/index.php?rest_route=%2Fwp%2Fv2%2Fcomments&post=92911"}],"version-history":[{"count":0,"href":"https:\/\/www.bibula.com\/index.php?rest_route=\/wp\/v2\/posts\/92911\/revisions"}],"wp:attachment":[{"href":"https:\/\/www.bibula.com\/index.php?rest_route=%2Fwp%2Fv2%2Fmedia&parent=92911"}],"wp:term":[{"taxonomy":"category","embeddable":true,"href":"https:\/\/www.bibula.com\/index.php?rest_route=%2Fwp%2Fv2%2Fcategories&post=92911"},{"taxonomy":"post_tag","embeddable":true,"href":"https:\/\/www.bibula.com\/index.php?rest_route=%2Fwp%2Fv2%2Ftags&post=92911"}],"curies":[{"name":"wp","href":"https:\/\/api.w.org\/{rel}","templated":true}]}}