{"id":92817,"date":"2017-01-09T08:47:23","date_gmt":"2017-01-09T13:47:23","guid":{"rendered":"http:\/\/www.bibula.com\/?p=92817"},"modified":"2017-01-09T08:47:23","modified_gmt":"2017-01-09T13:47:23","slug":"korwin-mikke-swietszy-od-papieza-lider-partii-wolnosc-atakuje-franciszka-jest-odpowiedz-episkopatu","status":"publish","type":"post","link":"https:\/\/www.bibula.com\/?p=92817","title":{"rendered":"Korwin-Mikke \u015bwi\u0119tszy od papie\u017ca. Lider partii Wolno\u015b\u0107 atakuje Franciszka. Jest odpowied\u017a Episkopatu"},"content":{"rendered":"<p>W ostatnich dniach &#8222;obro\u0144cy demokracji&#8221; dokonuj\u0105 samozaorania, ale ich \u015bladem pod\u0105\u017ca lider partii &#8222;Wolno\u015b\u0107&#8221; Janusz Korwin-Mikke, kt\u00f3ry postanowi\u0142 zabra\u0107 g\u0142os na temat papie\u017ca Franciszka, kt\u00f3rego nazwa\u0142 &#8222;wcieleniem Lucyfera&#8221;. I chocia\u017c niekt\u00f3rzy ten wpis Mikkego na Facebooku potraktowali jako \u017cart, to bynajmniej \u017cartem on nie by\u0142. Korwin-Mikke na swoim blogu (na stronie korwin-mikke.pl) szczeg\u00f3\u0142owo uzasadni\u0142 dlaczego uwa\u017ca Franciszka za Lucyfera. Przy czym wydaje si\u0119, \u017ce kto jak kto, ale Janusz Korwin-Mikke to ostatnia osoba kt\u00f3ra ma prawo do krytyki papie\u017ca z pozycji wiary, poniewa\u017c jego \u017cycie \u015bwiadczy o tym, \u017ce jest to zwyczajnie cz\u0142owiek zepsuty, kt\u00f3ry szczeg\u00f3lnie umi\u0142owa\u0142 sobie \u0142amanie 6. przykazania, czym sam zreszt\u0105 che\u0142pi\u0142 si\u0119 w r\u00f3\u017cnych wywiadach chwal\u0105c si\u0119, \u017ce w swoim \u017cyciu mia\u0142 200 kochanek. Czyli swoim zachowaniem post\u0119puje zgodnie ze wskaz\u00f3wkami Lucyfera w\u0142a\u015bnie i kt\u00f3rego widzi nawet na tronie Piotrowym, tylko nie w swoim w\u0142asnym \u017cyciu.<\/p>\r\n<p><img fetchpriority=\"high\" decoding=\"async\" class=\"aligncenter\" src=\"http:\/\/www.dzienniknarodowy.pl\/static\/uploads\/blog\/mikke_i_franciszek.jpg\" alt=\"Korwin-Mikke \u015bwi\u0119tszy od papie\u017ca . Lider partii Wolno\u015b\u0107 atakuje Franciszka . Jest odpowied\u017a Episkopatu\" width=\"597\" height=\"398\"><\/p>\r\n<p>We wpisie na Facebooku Janusz Korwin-Mikke napisa\u0142 kilka dni temu:<\/p>\r\n<p>-Zawsze m\u00f3wi\u0142em, \u017ce w g\u0142owach ludzi post\u0119powych siedzi Belzebub (&#8230;). Tak przy okazji: nie ogl\u0105dam telewizji, a wczoraj po raz pierwszy obejrza\u0142em w Sieci przez d\u0142u\u017csz\u0105 chwil\u0119 J\u015aw.Franciszka I Moim zdaniem to wcielenie Lucyfera; ten wzrok! Czasem ciarki przechodz\u0105. Zawsze ba\u0142em si\u0119 oo.Jezuit\u00f3w&#8230; Warto spyta\u0107 dzi\u0119ki jakim piekielnym sztuczkom usun\u0105\u0142 On z Tronu J\u015aw.Benedykta XVI?!?<\/p>\r\n<p><iframe src=\"https:\/\/www.facebook.com\/plugins\/post.php?href=https%3A%2F%2Fwww.facebook.com%2Fjanusz.korwin.mikke%2Fposts%2F10154192196522060%3A0&amp;width=500\" scrolling=\"no\" data-mce-fragment=\"1\" width=\"500\" height=\"481\" frameborder=\"0\"><\/iframe><\/p>\r\n<p>Swoje my\u015bli rozwin\u0105\u0142 na swoim blogu w tek\u015bcie &#8222;Lucyfer, Bergoglio, a sprawa polska&#8221;, gdzie napisa\u0142 m.in.: <br>\r\n (&#8230;) Tak nawiasem: s\u0142owo \u201eidiota\u201d jest obra\u017aliwe &#8211; natomiast por\u00f3wnanie J\u015aw.Franciszka I do Ksi\u0119cia Piekie\u0142 jest dla Niego zaszczytem. Lucyfer to (w chrze\u015bcija\u0144stwie &#8211; ale nie tylko) posta\u0107 wysoce inteligentna, kt\u00f3ra spe\u0142nia wa\u017cn\u0105 rol\u0119 w planie Boga. O Lucyferze b\u0119dzie ludzko\u015b\u0107 pami\u0119ta\u0107, gdy o ks.Jerzym Marianie Bergoglio dawno zapomn\u0105. Cho\u0107 w Jego planie jest zapewne zostanie ostatnim papie\u017cem &#8211; na co wskazuje ostentacyjna rezygnacja z liczebnika I przy imieniu&#8230; (&#8230;)<\/p>\r\n<p>Do wpisu na Facebooku europos\u0142a Mikkego odni\u00f3s\u0142 si\u0119 nawet Episkopat na kt\u00f3rego stronie internetowej pojawi\u0142 si\u0119 komunikat:<br>\r\n Znany z kontrowersyjnych wypowiedzi pan Janusz Korwin-Mikke umie\u015bci\u0142 wpis na Facebooku, kt\u00f3ry obra\u017ca Ojca \u015awi\u0119tego Franciszka, a przez to uczucia religijne katolik\u00f3w, poniewa\u017c papie\u017c jest dla nas nast\u0119pc\u0105 \u015bw. Piotra.<br>\r\n Ka\u017cdy cz\u0142owiek ma prawo do dobrego imienia o czym czytamy m.in. w Kodeksie Prawa Kanonicznego, kanon 220: \u201eNikomu nie wolno bezprawnie narusza\u0107 dobrego imienia, kt\u00f3re kto\u015b posiada\u201d. W tym kontek\u015bcie nie mo\u017cna zapomnie\u0107, i\u017c hejt jest przeciw podstawowej zasadzie \u017cycia chrze\u015bcija\u0144skiego, jak\u0105 jest przykazanie mi\u0142o\u015bci Boga i bli\u017aniego oraz przeciw zasadzie przyzwoito\u015bci w polityce.<br>\r\n Wspominaj\u0105c wizyt\u0119 papiesk\u0105 w 2016 r. w Polsce oraz \u015awiatowe Dni M\u0142odzie\u017cy z Papie\u017cem, tym bardziej zechciejmy otoczy\u0107 modlitw\u0105 Ojca \u015awi\u0119tego Franciszka.<\/p>\r\n<p>Pod tym komunikatem podpisa\u0142 si\u0119 Rzecznik Konferencji Episkopatu Polski ks. dr Pawe\u0142 Rytel-Andrianik. Korwin-Mikke nie omieszka\u0142 i tego skomentowa\u0107 na Facebooku:<br>\r\n (&#8230;) Jest rzecz\u0105 niespotykan\u0105, \u017ce Episkopat wypowiada si\u0119 w\/s wpisu na FB &#8211; i czuj\u0119 si\u0119 zaszczycony, \u017ce EP tak uwa\u017cnie \u015bledzi moje wypowiedzi. A prawda jest taka, \u017ce Episkopat si\u0119 w panice &#8222;odcina&#8221;, poniewa\u017c&#8230; wielka cz\u0119\u015b\u0107, o ile nie wi\u0119kszo\u015b\u0107, PT polskich biskup\u00f3w s\u0105dzi podobnie. To nie jest \u017caden &#8222;hejt&#8221; &#8211; to opinia. (&#8230;)<\/p>\r\n<p>I Korwin-Mikke pokusi\u0142 si\u0119 pouczy\u0107 ks. dra Paw\u0142a Rytel-Adrianika:<br>\r\n Na koniec zwracam uwag\u0119 ks.Paw\u0142owi, \u017ce Chrystus powiedzia\u0142 wyra\u017anie: &#8222;Nikogo te\u017c na ziemi nie nazywajcie waszym ojcem &#8211; jeden bowiem jest Ojciec wasz, ten w Niebie&#8221; (Mt. 23;9)<\/p>\r\n<p><iframe src=\"https:\/\/www.facebook.com\/plugins\/post.php?href=https%3A%2F%2Fwww.facebook.com%2Fjanusz.korwin.mikke%2Fposts%2F10154194975457060%3A0&amp;width=500\" scrolling=\"no\" data-mce-fragment=\"1\" width=\"500\" height=\"527\" frameborder=\"0\"><\/iframe><\/p>\r\n<p>To mo\u017ce zacytujmy Januszowi Korwin-Mikkemu, mistrzowi krajowemu w bryd\u017cu, dalszy fragment tego co powiedzia\u0142 Chrystus: &#8222;Nie chciejcie r\u00f3wnie\u017c, \u017ceby was nazywano mistrzami, bo jeden jest tylko wasz Mistrz, Chrystus&#8221; (Mt. 23;10).<\/p>\r\n<p>Mistrz krajowy sam ju\u017c dawno o tym nie pami\u0119ta kto jest prawdziwym Mistrzem, dlatego publicznie che\u0142pi si\u0119 swoimi grzechami, kiedy m\u00f3wi, \u017ce mia\u0142 200 kochanek, kiedy m\u00f3wi w wywiadach, \u017ce wszystkie jego dzieci by\u0142y nie\u015blubne, kiedy porzuca swoj\u0105 ma\u0142\u017conk\u0119, kt\u00f3rej obiecywa\u0142 wierno\u015b\u0107 przed Bogiem i bierze sobie &#8222;nowszy model&#8221; i zawiera z ni\u0105 zwi\u0105zek w duchu liberalnym, a mo\u017ce raczej w duchu herezji Lutra, kt\u00f3ry uzna\u0142 ma\u0142\u017ce\u0144stwo jako jedynie umow\u0119 prawa cywilnego, a t\u0119 jak wiadomo, w ka\u017cdej chwili mo\u017cna sobie rozwi\u0105za\u0107&#8230; I taki facet nazywa papie\u017ca wcieleniem Lucyfera&#8230;<\/p>\r\n<p class=\"zrodlo\">Za: <a href=\"http:\/\/www.dzienniknarodowy.pl\/4702\/korwin-mikke-swietszy-od-papieza-lider-partii-woln\/\">Dziennik narodowy (8 stycznia 2017) <\/a><\/p>\r\n<blockquote>\r\n<p>[<strong>Wybrane wypowiedzi internaut\u00f3w pod w\/w tekstem na stronie \u017ar\u00f3d\u0142owej:<\/strong>]<\/p>\r\n<p><em>Krzysztof Ka\u0142\u0119basiak<\/em><br>\r\n Modernisci najpierw zepsuli Ko\u015bci\u00f3\u0142, a teraz si\u0119 obra\u017caj\u0105. A Mikke mia\u0142 szans\u0119 milcze\u0107. Wszyscy jeste\u015bmy grzesznikami.<br>\r\n <br>\r\n <em>Max Grzymek \u00b7 Uniwersytet \u015al\u0105ski w Katowicach<\/em><br>\r\n Z Lucyferem to przesada, natomiast poczynania g\u0142owy ko\u015bcio\u0142a s\u0105 jednoznacznie szkodliwe, niew\u0105tpliwie jest on komunist\u0105 i nie wiemy jakie si\u0142y za nim stoj\u0105.<br>\r\n <br>\r\n <em>Micha\u0142 Janik \u00b7 Uniwersytet Warszawski<\/em><br>\r\n Korwin jaki jest wiadomo, ale nie oznacza to, \u017ce nie ma w tym co m\u00f3wi prawdy. Jak to pisa\u0142 bodaj jeden ze \u015bredniowiecznych kronikarzy &#8222;czysta woda mo\u017ce p\u0142yn\u0105\u0107 nawet przez gard\u0142o zdech\u0142ego psa&#8221;.<\/p>\r\n<\/blockquote>","protected":false},"excerpt":{"rendered":"W ostatnich dniach &#8222;obro\u0144cy demokracji&#8221; dokonuj\u0105 samozaorania, ale ich \u015bladem pod\u0105\u017ca lider partii &#8222;Wolno\u015b\u0107&#8221; Janusz Korwin-Mikke, kt\u00f3ry postanowi\u0142 zabra\u0107 g\u0142os na temat papie\u017ca Franciszka, kt\u00f3rego nazwa\u0142 &#8222;wcieleniem Lucyfera&#8221;. I chocia\u017c niekt\u00f3rzy ten wpis Mikkego na Facebooku potraktowali jako \u017cart, to bynajmniej \u017cartem on nie by\u0142. Korwin-Mikke na swoim blogu (na stronie korwin-mikke.pl) szczeg\u00f3\u0142owo uzasadni\u0142 dlaczego [&hellip;]","protected":false},"author":1,"featured_media":0,"comment_status":"closed","ping_status":"closed","sticky":false,"template":"","format":"standard","meta":{"_acf_changed":false,"_monsterinsights_skip_tracking":false,"_monsterinsights_sitenote_active":false,"_monsterinsights_sitenote_note":"","_monsterinsights_sitenote_category":0,"ngg_post_thumbnail":0,"footnotes":"","_wp_rev_ctl_limit":""},"categories":[8],"tags":[301,98],"acf":[],"_links":{"self":[{"href":"https:\/\/www.bibula.com\/index.php?rest_route=\/wp\/v2\/posts\/92817"}],"collection":[{"href":"https:\/\/www.bibula.com\/index.php?rest_route=\/wp\/v2\/posts"}],"about":[{"href":"https:\/\/www.bibula.com\/index.php?rest_route=\/wp\/v2\/types\/post"}],"author":[{"embeddable":true,"href":"https:\/\/www.bibula.com\/index.php?rest_route=\/wp\/v2\/users\/1"}],"replies":[{"embeddable":true,"href":"https:\/\/www.bibula.com\/index.php?rest_route=%2Fwp%2Fv2%2Fcomments&post=92817"}],"version-history":[{"count":0,"href":"https:\/\/www.bibula.com\/index.php?rest_route=\/wp\/v2\/posts\/92817\/revisions"}],"wp:attachment":[{"href":"https:\/\/www.bibula.com\/index.php?rest_route=%2Fwp%2Fv2%2Fmedia&parent=92817"}],"wp:term":[{"taxonomy":"category","embeddable":true,"href":"https:\/\/www.bibula.com\/index.php?rest_route=%2Fwp%2Fv2%2Fcategories&post=92817"},{"taxonomy":"post_tag","embeddable":true,"href":"https:\/\/www.bibula.com\/index.php?rest_route=%2Fwp%2Fv2%2Ftags&post=92817"}],"curies":[{"name":"wp","href":"https:\/\/api.w.org\/{rel}","templated":true}]}}