{"id":92753,"date":"2017-01-05T22:30:29","date_gmt":"2017-01-06T03:30:29","guid":{"rendered":"http:\/\/www.bibula.com\/?p=92753"},"modified":"2017-01-05T13:42:51","modified_gmt":"2017-01-05T18:42:51","slug":"herod-roku-oby-tylko-2016","status":"publish","type":"post","link":"https:\/\/www.bibula.com\/?p=92753","title":{"rendered":"Herod Roku, oby tylko 2016!"},"content":{"rendered":"<p><strong>Pod adresem Fundacji Pro &#8211; Prawo do \u0179ycia posypa\u0142y si\u0119 ostatnio z kilku stron oskar\u017cenia o dzia\u0142anie na szkod\u0119 ruchu <em>pro-life<\/em>. Bezpo\u015brednim powodem by\u0142o og\u0142oszenie rezultat\u00f3w corocznego plebiscytu na \u201eHeroda Roku 2016\u201d, czyli osob\u0119, kt\u00f3ra w najwi\u0119kszym stopniu przyczyni\u0142a si\u0119 do tego, i\u017c w Polsce wci\u0105\u017c zabijane s\u0105 w &#8211; w\u0105tpliwym majestacie prawa &#8211; dzieci nienarodzone.<\/strong><\/p>\r\n<p>Ma\u0142o chwalebnego tytu\u0142u nie przyznaje zarz\u0105d Fundacji, lecz internauci g\u0142osuj\u0105cy poprzez jej witryn\u0119 internetow\u0105. Dob\u00f3r za\u015b nominowanych by\u0142 sprawiedliwy. Jaros\u0142aw Kaczy\u0144ski, z racji swych \u201ezas\u0142ug\u201d, m\u00f3g\u0142by poczu\u0107 si\u0119 nies\u0142usznie pomini\u0119ty, gdyby zabrak\u0142o go w tym gronie.<\/p>\r\n<p>Popatrzmy na sekwencj\u0119 zdarze\u0144: na d\u0142ugo przed wyborami partia kierowana przez Kaczy\u0144skiego zapisa\u0142a ochron\u0119 \u017cycia w pierwszych zdaniach w\u0142asnego programu. Z my\u015bl\u0105 o poparciu ze strony katolik\u00f3w deklarowa\u0142a przywi\u0105zanie do chrze\u015bcija\u0144skich warto\u015bci. Politycy partii pytani, czy wyst\u0105pi ona z ustawow\u0105 inicjatyw\u0105 w duchu <em>pro<\/em>&#8211;<em>life<\/em> odpowiadali, \u017ce czekaj\u0105 na projekt obywatelski, by nie upolitycznia\u0107 sprawy. Gdy jednak projekt si\u0119 pojawi\u0142, tylko w pierwszym odruchu czo\u0142owe postaci Prawa i Sprawiedliwo\u015bci deklarowa\u0142y poparcie dla ochrony \u017cycia.<\/p>\r\n<p>Im bardziej stawa\u0142o si\u0119 jasne, \u017ce Komitet \u201eStop aborcji\u201d z \u0142atwo\u015bci\u0105 uzbiera wymagane do przyj\u0119cia projektu pod obrady przez parlament 100 tysi\u0119cy podpis\u00f3w, liderzy ugrupowania coraz mocniej odcinali si\u0119 od inicjatywy. Wreszcie, na oczach ca\u0142ej Polski, dopu\u015bcili do karczemnej wr\u0119cz awantury na posiedzeniu sejmowej komisji sprawiedliwo\u015bci. Rzekomo ze strachu przed czarnymi parasolkami proaborcyjnego aktywu, b\u0142yskawicznie odrzucili projekt. Nie by\u0142o szansy na merytoryczn\u0105 dyskusj\u0119 ani wprowadzenie poprawek. Prezentuj\u0105ca przed pos\u0142ami za\u0142o\u017cenia nowelizacji przedstawicielka \u201eStop aborcji\u201d nie mia\u0142a nawet mo\u017cliwo\u015bci zd\u0105\u017cy\u0107 na zwo\u0142ane <em>ad hoc<\/em> posiedzenie komisji. I tak zreszt\u0105 zosta\u0142o ono ograniczone tylko do przyj\u0119cia wniosku o odrzucenie inicjatywy <em>pro-life<\/em>. Nast\u0119pnego dnia, zwi\u0105zana imperatywem \u201emoralnej dyscypliny\u201d sejmowa wi\u0119kszo\u015b\u0107 (ka\u017cdy, oczywi\u015bcie w niezachwianym poczuciu wolno\u015bci w\u0142asnego sumienia) zmieni\u0142a o 180 stopni opini\u0119 na temat projektu i wyrzuci\u0142a go do kosza.<\/p>\r\n<p>Je\u015bli kto\u015b chce, szuka sposob\u00f3w. Je\u015bli nie &#8211; ucieka si\u0119 do wym\u00f3wek. Niewiele ponad rok rz\u0105d\u00f3w PiS przekona\u0142o dobitnie, i\u017c posiadaj\u0105ca sejmow\u0105 wi\u0119kszo\u015b\u0107 partia potrafi skutecznie przeprowadzi\u0107 wol\u0119 w\u0142asnego lidera. Wed\u0142ug swego uznania i potrzeby chwili. Je\u015bli trzeba, po to by zgasi\u0107 konflikt. Innym razem pos\u0142u\u017cy si\u0119 chaosem, tak jak w przypadku obecnej sejmowej awantury, kt\u00f3r\u0105 mo\u017cna by\u0142o uci\u0105\u0107 u korzenia r\u00f3wnie szybko jak utr\u0105cono obywatelsk\u0105 inicjatyw\u0119. Niestraszny PiS-owi Trybuna\u0142 Konstytucyjny ani Komisja Wenecka. Niestraszny cia-Majdan, europarlament i Komisja Europejska. Wszechpot\u0119\u017cna partia zadr\u017ca\u0142a na widok czarnych parasolek&#8230;<\/p>\r\n<p>W takich okoliczno\u015bciach, bior\u0105c te\u017c pod uwag\u0119 osi\u0105gni\u0119cia poprzednich laureat\u00f3w (Donald Tusk, Hanna Gronkiewicz-Waltz) pomini\u0119cie osi\u0105gni\u0119\u0107 prezesa PiS by\u0142oby zwyczajnie krzywdz\u0105ce.<\/p>\r\n<p>PiS mia\u0142 bowiem okr\u0105g\u0142y rok, by wsp\u00f3lnie ze \u015brodowiskami obro\u0144c\u00f3w \u017cycia i hierarchami Ko\u015bcio\u0142a om\u00f3wi\u0107 plan wprowadzenia w Polsce pe\u0142nej ochrony \u017cycia, zgodnie z elementarn\u0105 sprawiedliwo\u015bci\u0105. By\u0142 czas na rozmowy, na szerok\u0105 akcj\u0119 promocyjn\u0105 w mediach \u201eodzyskanych\u201d i katolickich. \u0141atwo mo\u017cna by\u0142oby w\u00f3wczas unikn\u0105\u0107 kompromituj\u0105cych (dla nadawc\u00f3w, nie adresat\u00f3w!) oskar\u017ce\u0144 wobec Fundacji Pro oraz instytutu Ordo Iuris o brak nale\u017cytej kampanii informacyjnej.<\/p>\r\n<p>Jaros\u0142aw Kaczy\u0144ski wybra\u0142 jednak strategie unik\u00f3w oraz \u201edziel i rz\u0105d\u017a\u201d. Wola\u0142 poprzez najbli\u017cszych wsp\u00f3\u0142pracownik\u00f3w przekona\u0107 swoich katolickich i \u201eprawicowych\u201d entuzjast\u00f3w oraz &#8211; po\u015brednio b\u0105d\u017a bezpo\u015brednio &#8211; tak\u017ce hierarch\u00f3w Ko\u015bcio\u0142a o tym, \u017ce projekt pe\u0142nej ochrony \u017cycia nie ma szans na przeg\u0142osowanie. Mniejsza o metody tej perswazji, tych mo\u017cemy si\u0119 zaledwie domy\u015bla\u0107. Tak czy inaczej, dzisiaj, jak dosadnie uj\u0119\u0142a to jedna z czo\u0142owych postaci polskiego ruchu <em>pro-life<\/em>, \u201ePiS ma pe\u0142ni\u0119 w\u0142adzy, a co za tym idzie, jego wierchuszka ma te\u017c mo\u017cliwo\u015bci dok\u0142adnego zorientowania si\u0119, co dzieje si\u0119 w konkretnych \u015brodowiskach. I dlatego pluje nam, obro\u0144com \u017cycia, w twarz. Ka\u017cdemu po r\u00f3wno. Wie, \u017ce mo\u017ce\u201d.<\/p>\r\n<p>Nie wiem, co kierowa\u0142o wszystkimi g\u0142osuj\u0105cymi w plebiscycie Herod Roku 2016 (znam motywacje zaledwie jednego). Jednak obro\u0144cy \u017cycia mieli prawo oczekiwa\u0107 od Jaros\u0142awa Kaczy\u0144skiego wi\u0119cej ni\u017c od wymienionych wy\u017cej polityk\u00f3w PO. Ich post\u0119powanie w kwestii rzezi nienarodzonych przynajmniej nie k\u0142\u00f3ci si\u0119 z deklaracjami.<\/p>\r\n<p>Najmocniejsze spo\u015br\u00f3d oskar\u017ce\u0144 kierowanych dzisiaj wobec Fundacji Pro &#8211; Prawo do \u0179ycia dotycz\u0105 zniweczenia kilkudziesi\u0119cioletniego dorobku organizacji pro-life. Kilku dzia\u0142aczy Polskiej Federacji Ruch\u00f3w Obrony \u0179ycia szermuje nieustannie wynikami bada\u0144 sonda\u017cowych, zgodnie z kt\u00f3rymi w ci\u0105gu zaledwie kilku miesi\u0119cy poparcie dla pe\u0142nej ochrony nienarodzonych mia\u0142oby spa\u015b\u0107 w Polsce a\u017c o po\u0142ow\u0119. Oczywi\u015bcie, wszystko rzekomo z powodu projektu \u201eStop aborcji\u201d i pikiet, na kt\u00f3rych fundacja pa\u0144stwa Pryby\u0142\u00f3w i Mariusza Dzier\u017cawskiego prezentuje na wielkoformatowych planszach skutki zbrodni aborcji.<\/p>\r\n<p>Wolne \u017carty. Nawet je\u015bli \u00f3w spadek by\u0142 faktem, w co mocno w\u0105tpi\u0119, r\u00f3wnie histeryczn\u0105 reakcj\u0119 lewicowo-liberalnych medi\u00f3w, a w \u015blad za ni\u0105 ewentualn\u0105 zmian\u0119 nastroj\u00f3w spo\u0142ecznych, wywo\u0142a\u0142aby jakakolwiek pr\u00f3ba zmiany ustawy dopuszczaj\u0105cej zabijanie dzieci. Tak\u017ce ta firmowana przez PFRO\u0179, r\u00f3\u017cni\u0105ca si\u0119 od propozycji Ordo Iuris pono\u0107 zaledwie jednym, chocia\u017c istotnym szczeg\u00f3\u0142em. Powt\u00f3rz\u0119: pora\u017cka inicjatywy obywatelskiej wynika\u0142a z braku jedno\u015bci \u015brodowisk <em>pro-life<\/em> i katolickich, oraz <em>d\u00c3\u00a9sint\u00c3\u00a9ressement <\/em>og\u0142oszonego wobec projektu przez prezydium Komisji Episkopatu Polski.<\/p>\r\n<p>Fundacja Pro &#8211; Prawo do \u0179ycia dzia\u0142a za\u015b w podobny spos\u00f3b, konsekwentnie ju\u017c od wielu lat. Cieszy si\u0119 rosn\u0105cym poparciem, zw\u0142aszcza w\u015br\u00f3d m\u0142odego pokolenia. Stale przybywa jej wolontariuszy. Zajmuje si\u0119 najtrudniejsz\u0105 stron\u0105 spo\u0142ecznego u\u015bwiadamiania w temacie zabijania dzieci przed narodzeniem. Afirmowanie warto\u015bci i pi\u0119kna \u017cycia to bowiem tylko cz\u0119\u015b\u0107 kampanii <em>pro<\/em>&#8211;<em>life<\/em>. Jej drugim, r\u00f3wnie\u017c niezb\u0119dnym obliczem, jest konieczno\u015b\u0107 pokazania, jak w istocie wygl\u0105da morderczy proceder skrywany za g\u0142adkimi eufemizmami. Czy chocia\u017c jedna osoba sta\u0142a si\u0119 zwolennikiem tzw. aborcji dlatego, \u017ce zobaczy\u0142a drastyczne w swojej wymowie plakaty fundacji? Bardzo w\u0105tpliwe.<\/p>\r\n<p>Czy sprawa obrony \u017cycia jest polityczna? Tak, panie i panowie parlamentarzy\u015bci! Jest etyczna, cywilizacyjna, ale tak\u017ce polityczna. Chyba nie jeste\u015bcie zaskoczeni, sami podnosili\u015bcie r\u0119ce \u201eza \u017cyciem\u201d, kiedy od was nic nie zale\u017ca\u0142o, bo byli\u015bcie w opozycji. Dzi\u015b, trac\u0105c cz\u0119\u015b\u0107 poparcia swego elektoratu, ponosicie konsekwencje w\u0142asnych deklaracji.<\/p>\r\n<p>Nie ma powodu, dla kt\u00f3rego Mariusz Dzier\u017cawski i jego wsp\u00f3\u0142pracownicy mieliby stosowa\u0107 wobec polityk\u00f3w r\u00f3\u017cnych opcji odmienne miary. Nie powinno dziwi\u0107 tak\u017ce, i\u017c wi\u0119cej wymagaj\u0105 od rz\u0105dz\u0105cych ni\u017c od opozycji. Sam program socjalny nazwany, cokolwiek na wyrost, \u201eZa \u0179yciem\u201d, mo\u017ce by\u0107 oceniany pozytywnie, lecz tylko jako uzupe\u0142nienie do ustawy chroni\u0105cej nienarodzonych. Sam nie wystarczy by skutecznie strzec ich istnie\u0144, czego dowodz\u0105 przyk\u0142ady kraj\u00f3w zachodnich. P\u00f3ki co zatem, Polska pod rz\u0105dami PiS pozosta\u0142a na eugenicznej \u015bcie\u017cce i wci\u0105\u017c selekcjonuje ludzi ze wzgl\u0119du na niepe\u0142nosprawno\u015b\u0107 oraz okoliczno\u015bci pocz\u0119cia. Oby ju\u017c nied\u0142ugo!<\/p>\r\n<p>Tytu\u0142 Heroda nie jest do\u017cywotni. Oby Jaros\u0142aw Kaczy\u0144ski w roku 2017 zapisa\u0142 si\u0119 w pami\u0119ci obro\u0144c\u00f3w \u017cycia znacznie lepiej.<\/p>\r\n<p><strong><em>Roman Moto\u0142a<\/em><\/strong><\/p>\r\n<p class=\"zrodlo\">Za: <a href=\"http:\/\/www.pch24.pl\/herod-roku--oby-tylko-2016-,48600,i.html\">PoloniaChristiana &#8211; pch24.pl (2017-01-05)<\/a><\/p>\r\n<blockquote>\r\n<p>[<strong>Wybrane wypowiedzi internaut\u00f3w pod w\/w tekstem na stronie \u017ar\u00f3d\u0142owej:<\/strong>]<\/p>\r\n<p><em>Anna<\/em><br>\r\n Pan Kaczynski zapisze si\u0119 jako Herod. Komiwoja\u017cer, obrady rz\u0105du w London i w Telavivie. Sprzedawca polskiej niezawis\u0142osci i pseudo-katolik. Pan Zi\u0119ba tzw obro\u0144ca \u017cycia ( na p\u00f3\u0142 etatu przez 25 lat) wygaduj\u0105cy wierutne bzdury i bezpardonowo atakuj\u0105cy pp Dzier\u017cawskiego i Kwa\u015bniewskiego w tzw katolickim radiu r\u00f3wnie\u017c zas\u0142u\u017cy\u0142 si\u0119 do zaszczytnego tytu\u0142u! Awanturnika \u00c4\u2020wier\u0107wiecza! W przysz\u0142ym roku proponuj\u0119 poszerzy\u0107 list\u0119 Herod\u00f3w o osob\u0119 ojca Tadeusza Rydzyka! Zag\u0142osuj\u0119 na TAK. Ju\u017c teraz wida\u0107 ile warte jest Radio Maryja, kt\u00f3re jak ongi\u015b Wa\u0142\u0119sa Jest ZA, a nawet Przeciw! I tak od 25 lat goni\u0105 tego kr\u00f3liczka i goni\u0105.A jak przychodzi co do czego o. Rydzyk wykonuje wolt\u0119! Nie pierwszyzna w jego wykonaniu. Cho\u0107 mam nadziej\u0119, \u017ce ostatni. Ojciec Rydzyk skupi\u0142 wok\u00f3\u0142 siebie \u015brodowiska podobne do p Zi\u0119by i.inn. Nie ma m\u0142odziezy, kt\u00f3ra w tej sprawie gra pierwsze skrzypce! To oni zbierali podpisy po szko\u0142ach, uczelniach, po ulicach! RM poka\u017c\u0105 fig\u0119 bo taki jest los konfabulant\u00f3w<\/p>\r\n<p><em>Asange<\/em><br>\r\n Postawa JK wynika tak\u017ce z zakorzenionego w nim strukturalizmu politycznego i omnipotencji pa\u0144stwa-on wprost inspiruje si\u0119 struktur\u0105 spo\u0142ecze\u0144stw azjatyckich chocia\u017cby takich jak Korea Po\u0142udniowa.Spo\u0142ecze\u0144stwo zdrowe bez s\u0142abych jednostek tym bardziej kalekich podporz\u0105dkowane celowi organizacji jak\u0105 jest pa\u0144stwo a nie personalizm chrze\u015bcija\u0144ski wynikaj\u0105cy z unii hipostatycznej w Chrystusie.On nie jest w stanie tego zupe\u0142nie zrozumie\u0107 tak jak i kultury zbudowanej u podstaw na NT poniewa\u017c buduje swoje my\u015blenie na pr\u0105dach my\u015blowych i strukturach dalekich od Chrystianitas.<\/p>\r\n<p><em>zdezorientowany<\/em><br>\r\n Niestety pan Zi\u0119ba z alternatywnym-liberalnym projektem obrony prawa do \u017cycia ma bardzo silne poparcie w RM. Skoro to medium jest &#8222;jedyne polskie,jedyne katolickie&#8221; to dlaczego nie daje doj\u015b\u0107 do g\u0142osu panu Dzier\u017cawskiemu. A propos.Nie m\u00f3wi\u0119 ju\u017c o wyeliminowaniu z audycji tak b. oczekiwanych g\u0142os\u00f3w prof. J.R. Nowaka czy prof. B. Wolniewicza. Ale skoro ojciec T. Rydzyk udaje si\u0119 na pielgrzymki do ambasady Izraela czy zaczyna szkalowa\u0107 Polak\u00f3w na antenie RM ( wczoraj powiedzia\u0142 np, \u017ce 100 Polak\u00f3w zamordowa\u0142o 100 000 innych Polak\u00f3w nic nie wspominaj\u0105c o tym \u017ce gros z tych morduj\u0105cych by\u0142o pochodzenia \u017cydowskiego ), to zaczynam podejrzewa\u0107, \u017ce to radio odchodzi od swej linii patriotycznej i katolickiej ( nadmierny modernizm !!!) i ulega niezdrowym wp\u0142ywom.<\/p>\r\n<\/blockquote>\r\n<h4>&nbsp;<\/h4>\r\n<hr style=\"background-color: #000000; border-width: 0; color: #000000; height: 2px; line-height: 0; text-align: center; width: 100%;\">\r\n<h4>&nbsp;<\/h4>","protected":false},"excerpt":{"rendered":"Pod adresem Fundacji Pro &#8211; Prawo do \u0179ycia posypa\u0142y si\u0119 ostatnio z kilku stron oskar\u017cenia o dzia\u0142anie na szkod\u0119 ruchu pro-life. Bezpo\u015brednim powodem by\u0142o og\u0142oszenie rezultat\u00f3w corocznego plebiscytu na \u201eHeroda Roku 2016\u201d, czyli osob\u0119, kt\u00f3ra w najwi\u0119kszym stopniu przyczyni\u0142a si\u0119 do tego, i\u017c w Polsce wci\u0105\u017c zabijane s\u0105 w &#8211; w\u0105tpliwym majestacie prawa &#8211; dzieci [&hellip;]","protected":false},"author":1,"featured_media":0,"comment_status":"closed","ping_status":"closed","sticky":false,"template":"","format":"standard","meta":{"_acf_changed":false,"_monsterinsights_skip_tracking":false,"_monsterinsights_sitenote_active":false,"_monsterinsights_sitenote_note":"","_monsterinsights_sitenote_category":0,"ngg_post_thumbnail":0,"footnotes":"","_wp_rev_ctl_limit":""},"categories":[9],"tags":[94,98,37,83],"acf":[],"_links":{"self":[{"href":"https:\/\/www.bibula.com\/index.php?rest_route=\/wp\/v2\/posts\/92753"}],"collection":[{"href":"https:\/\/www.bibula.com\/index.php?rest_route=\/wp\/v2\/posts"}],"about":[{"href":"https:\/\/www.bibula.com\/index.php?rest_route=\/wp\/v2\/types\/post"}],"author":[{"embeddable":true,"href":"https:\/\/www.bibula.com\/index.php?rest_route=\/wp\/v2\/users\/1"}],"replies":[{"embeddable":true,"href":"https:\/\/www.bibula.com\/index.php?rest_route=%2Fwp%2Fv2%2Fcomments&post=92753"}],"version-history":[{"count":0,"href":"https:\/\/www.bibula.com\/index.php?rest_route=\/wp\/v2\/posts\/92753\/revisions"}],"wp:attachment":[{"href":"https:\/\/www.bibula.com\/index.php?rest_route=%2Fwp%2Fv2%2Fmedia&parent=92753"}],"wp:term":[{"taxonomy":"category","embeddable":true,"href":"https:\/\/www.bibula.com\/index.php?rest_route=%2Fwp%2Fv2%2Fcategories&post=92753"},{"taxonomy":"post_tag","embeddable":true,"href":"https:\/\/www.bibula.com\/index.php?rest_route=%2Fwp%2Fv2%2Ftags&post=92753"}],"curies":[{"name":"wp","href":"https:\/\/api.w.org\/{rel}","templated":true}]}}