{"id":92748,"date":"2017-01-05T13:29:54","date_gmt":"2017-01-05T18:29:54","guid":{"rendered":"http:\/\/www.bibula.com\/?p=92748"},"modified":"2017-01-05T13:29:54","modified_gmt":"2017-01-05T18:29:54","slug":"wlochy-arcybiskup-zrezygnowal-ze-swiatecznej-eucharystii-zabral-wiernych-do-meczetu","status":"publish","type":"post","link":"https:\/\/www.bibula.com\/?p=92748","title":{"rendered":"W\u0142ochy: Arcybiskup zrezygnowa\u0142 ze \u015bwi\u0105tecznej Eucharystii, zabra\u0142 wiernych do meczetu"},"content":{"rendered":"<p><strong>31 grudnia nie odby\u0142a si\u0119 w Rawennie wieczorna, uroczysta Msza \u015bwi\u0119ta, na kt\u00f3rej od\u015bpiewywano zawsze Te Deum. Arcybiskup zabra\u0142 \u201ew zamian\u201d wiernych do meczetu, gdzie wspomnieli ofiary zamachu z Berlina. <br>\r\n <\/strong><\/p>\r\n<p>Msza \u015bwi\u0119ta, z kt\u00f3rej zrezygnowa\u0142 rawe\u0144ski arcybiskup Lorenzo Ghizzoni odbywa\u0142a si\u0119 zazwyczaj wieczorem, by\u0142a zatem msz\u0105 niedzieln\u0105, dodatkowo &#8211; \u015bwi\u0105teczn\u0105, bo 1 stycznia przypada\u0142a uroczysto\u015b\u0107 nakazana Bo\u017cej Rodzicielki Maryi, przeniesiona na ten dzie\u0144 w 1969 roku z 11 pa\u017adziernika przez Paw\u0142a VI.<\/p>\r\n<p>Arcybiskup wola\u0142 jednak zaprowadzi\u0107 wiernych do lokalnego meczetu. Rawe\u0144ski meczet jest drugim co do wielko\u015bci w ca\u0142ych W\u0142oszech. W jego otwarciu w 2013 roku bra\u0142 udzia\u0142 nie tylko lewicowy burmistrz miasta Fabrizio Matteucci, ale tak\u017ce abp Ghizzoni. Matteucci zapewni\u0142 w\u00f3wczas w oficjalnym przem\u00f3wieniu, \u017ce jego zdaniem dzi\u0119ki otwarciu islamskiej \u015bwi\u0105tyni \u201eRawenna sta\u0142a si\u0119 troch\u0119 lepszym miejscem\u201d.<\/p>\r\n<p>Meczet jest oskar\u017cany o wspieranie terroryzmu. Wed\u0142ug w\u0142oskich s\u0142u\u017cb bezpiecze\u0144stwa oko\u0142o 10 procent wszystkich w\u0142oskich islamist\u00f3w wyje\u017cd\u017caj\u0105cych na Bliski Wsch\u00f3d pochodzi w\u0142a\u015bnie z Rawenny.<\/p>\r\n<p>Abp Ghizzoni w o\u015bwiadczeniu prasowym poinformowa\u0142, \u017ce pomys\u0142 odwiedzin w meczecie wpad\u0142 mu do g\u0142owy wkr\u00f3tce po zamachu berli\u0144skim. Jak chwali\u0142 si\u0119 w komunikacie, to \u201epierwsza tego typu akcja we W\u0142oszech\u201d. Decyzji tej broni\u0142 kierownik diecezjalnego urz\u0119du ds. pracy spo\u0142ecznej i duszpasterskiej, Luciano di Bu\u00f2, t\u0142umacz\u0105c, \u017ce spotkanie katolik\u00f3w i muzu\u0142man\u00f3w w meczecie ma by\u0107 odpowiedzi\u0105 na \u201e\u015bwiat ukszta\u0142towany przez przeciwie\u0144stwa i przemoc\u201d.<\/p>\r\n<p>\u0179r\u00f3d\u0142a: katholisches.info, ilgiornale.it<\/p>\r\n<p>Pach<\/p>","protected":false},"excerpt":{"rendered":"31 grudnia nie odby\u0142a si\u0119 w Rawennie wieczorna, uroczysta Msza \u015bwi\u0119ta, na kt\u00f3rej od\u015bpiewywano zawsze Te Deum. Arcybiskup zabra\u0142 \u201ew zamian\u201d wiernych do meczetu, gdzie wspomnieli ofiary zamachu z Berlina. Msza \u015bwi\u0119ta, z kt\u00f3rej zrezygnowa\u0142 rawe\u0144ski arcybiskup Lorenzo Ghizzoni odbywa\u0142a si\u0119 zazwyczaj wieczorem, by\u0142a zatem msz\u0105 niedzieln\u0105, dodatkowo &#8211; \u015bwi\u0105teczn\u0105, bo 1 stycznia przypada\u0142a uroczysto\u015b\u0107 [&hellip;]","protected":false},"author":1,"featured_media":0,"comment_status":"closed","ping_status":"closed","sticky":false,"template":"","format":"standard","meta":{"_acf_changed":false,"_monsterinsights_skip_tracking":false,"_monsterinsights_sitenote_active":false,"_monsterinsights_sitenote_note":"","_monsterinsights_sitenote_category":0,"ngg_post_thumbnail":0,"footnotes":"","_wp_rev_ctl_limit":""},"categories":[3],"tags":[70,207,33],"acf":[],"_links":{"self":[{"href":"https:\/\/www.bibula.com\/index.php?rest_route=\/wp\/v2\/posts\/92748"}],"collection":[{"href":"https:\/\/www.bibula.com\/index.php?rest_route=\/wp\/v2\/posts"}],"about":[{"href":"https:\/\/www.bibula.com\/index.php?rest_route=\/wp\/v2\/types\/post"}],"author":[{"embeddable":true,"href":"https:\/\/www.bibula.com\/index.php?rest_route=\/wp\/v2\/users\/1"}],"replies":[{"embeddable":true,"href":"https:\/\/www.bibula.com\/index.php?rest_route=%2Fwp%2Fv2%2Fcomments&post=92748"}],"version-history":[{"count":0,"href":"https:\/\/www.bibula.com\/index.php?rest_route=\/wp\/v2\/posts\/92748\/revisions"}],"wp:attachment":[{"href":"https:\/\/www.bibula.com\/index.php?rest_route=%2Fwp%2Fv2%2Fmedia&parent=92748"}],"wp:term":[{"taxonomy":"category","embeddable":true,"href":"https:\/\/www.bibula.com\/index.php?rest_route=%2Fwp%2Fv2%2Fcategories&post=92748"},{"taxonomy":"post_tag","embeddable":true,"href":"https:\/\/www.bibula.com\/index.php?rest_route=%2Fwp%2Fv2%2Ftags&post=92748"}],"curies":[{"name":"wp","href":"https:\/\/api.w.org\/{rel}","templated":true}]}}