{"id":92744,"date":"2017-01-05T13:02:28","date_gmt":"2017-01-05T18:02:28","guid":{"rendered":"http:\/\/www.bibula.com\/?p=92744"},"modified":"2017-01-05T13:02:28","modified_gmt":"2017-01-05T18:02:28","slug":"nasze-slowo-promuje-artykul-o-polskich-obozach-koncentracyjnych","status":"publish","type":"post","link":"https:\/\/www.bibula.com\/?p=92744","title":{"rendered":"\u201eNasze S\u0142owo&#8221; promuje artyku\u0142 o \u201epolskich obozach koncentracyjnych&#8221;"},"content":{"rendered":"<p><strong>Tygodnik dla Ukrai\u0144c\u00f3w w Polsce \u201eNasze S\u0142owo\u201d, dotowany z pieni\u0119dzy polskich podatnik\u00f3w, promuje artyku\u0142, w kt\u00f3rym autor pisze wprost o \u201epolskich obozach koncentracyjnych\u201d. Z kolei szef ZUwP Piotr Tyma zaprasza na znan\u0105 \u015bl\u0105zakowsk\u0105 manifestacj\u0119, kt\u00f3rej organizatorzy pisz\u0105 o \u201epolskich komunistycznych obozach koncentracyjnych\u201d.<\/strong><\/p>\r\n<p>Na profilu ukrai\u0144skiego tygodnika \u201eNasze S\u0142owo\u201d na Facebooku zamieszono <a href=\"http:\/\/ciekawostkihistoryczne.pl\/2017\/01\/02\/najbardziej-krwawi-komendanci-polskich-obozow-koncentracyjnych\/\">link do artyku\u0142u<\/a>, opisuj\u0105cego najbardziej krwawych komendant\u00f3w \u201epolskich oboz\u00f3w koncentracyjnych\u201d. Napisa\u0142 go &nbsp;dziennikarz Marek \u0141uszczyna, autor ksi\u0105\u017cki \u201eMa\u0142a zbrodnia\u201d, kt\u00f3ra uka\u017ce si\u0119 w przysz\u0142ym tygodniu nak\u0142adem Wydawnictwa Znak Horyzont. Posiada ona prowokacyjny rodzaj podtytu\u0142u <a href=\"http:\/\/ecsmedia.pl\/c\/mala-zbrodnia-polskie-obozy-koncentracyjne-b-iext46606977.jpg\">na ok\u0142adce<\/a>, w kt\u00f3rym napisano \u201epolskie obozy\u201d, z zadrukowanymi przymiotnikami \u201epowojenne\u201d i \u201ekomunistyczne\u201d, oraz \u201ekoncentracyjne\u201d, z zadrukowaniem s\u0142\u00f3w \u201epracy\u201d i \u201ekarne\u201d. &nbsp;Ksi\u0105\u017cka dotyczy m.in. oboz\u00f3w w \u015awi\u0119toch\u0142owicach &#8211; Zgodzie oraz w \u0141ambinowicach oraz zbrodni, kt\u00f3rych dopuszczali si\u0119 ich komendanci, w tym zbrodniarz wojenny pochodzenia \u017cydowskiego Salomon Morel.<\/p>\r\n<p>W opisie linku do artyku\u0142u na profilu \u201eNaszego S\u0142owa\u201d przekopiowano tzw. zajawk\u0119 z artyku\u0142u, kt\u00f3ra brzmi:<\/p>\r\n<p><strong><em>&#8230;Polskich oboz\u00f3w? A jednak! Nowe w\u0142adze powojennej Polski w zabudowaniach opuszczonych przez hitlerowc\u00f3w utworzy\u0142y w\u0142asne wi\u0119zienia. Do obozowych barak\u00f3w zap\u0119dzono Niemc\u00f3w, Polak\u00f3w i Ukrai\u0144c\u00f3w. W niekt\u00f3rych dochodzi\u0142o do pora\u017caj\u0105cych eksces\u00f3w.<\/em><\/strong><\/p>\r\n<p><strong><em><img fetchpriority=\"high\" decoding=\"async\" class=\"aligncenter\" src=\"https:\/\/s23.postimg.org\/f9fexps0b\/nasze_s_owo_1.jpg\" alt=\"\" width=\"600\" height=\"626\"><\/em><\/strong><\/p>\r\n<p><strong>PRZECZYTAJ:<\/strong><\/p>\r\n<ul>\r\n\t<li><strong><a href=\"http:\/\/www.kresy.pl\/wydarzenia,spoleczenstwo?zobacz\/trzy-lata-wiezienia-za-zwrot-polskie-obozy\">Trzy lata wi\u0119zienia za zwrot \u201epolskie obozy\u201d?<\/a><\/strong><\/li>\r\n\t<li><a href=\"http:\/\/www.kresy.pl\/wydarzenia,spoleczenstwo?zobacz\/kolejny-krok-ku-penalizacji-sformulowania-polskie-obozy-smierci\"><strong>Kolejny krok ku penalizacji sformu\u0142owania \u201epolskie obozy \u015bmierci\u201d<\/strong><\/a><\/li>\r\n<\/ul>\r\n<p>Na \u0142amach \u201eNaszego S\u0142owa\u201d, pisma mniejszo\u015bci ukrai\u0144skiej w Polsce wydawanego za pieni\u0105dze polskich podatnik\u00f3w <a href=\"http:\/\/www.kresy.pl\/wydarzenia,spoleczenstwo?zobacz\/gazeta-ukraincow-w-polsce-to-pilsudski-jest-terrorysta-a-nie-bandera\">napisano niedawno<\/a>, \u017ce to J\u00f3zef Pi\u0142sudski, a nie Stepan Bandera, odpowiada kryteriom \u201emi\u0119dzynarodowego terrorysty\u201d. <a href=\"http:\/\/www.kresy.pl\/wydarzenia,spoleczenstwo?zobacz\/420-tys-zl-dotacji-od-rzadu-pis-dla-ukrainskiej-gazety-ktora-nazwala-pilsudskiego-miedzynarodowym-terrorysta\">Jak informowali\u015bmy wcze\u015bniej<\/a>, Zwi\u0105zek Ukrai\u0144c\u00f3w w Polsce otrzyma od rz\u0105du PiS 420 tys. z\u0142 dotacji z bud\u017cetu pa\u0144stwa polskiego na wydawanie tygodnika dla Ukrai\u0144c\u00f3w w Polsce \u201eNasze S\u0142owo\u201d w latach 2017-2019. \u0141\u0105cznie w 2017 rok rz\u0105d dofinansuje dzia\u0142alno\u015b\u0107 organizacji ukrai\u0144skich w Polsce kwot\u0105 ponad 1,6 mln z\u0142. Najwi\u0119cej otrzyma Zwi\u0105zek Ukrai\u0144c\u00f3w w Polsce.<\/p>\r\n<p>Wcze\u015bniej pos\u0142owie Kukiz\u201915, Tomasz Rzymkowski, Bartosz J\u00f3zwiak i Wojciech Bakun skierowali do ministra kultury i dziedzictwa narodowego oraz do ministra spraw wewn\u0119trznych i administracji <a href=\"http:\/\/www.sejm.gov.pl\/Sejm8.nsf\/InterpelacjaTresc.xsp?key=35FF4CBE\">interpelacj\u0119<\/a> ws. szerzenia historycznego fa\u0142szu i antypolskiej propagandy, na przyk\u0142adzie tygodnika Zwi\u0105zku Ukrai\u0144c\u00f3w w Polsce &#8222;Nasze s\u0142owo&#8221;, wydawanego za pieni\u0105dze polskich podatnik\u00f3w.<\/p>\r\n<ul>\r\n\t<li>Przeczytaj: <a href=\"http:\/\/www.kresy.pl\/wydarzenia,spoleczenstwo?zobacz\/redakcja-gazety-ukraincow-w-polsce-dotowanej-przez-polski-rzad-broni-tezy-ze-pilsudski-byl-terrorysta\"><strong>Redakcja gazety Ukrai\u0144c\u00f3w w Polsce dotowanej przez polski rz\u0105d broni tezy, \u017ce Pi\u0142sudski by\u0142 terroryst\u0105<\/strong><\/a><\/li>\r\n<\/ul>\r\n<p>Z kolei lider Zwi\u0105zku Ukrai\u0144c\u00f3w w Polsce, negacjonista wo\u0142y\u0144ski Petro Tyma zamie\u015bci\u0142 na swoim profilu na Facebooku link do wydarzenia, organizowanego przez <a href=\"http:\/\/www.kresy.pl\/publicystyka,opinie?zobacz\/slask-slazak-slazakowiec\">\u015bl\u0105zakowski<\/a> <a href=\"http:\/\/www.kresy.pl\/publicystyka,opinie?zobacz\/gornoslaska-fuzja\">Ruch Autonomii \u015al\u0105ska<\/a> \u201eMarsz Pami\u0119ci o Zgodzie\u201d.<strong><em> &#8211; Upami\u0119tniamy w ten spos\u00f3b wi\u0119\u017ani\u00f3w sowieckich i polskich komunistycznych oboz\u00f3w koncentracyjnych, deportowanych do ZSRR i innych cywilnych ofiar Tragedii G\u00f3rno\u015bl\u0105skiej &#8211;<\/em><\/strong> pisz\u0105 organizatorzy.<\/p>\r\n<ul>\r\n\t<li>Przeczytaj: <a href=\"http:\/\/www.kresy.pl\/publicystyka,opinie?zobacz\/slask-slazak-slazakowiec\"><strong>\u015al\u0105sk, \u015al\u0105zak, \u015al\u0105zakowiec\u2026<\/strong><\/a><\/li>\r\n<\/ul>\r\n<p><strong><img decoding=\"async\" class=\"aligncenter\" src=\"https:\/\/s23.postimg.org\/komassxzf\/Tyma_Zgoda.jpg\" alt=\"\" width=\"595\" height=\"477\"><\/strong><\/p>\r\n<p>RA\u015a od lat organizuje co roku, w ostatnia sobot\u0119 stycznia, manifestacj\u0119 w postaci marszu pod bram\u0119 Obozu \u015awi\u0119toch\u0142owice-Zgoda. <em>&#8211; Dla autonomist\u00f3w i ich zwolennik\u00f3w symbolika Obozu Pracy w \u015awi\u0119toch\u0142owicach Zgodzie jest do\u015b\u0107 prosta: oto na terenie dawnego podobozu KL Auschwitz Polacy za\u0142o\u017cyli nowy ob\u00f3z, w kt\u00f3rym mordowali i prze\u015bladowali \u015al\u0105zak\u00f3w (w domy\u015ble jako przedstawicieli odr\u0119bnego narodu). Taki przekaz, co roku towarzyszy medialnym doniesieniom o tych uroczysto\u015bciach. Zdominowa\u0142 r\u00f3wnie\u017c publikacje naukowe i popularnonaukowe &#8211;<\/em> pisa\u0142 wcze\u015bniej Piotr Spyra, by\u0142y wicewojewoda \u015bl\u0105ski i wsp\u00f3\u0142za\u0142o\u017cyciel Ruchu Obywatelskiego \u201ePolski \u015al\u0105sk\u201d pokazuj\u0105c, jak RA\u015a i \u015bl\u0105zakowcy pr\u00f3buj\u0105 zafa\u0142szowa\u0107 tragiczn\u0105 histori\u0119 G\u00f3rnego \u015al\u0105ska i wykorzysta\u0107 j\u0105 do w\u0142asnych cel\u00f3w.<\/p>\r\n<ul>\r\n\t<li>Przeczytaj: <a href=\"http:\/\/www.kresy.pl\/publicystyka,opinie?zobacz\/byly-wicewojewoda-slaski-demaskuje-propagande-slazakowcow-ws-marszu-na-zgode\"><strong>By\u0142y wicewojewoda \u015bl\u0105ski demaskuje propagand\u0119 \u015bl\u0105zakowc\u00f3w ws. \u201eMarszu na Zgod\u0119\u201d<\/strong><\/a><\/li>\r\n<\/ul>\r\n<p>Ob\u00f3z ten by\u0142 zarz\u0105dzany przez UB, a w zamierzeniu komunist\u00f3w by\u0142 przeznaczony g\u0142\u00f3wnie dla volksdeutsch\u00f3w z terenu G\u00f3rnego \u015al\u0105ska, kt\u00f3rych obejmowa\u0142 Dekret PKWN z 1944 roku \u201eO \u015brodkach zabezpieczaj\u0105cych w stosunku do zdrajc\u00f3w Narodu\u201d. W\u015br\u00f3d blisko 6 tys. wi\u0119\u017ani\u00f3w obozu byli m.in. cz\u0142onkowie NSDAP, Hitlerjugend, SA i SS, ale znaczn\u0105 grup\u0105 wi\u0119\u017ani\u00f3w stanowili cz\u0142onkowie polskiego podziemia antykomunistycznego, w tym \u017co\u0142nierze AK i NSZ, a tak\u017ce ci G\u00f3rno\u015bl\u0105zacy, kt\u00f3rych \u201ew\u0142adza ludowa\u201d uznawa\u0142a za wrog\u00f3w komunizmu lub element niepewny\u201d. Wszyscy wi\u0119\u017aniowie obozu byli traktowani w nieludzki spos\u00f3b.<\/p>\r\n<p><em>&#8211; Liderzy RA\u015a-u oficjalnie g\u0142osz\u0105, \u017ce uroczysto\u015bci w \u015awi\u0119toch\u0142owicach maj\u0105 mie\u0107 pojednawczy charakter i s\u0105 otwarte dla wszystkich, kt\u00f3rzy chc\u0105 uczci\u0107 pami\u0119\u0107 ofiar Tragedii G\u00f3rno\u015bl\u0105skiej. O tym, \u017ce tak nie jest, \u015bwiadczy cho\u0107by oficjalny plakat zapraszaj\u0105cy na tegoroczny [w 2016 r. &#8211; red.] marsz. Widzimy na nim bram\u0119 Obozu Pracy w \u015awi\u0119toch\u0142owicach Zgodzie, kt\u00f3rej zamkni\u0119te skrzyd\u0142a stanowi\u0105 bia\u0142o-czerwone flagi. <strong>To przejrzysty symbol: oto w 1945 roku przysz\u0142a Polska i przynios\u0142a \u015al\u0105skowi zniewolenie. Taka te\u017c jest prawdziwa intencja organizator\u00f3w marszu, kt\u00f3ry jest dla nich kolejnym elementem konfrontuj\u0105cych \u015al\u0105zak\u00f3w z polsko\u015bci\u0105 i polsk\u0105 histori\u0105 <\/strong><\/em>&#8211; pisa\u0142 Spyra.<\/p>\r\n<p><strong><em>&#8211; Komunizm przyni\u00f3s\u0142 zniewolenie wszystkim Polakom, r\u00f3wnie\u017c \u015al\u0105zakom, a G\u00f3rny \u015al\u0105sk przed 1945 rokiem doznawa\u0142 potworniejszych zbrodni, organizowanych na znacznie wi\u0119ksz\u0105 skal\u0119 przez niemieckich okupant\u00f3w<\/em><\/strong> &#8211; przypomina\u0142.<\/p>\r\n<p>We wrze\u015bniu ub. roku lider \u015bl\u0105zakowskiego RA\u015a <a href=\"http:\/\/www.kresy.pl\/wydarzenia,spoleczenstwo?zobacz\/lider-ras-jak-neobanderowcy-sugeruje-ze-ukraina-byla-polska-kolonia\">Jerzy Gorzelik w jednym z wpis\u00f3w na portalu spo\u0142eczno\u015bciowym wyra\u017anie zasugerowa\u0142, \u017ce Polacy byli na Ukrainie kolonizatorami<\/a>, a Polska prowadzi\u0142a wzgl\u0119dem cz\u0119\u015bci teren\u00f3w dzisiejszej Ukrainy polityk\u0119 kolonizacyjn\u0105.<\/p>\r\n<ul>\r\n\t<li>Przeczytaj: <a href=\"http:\/\/www.kresy.pl\/wydarzenia,polityka?zobacz\/lider-ruchu-autonomii-slaska-w-hitlerowskiej-czapce\"><strong>Lider Ruchu Autonomii \u015al\u0105ska w hitlerowskiej czapce<\/strong><\/a><\/li>\r\n<\/ul>\r\n<p>Teza o \u201epolskim kolonializmie\u201d na Kresach czy \u201ekolonizacji Ukrainy przez Polak\u00f3w\u201d jest wyra\u017anie obecna w narracji neobanderowskiej, w tym w\u015br\u00f3d naukowc\u00f3w sympatyzuj\u0105cych z ukrai\u0144skim nacjonalizmem. <a href=\"http:\/\/www.kresy.pl\/wydarzenia,spoleczenstwo?zobacz\/ukrainski-historyk-polska-traktowala-ukraine-jak-francja-maghreb-a-upa-to-ukrainskie-ak\">W wywiadzie udzielonym \u201eGazecie Wyborczej\u201d w lipcu 2015 roku Jaros\u0142aw Hrycak<\/a>, ukrai\u0144ski historyk i szef katedry historii Ukrainy na Ukrai\u0144skim Uniwersytecie Katolickim we Lwowie oskar\u017ca\u0142 Polsk\u0119 o prowadzenie na Kresach Wschodnich polityki kolonialnej.<\/p>\r\n<ul>\r\n\t<li>Przeczytaj: <a href=\"http:\/\/www.kresy.pl\/wydarzenia,spoleczenstwo?zobacz\/ukrainski-wykladowca-lwow-to-odwieczne-ukrainskie-miasto-polacy-tu-kolonizatorami-i-okupantami-video\"><strong>Ukrai\u0144ski wyk\u0142adowca: Lw\u00f3w to odwieczne ukrai\u0144skie miasto, Polacy tu kolonizatorami i okupantami [VIDEO]<\/strong><\/a><\/li>\r\n<\/ul>\r\n<p><a href=\"http:\/\/www.kresy.pl\/wydarzenia,spoleczenstwo?zobacz%2Fukrainski-historyk-zabijanie-polakow-to-walka-z-kolonializmem-video\">Jak informowali\u015bmy<\/a>, w lipcu znany ukrai\u0144ski historyk i profesor Uniwersytetu Kijowskiego Iwan Patryliak por\u00f3wna\u0142 mordowanie Polak\u00f3w przez Ukrai\u0144c\u00f3w na Wo\u0142yniu i w Ma\u0142opolsce Wschodniej do walki z kolonializmem.<\/p>\r\n<p>facebook.com \/ Kresy.pl<\/p>","protected":false},"excerpt":{"rendered":"Tygodnik dla Ukrai\u0144c\u00f3w w Polsce \u201eNasze S\u0142owo\u201d, dotowany z pieni\u0119dzy polskich podatnik\u00f3w, promuje artyku\u0142, w kt\u00f3rym autor pisze wprost o \u201epolskich obozach koncentracyjnych\u201d. Z kolei szef ZUwP Piotr Tyma zaprasza na znan\u0105 \u015bl\u0105zakowsk\u0105 manifestacj\u0119, kt\u00f3rej organizatorzy pisz\u0105 o \u201epolskich komunistycznych obozach koncentracyjnych\u201d. Na profilu ukrai\u0144skiego tygodnika \u201eNasze S\u0142owo\u201d na Facebooku zamieszono link do artyku\u0142u, opisuj\u0105cego [&hellip;]","protected":false},"author":1,"featured_media":0,"comment_status":"closed","ping_status":"closed","sticky":false,"template":"","format":"standard","meta":{"_acf_changed":false,"_monsterinsights_skip_tracking":false,"_monsterinsights_sitenote_active":false,"_monsterinsights_sitenote_note":"","_monsterinsights_sitenote_category":0,"ngg_post_thumbnail":0,"footnotes":"","_wp_rev_ctl_limit":""},"categories":[8],"tags":[65,98,159,167,17],"acf":[],"_links":{"self":[{"href":"https:\/\/www.bibula.com\/index.php?rest_route=\/wp\/v2\/posts\/92744"}],"collection":[{"href":"https:\/\/www.bibula.com\/index.php?rest_route=\/wp\/v2\/posts"}],"about":[{"href":"https:\/\/www.bibula.com\/index.php?rest_route=\/wp\/v2\/types\/post"}],"author":[{"embeddable":true,"href":"https:\/\/www.bibula.com\/index.php?rest_route=\/wp\/v2\/users\/1"}],"replies":[{"embeddable":true,"href":"https:\/\/www.bibula.com\/index.php?rest_route=%2Fwp%2Fv2%2Fcomments&post=92744"}],"version-history":[{"count":0,"href":"https:\/\/www.bibula.com\/index.php?rest_route=\/wp\/v2\/posts\/92744\/revisions"}],"wp:attachment":[{"href":"https:\/\/www.bibula.com\/index.php?rest_route=%2Fwp%2Fv2%2Fmedia&parent=92744"}],"wp:term":[{"taxonomy":"category","embeddable":true,"href":"https:\/\/www.bibula.com\/index.php?rest_route=%2Fwp%2Fv2%2Fcategories&post=92744"},{"taxonomy":"post_tag","embeddable":true,"href":"https:\/\/www.bibula.com\/index.php?rest_route=%2Fwp%2Fv2%2Ftags&post=92744"}],"curies":[{"name":"wp","href":"https:\/\/api.w.org\/{rel}","templated":true}]}}