{"id":92737,"date":"2017-01-05T12:41:40","date_gmt":"2017-01-05T17:41:40","guid":{"rendered":"http:\/\/www.bibula.com\/?p=92737"},"modified":"2017-01-05T12:41:40","modified_gmt":"2017-01-05T17:41:40","slug":"grzegorz-braun-o-aferze-reprywatyzacyjnej-sprawa-zydowskich-roszczen-zbliza-sie-do-kulminacji","status":"publish","type":"post","link":"https:\/\/www.bibula.com\/?p=92737","title":{"rendered":"Grzegorz Braun o aferze reprywatyzacyjnej: sprawa \u017cydowskich roszcze\u0144 zbli\u017ca si\u0119 do kulminacji"},"content":{"rendered":"<p><strong>W sprawie \u017cydowskich roszcze\u0144 maj\u0105tkowych wobec Polski zbli\u017camy si\u0119 do jakiego\u015b rozstrzygni\u0119cia, a w ka\u017cdym razie znacz\u0105cej kulminacji &#8211; uwa\u017ca Grzegorz Braun. W opublikowanym na portalu polskaniepodlegla.pl felietonie, re\u017cyser i publicysta porusza spraw\u0119 warszawskiej afery reprywatyzacyjnej.<\/strong><\/p>\r\n<p>Zdaniem Grzegorza Brauna warto bardzo uwa\u017cnie spojrze\u0107 na tzw. afer\u0119 reprywatyzacyjn\u0105 z perspektywy mi\u0119dzynarodowej, a nie tylko z punktu widzenia politycznej wojenki rozgrywaj\u0105cej si\u0119 w Warszawie. Dlaczego? Bowiem \u201esprawa przekr\u0119t\u00f3w zwi\u0105zanych z odzyskiwaniem warszawskich nieruchomo\u015bci wzbudzi\u0142a spore zainteresowanie tak\u017ce poza polskim obszarem geograficznym i j\u0119zykowym. Szczeg\u00f3lna rzecz, \u017ce gdziekolwiek poza Polsk\u0105 wspominano o tym, czyniono to z regu\u0142y w specyficznym kontek\u015bcie \u017cydowskich roszcze\u0144 maj\u0105tkowych\u201d.<\/p>\r\n<p>Jak zauwa\u017ca re\u017cyser \u201eca\u0142a afera nieruchomo\u015bci warszawskich sprowadzana by\u0142a do tego w\u0142a\u015bnie zagadnienia, zw\u0142aszcza w mediach zwi\u0105zanych z pa\u0144stwem i diaspor\u0105 \u017cydowsk\u0105 pisano o tym tak, jakby chodzi\u0142o WY\u0141\u0104CZNIE o \u017cydowskie kamienice zrabowane niegdy\u015b prawowitym w\u0142a\u015bcicielom przez nieco enigmatycznych, na og\u00f3\u0142 niedefiniowanych narodowo nazist\u00f3w i komunist\u00f3w, a nast\u0119pnie uparcie niezwracanych przez \u015bci\u015ble ju\u017c okre\u015blonych Polak\u00f3w\u201d.<\/p>\r\n<p>Sprawa reprywatyzacji, o czym przypomina Braun, zaj\u0119\u0142a poczesne miejsce w izraelskich mediach. Wiadomo\u015bci mia\u0142y w wi\u0119kszo\u015bci wymiar zdecydowanie optymistyczny.<\/p>\r\n<p>\u201e<em>Po raz pierwszy Polska zwraca domy ocalonym z Holokaustu\u201d; \u201ePolskie prawo umo\u017cliwia \u017bydom odzyskanie dom\u00f3w zrabowanych przez nazist\u00f3w\u201d &#8211; entuzjazmowali si\u0119 jedni, podczas gdy drudzy konkretyzowali wskaz\u00f3wki: \u201ePolska grupa do spraw restytucji uruchamia baz\u0119 danych zrabowanych \u017cydowskich maj\u0119tno\u015bci w Warszawie\u201d; \u201eNowa baza danych ma pom\u00f3c ocalonym z Holokaustu w odzyskaniu mienia w Warszawie\u201d &#8211; <\/em>pisze Braun. \u201eW polskoj\u0119zycznych mediach utrzymywana jest cisza w eterze, jakby ca\u0142a ta sprawa w og\u00f3le nas nie dotyczy\u0142a i nie mia\u0142a znaczenia dla przysz\u0142o\u015bci Rzeczypospolitej\u201d &#8211; zauwa\u017ca re\u017cyser.<\/p>\r\n<p>Opisana sytuacja sk\u0142ania Grzegorza Brauna do stwierdzenia, i\u017c \u201ew sprawie \u017cydowskich roszcze\u0144 maj\u0105tkowych wobec Polski zbli\u017camy si\u0119 do jakiego\u015b rozstrzygni\u0119cia, a w ka\u017cdym razie znacz\u0105cej kulminacji\u201d.<\/p>\r\n<p>\u201eWarto mie\u0107 \u015bwiadomo\u015b\u0107, \u017ce z perspektywy \u017cydowskich szanta\u017cyst\u00f3w i cwaniak\u00f3w usi\u0142uj\u0105cych od lat dokona\u0107 na nas wymuszenia rozb\u00f3jniczego b\u0105d\u017a te\u017c, jak kto woli, kradzie\u017cy zuchwa\u0142ej, a chc\u0105cych przy tym jeszcze ustanowi\u0107 precedens, kt\u00f3ry bezprawiu nada poz\u00f3r legalno\u015bci, rozb\u00f3j w bia\u0142y dzie\u0144 usprawiedliwi jako rzekomy akt sprawiedliwo\u015bci dziejowej, \u017cadne niekorzystne dla nich rozwi\u0105zania nie b\u0119d\u0105 uznawane za ostateczne\u201d &#8211; czytamy w komentarzu.<\/p>\r\n<p>Braun namawia do uwa\u017cnego przygl\u0105dania si\u0119 obietnicom sk\u0142adanym przez przedstawicieli polskich w\u0142adz podczas spotka\u0144 z ich izraelskimi odpowiednikami. \u201ePolscy pa\u0144stwowcy powinni zachowa\u0107 szczeg\u00f3ln\u0105 czujno\u015b\u0107, nie dopu\u015bci\u0107, by opinia publiczna zapad\u0142a w sen g\u0142\u0119bszy ni\u017c dotychczas, a to oznacza przede wszystkim konsekwentne zadawanie pyta\u0144 o tre\u015b\u0107 rozm\u00f3w i charakter zobowi\u0105za\u0144 zaci\u0105ganych przez warszawskich polityk\u00f3w w kontaktach z przedstawicielami pa\u0144stwa i diaspory \u017cydowskiej\u201d &#8211; zach\u0119ca Grzegorz Braun.<\/p>\r\n<p>\u0179r\u00f3d\u0142o: polskaniepodlegla.pl<\/p>\r\n<p>luk<\/p>","protected":false},"excerpt":{"rendered":"W sprawie \u017cydowskich roszcze\u0144 maj\u0105tkowych wobec Polski zbli\u017camy si\u0119 do jakiego\u015b rozstrzygni\u0119cia, a w ka\u017cdym razie znacz\u0105cej kulminacji &#8211; uwa\u017ca Grzegorz Braun. W opublikowanym na portalu polskaniepodlegla.pl felietonie, re\u017cyser i publicysta porusza spraw\u0119 warszawskiej afery reprywatyzacyjnej. Zdaniem Grzegorza Brauna warto bardzo uwa\u017cnie spojrze\u0107 na tzw. afer\u0119 reprywatyzacyjn\u0105 z perspektywy mi\u0119dzynarodowej, a nie tylko z punktu [&hellip;]","protected":false},"author":1,"featured_media":0,"comment_status":"closed","ping_status":"closed","sticky":false,"template":"","format":"standard","meta":{"_acf_changed":false,"_monsterinsights_skip_tracking":false,"_monsterinsights_sitenote_active":false,"_monsterinsights_sitenote_note":"","_monsterinsights_sitenote_category":0,"ngg_post_thumbnail":0,"footnotes":"","_wp_rev_ctl_limit":""},"categories":[8],"tags":[65,344,22,98,53],"acf":[],"_links":{"self":[{"href":"https:\/\/www.bibula.com\/index.php?rest_route=\/wp\/v2\/posts\/92737"}],"collection":[{"href":"https:\/\/www.bibula.com\/index.php?rest_route=\/wp\/v2\/posts"}],"about":[{"href":"https:\/\/www.bibula.com\/index.php?rest_route=\/wp\/v2\/types\/post"}],"author":[{"embeddable":true,"href":"https:\/\/www.bibula.com\/index.php?rest_route=\/wp\/v2\/users\/1"}],"replies":[{"embeddable":true,"href":"https:\/\/www.bibula.com\/index.php?rest_route=%2Fwp%2Fv2%2Fcomments&post=92737"}],"version-history":[{"count":0,"href":"https:\/\/www.bibula.com\/index.php?rest_route=\/wp\/v2\/posts\/92737\/revisions"}],"wp:attachment":[{"href":"https:\/\/www.bibula.com\/index.php?rest_route=%2Fwp%2Fv2%2Fmedia&parent=92737"}],"wp:term":[{"taxonomy":"category","embeddable":true,"href":"https:\/\/www.bibula.com\/index.php?rest_route=%2Fwp%2Fv2%2Fcategories&post=92737"},{"taxonomy":"post_tag","embeddable":true,"href":"https:\/\/www.bibula.com\/index.php?rest_route=%2Fwp%2Fv2%2Ftags&post=92737"}],"curies":[{"name":"wp","href":"https:\/\/api.w.org\/{rel}","templated":true}]}}