{"id":92717,"date":"2017-01-05T10:21:57","date_gmt":"2017-01-05T15:21:57","guid":{"rendered":"http:\/\/www.bibula.com\/?p=92717"},"modified":"2017-01-05T10:21:57","modified_gmt":"2017-01-05T15:21:57","slug":"papiez-patronem-aborcjonistow","status":"publish","type":"post","link":"https:\/\/www.bibula.com\/?p=92717","title":{"rendered":"Papie\u017c patronem aborcjonist\u00f3w?"},"content":{"rendered":"<p><strong>Brazylijska organizacja zrzeszaj\u0105ca zwolennik\u00f3w aborcji, ANIS zwi\u0105zana z ameryka\u0144sk\u0105 Planned Parenthood, rozpocz\u0119\u0142a w mediach spo\u0142eczno\u015bciowych kampani\u0119 na rzecz aborcji, wykorzystuj\u0105c\u2026 wizerunek papie\u017ca Franciszka.<\/strong><\/p>\r\n<p>Zdj\u0119ciu u\u015bmiechni\u0119tego papie\u017ca towarzysz\u0105 s\u0142owa: \u201eKobiety decyduj\u0105ce si\u0119 na aborcj\u0119: w Brazylii jest ich tysi\u0105ce. Im wszystkim przebacza papie\u017c Franciszek.\u201d Jest to do\u015b\u0107 oczywista konsekwencja ostatnich posuni\u0119\u0107 Franciszka: mo\u017cna by\u0142o si\u0119 spodziewa\u0107, \u017ce uk\u0142on w stron\u0119 os\u00f3b dokonuj\u0105cych aborcji dokonany podczas Roku Mi\u0142osierdzia zosta\u0142 zinterpretowany jako zmiana doktryny odno\u015bnie zabijania nienarodzonych i fundacje pokroju ANIS wykorzystuj\u0105 to bardzo zr\u0119cznie.<\/p>\r\n<p>\u0179r\u00f3d\u0142o: http:\/\/www.marcotosatti.com<\/p>\r\n<p>(MK)<\/p>","protected":false},"excerpt":{"rendered":"Brazylijska organizacja zrzeszaj\u0105ca zwolennik\u00f3w aborcji, ANIS zwi\u0105zana z ameryka\u0144sk\u0105 Planned Parenthood, rozpocz\u0119\u0142a w mediach spo\u0142eczno\u015bciowych kampani\u0119 na rzecz aborcji, wykorzystuj\u0105c\u2026 wizerunek papie\u017ca Franciszka. Zdj\u0119ciu u\u015bmiechni\u0119tego papie\u017ca towarzysz\u0105 s\u0142owa: \u201eKobiety decyduj\u0105ce si\u0119 na aborcj\u0119: w Brazylii jest ich tysi\u0105ce. Im wszystkim przebacza papie\u017c Franciszek.\u201d Jest to do\u015b\u0107 oczywista konsekwencja ostatnich posuni\u0119\u0107 Franciszka: mo\u017cna by\u0142o si\u0119 spodziewa\u0107, [&hellip;]","protected":false},"author":1,"featured_media":0,"comment_status":"closed","ping_status":"closed","sticky":false,"template":"","format":"standard","meta":{"_acf_changed":false,"_monsterinsights_skip_tracking":false,"_monsterinsights_sitenote_active":false,"_monsterinsights_sitenote_note":"","_monsterinsights_sitenote_category":0,"ngg_post_thumbnail":0,"footnotes":"","_wp_rev_ctl_limit":""},"categories":[3],"tags":[94,248,301],"acf":[],"_links":{"self":[{"href":"https:\/\/www.bibula.com\/index.php?rest_route=\/wp\/v2\/posts\/92717"}],"collection":[{"href":"https:\/\/www.bibula.com\/index.php?rest_route=\/wp\/v2\/posts"}],"about":[{"href":"https:\/\/www.bibula.com\/index.php?rest_route=\/wp\/v2\/types\/post"}],"author":[{"embeddable":true,"href":"https:\/\/www.bibula.com\/index.php?rest_route=\/wp\/v2\/users\/1"}],"replies":[{"embeddable":true,"href":"https:\/\/www.bibula.com\/index.php?rest_route=%2Fwp%2Fv2%2Fcomments&post=92717"}],"version-history":[{"count":0,"href":"https:\/\/www.bibula.com\/index.php?rest_route=\/wp\/v2\/posts\/92717\/revisions"}],"wp:attachment":[{"href":"https:\/\/www.bibula.com\/index.php?rest_route=%2Fwp%2Fv2%2Fmedia&parent=92717"}],"wp:term":[{"taxonomy":"category","embeddable":true,"href":"https:\/\/www.bibula.com\/index.php?rest_route=%2Fwp%2Fv2%2Fcategories&post=92717"},{"taxonomy":"post_tag","embeddable":true,"href":"https:\/\/www.bibula.com\/index.php?rest_route=%2Fwp%2Fv2%2Ftags&post=92717"}],"curies":[{"name":"wp","href":"https:\/\/api.w.org\/{rel}","templated":true}]}}