{"id":9267,"date":"2009-05-13T00:01:33","date_gmt":"2009-05-13T04:01:33","guid":{"rendered":"http:\/\/www.bibula.com\/?p=9267"},"modified":"2022-03-16T15:30:46","modified_gmt":"2022-03-16T19:30:46","slug":"fatima-aktualnosc-przeslania-i-konsekwencje-niesubordynacji","status":"publish","type":"post","link":"https:\/\/www.bibula.com\/?p=9267","title":{"rendered":"FATIMA &#8211; aktualno\u015b\u0107 Przes\u0142ania i konsekwencje niesubordynacji"},"content":{"rendered":"<p class=\"podpis_sz\">Dodano: 2009-05-13 12:01 am<\/p>\r\n<p><strong><em>Poni\u017cszy tekst ukaza\u0142 si\u0119 w pi\u015bmie BIBU\u0141A w maju 2005 roku<br>\r\n<\/em><\/strong><\/p>\r\n<p>&nbsp;<\/p>\r\n<p><strong><span style=\"font-size: medium;\">13<\/span><\/strong> lutego 2005 roku, o godzinie 17:30 odesz\u0142a do Pana w wieku 98 lat siostra \u0141ucja dos Santos, ostatnia z trojga dzieci, kt\u00f3rym 88 lat temu w Fatimie ukaza\u0142a si\u0119 Matka Bo\u017ca. Bole\u015bnie b\u0119dziemy odczuwa\u0107 jej brak w\u015br\u00f3d nas na ziemi, ale znaj\u0105c jej heroiczn\u0105 postaw\u0119, a nade wszystko pami\u0119taj\u0105c o obietnicy Matki Bo\u017cej spotkania si\u0119 w Niebie, po ludzku pocieszamy si\u0119 tym zapewnieniem i radujemy dost\u0105pieniem przez ni\u0105 chwa\u0142y Bo\u017cej.<\/p>\r\n<p>Wraz z odej\u015bciem siostry \u0141ucji do Pana i prze\u017cywanymi w nieca\u0142e dwa miesi\u0105ce p\u00f3\u017aniej uroczysto\u015bciami pogrzebowymi papie\u017ca Jana Paw\u0142a II, zamkn\u0105\u0142 si\u0119 pewien rozdzia\u0142 w historii objawie\u0144 fatimskich, cho\u0107 przes\u0142anie Matki Bo\u017cej trwa niezmiennie. Nadal aktualne s\u0105 pro\u015bby i wezwania Matki Przenaj\u015bwi\u0119tszej, lecz r\u00f3wnie aktualne s\u0105 obiecane surowe konsekwencje wobec niesubordynacji. Kondycja wsp\u00f3\u0142czesnego Ko\u015bcio\u0142a i obserwowany przez nas wszystkich stan dzisiejszego, rozszarpywanego si\u0142ami z\u0142a \u015bwiata, nie jest przypadkowa. Wr\u0119cz przeciwnie: jest bezpo\u015bredni\u0105 konsekwencj\u0105 zapowiedzianych kar, a wynikaj\u0105 one w\u0142a\u015bnie z niepodporz\u0105dkowania si\u0119 woli Chrystusa i pro\u015bbom Jego Matki.<\/p>\r\n<p>Nie wszyscy pragn\u0105 takiego podporz\u0105dkowania. Wraz z odej\u015bciem siostry \u0141ucji modernistyczne kr\u0119gi w Ko\u015bciele odetchn\u0119\u0142y z ulg\u0105. Mog\u0105 teraz podwoi\u0107 swoje dzia\u0142ania od lat zmierzaj\u0105ce do pomniejszania znaczenia Przes\u0142ania Fatimskiego i zarazem wykorzystania go do w\u0142asnych cel\u00f3w: przekszta\u0142cenia Ko\u015bcio\u0142a jako Boskiej instytucji stoj\u0105cej na stra\u017cy Wiary po <em>tej<\/em> strony \u015bwiata i skierowanej ku doprowadzeniu dusz do zbawienia, w czysto ziemsk\u0105 organizacj\u0119 wyznaj\u0105c\u0105 humanitarne has\u0142a &#8222;jedno\u015bci&#8221;, &#8222;pokoju&#8221; i &#8222;braterstwa&#8221; pomi\u0119dzy lud\u017ami. Przes\u0142anie Fatimskie stoi na drodze ku wizjom ekumenicznej jedno\u015bci ze schizmatykami i heretykami &#8211; bez uprzedniego ich powrotu na \u0142ono Ko\u015bcio\u0142a &#8211; oraz kapitulanckim &#8222;dialogom&#8221; z innowiercami. Na tej drodze sta\u0142 te\u017c ostatni \u017cyj\u0105cy \u015bwiadek nieustannie b\u0142agaj\u0105cy o wype\u0142nienie wezwa\u0144 Matki Bo\u017cej.<\/p>\r\n<p>Historia Przes\u0142ania Fatimskiego przepe\u0142niona jest wieloma elementami gry zar\u00f3wno wrogich si\u0142 wewn\u0105trzko\u015bcielnych, jak i zewn\u0119trznych dzia\u0142a\u0144 maj\u0105cych na celu pomniejszenie znaczenia Przes\u0142ania i podwa\u017cenie wiarygodno\u015bci ostatniego \u015bwiadka. Ostatnimi laty obserwujemy szczeg\u00f3lnie nasilony atak tych si\u0142, czego nadrz\u0119dnym przyk\u0142adem sta\u0142 si\u0119 najwi\u0119kszy dotychczasowy &#8222;owoc&#8221; w postaci og\u0142oszonego przez Watykan 26 czerwca 2000 roku tekstu maj\u0105cego uchodzi\u0107 za tre\u015b\u0107 &#8222;Trzeciej Tajemnicy Fatimskiej&#8221;.<a href=\"#_edn1\" name=\"_ednref1\"><\/a><span class=\"MsoEndnoteReference\"><span class=\"MsoEndnoteReference\"><span style=\"font-size: 9.0pt;\" lang=\"PL\">[1]<\/span><\/span><\/span> Do\u0142\u0105czony do tekstu przez kardyna\u0142a Jos\u00e9pha Ratzingera Komentarz Teologiczny wyra\u017anie odwo\u0142uj\u0105cy si\u0119 do nowej interpretacji Przes\u0142ania, a szczeg\u00f3lnie do Trzeciej Tajemnicy, stwierdza, \u017ce <span style=\"text-decoration: underline;\">opisuje ona wydarzenia z zamkni\u0119tego rozdzia\u0142u przesz\u0142o\u015bci<\/span>. Ta pe\u0142na niesp\u00f3jnej interepretacji pr\u00f3ba odes\u0142ania Or\u0119dzia Fatimskiego do lamusa historii, nie tylko opiera si\u0119 na niewiarygodnych \u017ar\u00f3d\u0142ach, na przyk\u0142ad cytuj\u0105c modernistycznego Jezuit\u0119 Edouarda Dhanis &#8211; o czym szerzej za chwil\u0119 &#8211; ale jest sprzeczna z dotychczasow\u0105 obszern\u0105 wiedz\u0105 na temat los\u00f3w Listu siostry \u0141ucji, jej korespondencji i zapisk\u00f3w oraz licznych wypowiedzi os\u00f3b (w tym papie\u017cy), kt\u00f3rzy zapoznali si\u0119 w przesz\u0142o\u015bci z tre\u015bci\u0105 Trzeciej Tajemnicy. Wpisuje si\u0119 natomiast idealnie w obowi\u0105zuj\u0105c\u0105 dzisiaj ekumeniczn\u0105 wizj\u0119 Ko\u015bcio\u0142a, w kt\u00f3rym nie ma miejsca na &#8222;elitaryzm&#8221; katolicyzmu, a takie \u017c\u0105dania jak konsekracja Rosji, brzmi\u0105 niepoprawnie politycznie.<\/p>\r\n<p>W niniejszej pracy sp\u00f3buj\u0119 zaj\u0105\u0107 si\u0119 kilkoma zagadnieniami Przes\u0142ania Fatimskiego, a w szczeg\u00f3lno\u015bci podej\u015bciem poszczeg\u00f3lnych pontyfikat\u00f3w do Fatimy. Przytocz\u0119 kilka doskonale udowodnionych i znanych fakt\u00f3w pokazuj\u0105cych, i\u017c \u017c\u0105dania Naj\u015bwi\u0119tszej Dziewicy wyra\u017cone w Fatimie nie zosta\u0142y po dzi\u015b dzie\u0144 spe\u0142nione. Z\u0142o\u017cone na r\u0119ce Ojca \u015awi\u0119tego narz\u0119dzie ustanowienia prawdziwego pokoju na \u015bwiecie zosta\u0142o wielokrotnie zigorowane &#8211; r\u00f3wnie\u017c przez ostatni pontyfikat &#8211; czego skutki XX wiek obserwowa\u0142 z ca\u0142\u0105 moc\u0105, a przysz\u0142o\u015b\u0107 rysuje si\u0119 w jeszcze czarniejszych barwach. Uka\u017c\u0119 te\u017c te wszystkie niezbite dowody \u015bwiadcz\u0105ce o istnieniu <em>Planu desktrukcji Ko\u015bcio\u0142a<\/em> poprzez przeobra\u017cenie Go w czysto ziemsk\u0105, niehierchiczn\u0105 instytucj\u0119 zbie\u017cn\u0105 z maso\u0144skimi ideami, kt\u00f3re progresywne skrzyd\u0142o w Ko\u015bciele wciela w \u017cycie. Na przeszkodzie ku osi\u0105gni\u0119ciu tego celu stoi oczywi\u015bcie Przes\u0142anie Fatimskie, na kt\u00f3re posoborowe pontyfikaty spogl\u0105da\u0142y z niedowierzaniem i kt\u00f3re w ko\u0144cu zepchni\u0119te zosta\u0142o w niebyt historii.<\/p>\r\n<p>Kluczem do zrozumienia tego zachowania jest zdanie sobie sprawy, \u017ce Przes\u0142ania Fatimskiego mog\u0105 obawia\u0107 si\u0119 tylko ci, kt\u00f3rzy albo nie wierz\u0105 w s\u0142owa Maryi, albo pragn\u0105 uk\u0142ada\u0107 \u017cycie na ziemi na sw\u00f3j spos\u00f3b, bez wskaz\u00f3wek Bo\u017cych. Do tego zmierza ca\u0142y pot\u0119piony przez poprzednich Papie\u017cy nurt neomodernizmu, zrehabilitowany po Soborze Watyka\u0144skim II.<\/p>\r\n<p>Obchodzimy w miesi\u0105cu maju 2005 roku&nbsp; 88 lat od objawie\u0144 Fatimskich, podczas kt\u00f3rych Matka Bo\u017ca pokaza\u0142a spos\u00f3b osi\u0105gni\u0119cia pokoju na \u015bwiecie, lecz mimo tego \u015bwiat coraz bardziej brutalizuje si\u0119 i coraz mocniej pogr\u0105\u017cany jest w nienawi\u015bci. Zwyczajny rzut oka na sytuacj\u0119 w Rosji, z rozrastajac\u0105 si\u0119 plag\u0105 aborcji i wszelakich zbrodni, powinien otrze\u017awi\u0107 umys\u0142y tych, kt\u00f3rzy triumfalnie twierdz\u0105, \u017ce dokonana w 1984 roku przez Jana Paw\u0142a II ceremonia okre\u015blana jako konsekracja wydaje w\u0142a\u015bciwe owoce. Ka\u017cda konsekracja, podczas kt\u00f3rej nie wymienia si\u0119 z nazwy obiektu konsekracji, jest niepe\u0142na a mo\u017ce i niewa\u017cna; czy mo\u017cna wyobrazi\u0107 sobie konsekracj\u0119 \u015bwi\u0105tyni bez wymienienia jej z nazwy? Ceremonia dokonana w 1984 roku, podczas kt\u00f3rej Papie\u017c nie wymieni\u0142 z nazwy Rosji &#8211; cho\u0107 prawdopodobnie wypowiedzia\u0142 j\u0105 w my\u015bli &#8211; jest niepe\u0142na, nie przynios\u0142a i nie przyniesie obiecanych owoc\u00f3w. Za\u017c\u0105dana przez Matk\u0119 Bo\u017c\u0105 konsekracja Rosji, po dzi\u015b dzie\u0144 czeka wi\u0119c na spe\u0142nienie i naszym obowi\u0105zkiem jest wzmo\u017cenie modlitw o wype\u0142nienie tego warunku przez nowego Ojca \u015awi\u0119tego. W mi\u0119dzyczasie, Ko\u015bci\u00f3\u0142 i ca\u0142a ludzko\u015b\u0107 p\u0142aci s\u0142on\u0105 cen\u0119 za t\u0119 niewiar\u0119 i niesubordynacj\u0119. A &#8222;diaboliczna dezorientacja&#8221; &#8211; jak okre\u015bla to siostra \u0141ucja &#8211; zakre\u015bla coraz wi\u0119ksze kr\u0119gi w\u015br\u00f3d wiernych i pasterzy, kt\u00f3rzy nie potrafi\u0105 odr\u00f3\u017cni\u0107 ju\u017c pszenicy od plew (\u0141k 3, 17).<\/p>\r\n<p>Ze wzgl\u0119d\u00f3w praktycznych, niniejsz\u0105 prac\u0119 podzieli\u0142em na dwie cz\u0119\u015bci: w pierwszej przedstawi\u0119 stosunek Papie\u017cy: od Benedykta XV do Paw\u0142a VI, do Fatimy. W drugiej cz\u0119\u015bci, skupi\u0119 si\u0119 na pontyfikacie Jana Paw\u0142a II &#8211; tak bardzo &#8222;Maryjnym&#8221;, cho\u0107 zaskakuj\u0105co jedynie pobie\u017cnie &#8222;Fatimskim&#8221; &#8211; oraz prze\u015bledzimy losy list\u00f3w i korespondencji siostry \u0141ucji, w tym Trzeciej Tajemnicy. Spr\u00f3bujemy na podstawie znanych nam fakt\u00f3w ustali\u0107 zawart\u0105 w Tajemnicy tre\u015b\u0107. Dowiemy si\u0119 te\u017c do jakiego stopnia manipuluje si\u0119 wypowiedziami siostry \u0141ucji, og\u0142asza si\u0119 w jej imieniu listy, kt\u00f3rych nigdy nie napisa\u0142a i jak bardzo ogranicza si\u0119 dost\u0119p do niej &#8211; wszystko w celu sfa\u0142szowania Przes\u0142ania. W skr\u00f3cie przedstawi\u0119 te\u017c przyk\u0142ady zmasowanych i perfidnych atak\u00f3w modernist\u00f3w i libera\u0142\u00f3w dzia\u0142aj\u0105cych w Ko\u015bciele, na tych, kt\u00f3rzy pragn\u0105 wype\u0142ni\u0107 wol\u0119 Matki Bo\u017cej. Nie omieszkam pokaza\u0107 te\u017c dziej\u0105cych si\u0119 na naszych oczach ekumenicznych i mi\u0119dzyreligijnych horror\u00f3w, np. poprzez przeobra\u017cenia Sanktuarium Fatimskiego w mi\u0119dzywyznaniowe centrum. Ju\u017c dzisiaj, za osobist\u0105 aprobat\u0105 Rektora Sanktuarium, dokonuje si\u0119 tam bezczeszczenia Naj\u015bwi\u0119tszego Sakramentu, np. umieszczaj\u0105c na Tabernakulum pos\u0105\u017cki hinduskich bo\u017ck\u00f3w i wznosz\u0105c ku nim modlitwy.<\/p>\r\n<p>&nbsp;<\/p>\r\n<h4 style=\"margin-left: .25in; text-indent: -.25in;\">1. Czym jest Fatima?<\/h4>\r\n<p>Stary Testament wype\u0142niony jest licznymi przyk\u0142adami, w kt\u00f3rych B\u00f3g przemawia\u0142 przez Prorok\u00f3w ostrzegaj\u0105c sw\u00f3j Lud, a za niesubordynacj\u0119 i ludzk\u0105 pych\u0119 surowo go karz\u0105c. B\u00f3g nie wybiera niewiarygodnych \u015bwiadk\u00f3w. Na dzisiejsze czasy siostra \u0141ucja wraz z b\u0142ogos\u0142awionymi ju\u017c Franciszkiem i Hiacynt\u0105 Marto, byli narz\u0119dziem Bo\u017cej opatrzno\u015bci maj\u0105cym podkre\u015bli\u0107 znane prawdy o zbawieniu dusz oraz pokaza\u0107 wsp\u00f3\u0142czesnemu cz\u0142owiekowi <em>prawdziwe<\/em> drogi ku osi\u0105gni\u0119ciu pokoju i szcz\u0119\u015bliwo\u015bci na ziemi. Od pierwszego Objawienia 13 maja 1917 roku i podczas nast\u0119pnych sze\u015bciu Spotka\u0144 z Matk\u0105 Bo\u017c\u0105, pastuszkowie na polach Cova da Iria niedaleko Fatimy otrzymywali wskaz\u00f3wki dla ludzko\u015bci ku osi\u0105gni\u0119ciu wiecznej Rado\u015bci oraz przestrogi i wizj\u0119 Piek\u0142a, gdzie na zatracenie id\u0105 dusze zatwardzia\u0142ych grzesznik\u00f3w.<\/p>\r\n<p>Objawienie Fatimskie przypomina, \u017ce dar \u017cycia na ziemi jest tylko drog\u0105, etapem i czasem dokonania wyboru pomi\u0119dzy Piek\u0142em a Niebem. Chrystus da\u0142 ludzko\u015bci jeden Ko\u015bci\u00f3\u0142 &#8211; zbawienny Ko\u015bci\u00f3\u0142 Rzymsko-Katolicki &#8211; i powiedzia\u0142 Aposto\u0142om, \u017ce &#8222;Ja jestem drog\u0105 i prawd\u0105, i \u017cyciem&#8221; (J 14, 5). Przewodnikiem na tej drodze jest w\u0142a\u015bnie Chrystusowy Ko\u015bci\u00f3\u0142, poza kt\u00f3rego dobrem <em>nie ma zbawienia<\/em>. Przypomnienie tego dogmatu jest w\u0142a\u015bnie esencj\u0105 Przes\u0142ania Fatimskiego, kt\u00f3re te\u017c z tego samego powodu jest odrzucane. Modernistyczna interpretacja tego dogmatu jest niebezpiecze\u0144stwem dla dusz, a niebezpiecze\u0144stwo to jest pot\u0119gowane dezorientacj\u0105 pasterzy wsp\u00f3\u0142czesnego Ko\u015bcio\u0142a, dla kt\u00f3rych takie 'warto\u015bci&#8217; jak toleracja, r\u00f3wno\u015b\u0107, humanizm, ekumenizm czy dialogi mi\u0119dzyreligijne staj\u0105 si\u0119 wa\u017cniejsze ni\u017c wo\u0142anie o nawr\u00f3cenie innowierc\u00f3w czy powr\u00f3t schizmatyk\u00f3w do Ko\u015bcio\u0142a.<\/p>\r\n<p>Ko\u015bci\u00f3\u0142 wypowiedzia\u0142 si\u0119 definitywnie o Objawieniach Fatimskich wydaj\u0105c w 1930 roku orzeczenie jednoznacznie pozytywne. Obok Objawie\u0144 \u015bw. Katarzyny Laboure (&#8222;Cudowny Medalik&#8221; &#8211; 1830 rok), La Salette (1846) czy Lourdes (1858), Fatima jest jednym z najdok\u0142adniej udokumentowanych i zbadanych przez Urz\u0105d Ko\u015bcio\u0142a objawie\u0144, cho\u0107 ze wzgl\u0119du na zawarte w Przes\u0142aniu wymagania i ostrze\u017cenia, staje si\u0119 ostatnio niewygodna dla wielu wsp\u00f3\u0142czesnych ko\u015bcielnych decydent\u00f3w.<\/p>\r\n<p>&nbsp;<\/p>\r\n<p><strong>&#8217;Wspomnienia&#8217; &#8211; spisane s\u0142owa Maryi<\/strong><\/p>\r\n<p>Matka Bo\u017ca przekazuj\u0105c te prawdy prosi\u0142a o nieustann\u0105 modlitw\u0119 przeb\u0142agaln\u0105 za nasze grzechy. Ma\u0142a <em>Lucia<\/em> wraz z m\u0142odszymi od siebie kuzynami Franciszkiem i Hiacynt\u0105 byli wzorami pos\u0142usze\u0144stwa i wype\u0142nienia woli Matki Przenaj\u015bwi\u0119tszej. Od momentu opuszczenia Fatimy w 1921 i wst\u0105pieniu do klasztoru, siostra \u0141ucja odda\u0142a si\u0119 ca\u0142kowicie woli Nieba, a \u017cycie jej by\u0142o jednym nieprzerwanym ci\u0105giem pokory, modlitwy i pokuty.<\/p>\r\n<p>Wype\u0142niaj\u0105c pro\u015bb\u0119 biskupa Fatimy-Leiria, Jos\u00e9 Alves Correira de Silva, siostra \u0141ucja w 1941 roku spisuje w klasztorze w Coimbra s\u0142owa Matki Bo\u017cej, wyja\u015bniaj\u0105c: &#8222;A wi\u0119c tajemnica sk\u0142ada si\u0119 z trzech odmiennych cz\u0119\u015bci. Dwie z nich teraz wyjawi\u0119.&#8221;<\/p>\r\n<p>Lipcowe spotkanie w 1917 roku z Matk\u0105 Bo\u017c\u0105 znane jest jako Pierwsza Tajemnica Fatimska i ukazana jest w niej wizja Piek\u0142a &#8222;<em>dok\u0105d id\u0105 dusze biednych grzesznik\u00f3w<\/em>&#8221; oraz zapowied\u017a &#8222;<em>prze\u015bladowania Ko\u015bcio\u0142a i Ojca \u015awi\u0119tego<\/em>&#8222;. Matka Bo\u017ca zapowiada kolejne przyj\u015bcie i obiecuje pok\u00f3j, je\u015bli ludzie nawr\u00f3c\u0105 si\u0119, a Ojciec \u015awi\u0119ty po\u015bwi\u0119ci Rosj\u0119.<\/p>\r\n<p>Je\u015bli Pierwsza Tajemnica jest pokazaniem kary za grzechy, tak Druga Tajemnica odnosi si\u0119 do nabo\u017ce\u0144stwa Niepokalanego Serca Maryi, kt\u00f3re &#8222;b\u0119dzie zawsze moj\u0105 ucieczk\u0105 i drog\u0105, kt\u00f3ra mnie prowadzi do Boga&#8221; i przekazuje \u015brodki unikni\u0119cia tych kar.<\/p>\r\n<p>13 czerwca 1929 roku, przebywaj\u0105cej w tym czasie w klasztorze w Tuy w Hiszpanii siostrze \u0141ucji, ukazuje si\u0119 ponownie Matka Bo\u017ca, wype\u0142niaj\u0105c tym samym sw\u0105 obietnic\u0119 z Pierwszej Tajemnicy, i m\u00f3wi: &#8222;<em>Nadesz\u0142a chwila, kiedy B\u00f3g prosi Ojca \u015awi\u0119tego, aby uczyni\u0142 i za\u017c\u0105da\u0142, by razem z nim i w tym samym czasie, wszyscy biskupi ca\u0142ego \u015bwiata dokonali konsekracji Rosji Memu Niepokalanemu Sercu &#8211; obiecuj\u0105c nawr\u00f3cenie [Rosji] poprzez ten dzie\u0144 modlitwy i zado\u015b\u0107uczynienia<\/em>&#8222;.<\/p>\r\n<p>Obok pr\u00f3\u015bb i ponagle\u0144 Matki Bo\u017cej, w sierpniu 1931 roku oraz w maju 1936 roku sam Nasz Pan ukazuje si\u0119 siostrze \u0141ucji przypominaj\u0105c, \u017ce Rosja nawr\u00f3ci si\u0119 tylko wtedy, gdy po\u015bwi\u0119cona zostanie przez Papie\u017ca wraz ze wszystkimi biskupami \u015bwiata Niepokalanym Sercom Jezusa i Maryi. Siostra \u0141ucja wielokrotnie przypomina o tym wezwaniu swoim biskupom, kt\u00f3rzy z kolei przekazuj\u0105 \u017c\u0105danie Papie\u017cowi.<\/p>\r\n<p>Spisanie s\u0142\u00f3w Maryi, szczeg\u00f3lnie Trzeciej Tajemnicy nie by\u0142o \u0142atwe. Przynaglana przez biskupa Jos\u00e9 da Silva i kanonist\u0119 doktora Jos\u00e9 Galamba<a href=\"#_edn2\" name=\"_ednref2\"><\/a><span class=\"MsoEndnoteReference\"><span class=\"MsoEndnoteReference\"><span style=\"font-size: 9.0pt;\" lang=\"PL\">[2]<\/span><\/span><\/span>, siostra \u0141ucja w Czwartym wspomnieniu z 8 grudnia 1941 roku pisze: &#8222;Zaczynam wi\u0119c moj\u0105 prac\u0119, \u017ceby spe\u0142ni\u0107 nakaz Waszej Ekscelencji i \u017cyczenie dr. Galamby. Z wyj\u0105tkiem jednej cz\u0119\u015bci tajemnicy, kt\u00f3rej mi jeszcze nie wolno wyjawi\u0107, powiem wszystko. \u015awiadomie niczego nie zataj\u0119. Mo\u017cliwe, \u017ce pomin\u0119 niekt\u00f3re szczeg\u00f3\u0142y b\u0119d\u0105ce bez znaczenia.&#8221;<\/p>\r\n<p>Siostra \u0141ucja spisuje cztery Wspomnienia, w kt\u00f3rych wyjawia coraz wi\u0119cej informacji przekazanych przez Matk\u0119 Bo\u017c\u0105.<\/p>\r\n<p>Jak pisze znawca Fatimy, bratFr\u00c3\u00a9reMichel: &#8222;W kilka miesi\u0119cy p\u00f3\u017aniej w swoim Czwartym wspomnieniu [&#8230;], [siostra \u0141ucja] zdecydowa\u0142a si\u0119 odkry\u0107 wi\u0119cej. Powt\u00f3rzy\u0142a prawie s\u0142owo po s\u0142owie tekst z Trzeciego wspomnienia, ale po ko\u0144cowych wyrazach &#8217;<em>i przez pewien czas zapanuje na \u015bwiecie pok\u00f3j<\/em>&#8217; [doda\u0142a] nowe zdanie: &#8217;<em>Em Portugal se conservara sempre o dogma da fe, etc<\/em>.&#8217;, co mo\u017cna przet\u0142umaczy\u0107 jako: 'w<em> Portugalii dogmat wiary b\u0119dzie zawsze zachowany, etc<\/em>&#8217;.&#8221; <a href=\"#_edn3\" name=\"_ednref3\"><\/a><span class=\"MsoEndnoteReference\"><span class=\"MsoEndnoteReference\"><span style=\"font-size: 9.0pt;\" lang=\"PL\">[3]<\/span><\/span><\/span><\/p>\r\n<p>To ko\u0144cowe zdanie jest w\u0142a\u015bnie zapowiedzi\u0105, jakby odkryt\u0105 cz\u0105stk\u0105 Trzeciej Tajemnicy. Wprowadza nas r\u00f3wnie\u017c w Tajemnic\u0119 Trzeciej Tajemnicy.<\/p>\r\n<p>&nbsp;<\/p>\r\n<h4 style=\"margin-left: .25in; text-indent: -.25in;\">2. Papie\u017ce wobec Fatimy<\/h4>\r\n<p>Nadana przez Matk\u0119 Bo\u017c\u0105 szczeg\u00f3lna rola Papie\u017ca w wype\u0142nieniu Jej \u017c\u0105da\u0144, z imiennym po\u015bwi\u0119cenim Rosji Niepokalanemu Sercu Maryi, rozpropagowaniem nabo\u017ce\u0144stw pierwszych pi\u0119ciu sob\u00f3t miesi\u0105ca i codziennego odmawiania r\u00f3\u017ca\u0144ca, sta\u0142a si\u0119 trudnym do realizacji zadaniem. W ci\u0105gu tych 88 lat i si\u00f3dmego ju\u017c pontyfikatu, zamiast spe\u0142nienia tych warunk\u00f3w widzimy coraz bardziej oddalaj\u0105cy si\u0119 cel. Dzisiaj jest on ju\u017c tak odleg\u0142y, \u017ce wydaje si\u0119, i\u017c tylko interwencja z Wysoka jest w stanie zatrz\u0105sn\u0105\u0107 pasterzami i obudzi\u0107 u\u015bpionych wiernych. Dochodzimy do najjaskrawiej ukazanego momentu historii, w kt\u00f3rym eskalacja ludzkich grzech\u00f3w i tocz\u0105ce si\u0119 wojny staj\u0105 wobec obietnicy Matki Bo\u017cej: &#8222;Je\u017celi moje \u017cyczenia zostan\u0105 spe\u0142nione, Rosja nawr\u00f3ci si\u0119 i zapanuje pok\u00f3j.&#8221; Pokoju na \u015bwiecie nie wida\u0107 i nie spodziewajmy si\u0119 go, dop\u00f3ki \u017cyczenia Maryi Panny nie zostan\u0105 wys\u0142uchane. Tylko karko\u0142omne i bezbo\u017cne rozumowanie dopuszcza, i\u017c z dw\u00f3ch mo\u017cliwych wyj\u015b\u0107, pro\u015bba Maryi zosta\u0142a przez wiernych i papie\u017cy spe\u0142niona.<\/p>\r\n<p>Jak to mo\u017cliwe, \u017ce min\u0119\u0142o prawie 90 lat i \u017caden z papie\u017cy nie zdoby\u0142 si\u0119 na skuteczn\u0105 modlitw\u0119 konsekruj\u0105c\u0105? Jak to mo\u017cliwe, \u017ce od tylu lat odrzuca si\u0119 najprostszy i najskuteczniejszy \u015brodek osi\u0105gni\u0119cia pokoju na \u015bwiecie? Odpowiadaj\u0105c na te pytania, spr\u00f3bujmy prze\u015bledzi\u0107 stosunek poszczeg\u00f3lnych pontyfikat\u00f3w do Fatimy.<\/p>\r\n<p>&nbsp;<\/p>\r\n<p><strong>a. Benedykt&nbsp; XV (1914 &#8211; 1922)<\/strong><\/p>\r\n<p>Objawienia w Fatimie mia\u0142y miejsce w trzecim roku pontyfikatu Benedykta XV, w okresie \u015bwiatowych turbulencji i manifestacji maso\u0144sko-komunistycznych si\u0142 z\u0142a. Szalej\u0105ca I Wojna \u015awiatowa, rewolucja pa\u017adziernikowa w Rosji, rewolucja w Meksyku, wzmo\u017cona aktywno\u015b\u0107 l\u00f3\u017c maso\u0144skich &#8211; wszystko to wymaga\u0142o wielkiej uwagi Stolicy Apostolskiej. Benedykt XV jako sprawny dyplomata wielokrotnie podejmowa\u0142 si\u0119 mediacji, wzywa\u0142 do zaprzestania walk, apelowa\u0142 o pok\u00f3j.<\/p>\r\n<p>Niewys\u0142uchany przez walcz\u0105ce mocarstwa, Benedykt XV og\u0142asza 5 maja 1917 roku list pasterski, w kt\u00f3rym wzywa \u015bwiat do nieustaj\u0105cej modlitwy do Serca Jezusowego &#8222;poprzez wstawiennictwo Niepokalanej Dziewicy Maryi&#8221; i dodaje do Litanii Loreta\u0144skiej inwokacj\u0119 &#8222;Kr\u00f3lowo Pokoju, m\u00f3dl si\u0119 za nami&#8221;. Zaledwie w osiem dni p\u00f3\u017aniej Matka Bo\u017ca po raz pierwszy ukazuje si\u0119 pastuszkom w dolinie Cova da Iria, jak gdyby odpowiadaj\u0105c na apel Papie\u017ca s\u0142owami:<\/p>\r\n<p class=\"MsoNormal\" style=\"margin-left: .25in;\">&#8222;Odmawiajcie codziennie R\u00f3\u017caniec, by uzyska\u0107 pok\u00f3j dla \u015bwiata i zako\u0144czenie wojny.&#8221;<\/p>\r\n<p class=\"MsoNormal\" style=\"margin-top: 6.0pt; text-indent: .25in;\">Bardzo symboliczny jest fakt, i\u017c w tym samym momencie kiedy Matka Bo\u017ca ukazuje si\u0119 w Fatimie, papie\u017c Benedykt XV konsekruje w Rzymie biskupa Eugenio Maria Giuseppe Giovanni Pacelli &#8211; przysz\u0142ego papie\u017ca Piusa XII.<\/p>\r\n<p class=\"MsoNormal\" style=\"margin-top: 6.0pt; text-indent: .25in;\">R\u00f3wnie\u017c podczas tego w\u0142a\u015bnie pontyfikatu mia\u0142o miejsce niezwyk\u0142e wydarzenie, znane i opisywane jako &#8222;Cud S\u0142o\u0144ca&#8221; albo &#8222;Taniec S\u0142o\u0144ca&#8221;. Przy sz\u00f3stym Objawieniu Maryi, 13 pa\u017adziernika 1917 roku, nast\u0105pi\u0142o przepowiedziane wcze\u015bniej nadzwyczajne zjawisko poruszania si\u0119 S\u0142o\u0144ca. Trwa\u0142o ono przez dziesi\u0119\u0107 minut i obserwowane by\u0142o przez zgromadzony, oko\u0142o 70-tysi\u0119czny t\u0142um, jak r\u00f3wnie\u017c przez mieszka\u0144c\u00f3w pobliskich wsi i miejscowo\u015bci oddalonych a\u017c do 40 kilometr\u00f3w. Ludzie przez ca\u0142y ten czas wpatrywali si\u0119 w niezwyk\u0142e ruchy S\u0142o\u0144ca, i nie tylko nikt nie ucierpia\u0142 od bezpo\u015bredniego patrzenia na pi\u0119kne i \u0142agodne \u015bwiat\u0142o, ale po zako\u0144czeniu tego cudu, wszyscy zorientowali si\u0119, \u017ce ich mokre od padaj\u0105cego od kilkunastu godzin deszczu ubrania, s\u0105 nieskazitelnie czyste i suche. Wielu obserwator\u00f3w prze\u017cy\u0142o istny szok, wielu niewiernych nawr\u00f3ci\u0142o si\u0119, a bezbo\u017cni musieli przyzna\u0107, \u017ce byli \u015bwiadkami czego\u015b nadzwyczajnego. Jak to uj\u0105\u0142 jeden z maso\u0144skich portugalskich dziennik\u00f3w <em>O Seculo<\/em>: &#8222;S\u0142o\u0144ce zadr\u017ca\u0142o i wykona\u0142o kilka nieprawdopodobnych ruch\u00f3w nie mieszcz\u0105cych si\u0119 w ramach praw kosmosu&#8221;.<\/p>\r\n<p class=\"MsoNormal\" style=\"margin-top: 6.0pt; text-indent: .25in;\">Pontyfikat Benedykta XV trwa\u0142 do pocz\u0105tku 1922 roku i aczkolwiek Papie\u017c nie wypowiedzia\u0142 si\u0119 oficjalnie na temat Fatimy &#8211; cho\u0107 znawcy tematu sugeruj\u0105, \u017ce uczyni\u0142 to delikatnie w li\u015bcie to biskup\u00f3w portugalskich 29 kwietnia 1918 roku &#8211; to interesowa\u0142 si\u0119 Objawieniem. Ju\u017c 17 stycznia 1918 roku ustanowi\u0142 diecezj\u0119 w Fatima-Leiria, a w li\u015bcie do portugalskich biskup\u00f3w m\u00f3wi\u0142 o Objawieniach w Fatimie jako o &#8222;nadzwyczajnej pomocy Matki Bo\u017cej&#8221; .<\/p>\r\n<p class=\"MsoNormal\">Wyra\u017cone przez Matk\u0119 Bo\u017c\u0105 \u017c\u0105danie konsekracji Rosji nie zosta\u0142o jeszcze spisane, zatem nieznane by\u0142o temu pontyfikatowi. Nale\u017cy jednak doda\u0107, \u017ce czasowa zbie\u017cno\u015b\u0107 Objawie\u0144 Fatimskich i ostrze\u017cenia Maryi Panny, z pontyfikatem Benedykta XV nie s\u0105 bez znaczenia: pontyfikat ten da\u0142 si\u0119 pozna\u0107 jako wyra\u017any uk\u0142on w stron\u0119 liberalnego my\u015blenia i odst\u0119pstwo od swego Poprzednika \u015bw. Piusa X.<\/p>\r\n<p class=\"MsoNormal\">&nbsp;<\/p>\r\n<p class=\"MsoNormal\">&nbsp;<\/p>\r\n<p><strong>b. Pius XI (1922 &#8211; 1939)<\/strong><\/p>\r\n<p style=\"text-indent: .25in;\">Podczas objawienia 13 lipca 1917 roku, Naj\u015bwi\u0119tsza Maryja profetycznie wymienia imi\u0119 nast\u0119pnego Papie\u017ca, m\u00f3wi\u0105c: &#8222;Wojna si\u0119 zbli\u017ca ku ko\u0144cowi ale je\u017celi ludzie nie przestan\u0105 obra\u017ca\u0107 Boga, to w czasie pontyfikatu Piusa XI rozpocznie si\u0119 druga wojna [jeszcze] gorsza&#8221;.<\/p>\r\n<p style=\"margin-bottom: .0001pt; text-indent: .25in;\">Obok niezb\u0119dnego nawr\u00f3cenia grzesznik\u00f3w, Matka Bo\u017ca precyzuje \u015brodek zaradczy i oddaje go w r\u0119ce Papie\u017ca. Jest nim bardzo konkretne \u017c\u0105danie konsekracji Rosji, po kt\u00f3rym &#8222;Rosja nawr\u00f3ci si\u0119 i zapanuje pok\u00f3j&#8221;. Podkre\u015blaj\u0105c rol\u0119 Ojca \u015awi\u0119tego w uzyskaniu pokoju na \u015bwiecie, Matka Bo\u017ca trzykrotnie u\u017cywa s\u0142owa &#8222;Ojciec \u015awi\u0119ty&#8221;, m\u00f3wi\u0105c:<\/p>\r\n<p style=\"margin: 0in 0in 5.0pt .25in;\">&nbsp;<\/p>\r\n<p style=\"margin: 0in 0in 5.0pt .25in;\">&#8222;Zbli\u017ca si\u0119 kara na \u015bwiat za liczne jego zbrodnie. B\u0119dzie wojna, g\u0142\u00f3d, prze\u015bladowanie Ko\u015bcio\u0142a i Ojca \u015bw. Aby temu zapobiec, przyb\u0119d\u0119, aby prosi\u0107 o po\u015bwi\u0119cenie Rosji memu Niepokalanemu Sercu i o Komuni\u0119 \u015bw. wynagradzaj\u0105c\u0105 w pierwsze soboty. <a name=\"OLE_LINK1\"><\/a>Je\u017celi moje \u017cyczenia zostan\u0105 spe\u0142nione, Rosja nawr\u00f3ci si\u0119 i zapanuje pok\u00f3j. Je\u017celi nie, bezbo\u017cna propaganda rozszerzy swe b\u0142\u0119dne nauki po \u015bwiecie, wywo\u0142uj\u0105c wojny i prze\u015bladowania Ko\u015bcio\u0142a. Dobrzy b\u0119d\u0105 m\u0119czeni, a Ojciec \u015bw. b\u0119dzie mia\u0142 wiele do cierpienia. R\u00f3\u017cne narody zgin\u0105, na koniec moje Niepokalane Serce zatriumfuje. Ojciec \u015bw. po\u015bwi\u0119ci Rosj\u0119, kt\u00f3ra si\u0119 nawr\u00f3ci i przez pewien czas zapanuje pok\u00f3j na \u015bwiecie. W Portugalii b\u0119dzie zawsze zachowany dogmat wiary&#8230;&#8221;<\/p>\r\n<p style=\"text-indent: .25in;\">Z\u0142o rozlewaj\u0105ce si\u0119 na \u015bwiat by\u0142o wyra\u017anie dostrzegane przez Papie\u017cy. Papie\u017c Pius XI wielokrotnie wypowiada\u0142 si\u0119 przeciwko rewolucjom naruszaj\u0105cym i niszcz\u0105cym porz\u0105dek naturalny, ostro krytykuj\u0105c faszyzm i nazizm (m.in. w Encyklice <em>Mit Brennender Sorge<\/em> -1937), lecz r\u00f3wnie\u017c przeciwstawiaj\u0105c si\u0119 ob\u0142\u0119dej ideologii komunizmu. W przypadku pontyfikatu Piusa XI pot\u0119pienie komunizmu nie nast\u0105pi\u0142o jednak natychmiast, gdy\u017c pierwsze ostre publiczne o\u015bwiadczenie wydane zosta\u0142o dopiero w 1930 roku. Przed tym, \u015bwiat obserwowa\u0142 zaanga\u017cowanie Watykanu w polityk\u0119 mi\u0119dzynarodow\u0105, niejednokrotnie udzielaj\u0105cego poparcia w\u0105tpliwym stronom i interesom. Jednym z przyk\u0142ad\u00f3w jest zaanga\u017cowanie si\u0119 Piusa XI ju\u017c na samym pocz\u0105tku swego pontyfikatu w proces politycznego uznania Zwi\u0105zku Sowieckiego i bolszewickiego rz\u0105du, co mia\u0142o przeogromne reperkusje na zaj\u0119cie stanowiska w tej sprawie innych pa\u0144stw. Watykan pragn\u0105\u0142 uzyska\u0107 jakie\u015b <em>modus vivendi<\/em> z sowieckim rz\u0105dem, lecz \u015bwiadczy\u0142o to bardziej o naiwno\u015bci Watykanu w tej materii i o w\u0105tpliwym doborze doradc\u00f3w<a href=\"#_edn4\" name=\"_ednref4\"><\/a><span class=\"MsoEndnoteReference\"><span class=\"MsoEndnoteReference\"><span style=\"font-size: 9.0pt;\" lang=\"PL\">[4]<\/span><\/span><\/span>. Zdaj\u0105c sobie spraw\u0119 z pope\u0142nionych b\u0142\u0119d\u00f3w, Watykan od lat trzydziestych wzmacnia swe publiczne stanowisko wobec komunizmu.<\/p>\r\n<p style=\"margin-bottom: .0001pt; text-indent: .25in;\">W swej encyklice <em>Divini Redemptoris<\/em> (1937)<a href=\"#_edn5\" name=\"_ednref5\"><\/a><span class=\"MsoEndnoteReference\"><span class=\"MsoEndnoteReference\"><span style=\"font-size: 9.0pt;\" lang=\"PL\">[5]<\/span><\/span><\/span> papie\u017c Pius XI op\u0142akiwa\u0142 &#8222;wszystkie potworno\u015bci komunizmu&#8221; rozpalaj\u0105cego rewolucje w Rosji i w Meksyku oraz &#8222;okrucie\u0144stwa komunizmu w Hiszpanii&#8221;. &#8222;B\u0142\u0119dy Rosji&#8221; &#8211; jak nazywa to Matka Bo\u017ca, czy &#8222;Komunizm [kt\u00f3ry] jest z\u0142y w samej swej istocie&#8221; &#8211; jak okre\u015bla to papie\u017c Pius XI, pochodz\u0105 z systemu, kt\u00f3ry rozpanoszy\u0142 si\u0119 w\u015br\u00f3d narod\u00f3w Zwi\u0105zku Sowieckiego.<\/p>\r\n<p style=\"margin: 6.0pt 0in 5.0pt .25in;\">&#8222;Oskar\u017camy system, jego tw\u00f3rc\u00f3w i propagator\u00f3w, kt\u00f3rzy Rosj\u0119 uznali za najdogodniejszy teren do urzeczywistnienia teorii opracowywanych od dziesi\u0105tk\u00f3w lat, by rozpowszechnia\u0107 je stamt\u0105d po ca\u0142ym \u015bwiecie.&#8221; &#8211; stwierdza Papie\u017c.<\/p>\r\n<p>Ojciec \u015awi\u0119ty dostrzega\u0142 wyra\u017anie, \u017ce bezbo\u017cne idee, kt\u00f3re zalewaj\u0105 \u015bwiat i uwidaczniaj\u0105 sw\u0105 destrukcyjn\u0105 si\u0142\u0119 w postaci ogarniaj\u0105cej wiele kraj\u00f3w krwawej rewolucji, pochodz\u0105 &#8222;z jednego \u017ar\u00f3d\u0142a&#8221; i by\u0142y dzia\u0142aniem &#8222;rozleg\u0142ej organizacji \u015bwiatowej, jak\u0105 jest kierowany z Moskwy komunizm&#8221;.<\/p>\r\n<p>Pius XI zauwa\u017ca\u0142, \u017ce okropno\u015bci, kt\u00f3re dokonywa\u0142y si\u0119 w tamtym czasie w Rosji, Meksyku i Hiszpanii s\u0105 naturalnymi owocami systemu pozbawionego wewn\u0119trznych ogranicze\u0144, bowiem:<\/p>\r\n<p class=\"MsoNormal\" style=\"margin-left: .25in;\">&#8222;Komunizm [..] dopuszcza si\u0119 bezprawia, gdy na miejsce prawa Bo\u017cego, opieraj\u0105cego si\u0119 na niewzruszonych zasadach sprawiedliwo\u015bci i mi\u0142o\u015bci, o\u015bmiela si\u0119 stawia\u0107 sw\u00f3j polityczny program partyjny, zrodzony z ludzkiej samowoli i przesi\u0105kni\u0119ty nienawi\u015bci\u0105&#8221;.[&#8230;]<\/p>\r\n<p class=\"MsoNormal\">Ojciec \u015awi\u0119ty oskar\u017ca r\u00f3wnie\u017c polityk\u00f3w, poniewa\u017c:<\/p>\r\n<p class=\"MsoNormal\" style=\"margin-left: .25in;\">&#8222;Nie by\u0142oby dzi\u015b ani komunizmu, ani socjalizmu, gdyby przyw\u00f3dcy narod\u00f3w nie zlekcewa\u017cyli w przesz\u0142o\u015bci nauki i upomnie\u0144 Ko\u015bcio\u0142a. Chcieli oni na fundamencie liberalizmu i laicyzmu zbudowa\u0107 inne struktury spo\u0142eczne, kt\u00f3re na pierwszy rzut oka wydawa\u0142y si\u0119 wielkie i wspania\u0142e. Wkr\u00f3tce jednak okaza\u0142o si\u0119, \u017ce nie mia\u0142y one trwa\u0142ych podstaw i rozpada\u0142y si\u0119 jedne po drugich, jak \u017ca\u0142o\u015bnie run\u0105\u0107 musi wszystko, co nie opiera si\u0119 na jednym kamieniu w\u0119gielnym &#8211; Chrystusie.&#8221;<\/p>\r\n<p class=\"MsoNormal\">Konkluduj\u0105c, Ojciec \u015awi\u0119ty wzywa wszystkich:<\/p>\r\n<p class=\"MsoNormal\" style=\"margin-left: .25in;\">&#8222;Starajcie si\u0119, Czcigodni Bracia, najusilniej o to, aby wierni nie dali si\u0119 zwie\u015b\u0107. Komunizm jest z\u0142y w samej swej istocie i w \u017cadnej dziedzinie nie mo\u017ce z nim wsp\u00f3\u0142pracowa\u0107 ten, kto pragnie ocali\u0107 cywilizacj\u0119 chrze\u015bcija\u0144sk\u0105.&#8221;<\/p>\r\n<p>Widz\u0105c wyra\u017anie z\u0142o komunizmu i antychrze\u015bcija\u0144skich ideologii, papie\u017c Pius XI wyczuwa\u0142 wielko\u015b\u0107 objawie\u0144 fatimskich. Jednak, tak jak Jego poprzednik, oficjalnie nie wypowiedzia\u0142 si\u0119 o objawieniach, cho\u0107 uznawa\u0142 je, dyskretnie wspiera\u0142 kanoniczny proces i pragn\u0105\u0142 by\u0107 informowany o pracach zwi\u0105zanych z Fatim\u0105. Podczas audiencji 9 stycznia 1929 roku ofiarowa\u0142 uczestnikom delegacji Kolegium Portugalskiego obrazki z wizerunkiem Matki Bo\u017cej Fatimskiej i napisem &#8222;Naj\u0142askawsza Matko, zbaw Portugali\u0119&#8221;, pod koniec tego roku po\u015bwi\u0119ci\u0142 figur\u0119 Matki Bo\u017cej Fatimskiej i ju\u017c w dziesi\u0119\u0107 lat po Objawieniach, 1 pa\u017adziernika 1930 roku wyda\u0142 pozwolenie na pielgrzymki do Fatimy i ustanowi\u0142 specjalne odpusty.<\/p>\r\n<p>Oficjalne zatwierdzenie objawie\u0144 fatimskich mia\u0142o miejsce kr\u00f3tko po kolejnym Objawieniu 13 czerwca 1929 roku kiedy to Matka Bo\u017ca stoj\u0105ca w ob\u0142oku obok Swego Ukrzy\u017cowanego Syna, przekazuje siostrze \u0141ucji, i\u017c &#8222;Przysz\u0142a chwila, w kt\u00f3rej B\u00f3g wzywa Ojca \u015bwi\u0119tego, aby wsp\u00f3lnie z biskupami ca\u0142ego \u015bwiata po\u015bwi\u0119ci\u0142 Rosj\u0119 memu Niepokalanemu Sercu, obiecuj\u0105c j\u0105 uratowa\u0107 [&#8230;].&#8221;<\/p>\r\n<p>13 pa\u017adziernika 1930 roku biskup Jos\u00e9 da Silva, po o\u015bmioletnim wnikliwym procesie kanonicznym, zatwierdzi\u0142 objawienia w Fatimie &#8222;zezwalaj\u0105c oficjalnie na kult Matki Bo\u017cej Fatimskiej&#8221;, a wkr\u00f3tce po tym, 13 maja 1931 roku, biskupi portugalscy po\u015bwi\u0119cili uroczy\u015bcie Portugali\u0119. Na owoce konsekracji nie trzeba by\u0142o d\u0142ugo czeka\u0107: Portugalia prze\u017cywa istny renesans \u017cycia spo\u0142ecznego i religijnego. W ci\u0105gu 10 lat liczba os\u00f3b duchownych powi\u0119ksza si\u0119 czterokrotnie, rozwija si\u0119 radio, prasa katolicka, ko\u0142a nieska\u017conej Akcji Katolickiej rozrastaj\u0105 si\u0119 w ka\u017cdej diecezji i parafii. Nowowybrany katolicki premier Antonio Salazar przemienia kraj skazany wcze\u015bniej przez maso\u0144skie i komunistyczne si\u0142y na zag\u0142ad\u0119; rozwija si\u0119 gospodarka portugalska, normalnieje \u017cycie spo\u0142eczne i polityczne. Dzi\u0119ki zawierzeniu Portugalii Matce Bo\u017cej i wielkiej kampanii modlitewnej i pokutnej ca\u0142ej ludno\u015bci, cudownie zwyci\u0119\u017cone zostaj\u0105 si\u0142y z\u0142a, kt\u00f3re zada\u0142y tyle cierpie\u0144 i uczyni\u0142y tyle spustosze\u0144.<a href=\"#_edn6\" name=\"_ednref6\"><\/a><span class=\"MsoEndnoteReference\"><span class=\"MsoEndnoteReference\"><span style=\"font-size: 9.0pt;\" lang=\"PL\">[6]<\/span><\/span><\/span><\/p>\r\n<p>W 1937 roku siostra \u0141ucja przypomina Papie\u017cowi poprzez swego biskupa Jos\u00e9 da Silva o konieczno\u015bci konsekracji Rosji. Biskup da Silva w li\u015bcie do Papie\u017ca pisze:<\/p>\r\n<p class=\"MsoNormal\" style=\"margin-left: .25in;\">&#8222;Zakonnica prosi mnie, aby poinformowa\u0107 Wasz\u0105 \u015awi\u0105tobliwo\u015b\u0107, \u017ce wed\u0142ug objawienia z nieba, dobry B\u00f3g obiecuje zako\u0144czy\u0107 prze\u015bladowania w Rosji, je\u015bli Wasza \u015awi\u0105tobliwo\u015b\u0107 raczy dokona\u0107 i naka\u017ce to wszystkim biskupom katolickim &#8211; uroczystego i publicznego aktu zado\u015b\u0107uczynienia i po\u015bwi\u0119cenia Rosji Naj\u015bwi\u0119tszym Sercom Jezusa i Maryji oraz zatwierdzi i zaleci praktyk\u0119 wynagradzaj\u0105c\u0105 pierwszych pi\u0119ciu sob\u00f3t miesi\u0105ca .&#8221;<\/p>\r\n<p class=\"MsoNormal\" style=\"margin-top: 6.0pt; text-indent: .25in;\">Niestety, pontyfikat Piusa XI dwukrotnie, w 1930 i 1937 roku &nbsp;&#8211; posiadaj\u0105c ju\u017c pe\u0142n\u0105 wiedz\u0119 i \u015bwiadomo\u015b\u0107 roli Ojca \u015awi\u0119tego w wype\u0142nieniu \u017c\u0105da\u0144 Matki Bo\u017cej &#8211; nie dokona\u0142 konsekracji Rosji.<\/p>\r\n<p>W wyniku wyczerpania organizmu pos\u0142ug\u0105 Ko\u015bcio\u0142owi i walk\u0105 z si\u0142ami z\u0142a, wype\u0142nion\u0105 pro\u015bbami o pok\u00f3j i mediacjami dyplomatycznymi, pontyfikat Piusa XI ko\u0144czy si\u0119 na dwa dni przed przygotowywan\u0105 na 12 lutego 1939 roku kolejn\u0105 odezw\u0105 do \u015bwiata o pok\u00f3j, tym razem szczeg\u00f3lnie adresowan\u0105 do przyw\u00f3dc\u00f3w w\u0142oskich. A ci, tak jak Mussolini, odwr\u00f3ceni od praw Bo\u017cych i szykuj\u0105cy Europie gehenn\u0119, na znak protestu nie z\u0142o\u017cyli Papie\u017cowi nawet honor\u00f3w pogrzebowych&#8230;<\/p>\r\n<p class=\"MsoNormal\" style=\"margin-top: 6.0pt; text-indent: .25in;\">Mimo znacz\u0105cych osi\u0105gni\u0119\u0107 i mimo wspierania oficjalnego zatwierdzenia Objawie\u0144 Fatimskich, pontyfikat Piusa XI nie wype\u0142ni\u0142 pro\u015bby Matki Bo\u017cej o konsekracj\u0119 Rosji. Zadanie to staje si\u0119 tym pilniejsze dla Jego nast\u0119pcy.<\/p>\r\n<p>&nbsp;<\/p>\r\n<p><strong>c. Pius XII (1939 &#8211; 1958)<\/strong><\/p>\r\n<p>W najszybszym konklawe w historii, biskup Eugenio Pacelli wybrany zostaje nowym Papie\u017cem i przybiera na znak ci\u0105g\u0142o\u015bci i respektu do swych poprzednik\u00f3w imi\u0119 Piusa XII. Konsekrowany w dniu objawie\u0144 fatimskich, od pierwszych dni swego pontyfikatu Pius XII zwi\u0105zany jest z Fatim\u0105 i tak zreszt\u0105 sam siebie okre\u015bla, jako &#8222;Papie\u017c Fatimski&#8221;. Niestety, nie zawsze przewa\u017ca pe\u0142ne zrozumienie Przes\u0142ania. Ca\u0142y czas nie wida\u0107 pos\u0142uchu wiernych i wype\u0142nienia \u017c\u0105da\u0144 Matki Bo\u017cej.<\/p>\r\n<p>W marcu 1939 roku sam Chrystus ukazuje si\u0119 siostrze \u0141ucji i po raz kolejny prosi o rozpowszechnienie i ustanowienie pierwszych sob\u00f3t miesi\u0105ca ku czci Niepokalanego Serca Maryi. W czerwcu tego\u017c roku siostra \u0141ucja pisze do swego spowiednika, ojca Aparicio, \u017ce &#8222;B\u00f3g w swym gniewie podniesie Swe Ramiona mi\u0142osierdzia i pozwoli, by \u015bwiat by\u0142 karany. B\u0119dzie to kara jakiej nie by\u0142o w przesz\u0142o\u015bci. Straszna. Straszna&#8221;.W nieca\u0142e trzy miesi\u0105ce p\u00f3\u017aniej Hitler ze Stalinem napadaj\u0105 na Polsk\u0119 i Europ\u0119 ogarnia przepowiedziana, okropna wojna.<\/p>\r\n<p>R\u00f3wno rok po rozpocz\u0119ciu wojny, siostra \u0141ucja pisze kolejny list do Papie\u017ca, przypominaj\u0105c o pro\u015bbie Maryi Panny dotycz\u0105cej konsekracji Rosji Jej Niepokalanemu Sercu. List pozostaje bez odpowiedzi. Wkr\u00f3tce potem, biskup Ferreira z Gurza prosi siostr\u0119 \u0141ucj\u0119 o ponowne napisanie listu do Papie\u017ca, jednak pro\u015bba ta staje si\u0119 dla siostry \u0141ucji k\u0142opotliwa, gdy\u017c sugeruje si\u0119 jej, \u017ce powinna napisa\u0107 o pro\u015bbie konsekracji <em>\u015bwiata<\/em> jedynie ze <em>wspomnieniem<\/em> Rosji. Nie mog\u0105c zmusi\u0107 si\u0119 do takiego zmienienia s\u0142\u00f3w i intencji Maryji, siostra \u0141ucja pisze list z wyra\u017an\u0105 pro\u015bb\u0105 o konsekracj\u0119 Rosji, jednak biskup Ferreira wraz z biskupem da Silva <em>\u017c\u0105daj\u0105<\/em> od siostry \u0141ucji zmiany tre\u015bci listu. Nieco zmieniony list biskupi przerabiaj\u0105 sami raz jeszcze i dopiero w takiej wersji 'list siostry \u0141ucji&#8217; trafia do r\u0105k Papie\u017ca. Z pewno\u015bci\u0105 biskupi dzia\u0142ali w dobrych intencjach widz\u0105c papie\u017ca Piusa XI, kt\u00f3ry dwukrotnie, maj\u0105c ku temu sposobno\u015b\u0107, nie dokona\u0142 konsekracji Rosji oraz sprawuj\u0105cego w\u0142adz\u0119 Piusa XII, kt\u00f3ry nie spieszy\u0142 si\u0119 z tym aktem i s\u0105dzili, i\u017c z\u0142agodzenie warunk\u00f3w konsekracji przybli\u017cy sam\u0105 mo\u017cliwo\u015b\u0107 jej wype\u0142nienia.<\/p>\r\n<p>W sierpniu 1941 roku siostra \u0141ucja ko\u0144czy swoje trzecie Wspomnienie, kt\u00f3re zosta\u0142o po raz pierwszy opublikowane 13 pa\u017adziernika 1942 roku. W tym samym dniu ma miejsce wa\u017cne wydarzenie: Papie\u017c Pius XII w radiowym przem\u00f3wieniu do Portugalczyk\u00f3w zawierza Niepokalanemu Sercu Maryi ca\u0142y \u015bwiat. Niestety, mimo tego wa\u017cnego aktu, Papie\u017c nie wspomina o Rosji, przez co siostra \u0141ucja w rozmowie z biskupem da Silva stwierdza, \u017ce aczkolwiek B\u00f3g aprobuje ten akt, to jednak jest on niewystarczaj\u0105cy i \u017ce konwersja Rosji w jego wyniku nie nast\u0105pi.<\/p>\r\n<p>Pod koniec 1941 roku siostra \u0141ucja pisze swoje czwarte Wspomnienie ko\u0144cz\u0105ce si\u0119 wielce kluczowym zdaniem &#8217;<em>w Portugalii dogmat wiary b\u0119dzie zawsze zachowany, etc<\/em>&#8217;, b\u0119d\u0105ce wprowadzeniem do Trzeciej Tajemnicy.<\/p>\r\n<p>Latem 1943 roku siostra \u0141ucja zapada na ci\u0119\u017ck\u0105, ko\u0144cz\u0105c\u0105 si\u0119 infekcj\u0105 chorob\u0119 i obawiaj\u0105c si\u0119 najgorszego, biskup da Silva nalega na spisanie Trzeciego Sekretu. Siostra \u0141ucja miesi\u0105cami nie jest w stanie wype\u0142ni\u0107 tej pro\u015bby, a przyczyna&nbsp; &#8211; jak twierdzi &#8211; &#8222;nie jest naturalna&#8221;. W pa\u017adzierniku biskup da Silva zamienia wi\u0119c pro\u015bb\u0119 na \u017c\u0105danie. Dnia 2 stycznia 1944 roku Matka Bo\u017ca ponownie objawia si\u0119 siostrze \u0141ucji, co rozwiewa jej w\u0105tpliwo\u015bci dotycz\u0105ce spisania tre\u015bci Trzeciej Tajemnicy. Kl\u0119cz\u0105c przed Naj\u015bwi\u0119tszym Sakramentem w kaplicy klasztoru w Tuy &#8211; w tym samym miejscu gdzie w 1929 roku ukaza\u0142a si\u0119 Matka Bo\u017ca z ukrzy\u017cowanym Chrystusem &#8211; siostra \u0141ucja spisuje Trzeci\u0105 Tajemnic\u0119. W tydzie\u0144 p\u00f3\u017aniej informuje o tym biskupa da Silva: &nbsp;&#8222;Napisa\u0142am to, o co mnie [Wasza Eminencja] prosi\u0142a; B\u00f3g pr\u00f3bowa\u0142 nieco mojej cierpliwo\u015bci, ale oto jest Jego \u017cyczenie: [tre\u015b\u0107] znajduje si\u0119 w zalepionej kopercie, kt\u00f3ra jest w notatnikach.&#8221;<\/p>\r\n<p>Nie zawierzaj\u0105c przygodnym pos\u0142a\u0144com, siostra \u0141ucja czeka a\u017c do sprzyjaj\u0105cej okazji na dostarczenie listu biskupowi da Silva, kt\u00f3ry otrzymuje go dopiero latem 1944 roku. B\u0119d\u0105c ju\u017c w posiadaniu listu i maj\u0105c takie prawo i mo\u017cliwo\u015b\u0107, biskup da Silva nie otworzy\u0142 jednak koperty i do ko\u0144ca \u017cycia nie pozna\u0142 tre\u015bci Trzeciej Tajemnicy. Pr\u00f3bowa\u0142 przekaza\u0107 list Watykanowi, lecz otrzyma\u0142 odpowied\u017a, i\u017c list z Tajemnic\u0105 powierzony w r\u0119ce lokalnego biskupa, powinien tam pozosta\u0107. Biskup da Silva w\u0142o\u017cy\u0142 zatem kopert\u0119 otrzyman\u0105 od siostry \u0141ucji w jeszcze jedn\u0105 kopert\u0119, zalakowa\u0142 zewn\u0119trzn\u0105 kopert\u0119 woskiem i umie\u015bci\u0142 na\u0144 napis:<\/p>\r\n<p class=\"MsoNormal\" style=\"margin-left: .25in; text-indent: .25in;\">&#8222;Koperta ta ze swoj\u0105 zawarto\u015bci\u0105 ma by\u0107 przekazana po mojej \u015bmierci Jego Eminencji Don Manuel, Patriarsze Lizbony. Leiria, 8 grudnia 1945 roku,<\/p>\r\n<p class=\"MsoNormal\" style=\"margin-left: 3.75in; text-indent: .25in;\">Jos\u00e9, biskup Leiria&#8221;<\/p>\r\n<p>&nbsp;<\/p>\r\n<ul type=\"disc\">\r\n\t<li><strong>Pius XII wobec totalitaryzm\u00f3w<\/strong><\/li>\r\n<\/ul>\r\n<p class=\"MsoNormal\" style=\"margin-left: .25in;\">&nbsp;<\/p>\r\n<p>Silny pontyfikat Piusa XII, kt\u00f3ry zacz\u0105\u0142 si\u0119 w najtrudniejszych momentach XX wieku, musia\u0142 sprosta\u0107 wielu, cz\u0119sto wykluczaj\u0105cym si\u0119 elementom zale\u017cno\u015bci mi\u0119dzynarodowych. Wielkim wyzwaniem sta\u0142o si\u0119 zaj\u0119cie stanowiska wobec ataku Hitlera na Zwi\u0105zek Sowiecki. Niemieckie i rosyjskie si\u0142y z\u0142a, kt\u00f3re wsp\u00f3lnie niszczy\u0142y kontynent europejski, por\u00f3\u017cnione stan\u0119\u0142y w 1941 roku naprzeciw siebie i dotychczas do\u015b\u0107 jasny obraz dw\u00f3ch wsp\u00f3\u0142dzia\u0142aj\u0105cych ze sob\u0105 system\u00f3w antyludzkich, zatar\u0142 si\u0119. Wobec tak trudnej sytuacji Pius XII skierowa\u0142 sw\u0105 polityk\u0119 ku umiarkowanej sympatii do nowej ofiary Niemiec, i chocia\u017c nie powinno dopatrywa\u0107 si\u0119 w tym odwr\u00f3cenia pozycji Watykanu przeciwko komunizmowi, to jednak nie s\u0142ycha\u0107 by\u0142o ju\u017c gromkich s\u0142\u00f3w pod adresem systemu, kt\u00f3ry &#8222;jest z\u0142y w samej swej istocie&#8221;. Brn\u0105c obranym kierunkiem politycznego poparcia ofiary Niemiec i wci\u0105gni\u0119ty w diaboliczn\u0105 gr\u0119 &#8222;zachodnich demokracji&#8221;, Pius XII da\u0142 ciche przyzwolenie biskupom ameryka\u0144skim na &#8222;rozwodnienie&#8221; ostrych s\u0142\u00f3w swego poprzednika zawartych w Encyklice <em>Divini Redemptoris<\/em>, co spowodowa\u0142o wycofanie sprzeciwu &#8211; wp\u0142ywowych wtedy &#8211; katolik\u00f3w ameryka\u0144skich i zgod\u0119 Kongresu na udzielenie przez USA pomocy Rosji. O swej polityce Papie\u017c sam stwierdzi\u0142 pisz\u0105c w li\u015bcie do ameryka\u0144skiego ambasadora Myron Tylor:<\/p>\r\n<p class=\"MsoNormal\" style=\"margin-left: .25in; text-indent: .25in;\">&#8222;Na pro\u015bb\u0119 Prezydenta Roosvelta, Watykan odst\u0105pi\u0142 od wszelkich polemik przeciwko re\u017cimowi komunistycznemu, ale ta cisza zawa\u017caj\u0105ca na naszych sumieniach nie zosta\u0142a zrozumiana przez lider\u00f3w sowieckich, kt\u00f3rzy kontynuuj\u0105 prze\u015bladowania Ko\u015bcio\u0142a i wiernych w ZSSR i w krajach okupowanych przez wojska Armii Czerwonej. Niech B\u00f3g sprawi, by pewnego dnia Wolny \u015awiat nie \u017ca\u0142owa\u0142 mego milczenia.&#8221;<a href=\"#_edn7\" name=\"_ednref7\"><\/a><span class=\"MsoEndnoteReference\"><span class=\"MsoEndnoteReference\"><span style=\"font-size: 9.0pt;\" lang=\"PL\">[7]<\/span><\/span><\/span><\/p>\r\n<p>Skutki polityki wycofuj\u0105cej krytyk\u0119 komunizmu, a w ten spos\u00f3b i &#8211; czy to cichego czy te\u017c bardziej jawnego &#8211; poparcia jednej strony, okaza\u0142y si\u0119 w sumie smutne. Rosja nie tylko zwyci\u0119\u017cy\u0142a wojn\u0119, ale rozszerzy\u0142a swe wp\u0142ywy rozlewaj\u0105c b\u0142\u0119dy na kraje Europy \u015brodkowo-wschodniej, kt\u00f3re na lata oddane zosta\u0142y we w\u0142adanie komunistycznej tyranii. Obawy Papie\u017ca spe\u0142ni\u0142y si\u0119 i tzw. Wolny \u015awiat ma prawo \u017ca\u0142owa\u0107 milczenia Piusa XII wobec komunizmu.<a href=\"#_edn8\" name=\"_ednref8\"><\/a><span class=\"MsoEndnoteReference\"><span class=\"MsoEndnoteReference\"><span style=\"font-size: 9.0pt;\" lang=\"PL\">[8]<\/span><\/span><\/span> Mimo zatem wielkich osi\u0105gni\u0119\u0107 pontyfikatu Piusa XII, zrezygnowanie z pryncypi\u00f3w i w\u0142\u0105czenie si\u0119 w w\u0105tpliwe geopolityczne rozgrywki, mo\u017cna uzna\u0107 za Jego s\u0142abo\u015b\u0107. Cho\u0107 zabrzmi to niepoprawnie dla wielu uszu, ale czy\u017c postawa Piusa XII, w sumie kolaboruj\u0105cego z Aliantami &#8211; kt\u00f3rzy niszcz\u0105c z\u0142o nazimu popierali inne, jeszcze wi\u0119ksze z\u0142o: komunizm &#8211; oraz kooperuj\u0105c\u0105 z nimi Rosj\u0105, nie jest odej\u015bciem od jednoznacznych s\u0142\u00f3w Piusa XI ostrzegaj\u0105cego, \u017ce cywilizacja chrze\u015bcija\u0144ska <em>nie mo\u017ce<\/em> by\u0107 ocalona przy kolaboracji z komunizmem? Z pewno\u015bci\u0105 trudno jest jednoznacznie oceni\u0107 pontyfikat Piusa XII, ale wypadkowa Jego dzia\u0142a\u0144 na politycznej scenie okresu wojny w odniesieniu do problemu komunizmu, mo\u017ce by\u0107 uznana za pora\u017ck\u0119.<\/p>\r\n<p>To odej\u015bcie od nazywania rzeczy po imieniu by\u0142o nie tylko wynikiem obrania przez pontyfikat Piusa XII okre\u015blonego kierunku w wielce skomplikowanej sytuacji mi\u0119dzynarodowej, ale i efektem bardzo konkretnych dzia\u0142a\u0144 pewnej wp\u0142ywowej osoby z najbli\u017cszego otoczenia popieskiego w Watykanie, jednego z najbardziej zaufanych wsp\u00f3\u0142pracownik\u00f3w, kt\u00f3ry zwyczajnie zdradzi\u0142 swego prze\u0142o\u017conego. Chodzi oczywi\u015bcie o podsekretarza papie\u017ca Piusa XII, Monsignore Giovanni Battista Montini, czyli przysz\u0142ego papie\u017ca Paw\u0142a VI, kt\u00f3rego destrukcyjne dzia\u0142ania nie omieszkamy przypomnie\u0107 za chwil\u0119.<\/p>\r\n<p>Jak wiemy, II Wojna \u015awiatowa zako\u0144czy\u0142a si\u0119 kl\u0119sk\u0105 jednego z rozpoczynaj\u0105cych t\u0119 wojn\u0119 totalitaryzm\u00f3w i zwyci\u0119stwem drugiego. Powojenny &#8222;Nowy porz\u0105dek \u015bwiatowy&#8221; mia\u0142 by\u0107 zbudowany na podstawie system\u00f3w demokratycznych, kt\u00f3rych wewn\u0119trzna i systemowa s\u0142abo\u015b\u0107 znana jest od czas\u00f3w staro\u017cytnych filozof\u00f3w. Mimo tego, papie\u017c Pius XII przy\u0142\u0105czy\u0142 si\u0119 do umacniania demokracji na \u015bwiecie i razem z innymi przyw\u00f3dcami (Churchillem, Rooseveltem, ale i Stalinem, kt\u00f3ry r\u00f3wnie\u017c g\u0142osi\u0142 demokracj\u0119, cho\u0107 w innym wydaniu), w pewnym stopniu przyczyni\u0142 si\u0119 do powszechnego wprowadzenia systemu b\u0119d\u0105cego \u0142atwiejszym \u0142upem b\u0142\u0119dnych ideologii.<\/p>\r\n<p>A b\u0142\u0119dne idelogie rozwija\u0142y si\u0119 bez umiaru. W powojennej Rosji zintensyfikowa\u0142y si\u0119 prze\u015bladowania resztki katolik\u00f3w &#8211; co czynione by\u0142o, warto o tym pami\u0119ta\u0107 i przypomina\u0107 &#8211; przy pomocy i cz\u0119sto r\u0119kami przyw\u00f3dc\u00f3w 'ko\u015bcio\u0142a&#8217; prawos\u0142awnego, kt\u00f3rego patriarchowie byli zwyk\u0142ymi i pod\u0142ymi agentami KGB. W innych oddanych we w\u0142adanie komunizmu krajach, rozpocz\u0119\u0142y si\u0119 zar\u00f3wno powszechne prze\u015bladowania spo\u0142ecze\u0144stwa, jak i brutalne akcje skierowane przeciwko duchownym katolickim. W\u0142adze na W\u0119grzech aresztowa\u0142y i torturowa\u0142y kardyna\u0142a Mindszenty&#8217;ego. Podobnym represjom &#8211; zako\u0144czonym \u015bmierci\u0105 w wi\u0119zieniu &#8211; poddany zostaje arcybiskup Stepanic w Chorwacji.<\/p>\r\n<p>Odbiegaj\u0105c w tym momencie nieco do g\u0142\u00f3wnego tematu, zahacz\u0119 jeszcze o sytuacj\u0119 w Polsce w powojennym okresie pontyfikatu Piusa XII. W Kraju zaistnia\u0142a bowiem nieco dziwna sytuacja, gdy\u017c kardyna\u0142 Stefan Wyszy\u0144ski wszed\u0142 w robocze porozumienie z w\u0142adzami komunistycznymi, w wyniku czego prze\u015bladowania katolik\u00f3w i przyw\u00f3dc\u00f3w Ko\u015bcio\u0142a w Polsce by\u0142y bardziej umiarkowane ni\u017c w innych krajach okupowanych przez rz\u0105dy komunistyczne. I mo\u017cna by wykrzykn\u0105\u0107: Dzi\u0119ki Bogu stopie\u0144 n\u0119kania by\u0142 mniejszy!. Ale&#8230; Ale fakt pozostaje faktem, \u017ce prowadz\u0105c rozmowy uczyniono to <em>wbrew<\/em> intencjom Piusa XII i poprzednich papie\u017cy. Zaledwie kilkana\u015bcie lat wcze\u015bniej papie\u017c Pius XI wo\u0142a\u0142: &#8222;Komunizm jest z\u0142y w samej swej istocie i w \u017cadnej dziedzinie nie mo\u017ce z nim wsp\u00f3\u0142pracowa\u0107 ten, kto pragnie ocali\u0107 cywilizacj\u0119 chrze\u015bcija\u0144sk\u0105&#8221;, a tutaj, na oczach Piusa XII nast\u0119powa\u0142a w Polsce jaka\u015b umowa pomi\u0119dzy komunistami a Ko\u015bcio\u0142em, zamazuj\u0105ca r\u00f3\u017cnice i wprowadzaj\u0105ca relatywizm w odbiorze rzeczywisto\u015bci. Umowa ta wp\u0142yn\u0119\u0142a na kszta\u0142towanie si\u0119 ca\u0142ych pokole\u0144 Polak\u00f3w w Kraju &#8211; a\u017c po dzi\u015b dzie\u0144 &#8211; i w\u0142a\u015bnie w takiej atmosferze wzrasta\u0142a \u015bwiadomo\u015b\u0107 katolik\u00f3w, kt\u00f3rym dane by\u0142o skupia\u0107 si\u0119 jedynie wok\u00f3\u0142 takich twor\u00f3w neokatolicyzmu jak <em>Znak<\/em>, <em>Pax, Tygodnik Powszechny<\/em> czy ko\u0142a <em>KiKu<\/em>. A twory te nadawa\u0142y ton ca\u0142emu Ko\u015bcio\u0142owi w Polsce, razem ze wzrastaj\u0105cymi na znaczeniu modernistycznymi nurtami reprezentowanymi przez biskupa, a p\u00f3\u017aniej kardyna\u0142a Karola Wojty\u0142\u0119, kt\u00f3ry w\u0142a\u015bnie te i tylko te instytucje wspiera\u0142.<\/p>\r\n<p>By\u0107 mo\u017ce wyci\u0105gaj\u0105c wnioski ze swego stanowiska z lat wojny, a tak\u017ce widz\u0105c poczynania niekt\u00f3rych biskup\u00f3w polskich, Papie\u017c Pius XII ju\u017c po wojnie nawo\u0142ywa\u0142, aby nie zadawa\u0107 si\u0119 z komunizmem nawet &#8222;z samego szacunku dla nazwy Chrze\u015bcija\u0144stwa&#8221;, a dialogi z komunizmem i&nbsp; &#8222;[takie] taktyki powinny zosta\u0107 zaprzestane, poniewa\u017c &#8211; tak jak ostrzegali Aposto\u0142owie &#8211; jest rzecz\u0105 niedorzeczn\u0105 aby przy jednym stole zasiada\u0142 B\u00f3g i Jego wrogowie.&#8221; Mimo tego, kardyna\u0142 Wyszy\u0144ski, a p\u00f3\u017aniej w jeszcze wi\u0119kszym stopniu kardyna\u0142 Wojty\u0142a, wsp\u00f3\u0142pracowali z tw\u00f3rcami i realizatorami re\u017cimu. Dok\u0142adnie dlatego Watykan spogl\u0105da\u0142 w tamtych latach na poczynania przyw\u00f3dc\u00f3w Ko\u015bcio\u0142a w Polsce z zak\u0142opotaniem i podejrzliwo\u015bci\u0105. Wkr\u00f3tce mia\u0142o si\u0119 to jednak zmieni\u0107: podejrzane dzia\u0142ania sta\u0142y si\u0119 wzorem do na\u015bladowania, s\u0142abo\u015bci sta\u0142y si\u0119 cnotami, gdy zainicjowane przez papie\u017ca Jana XXIII przemiany nada\u0142y nurtom neomodernistycznym w Ko\u015bciele decyduj\u0105ce znaczenie.<\/p>\r\n<p>&nbsp;<\/p>\r\n<ul type=\"disc\">\r\n\t<li><strong>Pr\u00f3by Piusa XII wype\u0142nienia \u017c\u0105da\u0144 Fatimskich i przeciwnicy Przes\u0142ania<\/strong><\/li>\r\n<\/ul>\r\n<p>W pocz\u0105tkowym okresie powojennym &#8222;Papie\u017c Fatimski&#8221; umacnia\u0142 swe oddanie Matce Bo\u017cej. W 1949 roku zaaprobowa\u0142 rozpocz\u0119cie prac nad zbieraniem materia\u0142\u00f3w do procesu beatyfikacyjnego Franciszka i Hiacynty, a b\u0142ogos\u0142awi\u0105c dzia\u0142aniom <em>B\u0142\u0119kitnej Armii NMP<\/em>, organizacji propaguj\u0105cej Przes\u0142anie Fatimskie powiedzia\u0142, \u017ce &#8222;Okres w\u0105tpliwo\u015bci wobec Fatimy ju\u017c min\u0105\u0142. Nadszed\u0142 czas na dzia\u0142anie.&#8221;<\/p>\r\n<p>W sierpniu 1950 roku Pius XII wydaje wielk\u0105 Encyklik\u0119 <em>Humani Generis<\/em> b\u0119d\u0105c\u0105 kolejnym ostrze\u017ceniem przeciwko wzrastaj\u0105cym podsk\u00f3rnie w Ko\u015bciele nurtom neomodernistycznym i coraz jawniej podnosz\u0105cym g\u0142ow\u0119 teologom herezji. Wkr\u00f3tce po tym, w \u015bwi\u0119to Wszystkich \u015awi\u0119tych Ko\u015bci\u00f3\u0142 prze\u017cywa wielkie wydarzenie og\u0142oszenia dogmatu Wniebowzi\u0119cia Naj\u015bwi\u0119tszej Maryi Panny.<\/p>\r\n<p>\u015awiat oczekiwa\u0142 teraz od Papie\u017ca wype\u0142nienia \u017c\u0105da\u0144 Matki Bo\u017cej i konsekracji Rosji. Pius XII odnawia wi\u0119c akt po\u015bwiecenia Niepokalanemu Sercu Maryji, wydaj\u0105c 7 lipca 1952 roku list <em> Sacro vergente anno<\/em>, w kt\u00f3rym pad\u0142y s\u0142owa: &#8222;po\u015bwi\u0119camy ca\u0142y rodzaj ludzki Niepokalanemu Sercu Dziewicy Matki Boga, tym razem tak\u017ce, w szczeg\u00f3lny spos\u00f3b, oddaj\u0105c i po\u015bwi\u0119caj\u0105c wszystkie narody Rosji Jej Niepokalanemu Sercu.&#8221;<\/p>\r\n<p>I cho\u0107 Rosja wymieniona zosta\u0142a po raz pierwszy w modlitwach papieskich, to konsekracja z 1952 roku, tak jak i poprzednia sprzed 10 lat, nie stanowi\u0142a wype\u0142nienia \u017c\u0105da\u0144 Matki Bo\u017cej, co siostra \u0141ucja od razu wskaza\u0142a w prywatnej korespondecji.<\/p>\r\n<p>Akt po\u015bwi\u0119cenia dokonany w takiej formie i w taki spos\u00f3b nie stanowi\u0142 wype\u0142nienia warunk\u00f3w konsekracji z czterech powod\u00f3w: 1. Matka Bo\u017ca \u017c\u0105da\u0142a wymienienia <em>jedynie<\/em> Rosji, a nie umieszczenia jej obok ca\u0142ego \u015bwiata, wszystkich narod\u00f3w czy rodzaju ludzkiego; 2. W modlitw\u0119 konsekracyjn\u0105 nie w\u0142\u0105czyli si\u0119 biskupi, a wynika\u0142o to z tej prostej przyczyny, \u017ce nie zostali do tego przez papie\u017ca zaproszeni; 3. Konsekracja sformu\u0142owana zosta\u0142a zbyt og\u00f3lnikowo i nie zawiera\u0142a niezb\u0119dnego wo\u0142ania o powr\u00f3t do Jedynego Prawdziwego Ko\u015bcio\u0142a, wo\u0142ania skierowanego do 'ko\u015bcio\u0142a&#8217; prawos\u0142awnego o nawr\u00f3cenie z drogi schizmy; 4. Nie wymieniono w akcie konsekracyjnym pierwszych sob\u00f3t miesi\u0105ca jako przykazanych \u015brodk\u00f3w na zado\u015b\u0107uczynienie.<\/p>\r\n<p>Mimo swych brak\u00f3w, list konsekracyjny <em>Sacro vergente anno<\/em> stan\u0105\u0142 zbyt blisko wype\u0142nienia \u017c\u0105da\u0144 Matki Bo\u017cej i z tego powodu neomodernistyczy establishment poczu\u0142 si\u0119 zagro\u017cony. Stwierdza o tym austriacki Jezuita, ojciec Jos\u00e9ph Schweigl po powrocie z Portugalii gdzie przeprowadza\u0142 rozmowy z siostr\u0105 \u0141ucj\u0105 jako specjalny wys\u0142annik Piusa XII<a href=\"#_edn9\" name=\"_ednref9\"><\/a><span class=\"MsoEndnoteReference\"><span class=\"MsoEndnoteReference\"><span style=\"font-size: 9.0pt;\" lang=\"PL\">[9]<\/span><\/span><\/span>, pisz\u0105c: &#8222;wiele \u015brodowisk jest przeciwnych mo\u017cliwo\u015bci takiej konsekracji&#8221;.<\/p>\r\n<p>W tym momencie warto skupi\u0107 si\u0119 nad tym problemem i przypomnie\u0107 kto sta\u0142 w szeregach podkopuj\u0105cych mury Ko\u015bcio\u0142a.<\/p>\r\n<p>Obok oczywistych i znanych wrog\u00f3w (masoneria, komuni\u015bci), kt\u00f3rzy atakuj\u0105c z zewn\u0105trz nie zaniedbywali stopniowego przenikania do wn\u0119trza Ko\u015bcio\u0142a, wiod\u0105c\u0105 rol\u0119 w samym Ko\u015bciele odgrywali rozszerzaj\u0105cy swe wp\u0142ywy neomodernistyczni teologowie, duchowni i hierarchowie. Pierwszym neomodernistycznym 'ekspertem Fatimy&#8217; by\u0142 flamandzki Jezuita Edouard Dhanis &#8211; mierny analityk i jeszcze s\u0142abszy znawca zagadnie\u0144 Maryjnych. Jego pierwsza, wydana ju\u017c w 1945 roku ksi\u0105\u017cka pt <em>O Objawieniach i Sekrecie Fatimskim: Uwagi krytyczne<\/em>, rozgranicza Objawienia na dwa etapy: 'Fatim\u0119 I&#8217; obejmuj\u0105c\u0105 Objawienia 1917 roku, kt\u00f3re &#8211; wed\u0142ug Dhahisa &#8211; <em>mog\u0105<\/em> (jedynie: &#8222;mog\u0105&#8221;) by\u0107 uznane za autentyczne, i 'Fatim\u0119 II&#8217; obejmuj\u0105c\u0105 Objawienia siostry \u0141ucji przekazane w jej pami\u0119tnikach i Wspomnieniach, kt\u00f3re maj\u0105 by\u0107 niczym innym tylko jej osobistymi wymys\u0142ami. Atakuj\u0105c siostr\u0119 \u0141ucj\u0119 ojciec Dhanis nie przebiera\u0142 w s\u0142owach, nazywaj\u0105c Objawienia &#8222;nie\u015bwiadomymi wymys\u0142ami&#8221; czy wr\u0119cz &#8222;halucynacjami&#8221;. Stosuj\u0105c tak jednoznaczne okre\u015blenia ojciec Dhanis nie tylko nie zadba\u0142 o udowodnienie swoich tez, ale prace pisa\u0142 na podstawie bardzo ubogich materia\u0142\u00f3w \u017ar\u00f3d\u0142owych i <span style=\"text-decoration: underline;\">ani razu<\/span> nie spotka\u0142 si\u0119 z siostr\u0105 \u0141ucj\u0105 (w przeciwie\u0144stwie do innych wybitnych znawc\u00f3w zagadnienia).<\/p>\r\n<p>Nienawidz\u0105c Przes\u0142ania Maryjnego, a tym samym zatrzymania rozlewaj\u0105cych si\u0119 na \u015bwiat b\u0142\u0119d\u00f3w Rosji, na kr\u00f3tko przed og\u0142oszeniem listu papieskiego <em>Sacro vergente anno<\/em>, ojciec Dhanis pisa\u0142 do Ojca \u015awi\u0119tego, \u017ce &#8222;praktycznie niemo\u017cliwe jest dokonanie takiej konsekracji&#8221; bez zgody w\u0142adz sowieckich i 'ko\u015bcio\u0142a&#8217; prawos\u0142awnego. Ojciec Dhanis sta\u0142 si\u0119 wi\u0119c przyk\u0142adem prominentnych postaci wewn\u0105trz Ko\u015bcio\u0142a, postaci pozbawionych wiary w Przes\u0142anie Maryjne, wykazuj\u0105cych charakterystyczne sympatie do systemu sowieckiego oraz cechuj\u0105cych si\u0119 zaawansowan\u0105 alergi\u0105 do Tradycji Ko\u015bcio\u0142a.<\/p>\r\n<p>O alergii tej \u015bwiadczy fakt, i\u017c obok swego zainteresowania Fatim\u0105, ojciec Dhanis 'zas\u0142yn\u0105\u0142&#8217; r\u00f3wnie\u017c wk\u0142adem w prace nad tzw. Katechizmem Holenderskim (<em>De Nieuwe Katechismus<\/em>) &nbsp;wydanym w Utrechcie w 1966 roku, kt\u00f3ry (obok powsta\u0142ego w tym samym czasie tzw. Katechizmu Francuskiego &#8211; oba jako owoce teologii nowego posoborowego Ko\u015bcio\u0142a), jak celnie uj\u0105\u0142 to ks. prof. Micha\u0142 Poradowski:<\/p>\r\n<p class=\"MsoNormal\" style=\"margin-left: .25in;\">&#8222;Neguje istnienie anio\u0142\u00f3w, diab\u0142a, sakramentu kap\u0142a\u0144stwa, rzeczywistej obecno\u015bci Chrystusa Pana w Eucharystii, a przede wszystkim dw\u00f3ch natur: boskiej i ludzkiej w osobie Chrystusa Pana. Katechizm francuski, zwany <em>Pierres vivantes <\/em>(1982), oczywi\u015bcie bez aprobaty Stolicy Apostolskiej, jest ca\u0142kowicie ze\u015bwiecczony: Matka Bo\u017ca jest zwyk\u0142\u0105 Maryj\u0105; Zmartwychwstanie Chrystusa Pana jest tylko &#8222;prze\u017cyciem&#8221; wsp\u00f3lnoty chrze\u015bcija\u0144skiej w Jerozolimie; Wniebowst\u0105pienie jest tylko &#8222;obrazem alegorycznym&#8221;; Eucharystia jest tylko wspomnieniem Ostatniej Wieczerzy, itd.&#8221;<span class=\"MsoEndnoteReference\"> <a href=\"#_edn10\" name=\"_ednref10\"><\/a><span class=\"MsoEndnoteReference\"><span style=\"font-size: 9.0pt;\" lang=\"PL\">[10]<\/span><\/span><\/span><\/p>\r\n<p>Nic dziwnego, \u017ce takie podej\u015bcie do Ko\u015bcio\u0142a i Objawienia Fatiskiego umo\u017cliwi\u0142o Dhanisowi zrobienie szybkiej kariery &#8211; oczywi\u015bcie po \u015bmierci Piusa XII i przy wielkim poparciu neomodernist\u00f3w. Jednym z por\u0119czycieli by\u0142 Monsignore Montini, przysz\u0142y papie\u017c Pawe\u0142 VI. Tak wi\u0119c ju\u017c w 1962 roku ojciec Dhanis zostaje konsultorem \u015awi\u0119tego Oficjum (alergia do Tradycji si\u0119ga nawet nazewnictwa: \u015awi\u0119te Oficjum przemienione zosta\u0142o przez papie\u017ca Paw\u0142a VI w 1965 roku na 'Kongregacj\u0119 Nauki Wiary&#8217;), w rok p\u00f3\u017aniej zostaje rektorem presti\u017cowego Uniwersytetu Gregoria\u0144skiego, podczas obrad Soboru Watyka\u0144skiego II zostaje doradc\u0105 (<em>Peritus<\/em>) i cz\u0142onkiem soborowej Komisji Teologicznej, a w 1967 roku Pawe\u0142 VI mianuje go specjalnym sekretarzem pierwszego Synodu Biskup\u00f3w.<\/p>\r\n<p>Przeskakuj\u0105c nieco w czasie, widzimy na jakich to podstawach i cytuj\u0105c jakich teolog\u00f3w opiera si\u0119 og\u0142oszony przez Watykan w 2000 roku tekst, przedstawiany jako 'Trzecia Tajemnica Fatimska&#8217;, je\u015bli <span style=\"text-decoration: underline;\">jedynym<\/span> ekspertem, kt\u00f3rego wspomniano by\u0142 w\u0142a\u015bnie ojciec Eduard Dhanis. Kardyna\u0142 Jos\u00e9ph Ratzinger nazywa w Komentarzu Teologicznym ojca Dhanisa &#8222;wybitnym znawc\u0105 tego [Fatimy] zagadnienia&#8221;.<\/p>\r\n<p>Brak wiary w Objawienie Fatimskie jest bezpo\u015brednim wynikiem przyj\u0119cia pewnej filozofii propagowanej przez neomodernistycznych my\u015blicieli. Jednym z przyjaci\u00f3\u0142 ojca Dhanisa by\u0142 Monsignor Montini, a obaj byli wielbicielami francuskiego teologa, profesora Jacques&#8217;a Maritain, maj\u0105cego swymi pracami wielki wp\u0142yw na ludzi Ko\u015bcio\u0142a w XX wieku. &#8222;Jestem uczniem [wyznawc\u0105] Maritain i b\u0119d\u0119 nazywa\u0142 go moim nauczycielem [Mistrzem]&#8221; &#8211; g\u0142osi\u0142 Monsignore Montini ju\u017c jako papie\u017c Pawe\u0142 VI.<\/p>\r\n<p>Maritain, pisz\u0105c quasiortodoksyjne prace, w g\u0142\u0119bi serca zaprzecza\u0142 dogmatom, np. wiecznej karze piek\u0142a (z kt\u00f3rego, wed\u0142ug niego, na ko\u0144cu i sam Szatan mia\u0142by by\u0107 'wybawiony&#8217;)<a href=\"#_edn11\" name=\"_ednref11\"><\/a><span class=\"MsoEndnoteReference\"><span class=\"MsoEndnoteReference\"><span style=\"font-size: 9.0pt;\" lang=\"PL\">[11]<\/span><\/span><\/span>, czy te\u017c &#8211; jak podchwyci\u0142 to ameryka\u0144ski teolog-dysydent ojciec John Courtney Murray &#8211; zgadza\u0142 si\u0119 ze zburzeniem dogmatu <em>Extra Ecclesia nulla est salus<\/em> &#8222;Nie ma zbawienia poza Ko\u015bcio\u0142em&#8221; i zast\u0105pienie go 'bardziej demokratycznym&#8217; &#8211; &#8222;Nie ma zbawienia poza Prawd\u0105&#8221;, co sta\u0142o si\u0119 etapem do w\u0142o\u017cenia Ko\u015bcio\u0142a w worek innych religii, kt\u00f3re te\u017c przecie\u017c chc\u0105 posiada\u0107 &#8222;Prawd\u0119&#8221;. Sympatyk &#8222;czerwonych ruch\u00f3w chrze\u015bcija\u0144skich&#8221; we Francji, &#8222;ksi\u0119\u017cy-robotnik\u00f3w&#8221; i ca\u0142ego powojennego nurtu chrze\u015bcija\u0144skich-demokrat\u00f3w &#8211; b\u0119d\u0105cego narz\u0119dziem wykorzystania chrze\u015bcija\u0144stwa do wprowadzania liberalizmu jako nowego systemu spo\u0142ecznego &#8211; Maritain widzia\u0142 rozwi\u0105zanie problem\u00f3w wsp\u00f3\u0142czesnego \u015bwiata w kreatywno\u015bci Cz\u0142owieka. Epatowa\u0142 si\u0119 wielko\u015bci\u0105 Cz\u0142owieka, kt\u00f3ry sam poradzi sobie ze swoimi problemami jako jednostka, grupa spo\u0142eczna czy rasa ludzka. Jako intelektualny promotor procesu &#8222;demokratyzacji Ko\u015bcio\u0142a&#8221;, zyska\u0142 sobie dodatkowych wielbicieli u posoborowych specjalist\u00f3w od liberalizacji czyli demonta\u017cu Ko\u015bcio\u0142a. &#8222;Humanizm!&#8221;, czy te\u017c &#8222;Humanizm Chrze\u015bcija\u0144ski!&#8221; &#8211; oto has\u0142a Maritain i tym samym posoborowego Ko\u015bcio\u0142a. To r\u00f3wnie\u017c robocze motto i ostatniego pontyfikatu, do czego jeszcze dojdziemy.<\/p>\r\n<p>&nbsp;<\/p>\r\n<ul type=\"disc\">\r\n\t<li><strong>&#8222;Nie p\u00f3\u017aniej ni\u017c w 1960 roku&#8221;<\/strong><\/li>\r\n<\/ul>\r\n<p>Zdaj\u0105c sobie z pewno\u015bci\u0105 spraw\u0119 z niepe\u0142nej konsekracji dokonanej w lipcu 1952 roku, Papie\u017c Pius XII wysy\u0142a kardyna\u0142a Alfredo Ottaviani, Prefekta \u015awi\u0119tego Oficjum do klasztoru w Coimbra celem przeprowadzenia rozm\u00f3w z siostr\u0105 \u0141ucj\u0105. Rozmowa przeprowadzona 17 maja 1955 dotyczy\u0142a g\u0142\u00f3wnie Trzeciej Tajemnicy, a na pytanie Kardyna\u0142a kiedy Trzecia Tajemnica powinna zosta\u0107 ujawniona, siostra \u0141ucja powiedzia\u0142a, \u017ce &#8222;nie p\u00f3\u017aniej ni\u017c w 1960 roku&#8221;. Kardyna\u0142 Ottaviani spyta\u0142 si\u0119 dlaczego w\u0142a\u015bnie wtedy, na co siostra \u0141ucja odpowiedzia\u0142a: &#8222;Poniewa\u017c wtedy b\u0119dzie to ja\u015bniejsze&#8221; (portug. <em>mais claro<\/em>). Gdy kard. Ottviani nalega\u0142 na wyja\u015bnienie dlaczego mamy czeka\u0107 do 1960 roku, uzyska\u0142 odpowied\u017a: &#8222;Poniewa\u017c Naj\u015bwi\u0119tsza Dziewica tego sobie \u017cyczy&#8221;.<a href=\"#_edn12\" name=\"_ednref12\"><\/a><span class=\"MsoEndnoteReference\"><span class=\"MsoEndnoteReference\"><span style=\"font-size: 9.0pt;\" lang=\"PL\">[12]<\/span><\/span><\/span><\/p>\r\n<p>Trzeba pami\u0119ta\u0107, \u017ce rok 1960 by\u0142 wielokrotnie przywo\u0142ywany przez siostr\u0119 \u0141ucj\u0119 jako ostatni termin ujawnienia Trzeciej Tajemnicy. Zaraz po przekazaniu Tajemnicy biskupowi da Silva w 1944 roku i po przekonaniu si\u0119, \u017ce nie zamierza on jej przeczyta\u0107 (&#8222;Nie jest moim obowi\u0105zkiem w\u0142\u0105czanie si\u0119 w t\u0119 spraw\u0119. Sekret Nieba nie jest dla mnie i nie zamierzam obci\u0105\u017ca\u0107 siebie tak\u0105 odpowiedzialno\u015bci\u0105&#8221;<a href=\"#_edn13\" name=\"_ednref13\"><\/a><span class=\"MsoEndnoteReference\"><span class=\"MsoEndnoteReference\"><span style=\"font-size: 9.0pt;\" lang=\"PL\">[13]<\/span><\/span><\/span>), siostra \u0141ucja wymog\u0142a przyrzeczenie, by koperta z Sekretem by\u0142a &#8211; jak wspomina ksi\u0105dz kanonik Galamba &#8211; &#8222;definitywnie otwarta oraz [tre\u015b\u0107] przeczytana dla \u015bwiata, albo w momencie jej [siostry \u0141ucji] \u015bmierci, albo w 1960 roku, kt\u00f3rekolwiek nast\u0105pi wcze\u015bniej.&#8221;<\/p>\r\n<p>Podobnie Patriarcha Portugalii, kardyna\u0142 Carejeira respektuj\u0105c \u017cyczenia Matki Bo\u017cej publicznie przyrzek\u0142 w 1945 roku, i\u017c koperta z Sekretem &#8222;b\u0119dzie otwarta w 1960 roku&#8221;. W miar\u0119 zbli\u017cania si\u0119 tej daty, \u015bwiat oczekiwa\u0142 ujawnienia Trzeciego Sekretu. Niestety, nie doczeka\u0142 si\u0119.<\/p>\r\n<p>Prze\u0142omowy rok 1960 poprzedzony zosta\u0142 zwrotem Watykanu w stosunku do Objawienia a szczeg\u00f3lnie Trzeciego Sekretu. Je\u015bli nawet w 1955, a tym bardziej w 1944 roku Watykan nie wyra\u017ca\u0142 zainteresowania posiadaniem koperty z Sekretem, tak z pocz\u0105tkiem 1957 roku \u015awi\u0119te Oficjum za\u017c\u0105da\u0142o przekazania wszystkich notatek siostry \u0141ucji, a &#8222;przede wszystkim Tajemnic\u0119&#8221;. Nieznane s\u0105 jeszcze dzisiaj wszystkie dokumenty dotycz\u0105ce motyw\u00f3w tego zwrotu, ale mo\u017cna niemal mie\u0107 pewno\u015b\u0107, i\u017c Watykan chcia\u0142 po prostu przej\u0105\u0107 w swoje r\u0119ce kontrol\u0119 nad ujawnieniem Sekretu i zapobiec ujawnieniu go przez biskup\u00f3w portugalskich<a href=\"#_edn14\" name=\"_ednref14\"><\/a><span class=\"MsoEndnoteReference\"><span class=\"MsoEndnoteReference\"><span style=\"font-size: 9.0pt;\" lang=\"PL\">[14]<\/span><\/span><\/span>.<\/p>\r\n<p>Gdy Watykan poprzez nuncjusza papieskiego w Lizbonie Monsignore Cento za\u017c\u0105da\u0142 przekazania Sekretu, biskup da Silva zleci\u0142 ten proces swemu pomocnikowi, biskupowi Joao Venancio. Po dwukrotnym odm\u00f3wieniu przez biskupa da Silva przeczytania Sekretu, biskup Vanancio, kiedy by\u0142 sam, wzi\u0105\u0142 zalakowan\u0105 kopert\u0119 pod silne \u015bwiat\u0142o \u017car\u00f3wki i, jak stwierdza bp da Silva:<\/p>\r\n<p class=\"MsoNormal\" style=\"text-indent: .25in; margin: 6.0pt 0in .0001pt .25in;\">&#8222;W du\u017cej kopercie biskupa [da Silva] zobaczy\u0142 mniejsz\u0105 kopert\u0119 siostry \u0141ucji, a wewn\u0105trz tej [mniejszej] koperty zwyk\u0142\u0105 kartk\u0119 papieru z marginesami po obu stronach wielko\u015bci \u00be centymetra. Zada\u0142 sobie trud zapisania wymiar\u00f3w wszystkiego. Zatem [wiemy, \u017ce], ostatnia cz\u0119\u015b\u0107 Tajemnicy Fatimskiej zosta\u0142a zapisana na ma\u0142ej kartce papieru.&#8221;<a href=\"#_edn15\" name=\"_ednref15\"><\/a><span class=\"MsoEndnoteReference\"><span class=\"MsoEndnoteReference\"><span style=\"font-size: 9.0pt;\" lang=\"PL\">[15]<\/span><\/span><\/span><\/p>\r\n<p>Przypomnienie tego zapisku jest niezwykle istotne, gdy\u017c &#8211; wraz z innymi dokumentami, do kt\u00f3rych jeszcze dojdziemy &#8211; pokazuje, i\u017c Trzecia Tajemnica zapisana zosta\u0142a na <em>jednej ma\u0142ej kartce papieru<\/em>, co k\u0142\u00f3ci si\u0119 z ujawnion\u0105 przez Watykan w 2000 roku 'Trzeci\u0105 Tajemnic\u0105&#8217;, kt\u00f3rej tre\u015b\u0107 mie\u015bci si\u0119 a\u017c na czterech stronach<a href=\"#_edn16\" name=\"_ednref16\"><\/a><span class=\"MsoEndnoteReference\"><span class=\"MsoEndnoteReference\"><span style=\"font-size: 9.0pt;\" lang=\"PL\">[16]<\/span><\/span><\/span>.<\/p>\r\n<p>Wkr\u00f3tce po tym, biskup Venancio osobi\u015bcie dostarczy\u0142 zapiski siostry \u0141ucji nuncjuszowi papieskiemu w Lizbonie, kt\u00f3re dotar\u0142y do Watykanu 16 kwietnia 1957 roku i przekazane zosta\u0142y bezpo\u015brednio Piusowi XII. Papie\u017c umie\u015bci\u0142 kopert\u0119 i zapiski w ma\u0142ym drewnianym sejfie swego apartamentu. Wszelkie dotychczas znane informacje wskazuj\u0105, \u017ce do tego sejfu nosz\u0105cego napis <em>Secretum Sancti Officii (&#8217;Tajemnica \u015awi\u0119tego Oficjum&#8217;)<\/em>, Pius XII po Sekret nigdy nie si\u0119gn\u0105\u0142 i nigdy go nie pozna\u0142<a href=\"#_edn17\" name=\"_ednref17\"><\/a><span class=\"MsoEndnoteReference\"><span class=\"MsoEndnoteReference\"><span style=\"font-size: 9.0pt;\" lang=\"PL\">[17]<\/span><\/span><\/span>.<\/p>\r\n<p>Pod koniec swego pontyfikatu Pius XII rzadko wypowiada\u0142 si\u0119 o Fatimie, a siostra \u0141ucja czeka\u0142a, niecierpliwie czeka\u0142a na spe\u0142nienie \u017c\u0105da\u0144 Matki Bo\u017cej przez Ojca \u015awi\u0119tego. Czeka\u0142a przede wszystkim sama Matka Bo\u017ca i Jej Syn.<\/p>\r\n<p>&nbsp;<\/p>\r\n<ul type=\"disc\">\r\n\t<li><strong>Tymczasem w Tuy&#8230;<\/strong><\/li>\r\n<\/ul>\r\n<p>Tymczasem w klasztorze w Tuy 26 grudnia 1957 roku meksyka\u0144ski ksi\u0105dz Augustine Fuentes przeprowadzi\u0142 rozmowy z siostr\u0105 \u0141ucj\u0105<a href=\"#_edn18\" name=\"_ednref18\"><\/a><span class=\"MsoEndnoteReference\"><span class=\"MsoEndnoteReference\"><span style=\"font-size: 9.0pt;\" lang=\"PL\">[18]<\/span><\/span><\/span>. Ksi\u0105dz Fuentes przygotowuj\u0105cy si\u0119 do procesu beatyfikacyjnego pastuszk\u00f3w fatimskich Hiacynty i Franciszka jako postulator tego procesu mia\u0142 okazj\u0119 przeprowadzenia swobodnej (i najd\u0142u\u017cszej z przeprowadzonych przez kogokolwiek) rozmowy z siostr\u0105 \u0141ucj\u0105. W nieca\u0142y rok p\u00f3\u017aniej na konferencji w domu misyjnym w Guadelupe przekaza\u0142 wypowiedziane podczas spotkania s\u0142owa siostry \u0141ucji, kt\u00f3ra powiedzia\u0142a m.in.:<\/p>\r\n<p class=\"MsoNormal\" style=\"margin: 6.0pt 0in .0001pt .25in;\">&#8222;Ojcze [Fuentes], Naj\u015bwi\u0119tsza Dziewica Maryja jest bardzo smutna, poniewa\u017c nikt nie zwraca uwagi na Jej Przes\u0142anie, nikt: tak ci dobrzy jak i ci \u017ali. [&#8230;] Uwierz mi, ojcze, \u017ce B\u00f3g uka\u017ce \u015bwiat i uczyni to w spos\u00f3b straszny. Kara z Nieba jest nieunikniona&#8221;.<\/p>\r\n<p class=\"MsoNormal\" style=\"margin: 6.0pt 0in .0001pt .25in;\">&#8222;Powiedz mi ojcze [Fuentes], ile czasu zosta\u0142o do 1960 roku? B\u0119dzie to bardzo smutne dla wszystkich, wcale nie radosne, je\u015bli przedtem \u015bwiat nie b\u0119dzie si\u0119 modli\u0107 i pokutowa\u0107. Nie mog\u0119 przekaza\u0107 [teraz] wi\u0119cej szczeg\u00f3\u0142\u00f3w, poniewa\u017c jest to ca\u0142y czas obj\u0119te tajemnic\u0105 [&#8230;] Jest to Trzecia Tajemnica Przes\u0142ania Naszej Pani, kt\u00f3ra pozostanie sekretem a\u017c do 1960 roku.&#8221;<\/p>\r\n<p class=\"MsoNormal\" style=\"margin-left: .25in; text-indent: -.25in;\">&nbsp;<\/p>\r\n<p>Podczas ca\u0142ej rozmowy siostra \u0141ucja boleje, \u017ce nikt, nawet ci dobrzy nie chc\u0105 s\u0142ucha\u0107 Matki Bo\u017cej. I nawet Papie\u017ce nie chc\u0105 wype\u0142ni\u0107 Jej pro\u015bby&#8230;<\/p>\r\n<p>Siostra \u0141ucja ostrzega, \u017ce:<\/p>\r\n<p class=\"MsoNormal\" style=\"margin: 6.0pt 0in .0001pt .25in;\">&#8222;Szatan jest w nastroju, by rozpocz\u0105\u0107 decyduj\u0105c\u0105 walk\u0119 przeciwko Naj\u015bwi\u0119tszej Dziewicy. A poniewa\u017c zna to co najbardziej obra\u017ca Boga, w kr\u00f3tkim czasie zaw\u0142adnie dla siebie najwi\u0119ksz\u0105 liczb\u0119 dusz. Czyni on to wszystko, by zaw\u0142adn\u0105\u0107 [przede wszystkim] duszami konsekrowanymi dla Boga, poniewa\u017c w ten spos\u00f3b doprowadzi do upadku dusz wiernych opuszczonych przez swoich [duchowych] przyw\u00f3dc\u00f3w, przez co tym \u0142atwiej b\u0119dzie m\u00f3g\u0142 nimi zaw\u0142adn\u0105\u0107&#8221;.<\/p>\r\n<p class=\"MsoNormal\" style=\"margin-top: 6.0pt; text-indent: .25in;\">Wypowiedzi siostry \u0141ucji podczas rozmowy z ksi\u0119dzem Fuentes by\u0142y kwintesencj\u0105 ca\u0142ego Przes\u0142ania Fatimskiego i wkr\u00f3tce po opublikowaniu rozmowy rozpocz\u0119\u0142a si\u0119 nagonka na ksi\u0119dza Fuentes. Z kurii w Coimbra wyszed\u0142 anonim (autor nigdy nie ujawni\u0142 si\u0119) oskar\u017caj\u0105cy ks. Fuentes o manipulacj\u0119, przekr\u0119canie fakt\u00f3w i wymy\u015blenie fragment\u00f3w rozmowy. Si\u0142y antyfatimskie by\u0142y ju\u017c wtedy na tyle wielkie, i\u017c potrafi\u0142y odebra\u0107 ksi\u0119dzu Fuentes pozycj\u0119 postulatora procesu beatyfikacyjnego. Najwi\u0119ksi badacze Fatimy, jak ojciec Alonso, a nawet nast\u0119pca ks. Fuentes, postulator ojciec Luis Kondor, twierdz\u0105 zgodnie, i\u017c rozmowa z siostr\u0105 \u0141ucj\u0105 by\u0142a w pe\u0142ni prawdziwa<a href=\"#_edn19\" name=\"_ednref19\"><\/a><span class=\"MsoEndnoteReference\"><span class=\"MsoEndnoteReference\"><span style=\"font-size: 9.0pt;\" lang=\"PL\">[19]<\/span><\/span><\/span>. Natomiast k\u0142amstwo wysz\u0142o w\u0142a\u015bnie z kurii biskupiej, gdzie antyfatimskie moce nie tylko przypisywa\u0142y manipulacje ksi\u0119dzu Fuentes, ale nawet posun\u0119\u0142y si\u0119 do sfabrykowania oburzenia jakie mia\u0142a wyrazi\u0107 siostra \u0141ucja (List zdemaskowano p\u00f3\u017aniej jako jawne fa\u0142szerstwo). &nbsp;Innymi s\u0142owy, ci co oskar\u017cali o k\u0142amstwo, sami go tworzyli i pos\u0142ugiwali si\u0119 nim. I cz\u0119sto czyni\u0105 po dzi\u015b dzie\u0144.<\/p>\r\n<p>&nbsp;<\/p>\r\n<ul type=\"disc\">\r\n\t<li><strong>Odej\u015bcie Piusa XII<\/strong><\/li>\r\n<\/ul>\r\n<p>Papie\u017c Pius XII odszed\u0142 9 pa\u017adziernika 1958 roku pozostawiaj\u0105c po sobie wiele sprzeczno\u015bci wok\u00f3\u0142 swojej osoby. Z jednej strony widzimy wielkie osi\u0105gni\u0119cia pontyfikatu<a href=\"#_edn20\" name=\"_ednref20\"><\/a><span class=\"MsoEndnoteReference\"><span class=\"MsoEndnoteReference\"><span style=\"font-size: 9.0pt;\" lang=\"PL\">[20]<\/span><\/span><\/span>, jak wydanie Encykliki <em>Humani Generis<\/em>, kanonizacj\u0119 najwi\u0119kszego Papie\u017ca ostatnich czas\u00f3w &#8211; \u015bwi\u0119tego Piusa X, oraz&nbsp; proklamowanie dogmatu Wniebowzi\u0119cia Naj\u015bwi\u0119tszej Maryi Panny, a w sferze polityki bezpieczne przeprowadzenie Ko\u015bcio\u0142a przez burzliwe lata wojny i wzmocnienie autorytetu Ko\u015bcio\u0142a wielk\u0105 pomoc\u0105 udzielan\u0105 osobom represjonowanym, szczeg\u00f3lnie \u017bydom, lecz z drugiej widzimy niezrozumia\u0142e inklinacje neomodernistyczne. Do nich nale\u017cy zaliczy\u0107 otaczanie si\u0119 lewicowcami (np. biskupami Giovanni Montini, Agostino Bea czy Annibale Bugnini) maj\u0105cymi ogromne wp\u0142ywy na polityk\u0119 Watykanu i sterowanie Ko\u015bcio\u0142em, wprowadzenie innowacji liturgicznych (Mszy \u015bw. wieczorne, umo\u017cliwienie \u017conatym pastorom otrzymanie sakramentu kap\u0142a\u0144stwa, rozlu\u017anienie wymaga\u0144 dotycz\u0105cych otrzymania Sakramentu Eucharystii, itp.), a na arenie politycznej umacnianie demokracji (np. poprzez popieranie dekolonizacji kraj\u00f3w afryka\u0144skich, kt\u00f3re sta\u0142y si\u0119 przez to \u017cerem komunistycznych ideologii, co doprowadzi\u0142o do wielkich bratob\u00f3jczych wojen i w sumie degradacji ludno\u015bci).<\/p>\r\n<p>Ta zagadka Piusa XII mo\u017ce by\u0107 wyt\u0142umaczona po cz\u0119\u015bci Jego osobowo\u015bci\u0105: by\u0142 cz\u0142owiekiem niezwyk\u0142ej inteligencji i w u\u0142amku sekundy potrafi\u0142 &#8211; jak wytrawny szachista &#8211; oceni\u0107 skutki ka\u017cdego ruchu i przewidzie\u0107 efekt ka\u017cdej decyzji. Jak ocenia kard. Domenico Tardini, przyjaciel Papie\u017ca i autor biografii <em>Pio XII<\/em>, ta cecha by\u0142a te\u017c paradoksalnie Jego s\u0142abo\u015bci\u0105, a spot\u0119gowane zosta\u0142o to &#8222;\u0142agodno\u015bci\u0105 temperamentu i nawet pewn\u0105 nie\u015bmia\u0142o\u015bci\u0105&#8221;. Pius XII &#8222;nie by\u0142 typem walcz\u0105cym i preferowa\u0142 raczej samotno\u015b\u0107, a naturalna Jemu cecha spokoju nie usposabia\u0142a do walki 'twarz\u0105 w twarz'&#8221;. Wymagaj\u0105cy od siebie<a href=\"#_edn21\" name=\"_ednref21\"><\/a><span class=\"MsoEndnoteReference\"><span class=\"MsoEndnoteReference\"><span style=\"font-size: 9.0pt;\" lang=\"PL\">[21]<\/span><\/span><\/span>, nie zawsze potrafi\u0142 wymaga\u0107 od innych i kto wie czy nie te cechy w\u0142a\u015bnie spowodowa\u0142y utrzymywanie wok\u00f3\u0142 siebie przebojowych i nieszczerych wsp\u00f3\u0142pracownik\u00f3w.<\/p>\r\n<p class=\"MsoNormal\" style=\"margin-top: 6.0pt; text-indent: .25in;\">&nbsp;<\/p>\r\n<p><span style=\"font-size: 9.0pt;\" lang=\"PL\">&nbsp;<\/span><\/p>\r\n<p><strong>d. Jan XXIII (1958 &#8211; 1963)<\/strong><\/p>\r\n<p>Zebrane po \u015bmierci Piusa XII konklawe po kilku dniach obrad wybra\u0142o 28 pa\u017adziernika 1958 roku nast\u0119pc\u0119, kt\u00f3rym zosta\u0142 biskup Wenecji, kardyna\u0142 Angelo Giuseppe Roncalli. Wyb\u00f3r nie by\u0142 raczej przypadkowy i nieoczekiwany, przynajmniej dla samego papie\u017ca-elekta. W napisanym przed konklawe li\u015bcie do biskupa Piazza z Bergamo, biskup Roncalli wyznaje, i\u017c:<\/p>\r\n<p class=\"MsoNormal\" style=\"margin-left: .25in;\">&#8222;Moja dusza znajduje uspokojenie maj\u0105c zaufanie w tym, \u017ce nowy Duch \u015awi\u0119ty zawieje w Ko\u015bciele, <em>odnawiaj\u0105c<\/em> Jego G\u0142ow\u0119 i prowadz\u0105c do <em>nowego uporz\u0105dkowania cia\u0142a eklezjastycznego<\/em> oraz przynosz\u0105c \u015bwie\u017c\u0105 energi\u0119 do rozwoju ku zwyci\u0119stwie prawdy, dobroci i pokoju. Nie ma dla mnie znaczenia czy nast\u0119pny papie\u017c b\u0119dzie z Bergamo czy nie. Nasze wsp\u00f3lne modlitwy upewni\u0105 [nas], \u017ce b\u0119dzie on rozwa\u017cnym i delikatnym administratorem, \u015bwi\u0119tym b\u0105d\u017a grzesznikiem. Czy rozumie Jego Ekscelencja co mam na my\u015bli?&#8221;<a href=\"#_edn22\" name=\"_ednref22\"><\/a><span class=\"MsoEndnoteReference\"><span class=\"MsoEndnoteReference\"><span style=\"font-size: 9.0pt;\" lang=\"PL\">[22]<\/span><\/span><\/span> [podkre\u015blenie &#8211; L.M.]<\/p>\r\n<p class=\"MsoNormal\" style=\"margin-top: 6.0pt; text-indent: .25in;\">Je\u015bli, jak twierdz\u0105 zgodnie biografowie Jana XXIII, Peter Habblethwaite i Msgr. Capovilla, obaj sympatyzuj\u0105cy z Papie\u017cem, ostatnie zdanie &#8222;Czy rozumie Jego Ekscelencja co mam na my\u015bli?&#8221; jest aluzj\u0105 do swojej osoby, czy nie jest interesuj\u0105ce u\u017cycie zwrotu &#8222;\u015bwi\u0119tym b\u0105d\u017a grzesznikiem&#8221;?<\/p>\r\n<p>Dokonany wyb\u00f3r Papie\u017ca nie by\u0142 r\u00f3wnie\u017c zaskoczeniem dla wielu elektor\u00f3w. Jak wspomina angielski kardyna\u0142 John Heenan:<\/p>\r\n<p class=\"MsoNormal\" style=\"margin-left: .25in;\">&#8222;Nie by\u0142o wielkiej tajemnicy w wyborze [Jana XXIII]. Zosta\u0142 on wybrany w\u0142a\u015bnie dlatego, \u017ce by\u0142 ju\u017c starym cz\u0142owiekiem, a jego najwi\u0119kszym zadaniem by\u0142o nominowanie Msgr. Montini, Arcybiskupa Mediolanu na kardyna\u0142a w tym celu, by by\u0142 on wybrany [papie\u017cem] na nast\u0119pnym konklawe. Takie by\u0142o zadanie i wype\u0142niono je dok\u0142adnie.&#8221;<a href=\"#_edn23\" name=\"_ednref23\"><\/a><span class=\"MsoEndnoteReference\"><span class=\"MsoEndnoteReference\"><span style=\"font-size: 9.0pt;\" lang=\"PL\">[23]<\/span><\/span><\/span><\/p>\r\n<p>Zadanie to papie\u017c Jan XXIII zacz\u0105\u0142 wype\u0142nia\u0107 ju\u017c od pocz\u0105tku swego pontyfikatu, reformuj\u0105c ustanowiony jeszcze w XVI wieku limit 75 kardyna\u0142\u00f3w, poprzez nominacj\u0119 23 nowych. Na samym czele listy nowych kardyna\u0142\u00f3w jako tzw. <em>Prima Creatura<\/em> (pierwsza osoba) papie\u017c umie\u015bci\u0142 nie kogo innego tylko Msgr. Montini, umo\u017cliwiaj\u0105c uczestnictwo w konklawe oraz daj\u0105c tym samym zna\u0107 swe \u017cyczenie wyboru nast\u0119pcy.<\/p>\r\n<p>Reforma ta mia\u0142a miejsce w drugim miesi\u0105cu pontyfikatu, lecz ju\u017c na samym pocz\u0105tku papie\u017c-elekt spowodowa\u0142 konsternacj\u0119 i w niekt\u00f3rych kr\u0119gach wzburzenie og\u0142aszaj\u0105c zaraz po konklawe: &#8222;<em>Vocabur Johannes<\/em>&#8221; -&#8222;B\u0119d\u0119 nazywany Janem&#8221;. Przez pi\u0119\u0107 wiek\u00f3w papie\u017ce starannie omijali to imi\u0119 gdy\u017c&nbsp; nieuchronnie kojarzy\u0142o si\u0119 ono z antypapie\u017cem Janem XXIII (kardyna\u0142em Baldassare Cossa). B\u0119d\u0105c przygotowanym na takie reakcje, kard. Roncalli ju\u017c jako papie\u017c Jan XXIII wyci\u0105gn\u0105\u0142 kartk\u0119, z kt\u00f3rej przeczyta\u0142 uzasadnienie, i\u017c przybiera to imi\u0119, poniewa\u017c od pocz\u0105tku by\u0142 z nim zwi\u0105zany (ojciec kard. Roncalli mia\u0142 na imi\u0119 Jan, parafia, w kt\u00f3rej przyj\u0105\u0142 chrzest by\u0142a pod wezwaniem \u015bw. Jana, itp). Nie wszystkich przekona\u0142y takie wyja\u015bnienia. Ma\u0142o tego, nast\u0119pny ruch nowego papie\u017ca wzbudzi\u0142 dodatkowe zdziwienie i kolejne podejrzenia.<\/p>\r\n<p>Zaraz po zainstalowaniu si\u0119 na Stolicy Piotrowej, Jan XXIII rozkaza\u0142 odrestaurowa\u0107 rze\u017ab\u0119 innego antypapie\u017ca z III wieku, \u015bw. Hipolita<a href=\"#_edn24\" name=\"_ednref24\"><\/a><span class=\"MsoEndnoteReference\"><span class=\"MsoEndnoteReference\"><span style=\"font-size: 9.0pt;\" lang=\"PL\">[24]<\/span><\/span><\/span>, kt\u00f3r\u0105 umie\u015bci\u0142 na prominentnym miejscu, przy samym wej\u015bciu do Biblioteki Watyka\u0144skiej. Wkr\u00f3tce po tym Jan XXIII uda\u0142 si\u0119 do archiw\u00f3w \u015awi\u0119tego Oficjum by zapozna\u0107 si\u0119 z zawarto\u015bci\u0105 swej personalnej teczki z dokumentami. Zapewne nie by\u0142 zdziwiony, \u017ce na teczce widnia\u0142 napis: &#8222;Podejrzany o modernizm&#8221;.<\/p>\r\n<p>Kim by\u0142 ksi\u0105dz, p\u00f3\u017aniej biskup Roncalli? Jakie by\u0142y jego korzenie ideowe i ideologiczne i gdzie umocowana jest jego teologia 'Nowego Ko\u015bcio\u0142a&#8217;, kt\u00f3r\u0105 zapocz\u0105tkowa\u0142 jako papie\u017c Jan XXIII? \u0179eby pozna\u0107 odpowiedzi na te pytania trzeba na chwil\u0119 cofn\u0105\u0107 si\u0119 w czasie i przypomnie\u0107 epizod z konklawe po \u015bmierci papie\u017ca Leona XIII.<\/p>\r\n<p>&nbsp;<\/p>\r\n<ul type=\"disc\">\r\n\t<li><strong>Umocowanie ideowe ksi\u0119dza Roncalli i papie\u017ca Jana XXIII<\/strong><\/li>\r\n<\/ul>\r\n<p>Gdy papie\u017c Leon XIII umar\u0142 w 1903 roku konklawe ju\u017c na pierwszym g\u0142osowaniu wybra\u0142o kardyna\u0142a Mariano Rampolla markiza del Tindaro i tylko krok dzieli\u0142 od zainstalowania go na Tronie Piotrowym. Opatrzno\u015b\u0107 Bo\u017ca nie dopu\u015bci\u0142a jednak do tego, a wielk\u0105 rol\u0119 odegra\u0142 przy tym biskup Krakowa Jan Kardyna\u0142 Puzyna. Historia z kardyna\u0142em Rampolla, wetem polskiego kardyna\u0142a i przyczynami tej decyzji s\u0105 r\u00f3wnie fascynuj\u0105ce co przera\u017caj\u0105ce.<\/p>\r\n<p>Konklawe przebiega\u0142o szybko i sprawnie i kardyna\u0142 Rampolla prowadzi\u0142 w g\u0142osowaniu, gdy ku zdumieniu wszystkich zebranych wsta\u0142 i zabra\u0142 g\u0142os kardyna\u0142 Puzyna wnosz\u0105c weto wobec elekta. Weto, zwane <em>Jus Exclusivae<\/em> by\u0142o starym i w sumie rzadko u\u017cywanym prawem datuj\u0105cym si\u0119 jeszcze z XVI wieku<a href=\"#_edn25\" name=\"_ednref25\"><\/a><span class=\"MsoEndnoteReference\"><span class=\"MsoEndnoteReference\"><span style=\"font-size: 9.0pt;\" lang=\"PL\">[25]<\/span><\/span><\/span>. Ta tzw. ekskluzywa umo\u017cliwia\u0142a katolickim monarchom wyra\u017cenie sprzeciwu w skrajnych przypadkach naruszenia witalnych praw Ko\u015bcio\u0142a i wyra\u017cenia swej pozycji przy jawnie skorumpowanych kandydatach. Prawo to odwo\u0142ywa\u0142o si\u0119 w swej istocie do budowanej w \u015bredniowieczu harmonijnej relacji Ko\u015bci\u00f3\u0142-Pa\u0144stwo, i cho\u0107 w przesz\u0142o\u015bci by\u0142o nadu\u017cywane w wyniku r\u00f3\u017cnych s\u0142abo\u015bci hierarchii ko\u015bcielnej i politycznych rozgrywek monarch\u00f3w, mo\u017cna powiedzie\u0107, \u017ce w tym przypadku u\u017cycie go przez kard. Puzyn\u0119 by\u0142o niezwykle wa\u017cnym (i ostatnim) akcentem takich stosunk\u00f3w.<\/p>\r\n<p>Wsp\u00f3\u0142cze\u015bni historycy, dysponuj\u0105cy niestety ca\u0142y czas niepe\u0142nymi danymi, pr\u00f3buj\u0105 dociec prawdziwych przyczyn u\u017cycia weta przez kard. Puzyn\u0119, kt\u00f3ry dzia\u0142a\u0142 w imieniu cesarza Austro-W\u0119gier Franciszka J\u00f3zefa I. Najcz\u0119\u015bciej rozpatrywuje si\u0119 skomplikowane stosunki pomi\u0119dzy Niemcami, Rosj\u0105 i cesarstwem Austro-W\u0119gierskim, w tym do\u015b\u0107 znacz\u0105c\u0105 rol\u0119 Polski w tych zawirowaniach politycznych, jednak coraz mocniejsze podstawy faktograficzne pozwalaj\u0105 przypuszcza\u0107, \u017ce opr\u00f3cz wa\u017cnych aspekt\u00f3w politycznych, o decyzji cesarza przewa\u017cy\u0142y informacje dowodz\u0105ce, i\u017c kard. Rampolla by\u0142 cz\u0142onkiem organizacji maso\u0144skiej. I to nie tylko szeregowym cz\u0142onkiem pot\u0119pionych przez papie\u017cy organizacji<a href=\"#_edn26\" name=\"_ednref26\"><\/a><span class=\"MsoEndnoteReference\"><span class=\"MsoEndnoteReference\"><span style=\"font-size: 9.0pt;\" lang=\"PL\">[26]<\/span><\/span><\/span>, lecz wysokim mistrzem najbardziej elitarnej i szata\u0144skiej Akademii Maso\u0144skiej, znanej pod nazw\u0105 <em>Ordo Templi Orientis&nbsp;&nbsp; &#8211; OTO<\/em>.<\/p>\r\n<p>W tej sprawie u cesarza Franciszka J\u00f3zefa interweniowa\u0142 osobi\u015bcie Monsignior Ernest Jouin, francuski ksi\u0105dz, kt\u00f3ry ca\u0142e swe \u017cycie po\u015bwi\u0119ci\u0142 trudnej i niebezpiecznej walce z tajnymi organizacjami. W 1913 roku ks. Jouin za\u0142o\u017cy\u0142 patriotyczn\u0105 Lig\u0119 Francuskich Katolik\u00f3w (<em>Ligue Franc-Catholique<\/em>), a w 1918 organizacj\u0119 (i pismo) o nazwie Mi\u0119dzynarodowy Przegl\u0105d Tajnych Organizacji (<em>Revue Internationale des Soci\u00c3\u00a9t\u00c3\u00a9s Secr\u00c3\u00a9tes<\/em>), kt\u00f3re nada\u0142y mu s\u0142aw\u0119 dociekliwego specjalisty od knowa\u0144 \u017cydowsko-maso\u0144skich (zwrot '\u017cydowsko-maso\u0144skie&#8217; si\u0142y pochodzi z prac ks. Jouin, kt\u00f3ry prawdopodobnie u\u017cy\u0142 go w przedmiotowej literaturze po raz pierwszy). Walk\u0119, kt\u00f3r\u0105 prowadzi\u0142 Msgr. Jouin chwali\u0142 w 1918 roku papie\u017c Benedykt XV, a w rok p\u00f3\u017aniej otrzyma\u0142 on specjalny list od Sekretarza Stanu kardyna\u0142a Gasparri, w kt\u00f3rym &#8222;Jego \u015awi\u0105tobliwo\u015b\u0107 ma zaszczyt pogratulowa\u0107 za dotychczasowe i zach\u0119ci\u0107 do dalszych prac, maj\u0105cych wielki wp\u0142yw w ostrzeganiu wiernych i pomagaj\u0105cych w skutecznej walce przeciwko si\u0142om wymierzonym na destrukcj\u0119 nie tylko religii, ale i ca\u0142ego porz\u0105dku spo\u0142ecznego.&#8221;<a href=\"#_edn27\" name=\"_ednref27\"><\/a><span class=\"MsoEndnoteReference\"><span class=\"MsoEndnoteReference\"><span style=\"font-size: 9.0pt;\" lang=\"PL\">[27]<\/span><\/span><\/span> Podobnie nast\u0119pca Benedykta XV, papie\u017c Pius XI nie tylko podzi\u0119kowa\u0142 ks. Jouin za dotychczasow\u0105 walk\u0119, ale w prywatnej audiencji zach\u0119ci\u0142 go do dalszych wysi\u0142k\u00f3w.<a href=\"#_edn28\" name=\"_ednref28\"><\/a><span class=\"MsoEndnoteReference\"><span class=\"MsoEndnoteReference\"><span style=\"font-size: 9.0pt;\" lang=\"PL\">[28]<\/span><\/span><\/span><\/p>\r\n<p>Wiedz\u0105c, i\u017c kardyna\u0142 Rampolla by\u0142 niezwykle inteligentnym i skutecznym dyplomat\u0105 w hierarchii ko\u015bcielnej i typowany by\u0142 na pewnego nast\u0119pc\u0119 papie\u017ca Leona XIII, Msgr. Jouin przedstawi\u0142 cesarzowi Franciszkowi J\u00f3zefowi dokumenty \u015bwiadcz\u0105ce o powi\u0105zaniach kard. Rampolla z lo\u017c\u0105 <em>OTO<\/em>. Istniej\u0105 poszlaki m\u00f3wi\u0105ce, \u017ce pr\u00f3by bezpo\u015bredniego ostrze\u017cenia papie\u017ca Leona XIII zosta\u0142y skutecznie zablokowane przez Sekretarza Stanu, kt\u00f3rym by\u0142&#8230; kard. Rampolla. Po latach okazuje si\u0119, \u017ce dowody, kt\u00f3rymi dysponowa\u0142 Msgr. Jouin w tamtym czasie sprawdzaj\u0105 si\u0119. Jeden z opublikowanych dokument\u00f3w ukaza\u0142 si\u0119 w raporcie lo\u017cy <em>Thelema Lodge Ordo Templi Orientis<\/em> mieszcz\u0105cej si\u0119 w Berkeley w stanie Kalifornia, kt\u00f3ra w listopadzie 1999 roku prowadz\u0105c dyskusj\u0119 nad rozwojem<em> OTO<\/em> we wsp\u00f3\u0142czesnym \u015bwiecie, debatowa\u0142a o swej historii w ramach pytania &#8222;Jak\u0105 rol\u0119 w tworzeniu <em>OTO<\/em> odgrywa\u0142 kard. Rampolla?&#8221;<a href=\"#_edn29\" name=\"_ednref29\"><\/a><span class=\"MsoEndnoteReference\"><span class=\"MsoEndnoteReference\"><span style=\"font-size: 9.0pt;\" lang=\"PL\">[29]<\/span><\/span><\/span><\/p>\r\n<p>Dla uspokojenia, warto przypomnie\u0107, \u017ce po wecie kard. Puzyny cofni\u0119to g\u0142osy uzyskane przez kard. Rampolla i w si\u00f3dmym g\u0142osowaniu elektorzy wybrali kard. Giuseppe Melchiorre Sarto, kt\u00f3ry przybra\u0142 imi\u0119 Piusa X. Dar Ducha \u015awi\u0119tego zaowocowa\u0142 tym wyborem: papie\u017c Pius X by\u0142 niew\u0105tpliwie najwi\u0119kszym przyw\u00f3dc\u0105 wsp\u00f3\u0142czesnego Ko\u015bcio\u0142a. W 1951 roku zosta\u0142 on beatyfikowany przez Piusa XII, a w roku 1954 kanonizowany jako jedyny \u015bwi\u0119ty Papie\u017c od przesz\u0142o 4 wiek\u00f3w.<\/p>\r\n<p>Omawiaj\u0105c przypadek kard. Rampolla nie odbiegli\u015bmy wbrew pozorom zbyt daleko od naszego g\u0142\u00f3wnego tematu. Ot\u00f3\u017c kardyna\u0142 Rampolla by\u0142 'ojcem duchowym&#8217; biskupa Bergamo, Giacomo Maria Radini Tedeschi, znanego z powi\u0105za\u0144 okultystycznych, a ten z kolei by\u0142 'ojcem duchowym&#8217; dla m\u0142odego, pochodz\u0105cego z wielodzietnej ch\u0142opskiej rodziny ksi\u0119dza Roncalli, czyli przysz\u0142ego papie\u017ca Jana XXIII. Ksi\u0105dz Roncalli zawdzi\u0119cza\u0142 wp\u0142ywowemu biskupowi Radini niemal wszystko: wykszta\u0142cenie, pozycj\u0119, uzyskiwane urz\u0119dy. Zafascynowanie biskupem Radini by\u0142o tak wielkie, \u017ce po jego \u015bmierci ks. Roncalli napisa\u0142 biografi\u0119, w kt\u00f3rej nazywa go wprost &#8222;moim ojcem duchowym&#8221;. To duchowe przyw\u00f3dztwo ks. Roncalli i nieortodoksyjne przekazywanie wiary przez ks. Roncalli wzbudza\u0142o podejrzenia w zdrowych kr\u0119gach ko\u015bcielnych i za pontyfikatu Piusa X jeden z kardyna\u0142\u00f3w ostrzeg\u0142 ks. Roncalli, aby &#8222;by\u0142 ostro\u017cny w [takim] nauczaniu Pisma \u015awi\u0119tego&#8221; (liczna korespondencja uchowa\u0142a si\u0119 i \u015bwiadczy o szczerym i autentycznym przywi\u0105zaniu ks. Roncalli do my\u015bli bp. Radiniego). Ostrze\u017cenie wida\u0107 nie na wiele si\u0119 zda\u0142o, gdy\u017c w 1924 roku ks. Roncalli oskar\u017cony zosta\u0142 ponownie o szerzenie idei modernistycznych, tym razem podczas prowadzenia wyk\u0142ad\u00f3w na Uniwerytecie Latera\u0144skim w Rzymie, gdzie mia\u0142 infekowa\u0107 student\u00f3w maso\u0144skimi ideami Rudolfa Steinera.<\/p>\r\n<p>Przekonuj\u0105c si\u0119 o trudnej 'resocjalizacji&#8217;, starym zwyczajem watyka\u0144skim dokonano <em>degradacji poprzez promocj\u0119<\/em> (<em>Promoveatur ut amoveatur<\/em>): 3 marca 1925 roku 43-letni ks. Roncalli zostaje od razu biskupem i arcybiskupem i jeszcze w tym samym dniu na osobiste polecenie papie\u017ca Piusa XI oddelegowany zostaje do Bu\u0142garii, gdzie przyjdzie mu sp\u0119dzi\u0107 dziesi\u0119\u0107 lat, po kt\u00f3rych przeniesiony zostaje do Turcji i Grecji na kolejne dziesi\u0119\u0107.<\/p>\r\n<p>Z tego zes\u0142ania wyci\u0105ga go pod koniec 1944 roku papie\u017c Pius XII powierzaj\u0105c mu pozycj\u0119 nuncjusza papieskiego we Francji. Piusowi XII wydawa\u0142o si\u0119, i\u017c posiada w\u0142a\u015bciwego cz\u0142owieka do negocjacji pomi\u0119dzy socjalistycznym rz\u0105dem nominalnego katolika gen. Charles de Gaulle&#8217;a, a spychanym na boczne tory Ko\u015bcio\u0142em francuskim. Przebywaj\u0105c w powojennej komunizuj\u0105cej Francji, biskup Roncalli znalaz\u0142 zrozumienie u lewicowych hierarch\u00f3w i zbrata\u0142 si\u0119 z szerokim ruchem czerwonych tzw. chrze\u015bcija\u0144skich demokrat\u00f3w. Znalaz\u0142 te\u017c klimat do ujawnienia swych ideowych korzeni. S\u0105dz\u0105c z pozostawionej po sobie korespondencji, biskup Roncalli by\u0142 od pocz\u0105tku zafascynowany pot\u0119pionym przez \u015bw. Piusa X ruchem <em>Sillon<\/em> i jego tw\u00f3rc\u0105 Marc Sangnier.<a href=\"#_edn30\" name=\"_ednref30\"><\/a><span class=\"MsoEndnoteReference\"><span class=\"MsoEndnoteReference\"><span style=\"font-size: 9.0pt;\" lang=\"PL\">[30]<\/span><\/span><\/span> Gdy 1 czerwca 1950 roku w katedrze Notre Dame odprawiona zosta\u0142a Msza \u017ca\u0142obna w intencji za\u0142o\u017cyciela tego maso\u0144skiego ruchu, nie zabrak\u0142o na niej biskupa Roncalli. W specjalnym li\u015bcie napisanym do wdowy po M. Sagnier, li\u015bcie ostentacyjnie i celowo rozpowszechnionym w lewicowym \u015brodowisku paryskim, biskup Roncalli przyznaje si\u0119 do &#8222;silnej fascynacji s\u0142owami i dusz\u0105 [Sangniera], kt\u00f3re porwa\u0142y mnie. Najbardziej \u017cywe wspomnienia ca\u0142ej mojej kap\u0142a\u0144skiej m\u0142odo\u015bci dotycz\u0105 jego osoby oraz jego dzia\u0142a\u0144 politycznych i spo\u0142ecznych&#8221;.<a href=\"#_edn31\" name=\"_ednref31\"><\/a><span class=\"MsoEndnoteReference\"><span class=\"MsoEndnoteReference\"><span style=\"font-size: 9.0pt;\" lang=\"PL\">[31]<\/span><\/span><\/span><\/p>\r\n<p>Tak wi\u0119c widzimy, \u017ce w czasie gdy papie\u017c Pius X wyra\u017anie pot\u0119pia maso\u0144ski i laicyzuj\u0105cy spo\u0142ecze\u0144stwo ruch <em>Sillon<\/em>, m\u0142ody ksi\u0105dz Roncalli miast wpatrywa\u0107 si\u0119 w autorytet Ko\u015bcio\u0142a, sympatyzuje z antyko\u015bcielnym ruchem i wch\u0142ania antykatolickie ideologie.<\/p>\r\n<p>Decyzje watyka\u0144skie s\u0105 cz\u0119sto pe\u0142ne pozornych zagadek i wkr\u00f3tce po tym Sekretarz Stanu papie\u017ca Piusa XII, Monsignore Giuseppe Montini, zawiadamia swego przyjaciela biskupa Roncalli (przyjaciela jeszcze z czas\u00f3w wsp\u00f3lnych lekcji u&#8230; biskupa Radini) o nominacji kardynalskiej. Nominacja ta by\u0142a z jednej strony wype\u0142nieniem tradycyjnej watyka\u0144skiej polityki awansowania ka\u017cdego nuncjusza papieskiego w Pary\u017cu, a z drugiej \u015bwiadczy\u0142a o ogromnych ju\u017c wtedy wp\u0142ywach Msgr. Montini dbaj\u0105cego o promocje ksi\u0119\u017cy i biskup\u00f3w o takich samych modernistycznych pogl\u0105dach.<\/p>\r\n<p>Przyj\u0119cie insygni\u00f3w kardynalskich mia\u0142o nast\u0105pi\u0107 w Rzymie, ale interwencja \u00f3wczesnego Prezydenta Francji Vincent Auriol, kt\u00f3ry powo\u0142uj\u0105c si\u0119 na stare prawo francuskich kr\u00f3l\u00f3w pragn\u0105\u0142 zbi\u0107 kapita\u0142 polityczny na takim publicznym akcie, doprowadzi\u0142a do \u017cenuj\u0105cej uroczysto\u015bci w Pa\u0142acu Elizejskim: oto 12 stycznia 1953 roku biskup Roncalli kl\u0119czy przed socjalist\u0105 i ateist\u0105 V. Auriol, z kt\u00f3rego r\u0105k otrzymuje biret kardynalski.<\/p>\r\n<p>Po tym gorsz\u0105cym dla wielu akcie, 71-letni kardyna\u0142 Roncalli udaje si\u0119 praktycznie na emerytur\u0119 jako patriarcha Wenecji. Nie na d\u0142ugo: we wrze\u015bniu 1958 roku zostaje wybrany Papie\u017cem.<\/p>\r\n<p>&nbsp;<\/p>\r\n<ul type=\"disc\">\r\n\t<li><strong>Neomodernistyczny Plan<\/strong><\/li>\r\n<\/ul>\r\n<p>Ju\u017c w trzy miesi\u0105ce po wyborze papie\u017c Jan XXIII og\u0142asza zdumionemu \u015bwiatu o ch\u0119ci zwo\u0142ania Soboru Powszechnego. W swoich pami\u0119tnikach<a href=\"#_edn32\" name=\"_ednref32\"><\/a><span class=\"MsoEndnoteReference\"><span class=\"MsoEndnoteReference\"><span style=\"font-size: 9.0pt;\" lang=\"PL\">[32]<\/span><\/span><\/span> zapisuje on, i\u017c podczas rozmowy 20 stycznia 1959 roku z Sekretarzem Stanu kard. Domenico Tardini: &#8222;Nagle moja dusza zosta\u0142a o\u015bwiecona wielk\u0105 ide\u0105, kt\u00f3ra przysz\u0142a do mnie niespodziewanie. [&#8230;] By\u0142em najpierw zdumiony swoj\u0105 propozycj\u0105 [zwo\u0142ania Soboru], by\u0142a to bowiem ca\u0142kowicie moja idea.&#8221; Zgodnie z wersj\u0105 zapisan\u0105 w <em>Dzienniku<\/em>, kard. Tardini mia\u0142 wykrzykn\u0105\u0107 rozradowany takim pomys\u0142em: &#8222;Tak, tak: Sob\u00f3r!&#8221;. Niestety, wiele rzeczy po prostu nie zgadza si\u0119 z wersj\u0105, kt\u00f3r\u0105 zapisa\u0142 Jan XXIII, i kt\u00f3r\u0105 usilnie propaguje si\u0119 w hagiograficznych opracowaniach. Stosunki pomi\u0119dzy kard. Tardinim &#8211; konserwatywnym kontynuatorem linii Piusa XII, a Janem XXIII &#8211; progresywnym wizjonerem utopijnego raju na ziemii, by\u0142y napi\u0119te i tylko katolicka lojalno\u015b\u0107 wobec urz\u0119du papieskiego zatrzyma\u0142a kard. Tardiniego na stanowisku Sekretarza nowego Papie\u017ca. O sk\u0142onno\u015bciach progresywistycznych biskupa Roncalli kardyna\u0142 Tardini wiedzia\u0142 doskonale ju\u017c du\u017co wcze\u015bniej, o czym \u015bwiadczy do\u015b\u0107 charaterystyczna rozmowa pomi\u0119dzy nimi, kt\u00f3ra wywi\u0105za\u0142a si\u0119 po nominacji bp. Roncalli na nuncjusza papieskiego we Francji, kt\u00f3rej formalnie dokona\u0142 kard. Tardini. Gdy bp Roncalli zapyta\u0142 si\u0119 kard. Tardiniego: &#8222;Wydaje mi si\u0119, \u017ce to w\u0142a\u015bnie Wasza osoba wybra\u0142a mnie na [stanowisko] w Pary\u017cu&#8221;, us\u0142ysza\u0142 zimn\u0105 odpowied\u017a: &#8222;Jeste\u015bcie ostatni\u0105 osob\u0105, kt\u00f3r\u0105 wybra\u0142bym.&#8221;<\/p>\r\n<p>W rzeczywisto\u015bci idea zwo\u0142ania Soboru, zapisana w <em>Dzienniku<\/em> jako jaki\u015b dar Ducha \u015awi\u0119tego, kt\u00f3ry zst\u0105pi\u0142 nagle podczas rozmowy z kard. Tardinim, nie by\u0142a czym\u015b tak bardzo nowym dla Jana XXIII. Dokumenty dok\u0142adnie wskazuj\u0105, \u017ce swoje przem\u00f3wienie og\u0142aszaj\u0105ce o idei zwo\u0142ania Soboru napisane zosta\u0142y <em>przed<\/em> rozmow\u0105 z kard. Tardinim. Ponadto, ju\u017c 30 pa\u017adziernika 1958 roku, czyli w dwa dni po elekcji, Jan XXIII wspomina swojemu prywatnemu sekretarzowi Msgr. Loris Capovilla o &#8222;konieczno\u015bci zwo\u0142ania Soboru&#8221;. To samo powtarza w nast\u0119pnych dniach i miesi\u0105cach biskupowi Giacomo Testa, kardyna\u0142owi Ruffini i swoim \u015bwieckim przyjacio\u0142om. Tak\u017ce du\u017co wcze\u015bniej, bo w przem\u00f3wieniu biskupa Roncalli w Istambule w 1944 roku pad\u0142y s\u0142owa o &#8222;konieczno\u015bci zwo\u0142ania Soboru po wojnie&#8221;.<a href=\"#_edn33\" name=\"_ednref33\"><\/a><span class=\"MsoEndnoteReference\"><span class=\"MsoEndnoteReference\"><span style=\"font-size: 9.0pt;\" lang=\"PL\">[33]<\/span><\/span><\/span><\/p>\r\n<p>Wniosek mo\u017cna wyci\u0105gn\u0105\u0107 jeden: idea Soboru, kt\u00f3ra kr\u0105\u017cy\u0142a w \u015bwiatku progresywistycznym jako konieczno\u015b\u0107 dziejowa, by\u0142a sprawnie przemieniana w realny byt poprzez odpowiednio dobranych wykonawc\u00f3w, za\u015b r\u00f3\u017cne tradycyjnie brzmi\u0105ce przem\u00f3wienia s\u0142u\u017cy\u0142y usypianiu katolik\u00f3w nie spodziewaj\u0105cych si\u0119 rewolucji w Ko\u015bciele, a &#8222;osobiste zapiski&#8221; chyba uspokojeniu dusz autor\u00f3w. Idea Soboru zaanonsowana nagle, bez \u017cadnych konsultacji z biskupami by\u0142a na tyle zaskakuj\u0105ca, \u017ce kard. Tardini powa\u017cnie my\u015bla\u0142, i\u017c 77-letni papie\u017c Jan XXIII odszed\u0142 od zmys\u0142\u00f3w.<a href=\"#_edn34\" name=\"_ednref34\"><\/a><span class=\"MsoEndnoteReference\"><span class=\"MsoEndnoteReference\"><span style=\"font-size: 9.0pt;\" lang=\"PL\">[34]<\/span><\/span><\/span><\/p>\r\n<p>&nbsp;<\/p>\r\n<ul type=\"disc\">\r\n\t<li><strong>Nadej\u015bcie prze\u0142omowego roku 1960<\/strong><\/li>\r\n<\/ul>\r\n<p>Katolicy ca\u0142ego \u015bwiata z niecierpliwo\u015bci\u0105 czekali na wielokrotnie zapowiadane ujawnienie Trzeciej Tajemnicy. W stolicy Portugalii 17 maja 1959 roku prawie milionowy t\u0142um wiernych zgromadzi\u0142 si\u0119 na uroczysto\u015bci odnowienia przyrzecze\u0144 i konsekracji Portugalii Naj\u015bwi\u0119tszemym Sercom Jezusa i Maryi. Uroczysto\u015bciom przewodniczy\u0142 kardyna\u0142 Carejeira, a towarzyszy\u0142 mu ca\u0142y Episkopat i cz\u0142onkowie rz\u0105du. Cztery miesi\u0105ce p\u00f3\u017aniej, w sycylijskiej Katanii zgromadzili si\u0119 wszyscy biskupi kraju by konsekrowa\u0107 W\u0142ochy Niepokalanemu Sercu Maryi. W Stanach Zjednoczonych <em>B\u0142\u0119kitna Armia NMP<\/em> rozpocz\u0119\u0142a kampani\u0119 informacyjn\u0105 z licznymi audycjami radiowymi i telewizyjnymi. Ojciec Richard, kt\u00f3ry przewodniczy\u0142 w tym czasie sekcj\u0105 francusk\u0105 <em>B\u0142\u0119kitnej Armii<\/em> oznajmia\u0142, i\u017c &#8222;rok 1960 b\u0119dzie rokiem, w kt\u00f3rym ostatnia Tajemnica Fatimska b\u0119dzie ujawniona&#8221;. Zainteresowanie wzmacniane by\u0142o artyku\u0142ami prasowymi, np. francuskiego dziennikarza Roberta Serrou, kt\u00f3ry 14 maja 1957 roku &#8211; a wi\u0119c w nieca\u0142y miesi\u0105c po przekazaniu Tajemnicy i notatek siostry \u0141ucji do Watykanu &#8211; przygotowuj\u0105c reporta\u017c uzyska\u0142 pozwolenie na fotografowanie apartament\u00f3w papieskich. Podczas oprowadzania przez matk\u0119 Pasqualin\u0119, zakonnic\u0119 zajmuj\u0105c\u0105 si\u0119 gospodarstwem domowym Papie\u017ca, zada\u0142 jej pytanie: &#8222;Co znajduje si\u0119 w tym ma\u0142ym sejfie?&#8221; wskazuj\u0105c na drewniany sejf w sypialni Papie\u017ca. Matka Pasqualina odpowiedzia\u0142a, \u017ce &#8222;Jest tam Trzecia Tajemnica Fatimska&#8221;. W ten spos\u00f3b \u015bwiat obieg\u0142o zdj\u0119cie sejfu opublikowane w pa\u017adziernikowym wydaniu <em>Paris Match<\/em>, co dodatkowo wzmocni\u0142o zainteresowanie Tajemnic\u0105 i Objawieniami Fatimskimi.<\/p>\r\n<p>W miar\u0119 nieuchronnego zbli\u017cania si\u0119 do wyznaczonego przez Matk\u0119 Bo\u017c\u0105 ostatecznego terminu ujawnienia Trzeciej Tajemnicy, Watykan, kt\u00f3ry przej\u0105\u0142 pod swoj\u0105 kontrol\u0119 wszystkie notatki siostry \u0141ucji wraz z Tajemnic\u0105 i wbrew poleceniom Naj\u015bwi\u0119tszej Panny sam chcia\u0142 decydowa\u0107 o ujawnieniu Sekretu, czu\u0142 si\u0119 zak\u0142opotany.&nbsp; Z jednej strony nacisk wiernych i cz\u0119\u015bci hierarchii, z drugiej progresywistyczne si\u0142y spychaj\u0105ce Objawienia Fatimskie do wymiaru personalnego, albo wr\u0119cz halucynacji.<\/p>\r\n<p>Przed podj\u0119ciem decyzji nale\u017ca\u0142o zapozna\u0107 si\u0119 jednak z tre\u015bci\u0105 Tajemnicy. W dziesi\u0119\u0107 miesi\u0119cy po wyborze na Papie\u017ca, 17 sierpnia 1959 roku Jan XXIII przebywaj\u0105cy na odpoczynku letnim w Castengandolfo poprosi\u0142 o dostarczenie mu koperty z Trzeci\u0105 Tajemnic\u0105, co uczyni\u0142 ojciec Paul Philippe, O.P., superintendent \u015awi\u0119tego Oficjum, przysz\u0142y kardyna\u0142. Po otrzymaniu wci\u0105\u017c zalakowanej przez bp. da Silva koperty, Papie\u017c nie zdecydowa\u0142 si\u0119 otworzy\u0107 jej od razu, lecz powiedzia\u0142, \u017ce: &#8222;Poczekam z jej przeczytaniem [i dokonam tego] razem z moim spowiednikiem&#8221;.&nbsp; W kilka dni p\u00f3\u017aniej &#8211; jak wspomina spowiednik Papie\u017ca, Msgr. Alfredo Cavagna &#8211; koperta zosta\u0142a otworzona, jednak trudno\u015bci z t\u0142umaczeniem tekstu zmusi\u0142y do sprowadzenia t\u0142umacza, kt\u00f3rym by\u0142 Msgr. Paulo Jos\u00e9 Tavares z Sekretariatu Stanu, p\u00f3\u017aniejszy biskup Macau (Chiny). Po przeczytaniu tekstu Papie\u017c nie uczyni\u0142 \u017cadnych komentarzy co do zawarto\u015bci Tajemnicy, lecz &#8222;zdecydowa\u0142 si\u0119 zaklei\u0107 z powrotem kopert\u0119, m\u00f3wi\u0105c: 'Nie wydaj\u0119 \u017cadnych ocen. [Zachowuj\u0119] milczenie wobec tego, co mo\u017ce by\u0107 wyrazem bosko\u015bci (<em>divine<\/em>) cho\u0107 r\u00f3wnie\u017c mo\u017ce nim nie by\u0107.&#8221;<a href=\"#_edn35\" name=\"_ednref35\"><\/a><span class=\"MsoEndnoteReference\"><span class=\"MsoEndnoteReference\"><span style=\"font-size: 9.0pt;\" lang=\"PL\">[35]<\/span><\/span><\/span><\/p>\r\n<p>Ze s\u0142\u00f3w Papie\u017ca przebija brak pe\u0142nej wiary w Objawienie Fatimskie i w\u0105tpliwo\u015bci wobec prawdziwo\u015bci tekstu Trzeciej Tajemnicy. Czy\u017cby dlatego, \u017ce jest tak przera\u017caj\u0105ca?<\/p>\r\n<p>W jaki\u015b czas po tym mia\u0142o miejsce nast\u0119pne otworzenie koperty, tym razem w obecno\u015bci Prefekta \u015awi\u0119tego Oficjum kard. Ottaviani, i &#8211; co dziwne &#8211; Papie\u017c pozorowa\u0142 otwieranie koperty jakoby po raz pierwszy<a href=\"#_edn36\" name=\"_ednref36\"><\/a><span class=\"MsoEndnoteReference\"><span class=\"MsoEndnoteReference\"><span style=\"font-size: 9.0pt;\" lang=\"PL\">[36]<\/span><\/span><\/span>. Po przeczytaniu tekstu Papie\u017c powiedzia\u0142 wtedy, \u017ce &#8222;[Tre\u015b\u0107 Trzeciej Tajemnicy] nie dotyczy mego pontyfikatu&#8221;. O tym wszystkim dowiedzieli\u015bmy si\u0119 po latach, cz\u0119\u015bciowo od kard. Ottaviani w 1967 roku, od Msgr. Loris Capovilla w 1977 roku i od ojca Alonso, kt\u00f3ry zajmowa\u0142 si\u0119 pracami nad najwi\u0119kszym dzie\u0142em o Fatimie.<a href=\"#_edn37\" name=\"_ednref37\"><\/a><span class=\"MsoEndnoteReference\"><span class=\"MsoEndnoteReference\"><span style=\"font-size: 9.0pt;\" lang=\"PL\">[37]<\/span><\/span><\/span><\/p>\r\n<p>Papie\u017c poleci\u0142 nast\u0119pnie przet\u0142umaczenie tekstu i, jak wspomina Msgr. Capovilla, podzieli\u0142 si\u0119 tre\u015bci\u0105 Trzeciej Tajemnicy z kilkoma osobami:<\/p>\r\n<p class=\"MsoNormal\" style=\"margin-top: 6.0pt; text-indent: .25in;\">&#8222;Niekt\u00f3re osoby, z kt\u00f3rymi rozmawia\u0142 on [Jan XXIII] o Fatimie, ju\u017c zmar\u0142y. Inne ca\u0142y czas \u017cyj\u0105: kardyna\u0142owie Ottaviani, Parente, Philippe, Samore, biskup Raimondo Verardo, wtedy z komisji w \u015awi\u0119tym Oficjum, i Msgr. Capovilla .&#8221;<\/p>\r\n<p>Po przeczytaniu tekstu i &#8211; jak twierdzi Msgr. Capovilla &#8211; po konsultacji z oko\u0142o dziesi\u0119cioma duchownymi, Jan XXIII podj\u0105\u0142 decyzj\u0119 o nie ujawnianiu Trzeciej Tajemnicy. Kim by\u0142y pozosta\u0142e osoby, z kt\u00f3rymi Papie\u017c podzieli\u0142 si\u0119 tre\u015bci\u0105 Tajemnicy, nic nie wiemy, jakkolwiek z drugiej strony wiemy doskonale, i\u017c w\u015br\u00f3d nich nie by\u0142o ani jednego biskupa portugalskiego. Patriarcha Lizbony, kardyna\u0142 Carejeira o\u015bwiadczy\u0142 24 lutego 1960 roku, \u017ce &#8222;Nic nie wiem i o\u015bwiadczam kategorycznie, \u017ce nie by\u0142em konsultowany w tej sprawie.&#8221; Tak samo biskup Fatima-Leiria bp Venancio i inni stwierdzali, \u017ce nikt z nich nie by\u0142 konsultowany w sprawie Trzeciej Tajemnicy. Trzeba pami\u0119ta\u0107, \u017ce na kopercie, kt\u00f3r\u0105 rozpiecz\u0119towa\u0142 papie\u017c Jan XXIII by\u0142o wyra\u017ane polecenie, \u017ce koperta ma by\u0107 przekazana Patriarsze Lizbony, kt\u00f3rego r\u0119ce mog\u0105 j\u0105 otworzy\u0107 i ujawni\u0107 tre\u015b\u0107 Tajemnicy&nbsp; &#8211; nie p\u00f3\u017aniej ni\u017c w 1960 roku. Z polece\u0144 Matki Bo\u017cej wynika, i\u017c Tajemnica nie by\u0142a zarezerwowana do wy\u0142\u0105cznej dyspozycji Papie\u017ca. Niestety, sta\u0142o si\u0119 inaczej i Tajemnic\u0119, jako niewygodn\u0105 dla prowadzonej przez Watykan polityki nale\u017ca\u0142o zneutralizowa\u0107, pu\u015bci\u0107 w niepami\u0119\u0107, a mo\u017ce nawet o\u015bmieszy\u0107. Najpierw jednak nale\u017ca\u0142o w jaki\u015b spos\u00f3b oznajmi\u0107 \u015bwiatu o swojej decyzji.<\/p>\r\n<p>Do tego celu wykorzystano portugalsk\u0105 agencj\u0119 informacyjn\u0105&nbsp;<em>Agencia Nacional de Informa\u00e7\u00e3o &#8211; A.N.I<\/em>, kt\u00f3ra 8 lutego 1960 roku poda\u0142a lakoniczny komunikat, i\u017c &#8222;Jest prawdopodobne, \u017ce 'Trzecia Tajemnica Fatimska&#8217; nigdy nie b\u0119dzie opublikowana. Wiarygodne \u017ar\u00f3d\u0142a w watyka\u0144skich wysokich kr\u0119gach zadeklarowa\u0142y przedstawicielom Agencji <em>UPI<\/em>, \u017ce jest mo\u017cliwe, i\u017c list nigdy nie b\u0119dzie otworzony. [&#8230;] Jest ca\u0142kiem prawdopodobne, \u017ce 'Tajemnica Fatimska&#8217; pozostanie na zawsze, absolutnie i ca\u0142kowicie <em>zaklejona<\/em>.&#8221;<\/p>\r\n<p>Specjali\u015bci badaj\u0105cy Objawienie Fatimskie, zar\u00f3wno wtedy, zaraz po us\u0142yszeniu tego komunikatu, jak i dzisiaj, po latach, stwierdzaj\u0105 zgodnie, \u017ce komunikat by\u0142 nadany z osobistego polecenia Jana XXIII, kt\u00f3ry rzeczywi\u015bcie zadecydowa\u0142 o nie ujawnianiu Tajemnicy. Decyzja o od\u0142o\u017ceniu Tajemnicy <em>ad acta<\/em> potwierdzona zosta\u0142a w li\u015bcie od Papie\u017ca do pielgrzym\u00f3w na \u015bwiatowy dzie\u0144 modlitwy w Fatimie 13 pa\u017adziernika 1960 roku (uroczysto\u015b\u0107 w duchu konsekracji Niepokalanym Sercom Jezua i Maryji zosta\u0142a zorganizowana <em>bez autoryzacji Stolicy Apostolskiej<\/em> przez wielce niezadowolonego z decyzji Watykanu biskupa Venancio). Na temat tej \u017ca\u0142osnej decyzji Watykanu zas\u0142u\u017cony ojciec Alonso m\u00f3g\u0142 powiedzie\u0107 tylko jedno, \u017ce &#8222;Jest to najwi\u0119ksze rozczarowanie w ca\u0142ej historii Fatimy&#8221;.<\/p>\r\n<p>W 1960 roku, ju\u017c po decyzji o nie ujawnianiu Tajemnicy, mia\u0142a miejsce rozmowa pomi\u0119dzy biskupem Silvio Oddi (p\u00f3\u017aniejszym kardyna\u0142em i Prefektem Kongregacji do Spraw Duchowie\u0144stwa), kt\u00f3ry wypowiedzia\u0142 si\u0119, i\u017c nie rozumie dlaczego Tajemnica nie zosta\u0142a ujawniona, na co Papie\u017c odpar\u0142 kr\u00f3tko: &#8222;Nie m\u00f3w mi o tym.&#8221; Gdy biskup Oddi naciska\u0142: &#8222;Je\u015bli [Wasza \u015awi\u0105tobliwo\u015b\u0107] nie chce, nie b\u0119d\u0119 o tym wi\u0119cej m\u00f3wi\u0142, ale nie mog\u0119 powstrzyma\u0107 od tego ludzi. Ja sam g\u0142osi\u0142em setki kaza\u0144 i [prowadzi\u0142em] dyskusji, m\u00f3wi\u0105c o tym [\u017ce ta Tajemnica] b\u0119dzie ujawniona.&#8221;, Papie\u017c odpar\u0142 jeszcze ch\u0142odniej: &#8222;Powiedzia\u0142em ci, nie wspominaj mi o tym.&#8221;<a href=\"#_edn38\" name=\"_ednref38\"><\/a><span class=\"MsoEndnoteReference\"><span class=\"MsoEndnoteReference\"><span style=\"font-size: 9.0pt;\" lang=\"PL\">[38]<\/span><\/span><\/span><\/p>\r\n<p>Od momentu og\u0142oszenia komunikatu portugalskiej agencji a\u017c do ko\u0144ca swego pontyfikatu, papie\u017c Jan XXIII nigdy nie wypowiedzia\u0142 si\u0119 publicznie o Fatimie.<\/p>\r\n<p>&nbsp;<\/p>\r\n<ul type=\"disc\">\r\n\t<li><strong><em>Vaticanum II<\/em><\/strong><\/li>\r\n<\/ul>\r\n<p>Przygotowania do Soboru trwa\u0142y w umys\u0142ach progresywistycznych od lat i wykorzystywano r\u00f3\u017cne \u015brodki, w tym dokumenty papieskie najwy\u017cszej rangi. Np. w og\u0142oszonej we wrze\u015bniu 1959 roku Encyklice o modlitwie r\u00f3\u017ca\u0144cowej <em>Grata Recordatio<\/em>, Encyklice maj\u0105cej pi\u0119kne fragmenty i na pierwszy rzut oka brzmi\u0105cej bardzo tradycyjnie, ko\u0144cowe zdanie niejako t\u0142umaczy jej intencje. Jan XXIII pisze:<\/p>\r\n<p class=\"MsoNormal\" style=\"margin-left: .25in; text-indent: .25in;\">&#8222;Przed zako\u0144czeniem tej encykliki wzywamy Was, Czcigodni Bracia, do odmawiania ze specjaln\u0105 pobo\u017cno\u015bci\u0105 r\u00f3\u017ca\u0144ca r\u00f3wnie\u017c i na t\u0119 intencj\u0119, kt\u00f3ra Nam tak bardzo le\u017cy na sercu, aby Synod Rzymski sta\u0142 si\u0119 owocny i zbawienny dla Naszego miasta Rzymu i <em>aby <strong>przysz\u0142y Sob\u00f3r Powszechny<\/strong>, w kt\u00f3rym przez swoje rady we\u017amiecie udzia\u0142, m\u00f3g\u0142 sta\u0107 si\u0119 dla Ko\u015bcio\u0142a wspania\u0142ym stwierdzeniem, \u017ce silna odnowa wszystkich cn\u00f3t chrze\u015bcija\u0144skich, czego si\u0119 po nim spodziewamy, pos\u0142u\u017cy za zaproszenie i dodanie odwagi <strong>dla wszystkich tych Braci i Syn\u00f3w, kt\u00f3rzy pozostaj\u0105 oddzieleni od tej Stolicy Apostolskiej<\/strong>.&#8221;<\/em> <a href=\"#_edn39\" name=\"_ednref39\"><\/a><span class=\"MsoEndnoteReference\"><span class=\"MsoEndnoteReference\"><span style=\"font-size: 9.0pt;\" lang=\"PL\">[39]<\/span><\/span><\/span> [podkre\u015blenie L.M.]<\/p>\r\n<p>Jak wida\u0107, g\u0142\u00f3wnym celem jest zaprz\u0119gni\u0119cie wiernych w modlitwy o powodzenie Soboru, a zapraszaj\u0105c do odmawiania r\u00f3\u017ca\u0144ca, Papie\u017c jako\u015b charakterystycznie pomin\u0105\u0142 Fatim\u0119 i Matk\u0119 Bo\u017c\u0105, mimo i\u017c Encyklika wydana zosta\u0142a w miesi\u0105cu, w kt\u00f3rym dokona\u0142 si\u0119 Cud S\u0142o\u0144ca.<\/p>\r\n<p>Podobne intencje zawiera wcze\u015bniejsza i pierwsza papieska, wydana 29 czerwca 1959 roku encyklika <em>Ad Petri Cathedram<\/em>, z kt\u00f3rej na dodatek przebija jaka\u015b niezrozumia\u0142a euforia co do kondycji przysz\u0142ego zreformowanego Ko\u015bcio\u0142a:<\/p>\r\n<p class=\"MsoNormal\" style=\"text-indent: .25in; margin: 6.0pt 0in .0001pt .25in;\">&#8222;Wiedzeni t\u0105 s\u0142odk\u0105 nadziej\u0105 oznajmili\u015bmy publicznie, \u017ce <em>zamierzamy zwo\u0142a\u0107 Sob\u00f3r Powszechny<\/em>, na kt\u00f3rym zgromadz\u0105 si\u0119 Biskupi ca\u0142ego \u015bwiata dla om\u00f3wienia wa\u017cnych spraw religijnych. Najwa\u017cniejszym zadaniem Soboru b\u0119dzie doprowadzenie do rozwoju katolickiej wiary, odnowy chrze\u015bcija\u0144skich obyczaj\u00f3w i lepszego <em>przystosowania<\/em> karno\u015bci ko\u015bcielnej <em>do wsp\u00f3\u0142czesnych potrzeb<\/em>. Przedstawia\u0107 to b\u0119dzie wspania\u0142y widok prawdy, jedno\u015bci i mi\u0142o\u015bci.&#8221;<\/p>\r\n<p>Nie mog\u0119 w tym miejscu powstrzyma\u0107 si\u0119 od refleksji: Jak ta euforia ma si\u0119 po latach w praktyce, t\u0142umaczy\u0107 nie trzeba, wystarczy wej\u015b\u0107 do pierwszego lepszego ko\u015bcio\u0142a w Europie Zachodniej, je\u015bli oczywi\u015bcie nie pomylimy si\u0119 i nie wejdziemy zamiast tego do baru, dyskoteki czy domu mieszkalnego, bowiem wi\u0119kszo\u015b\u0107 ko\u015bcio\u0142\u00f3w (np. w takiej Holandii, jeszcze kilkadziesi\u0105t lat temu solidnie katolickiej) ju\u017c zamkni\u0119to, sprzedano i przerobiono na stylowe kamienice.<\/p>\r\n<p>Co najmniej zdziwienie powinno te\u017c budzi\u0107 wprowadzenie do Encykliki s\u0142\u00f3w nie maj\u0105cych wielkiego pokrycia w rzeczywisto\u015bci. Papie\u017c pisze bowiem o szerokim poparciu zwo\u0142ania Soboru, podczas gdy sama idea, a tym bardziej rezultat, by\u0142y w tym czasie wielk\u0105 enigm\u0105:<\/p>\r\n<p class=\"MsoNormal\" style=\"text-indent: .25in; margin: 6.0pt 0in .0001pt .25in;\">&#8222;Po za tym, wiadomo\u015b\u0107, \u017ce nosimy si\u0119 z zamiarem zwo\u0142ania Soboru Powszechnego i Synodu Rzymskiego, przystosowania Kodeksu Prawa Kanonicznego do dzisiejszych potrzeb i og\u0142oszenia nowego Kodeksu dla Ko\u015bcio\u0142a Obrz\u0105dku Wschodniego, ta <em>wiadomo\u015b\u0107 zyska\u0142a uznanie u nadzwyczaj wielu<\/em>.&#8221;<a href=\"#_edn40\" name=\"_ednref40\"><\/a><span class=\"MsoEndnoteReference\"><span class=\"MsoEndnoteReference\"><span style=\"font-size: 9.0pt;\" lang=\"PL\">[40]<\/span><\/span><\/span> [podkre\u015blenia &#8211; L.M.]<\/p>\r\n<p>Po \u015bmierci Piusa XII coraz mocniejsze &#8211; lecz jeszcze wtedy ca\u0142y czas dzia\u0142aj\u0105ce podsk\u00f3rnie w Ko\u015bciele &#8211; si\u0142y progresywistyczne zaciera\u0142y r\u0119ce spodziewaj\u0105c si\u0119 wielkich przeobra\u017ce\u0144 podczas przysz\u0142ego pontyfikatu. Przyjaciel kard. Roncalli, Dom Lambert Beauduin zwierza\u0142 si\u0119 ojcu Bouyer: &#8222;Je\u015bli wybior\u0105 Roncalliego, wszystko b\u0119dzie zachowane; b\u0119dzie on w stanie zwo\u0142a\u0107 Sob\u00f3r i <em>konsekrowa\u0107 ekumenizm<\/em>.&#8221;<a href=\"#_edn41\" name=\"_ednref41\"><\/a><span class=\"MsoEndnoteReference\"><span class=\"MsoEndnoteReference\"><span style=\"font-size: 9.0pt;\" lang=\"PL\">[41]<\/span><\/span><\/span> M\u00f3wi\u0105c o &#8222;zachowaniu wszystkiego&#8221;, chodzi oczywi\u015bcie o uchronieniu tych podziemnych knowa\u0144, kt\u00f3re progresywi\u015bci od lat prowadzili przygotowuj\u0105c si\u0119 do frontalnego ataku. Sob\u00f3r mia\u0142 by\u0107 takim forum, na kt\u00f3rym przygotowywane <em>Plany<\/em> rewolucji w Ko\u015bciele mia\u0142y by\u0107 upowszechnione.<\/p>\r\n<p>W wyniku u\u015bpienia wi\u0119kszo\u015bci wiernych, <em>Plan<\/em> przeobra\u017ce\u0144 Ko\u015bcio\u0142a by\u0142 skutecznie wcielany w \u017cycie i 11 pa\u017adziernika 1962 roku rozpocz\u0105\u0142 swe obrady Sob\u00f3r Watyka\u0144ski II. Nie b\u0119dziemy zajmowali si\u0119 tutaj analiz\u0105 poszczeg\u00f3lnych sesji Soboru z uwagi na obszerno\u015b\u0107 zagadnienia<a href=\"#_edn42\" name=\"_ednref42\"><\/a><span class=\"MsoEndnoteReference\"><span class=\"MsoEndnoteReference\"><span style=\"font-size: 9.0pt;\" lang=\"PL\">[42]<\/span><\/span><\/span> i skupimy si\u0119 tylko na tych elementach maj\u0105cych zwi\u0105zek z Objawieniem Fatimskim. Nic bardziej ni\u017c Fatima nie sta\u0142o na drodze do utopijnego celu, do &#8211; jak okre\u015blali to progresywi\u015bci &#8211; <em>konsekracji ekumenizmu<\/em>.<\/p>\r\n<p>&nbsp;<\/p>\r\n<ul type=\"disc\">\r\n\t<li><strong>Polityka wschodnia Watykanu<\/strong><\/li>\r\n<\/ul>\r\n<p>Papie\u017c Jan XXIII rozpocz\u0105\u0142 na szerok\u0105 skal\u0119 zaanga\u017cowanie si\u0119 Ko\u015bcio\u0142a w napraw\u0119 \u015bwiata wierz\u0105c bardziej w m\u0105dro\u015b\u0107 Cz\u0142owieka, kt\u00f3ry swoim dzia\u0142aniem jest w stanie zjedna\u0107 si\u0119 we wsp\u00f3lnym celu &#8222;prawdy, dobroci i pokoju&#8221;, ni\u017c zawierzaj\u0105c Ko\u015bci\u00f3\u0142 Matce Przenaj\u015bwi\u0119tszej nakazuj\u0105cej nieprzejednan\u0105 postaw\u0119 i tward\u0105 walk\u0119 ze z\u0142em. R\u00f3\u017caniec? &#8211; tak, ale jako modlitwa o &#8222;Sob\u00f3r Powszechny&#8221; i budowanie 'nowego cz\u0142owieka&#8217; maj\u0105cego stworzy\u0107 utopijny 'nowy, wspania\u0142y \u015bwiat&#8217;; R\u00f3\u017caniec jako bro\u0144 w walce z wrogami Ko\u015bcio\u0142a, ze z\u0142em, i grzechem &#8211; niezupe\u0142nie. Tym bardziej, \u017ce nagle zabrak\u0142o wrog\u00f3w Ko\u015bcio\u0142a, zapomniano o systemie, kt\u00f3ry &#8222;jest z\u0142y w samej swej istocie&#8221;, wszyscy wok\u00f3\u0142 stali si\u0119 reformowalni, nale\u017ca\u0142o ich dowarto\u015bciowa\u0107 i zaprosi\u0107 do wsp\u00f3lnego sto\u0142u do dialogu. Rozpocz\u0105\u0142 si\u0119 wi\u0119c taniec wok\u00f3\u0142 przedstawicieli sowieckiego imperium.<\/p>\r\n<p>Odrzucaj\u0105c przekazane Ojcu \u015awi\u0119temu przez Matk\u0119 Bo\u017c\u0105 narz\u0119dzie naprawy \u015bwiata, &nbsp;Jan XXIII rozwin\u0105\u0142 dialog, zar\u00f3wno ekumeniczny ze schizmatycznym 'ko\u015bcio\u0142em&#8217; prawos\u0142awnym, jak i z ateistycznym rz\u0105dem sowieckim.<\/p>\r\n<p>Bezproduktywne rozmowy z sowieckim re\u017cimem toczy\u0142y si\u0119 od lat, jeszcze przez wys\u0142annik\u00f3w papie\u017cy Piusa XI i Piusa XII, kt\u00f3rzy wielokrotnie zbierali gorzkie owoce swojej naiwno\u015bci, lecz Jan XXIII zapragn\u0105\u0142 rozwin\u0105\u0107 te stosunki aby udowodni\u0107 sobie i \u015bwiatu, \u017ce mimo wszystko powzi\u0119ty kierunek 'nowego Ko\u015bcio\u0142a&#8217; jest prawid\u0142owy. W tym celu nale\u017ca\u0142o pozyska\u0107 interlokutor\u00f3w i pokaza\u0107 ich 'dobr\u0105 wol\u0119&#8217;.<\/p>\r\n<p>W dzie\u0144 80-ych urodzin Papie\u017ca Sekretarz Stanu kard. Cicognani dostarczy\u0142 telegram od sowieckiego ambasadora z \u017cyczeniami od Nikity Chruszczowa dzi\u0119kuj\u0105cemu za &#8222;d\u0105\u017cenia do [&#8230;] przyczyniania si\u0119 do wzmacniania [&#8230;]&nbsp; pokoju na \u015bwiecie, jak r\u00f3wnie\u017c do rozwi\u0105zywania mi\u0119dzynarodowych problem\u00f3w poprzez szczere negocjacje.&#8221; Po przeczytaniu telegramu Papie\u017c od razu stwierdzi\u0142 wzruszony, \u017ce &#8222;Jest to dobra wiadomo\u015b\u0107&#8221;, a wieczorem wyzna\u0142 swemu Sekretarzowi, \u017ce &#8222;Co\u015b w \u015bwiecie ruszy\u0142o si\u0119. B\u00f3g u\u017cywa pokornego instrumentu mojej osoby, kt\u00f3rym porusza histori\u0119. Dzisiaj otrzymali\u015bmy znak Opatrzno\u015bci Bo\u017cej&#8221;.<\/p>\r\n<p>Zadbano oczywi\u015bcie o publikacj\u0119 \u017cycze\u0144 w <em>L&#8217;Osservatore Romano<\/em><a href=\"#_edn43\" name=\"_ednref43\"><\/a><span class=\"MsoEndnoteReference\"><span class=\"MsoEndnoteReference\"><span style=\"font-size: 9.0pt;\" lang=\"PL\">[43]<\/span><\/span><\/span>, by pokaza\u0107 'dobr\u0105 wol\u0119 dialogu&#8217; komunistycznych w\u0142adc\u00f3w. Jednak&#8230; Jednak ta 'dobra wola&#8217; i dzia\u0142anie 'Opatrzno\u015bci Bo\u017cej&#8217; nie by\u0142y takie szczere. Okaza\u0142o si\u0119 bowiem, \u017ce to Jan XXIII poprosi\u0142 Chruszczowa, poprzez sekretarza Komunistycznej Partii W\u0142och Palmiro Togliatti, o wys\u0142anie \u017cycze\u0144 urodzinowych.<a href=\"#_edn44\" name=\"_ednref44\"><\/a><span class=\"MsoEndnoteReference\"><span class=\"MsoEndnoteReference\"><span style=\"font-size: 9.0pt;\" lang=\"PL\">[44]<\/span><\/span><\/span> Papie\u017cowi chodzi\u0142o o udowodnienie i pokazanie \u015bwiatu, \u017ce 'dobra wola&#8217; drugiej strony rzeczywi\u015bcie istnieje i \u017ce mo\u017cna rozpocz\u0105\u0107 dialog.<\/p>\r\n<p>Z tak rozpocz\u0119tego dialogu trudno o dobre owoce, ale epatowano si\u0119 ka\u017cdym 'sukcesem&#8217;. W 1962 roku Chruszczow wys\u0142a\u0142 Papie\u017cowi \u017cyczenia Bo\u017conarodzeniowe, a Jan XXIII odwdzi\u0119czy\u0142 si\u0119 mu specjalnymi medalami przekazanymi przez lewicowego ameryka\u0144skiego dziennikarza. P\u00f3\u017aniej przysz\u0142a nagroda Mi\u0119dzynarodowej Fundacji im. Balzana za rozwijanie &#8222;Cz\u0142owiecze\u0144stwa, pokoju i braterstwa w\u015br\u00f3d ludzi&#8221;<a href=\"#_edn45\" name=\"_ednref45\"><\/a><span class=\"MsoEndnoteReference\"><span class=\"MsoEndnoteReference\"><span style=\"font-size: 9.0pt;\" lang=\"PL\">[45]<\/span><\/span><\/span> (pi\u0119kne maso\u0144skie has\u0142a!), kt\u00f3r\u0105 Papie\u017c odebra\u0142<a href=\"#_edn46\" name=\"_ednref46\"><\/a><span class=\"MsoEndnoteReference\"><span class=\"MsoEndnoteReference\"><span style=\"font-size: 9.0pt;\" lang=\"PL\">[46]<\/span><\/span><\/span>, co by\u0142o podkre\u015blone i mile widziane przez w\u0142adc\u00f3w sowieckich. Podczas tej uroczysto\u015bci Papie\u017c zaprosi\u0142 na obiad i do swojej prywatnej biblioteki Aleksieja Adjoubei, redaktora naczelnego <em>Izwiestii<\/em> i zarazem zi\u0119cia Chruszczowa, kt\u00f3remu powiedzia\u0142 m.in., \u017ce &#8222;Pan Chruszczow zosta\u0142 wybrany przez Opatrzno\u015b\u0107&#8221;. Co prawda po spotkaniu zwierzy\u0142 si\u0119 swemu sekretarzowi, \u017ce &#8222;Jest mo\u017cliwe, \u017ce jest to iluzja, ale jest r\u00f3wnie\u017c mo\u017cliwe, \u017ce jest to tajemnicza ni\u0107 kt\u00f3r\u0105 Opatrzno\u015b\u0107 ofiarowa\u0142a mi. W tym przypadku, nie mam prawa jej przerwa\u0107.&#8221;<\/p>\r\n<p>I rzeczywi\u015bcie, nici tej, poci\u0105ganej przez wprawnych sowieckich agent\u00f3w, kt\u00f3rzy poprzez ni\u0105 pragn\u0119li u\u015bpi\u0107 Watykan i pa\u0144stwa zachodnie, Papie\u017c nie przerwa\u0142. Wr\u0119cz przeciwnie, tka\u0142 j\u0105 tworz\u0105c kokon zniewalaj\u0105cy Ko\u015bci\u00f3\u0142.<\/p>\r\n<p>W\u0142a\u015bnie dlatego <em>Izwiestia<\/em> zacz\u0119\u0142a wychwala\u0107 &#8222;post\u0119powego Papie\u017ca&#8221;, a \u015bwiatowe media &#8211; najcz\u0119\u015bciej w r\u0119kach krytpokomunist\u00f3w b\u0105d\u017a mason\u00f3w &#8211; przedstawia\u0142y Jana XXIII jako pierwszego Papie\u017ca, kt\u00f3ry zrozumia\u0142 ludzko\u015b\u0107 z jego problemami, i kt\u00f3ry pragnie braterstwa, wsp\u00f3\u0142pracy, pokoju i toleracji. Toleracji r\u00f3wnie\u017c dla systemu komunistycznego, kt\u00f3ry przecie\u017c nie jest taki straszny jak malowali go poprzedni papie\u017ce.<\/p>\r\n<p>W tym radosnym nastroju budowy 'nowego, wspania\u0142ego \u015bwiata&#8217; i 'nowego Ko\u015bcio\u0142a&#8217; papie\u017c Jan XXIII przygotowuj\u0105c si\u0119 do rozpocz\u0119cia Soboru, mia\u0142 jeszcze jedno zadanie do spe\u0142nienia: pragn\u0105\u0142 zaprosi\u0107 do uczestnictwa w obradach soborowych przedstawicieli 'ko\u015bcio\u0142a&#8217; prawos\u0142awnego. Cena za takie uczestnictwo okaza\u0142a si\u0119 jednak przera\u017aliwie wysoka.<\/p>\r\n<p>&nbsp;<\/p>\r\n<ul type=\"disc\">\r\n\t<li><strong>Umowa Watykan-Moskwa<\/strong><\/li>\r\n<\/ul>\r\n<p>W sierpniu 1962 roku w klasztorze na przedmie\u015bciach francuskiej miejscowo\u015bci Metz, spotkali si\u0119 przedstawiciele Ko\u015bcio\u0142a katolickiego i schizmatycznego 'ko\u015bcio\u0142a&#8217; prawos\u0142awnego celem przedyskutowania mo\u017cliwo\u015bci uczestnictwa strony wschodniej w maj\u0105cym rozpocz\u0105\u0107 si\u0119 za dwa miesi\u0105ce soborze. Rozmowy, zainicjowane na specjalne polecenie Jana XXIII, kt\u00f3rego wyra\u017anie inspirowa\u0142 doradca papie\u017ca, kardyna\u0142 Montini, prowadzone by\u0142y przez&nbsp; kardyna\u0142a Eugene Tisserant i Metropolit\u0119 'ko\u015bcio\u0142a&#8217; prawos\u0142awnego Nikodema, zreszt\u0105 agenta KGB. Podczas spotkania, znanego w historii pod nazw\u0105 &#8222;Umowy Watykan-Moskwa&#8221; lub &#8222;Paktu w Metz&#8221;<a href=\"#_edn47\" name=\"_ednref47\"><\/a><span class=\"MsoEndnoteReference\"><span class=\"MsoEndnoteReference\"><span style=\"font-size: 9.0pt;\" lang=\"PL\">[47]<\/span><\/span><\/span>, ustalono, \u017ce aby na Soborze mogli uczestniczy\u0107 wys\u0142annicy 'ko\u015bcio\u0142a&#8217; prawos\u0142awnego, Ko\u015bci\u00f3\u0142 b\u0119dzie musia\u0142 spe\u0142ni\u0107 jeden warunek: Sob\u00f3r zajmie neutralne stanowisko odno\u015bnie komunizmu. I tak rzeczywi\u015bcie si\u0119 sta\u0142o. Umowa Jana XXIII by\u0142a skrupulatnie dotrzymywana podczas wszystkich obrad soborowych i zadbano, by podczas nich nie skrytykowano komunizmu. Ba, sama nazwa &#8222;komunizm&#8221; nie pojawi\u0142a si\u0119 w jakimkolwiek dokumencie soborowym.<\/p>\r\n<p>Przyzwolenie na zapomnienie o komuni\u017amie, zapomnienie o jego zbrodniach i ofiarach, a tak\u017ce o ca\u0142y czas aktualnych niebezpiecze\u0144stwach, kt\u00f3re stwarza\u0142, by\u0142o bulwersuj\u0105ce. Jak mo\u017cna by\u0142o odrzuci\u0107 zdroworozs\u0105dkowe pot\u0119pienie diabelskiego systemu, jak mo\u017cna by\u0142o odrzuci\u0107 przekre\u015blenie kwintesencji poprzednich sobor\u00f3w, kt\u00f3re w historii zbiera\u0142y si\u0119 w\u0142a\u015bnie po to, by zajmowa\u0107 si\u0119 bie\u017c\u0105cymi zagro\u017ceniami dla Ko\u015bcio\u0142a i cz\u0142owieka pot\u0119piaj\u0105c je jednoznacznie, wreszcie jak mo\u017cna by\u0142o odrzuci\u0107 ostrze\u017cenia Matki Bo\u017cej wyra\u017cone w Fatimie? Wyja\u015bnienia mo\u017cna szuka\u0107 tylko w antyfatimskiej i szata\u0144skiej inspiracji.<\/p>\r\n<p>Ju\u017c podczas obrad soborowych, odk\u0142adaj\u0105c na bok ostrze\u017cenia poprzednich papie\u017cy i zapatruj\u0105c si\u0119 w utopijne 'braterstwo pomi\u0119dzy lud\u017ami&#8217;, Jan XXIII wydaje 11 kwietnia 1963 roku prze\u0142omow\u0105 encyklik\u0119 <em>Pacem in Terris<\/em> (&#8217;Pok\u00f3j na ziemi&#8217;)<a href=\"#_edn48\" name=\"_ednref48\"><\/a><span class=\"MsoEndnoteReference\"><span class=\"MsoEndnoteReference\"><span style=\"font-size: 9.0pt;\" lang=\"PL\">[48]<\/span><\/span><\/span>. Szybko przet\u0142umaczona przez Watykan na j\u0119zyk rosyjski, dotar\u0142a do Chruszczowa, kt\u00f3ry poprzez tekst w <em>Izwiestii<\/em> da\u0142 do zrozumienia, i\u017c czuje intencje Watykanu, bowiem &#8222;Papie\u017c daje dow\u00f3d pewnej tolerancji w kierunku ateistycznych komunist\u00f3w.&#8221; Dowody tej 'tolerancji&#8217; przekroczy\u0142y wszelkie granice tolerancji.<\/p>\r\n<p>Oczywi\u015bcie nie tylko s\u0142owo &#8222;komunizm&#8221; nie pad\u0142o ani razu w Encyklice &#8211; wszak nie mo\u017cna by\u0142o rozjusza\u0107 przysz\u0142ych partner\u00f3w dialogu &#8211; ale posuni\u0119to si\u0119 dalej i zastosowano swoiste rozr\u00f3\u017cnienie pomi\u0119dzy jakimi\u015b nieokre\u015blonymi z nazwy i gatunku b\u0142\u0119dnymi teoriami, a praktyk\u0105 i poczynaniami, w kt\u00f3rych przecie\u017c istnieje cz\u0105stka &#8222;s\u0142usznych d\u0105\u017ce\u0144 ludzkich&#8221;, i w kt\u00f3rych z pewno\u015bci\u0105 tkwi\u0105 dobre i godne uznania elementy (por. punkt 159 Encykliki).<\/p>\r\n<p>Ca\u0142y czas ci\u015bnie si\u0119 pytanie: jak mo\u017cna by\u0142o po dw\u00f3ch wojnach \u015bwiatowych, po horrorze komunistycznych rewolucji, po dziesi\u0105tkach, a mo\u017ce i setkach milion\u00f3w (wliczaj\u0105c komunistyczne Chiny i reszt\u0119 \u015bwiata) krwawych i niewinnych ofiar, m\u00f3wi\u0107 o systemie, w kt\u00f3rym mog\u0105 wyst\u0119powa\u0107 &#8222;godne uznania elementy&#8221;? Zaiste, niepoj\u0119te.<\/p>\r\n<p>Jeszcze nie tak dawno, zaledwie 26 lat wcze\u015bniej papie\u017c Pius XI w w swej encyklice <em>Divini Redemptoris <\/em>u\u017cy\u0142 pot\u0119piaj\u0105cych s\u0142\u00f3w wobec g\u0142\u00f3wnego z\u0142a wsp\u00f3\u0142czesnego \u015bwiata i bez wahania u\u017cy\u0142 s\u0142\u00f3w: komunizm, socjalizm i bolszewizm 74 razy, a tutaj, w czasie gdy ksi\u0119\u017ca i biskupi dogorywali w \u0142agrach 'Kraju Rad&#8217;, w Europie Wschodniej brutalnie przekuwano Cz\u0142owieka w 'Now\u0105 Jako\u015b\u0107&#8217;, w Chinach mordowano miliony ludzi, w Azji, Afryce i Ameryce Po\u0142udniowej instalowano prosowieckie re\u017cimy &#8211; Jan XXIII nie tylko nie wymienia z imienia diabelskiej ideologii, ale znajduje w niej godne uznania elementy. Niepoj\u0119te.<\/p>\r\n<p>&nbsp;<\/p>\r\n<ul type=\"disc\">\r\n\t<li><strong>Triumf neomodernist\u00f3w<\/strong><\/li>\r\n<\/ul>\r\n<p>Ju\u017c od pocz\u0105tku obrad soborowych wytworzy\u0142y si\u0119 dwie g\u0142\u00f3wne grupy, wok\u00f3\u0142 kt\u00f3rych skupili si\u0119 z jednej strony najbardziej skrajni progresywi\u015bci, pragn\u0105cy przeobra\u017ce\u0144, a w\u0142a\u015bciwie rewolucji w Ko\u015bciele, z drugiej Ojcowie pragn\u0105cy prowadzi\u0107 Ko\u015bci\u00f3\u0142 Chrystusowy w duchu 2000-letniej Tradycji. W grupie progresywnej dominowali hierarchowie i teologowie, kt\u00f3rych neomodernistycznych prac s\u0142usznie nie dopuszczano do seminari\u00f3w, wobec kt\u00f3rych poprzedni papie\u017ce mieli wielkie zastrze\u017cenia, a w niekt\u00f3rych przypadkach grozi\u0142a im nawet ekskomunika za rozpowszechnianie pogl\u0105d\u00f3w sprzecznych z nauk\u0105 Ko\u015bcio\u0142a. Niestety, nazwiska takich neomodernistycznych teolog\u00f3w jak Yves Congar, Henri de Lubac, Jean Dani\u00c3\u00a9lou, Marie-Dominique Chenu, Karl Rahner, Hans K\u00fcng, John Courtney Murray, Hans Urs von Balthasar, Edward Schillebeeckx, a tak\u017ce z dystansu czasowego infekuj\u0105cych swymi my\u015blami, jak Teilhard de Chardin czy Maurice Blondel, zamiast p\u00f3j\u015b\u0107 w zapomnienie, sta\u0142y si\u0119 &#8222;\u015bwiat\u0142ami przewodnimi&#8221; Soboru.<a href=\"#_edn49\" name=\"_ednref49\"><\/a><span class=\"MsoEndnoteReference\"><span class=\"MsoEndnoteReference\"><span style=\"font-size: 9.0pt;\" lang=\"PL\">[49]<\/span><\/span><\/span><\/p>\r\n<p>Obok tych &#8222;\u015bwiate\u0142&#8221; (ciemno\u015bci), w komisjach uczestniczy\u0142y wschodz\u0105ce gwiazdy progresywizmu, jak m\u0142ody teolog ksi\u0105dz Jos\u00e9ph Ratzinger czy biskup Karol Wojty\u0142a. To nie kto inny tylko Jos\u00e9ph Ratzinger, przyby\u0142y na Sob\u00f3r jako <em>Peritus<\/em> kardyna\u0142a Fringsa, lecz dzia\u0142aj\u0105cy u boku dysydenta ojca Karla Rahnera, za namow\u0105 protestanckiego pastora Schmidta wprowadzi\u0142 najs\u0142ynniejsze chyba okre\u015blenie Soboru &#8211; <em>subsistit<\/em> (&#8222;trwa w&#8221;), u\u017cytego w dokumencie <em>Lumen Gentium<\/em>:<\/p>\r\n<p class=\"MsoNormal\" style=\"text-indent: .25in; margin: 6.0pt 0in .0001pt .25in;\">&#8222;Ko\u015bci\u00f3\u0142 ten [Chrystusowy], ustanowiony i zorganizowany na tym \u015bwiecie jako spo\u0142eczno\u015b\u0107, <strong>trwa w <\/strong>Ko\u015bciele katolickim, rz\u0105dzonym przez nast\u0119pc\u0119 Piotra oraz biskup\u00f3w pozostaj\u0105cych z nim we wsp\u00f3lnocie (<em>communio<\/em>), cho\u0107 i poza jego organizmem znajduj\u0105 si\u0119 liczne pierwiastki u\u015bwi\u0119cenia i prawdy, kt\u00f3re jako w\u0142a\u015bciwe dary Ko\u015bcio\u0142a Chrystusowego nak\u0142aniaj\u0105 do jedno\u015bci katolickiej.&#8221; (<em>Lumen Gentium<\/em>, R.1, KK 8)<a href=\"#_edn50\" name=\"_ednref50\"><\/a><span class=\"MsoEndnoteReference\"><span class=\"MsoEndnoteReference\"><span style=\"font-size: 9.0pt;\" lang=\"PL\">[50]<\/span><\/span><\/span><\/p>\r\n<p><br>\r\nDo czasu Soboru Ko\u015bci\u00f3\u0142 jednoznaczanie naucza\u0142, \u017ce Ko\u015bci\u00f3\u0142 katolicki <strong>jest<\/strong> Ko\u015bcio\u0142em Chrystusowym (por. np. Encykliki <em>Mystici Corporis<\/em>, <em>Humani Generis<\/em>), lecz tutaj podwa\u017cono dogmat wiary, wprowadzaj\u0105c protestanckie uj\u0119cie Ko\u015bcio\u0142a katolickiego jako <em>jednego z wielu<\/em> ko\u015bcio\u0142\u00f3w.<\/p>\r\n<p>Przytoczone tutaj odst\u0119pstwo od odwiecznego nauczania Ko\u015bcio\u0142a nie by\u0142o jedynym: dokumenty soborowe s\u0105 pe\u0142ne ambiwalentych poj\u0119\u0107 i je\u015bli nie uderzaj\u0105 wprost w podstawowe dogmaty, to rozmywaj\u0105 je stwarzaj\u0105c konieczno\u015b\u0107 ci\u0105g\u0142ego reinterpretowania. O to zreszt\u0105 chodzi\u0142o. W za\u0142o\u017ceniach my\u015blenia neomodernistycznego chodzi w\u0142a\u015bnie o likwidacj\u0119 dogmat\u00f3w do stanu, by jedynym dogmatem sta\u0142 si\u0119 dogmat o ich nieistnieniu. Innymi s\u0142owy, chodzi o nieustann\u0105 rewolucj\u0119. Wielu gorliwych katolik\u00f3w przewidywa\u0142o tak\u0105 rewolucj\u0119 widz\u0105c podk\u0142adanie min pod budowl\u0119 Ko\u015bcio\u0142a przez progresist\u00f3w. Kardyna\u0142 Ottaviani podczas pierwszej sesji pyta\u0142 si\u0119: &#8222;Czy Ojcowie ci planuj\u0105 rewolucj\u0119?&#8221;<\/p>\r\n<p>I tak\u0105 rewolucj\u0119 Ko\u015bci\u00f3\u0142 prze\u017cy\u0142 podczas Soboru, a gdy tylko zamkni\u0119to obrady ostatniej sesji, rozla\u0142a si\u0119 ona na wszystkie kraje \u015bwiata, gdzie z i\u015bcie diabelsk\u0105 pasj\u0105 wprowadzano zmiany w nieokre\u015blonym, elastycznym &#8222;duchu soborowym&#8221;. Czy zmian tych, nawet najbardziej obra\u017aliwych, rewolucjoni\u015bci w Ko\u015bciele wstydz\u0105 si\u0119? Nie! Tak jak przysta\u0142o na prawdziwych rewolucjonist\u00f3w, s\u0105 z nich dumni. Kardyna\u0142 Suenens z rado\u015bci\u0105 stwierdzi\u0142, \u017ce Sob\u00f3r Watyka\u0144ski II zaznaczy\u0142 koniec ery trydenckiej i koniec <em>Vaticanum I<\/em>.<a href=\"#_edn51\" name=\"_ednref51\"><\/a><span class=\"MsoEndnoteReference\"><span class=\"MsoEndnoteReference\"><span style=\"font-size: 9.0pt;\" lang=\"PL\">[51]<\/span><\/span><\/span> Dla Hansa K\u00fcnga nast\u0105pi\u0142a nowa era przekre\u015blaj\u0105ca ca\u0142\u0105 histori\u0119 Ko\u015bcio\u0142a: &#8222;W por\u00f3wnaniu do przed-Trydenckiej epoki kontrreformacji, Sob\u00f3r Watyka\u0144ski II reprezentuje charakterystyczny <strong>180-stopniowy zwrot<\/strong>.[&#8230;] Od Soboru Watyka\u0144skiego II [mamy do czynienia] z narodzeniem si\u0119 <strong>nowego Ko\u015bcio\u0142a<\/strong>&#8222;.<a href=\"#_edn52\" name=\"_ednref52\"><\/a><span class=\"MsoEndnoteReference\"><span class=\"MsoEndnoteReference\"><span style=\"font-size: 9.0pt;\" lang=\"PL\">[52]<\/span><\/span><\/span> Yves Congar zadowolony z reform wyzna\u0142, \u017ce &#8222;Ko\u015bci\u00f3\u0142 mia\u0142 swoj\u0105 pokojow\u0105 <strong>Rewolucj\u0119 Pa\u017adziernikow\u0105<\/strong>&#8222;, a kard. Ratzinger stwierdzi\u0142, \u017ce &#8222;Sob\u00f3r Watyka\u0144ski II jest dla Ko\u015bcio\u0142a <strong>Rewolucj\u0105 Francusk\u0105<\/strong>&#8222;. Czym by\u0142a Rewolucja Francuska czy Pa\u017adziernikowa dla spo\u0142ecze\u0144stw, pa\u0144stw, Wiary, przypomina\u0107 nie trzeba i samo por\u00f3wnywanie swoich dzia\u0142a\u0144, a tym bardziej obnoszenie si\u0119 i wyznawanie swego przywi\u0105zania do idea\u0142\u00f3w tych szata\u0144skich rewolucji, powinno z miejsca dyskwalifikowa\u0107 barbarzy\u0144c\u00f3w w Ko\u015bciele. Tak si\u0119 jednak nie sta\u0142o i wielu z tych, kt\u00f3rzy s\u0142usznie za poprzednich pontyfikat\u00f3w odsuwani byli od uniwersyteckich katedr, ko\u015bcielnych ambon i seminaryjnych bibliotek, zrehabilitowano i wywy\u017cszono, a w posoborowym Ko\u015bciele dost\u0105pili najwy\u017cszych godno\u015bci.<\/p>\r\n<p>W przesz\u0142o p\u00f3\u0142 roku po otwarciu Soboru Watyka\u0144skiego II i w nieca\u0142e dwa miesi\u0105ce po wydaniu Encykliki <em>Pacem in Terris<\/em>, papie\u017c Jan XXIII umiera 3 czerwca 1963 roku. Spe\u0142ni\u0142o si\u0119 marzenie kard. Roncalli, kt\u00f3ry wspomagaj\u0105c progresywistyczne skrzyd\u0142o skierowa\u0142 Ko\u015bci\u00f3\u0142 w stron\u0119 destrukcji, a w\u0142a\u015bciwie autodestrukcji.<\/p>\r\n<p>Pontyfikat Jana XXIII podsumowa\u0142 celnie kardyna\u0142 Giuseppe Siri stwierdzaj\u0105c gorzko, \u017ce &#8222;Czterdzie\u015bci lat przyjdzie naprawia\u0107 szkody, kt\u00f3re ten Papie\u017c wyrz\u0105dzi\u0142 w cztery lata.&#8221; Mo\u017cna by doda\u0107, \u017ce czterdzie\u015bci lat to za ma\u0142o&#8230;<\/p>\r\n<p>W odniesieniu do Fatimy, Jan XXIII nie wype\u0142ni\u0142 \u017c\u0105da\u0144 Matki Bo\u017cej, zamkn\u0105\u0142 usta ostatniemu \u015awiadkowi Objawienia i g\u0142\u0119boko schowa\u0142 Trzeci\u0105 Tajemnic\u0119. Mo\u017cna powiedzie\u0107, \u017ce by\u0142 &#8222;Papie\u017cem Apostazji&#8221;.<a href=\"#_edn53\" name=\"_ednref53\"><\/a><span class=\"MsoEndnoteReference\"><span class=\"MsoEndnoteReference\"><span style=\"font-size: 9.0pt;\" lang=\"PL\">[53]<\/span><\/span><\/span><\/p>\r\n<p><span style=\"font-size: 9.0pt;\" lang=\"PL\">&nbsp;<\/span><\/p>\r\n<p><strong>e. Pawe\u0142 VI (1963 &#8211; 1978)<\/strong><\/p>\r\n<p>Najwi\u0119kszym chyba osi\u0105gni\u0119ciem progresywist\u00f3w jest fakt, i\u017c dwaj hierarchowie, kt\u00f3rzy personalnie zostali odsuni\u0119ci przez poprzednich papie\u017cy od znacz\u0105cych wp\u0142yw\u00f3w w Ko\u015bciele, i na kt\u00f3rych ci\u0105\u017cy\u0142o s\u0142uszne oskar\u017cenie o modernizm, stali si\u0119 Ich bezpo\u015brednimi nast\u0119pcami. Biskup Roncalli, kt\u00f3ry w 1925 roku na osobisty wniosek Piusa XI zes\u0142any zosta\u0142 praktycznie na zes\u0142anie na 20 lat do Bu\u0142garii, Turcji i Grecji, a p\u00f3\u017aniej jako kardyna\u0142, przeniesiony w 1953 roku na emerytur\u0119 przez Piusa XII, staje si\u0119 Papie\u017cem Janem XXIII. Podobne losy dotyczy\u0142y Monsignor, od 1954 roku biskupa, a od 1958 roku kardyna\u0142a Giovanni Battista Montini, przysz\u0142ego papie\u017ca Paw\u0142a VI.<\/p>\r\n<p>Monsignore Montini pracowa\u0142 w Sekretariacie Stanu papie\u017ca Piusa XI razem z kardyna\u0142em Eugenio Pacelli i pozosta\u0142 tam po wyborze Pacelli&#8217;ego na papie\u017ca Piusa XII. W roli Podsekretarza Stanu Montini, maj\u0105c jako pole swojego dzia\u0142ania wewn\u0119trzne sprawy W\u0142och, da\u0142 si\u0119 szczeg\u00f3lnie pozna\u0107 w aktywnym wspieraniu ruchu chrze\u015bcija\u0144skich demokrat\u00f3w. Z jednej strony widziane to by\u0142o jako dba\u0142o\u015b\u0107 o wp\u0142ywy kultury chrze\u015bcija\u0144skiej w spo\u0142ecze\u0144stwie, gdy\u017c chrze\u015bcija\u0144scy demokraci walczyli w tym czasie z komunistami w\u0142oskimi, ale tak naprawd\u0119 by\u0142o popieraniem lewicowego skrzyd\u0142a tego pe\u0142nego sprzeczno\u015bci ruchu politycznego.<\/p>\r\n<p>Msgr Montini by\u0142 wielkim sympatykiem lewicowych i neomodernistycznych my\u015blicieli. By\u0142 zaw\u0142adni\u0119ty ideami Jacques Maritain oraz innego francuskiego filozofa Maurice Blondel. Nowa nietomistyczna teologia stworzona przez Blondela z jego s\u0142ynn\u0105 &#8222;\u017cyw\u0105 tradycj\u0105&#8221;, czyli stale redefiniuj\u0105cymi si\u0119 dogmatami, by\u0142a pot\u0119piona przez papie\u017ca Piusa XII w Encyklice <em>Humani Generis<\/em>. To pot\u0119\u017cne dzie\u0142o Papie\u017ca by\u0142o odpowiedzi\u0105 na rozrastaj\u0105ce si\u0119 rakowe kom\u00f3rki my\u015bli filozoficznych, kt\u00f3re przenika\u0142y Ko\u015bci\u00f3\u0142 od czas\u00f3w Rewolucji Francuskiej, a w pocz\u0105tkach XX wieku zyskiwa\u0142y sobie szczeg\u00f3lnie wielk\u0105 sympati\u0119 cz\u0119\u015bci kleru i teolog\u00f3w. Encyklika nie spodoba\u0142a si\u0119 oczywi\u015bcie neomodernistom. Francuski intelektualista (zreszt\u0105 cz\u0142onek <em>Opus Dei<\/em><a href=\"#_edn54\" name=\"_ednref54\"><\/a><span class=\"MsoEndnoteReference\"><span class=\"MsoEndnoteReference\"><span style=\"font-size: 9.0pt;\" lang=\"PL\">[54]<\/span><\/span><\/span>) Jean Guitton w rozmowie z Msgr Montini wyzna\u0142, \u017ce Encyklika jest bardzo surowa i, \u017ce &#8222;wiele fragment\u00f3w [Encykliki], wzi\u0119tych literalnie i poza kontekstem, sugerowa\u0142oby, \u017ce Rzym jest bardzo podejrzliwy wobec rozwoju my\u015bli [Cz\u0142owieka].&#8221;<a href=\"#_edn55\" name=\"_ednref55\"><\/a><span class=\"MsoEndnoteReference\"><span class=\"MsoEndnoteReference\"><span style=\"font-size: 9.0pt;\" lang=\"PL\">[55]<\/span><\/span><\/span><\/p>\r\n<p>Dla neomodernist\u00f3w 'rozw\u00f3j my\u015bli Cz\u0142owieka&#8217; polega zatem na sta\u0142ej rewolucji w Ko\u015bciele i na &nbsp;wpajaniu w spo\u0142ecze\u0144stwo lewicowych, laickich ideologii. Cz\u0119sto jednak &#8211; celem u\u015bpienia czujno\u015bci &#8211; moderni\u015bci w taktyczny spos\u00f3b wykorzystuj\u0105 tradycyjne nazewnictwo i okre\u015blenia. Maurice Blondel pisa\u0142 w 1932 roku do swego przyjaciela, teologa, Jezuity Henri de Lubac: &#8222;Jest koniecznym zapo\u017cyczenie tradycyjnych sposob\u00f3w i spojrze\u0144, w tym jednak celu, by mog\u0142y by\u0107 wykorzystane jako punkt wyj\u015bcia lub jako odskocznia do 'odnowy&#8217; [Ko\u015bcio\u0142a].&#8221;<a href=\"#_edn56\" name=\"_ednref56\"><\/a><span class=\"MsoEndnoteReference\"><span class=\"MsoEndnoteReference\"><span style=\"font-size: 9.0pt;\" lang=\"PL\">[56]<\/span><\/span><\/span><\/p>\r\n<p>M. Blondel, ojciec de Lubac oraz liczni wierni uczniowie jednoznacznie pot\u0119pionego przez Piusa X modernizmu, jak Msgr. Montini i Karol Wojty\u0142a, czerpali gar\u015bciami z teologii prekursora wsp\u00f3\u0142czesnego modernizmu, &#8222;nowego Ignacego&#8221; zakonu Jezuit\u00f3w, ojca Teilhard de Chardin, kt\u00f3rego ksi\u0105\u017cki pot\u0119pione przez \u015awi\u0119te Oficjum, po Soborze Watyka\u0144skim II z powrotem trafi\u0142y do bibliotek seminaryjnych, by dzi\u015b sta\u0107 si\u0119 niemal\u017ce 'klasyk\u0105&#8217; ko\u015bcielnych intelektualist\u00f3w.<\/p>\r\n<p>&nbsp;<\/p>\r\n<ul type=\"disc\">\r\n\t<li><strong>Zdrada i wygnanie z Watykanu<\/strong><\/li>\r\n<\/ul>\r\n<p>Monsignore Montini jako wysoki funkcjonariusz Sekretariatu papie\u017ca Piusa XII, nie zaniedbywa\u0142 okazji do forsowania swoich idei, na przyk\u0142ad wp\u0142ywaj\u0105c na promocje lewicowych pobratymc\u00f3w. Obok tego, prowadzi\u0142 jednak dwulicow\u0105 i niebezpieczn\u0105 dzia\u0142alno\u015b\u0107 wymierzon\u0105 przeciwko Papie\u017cowi i Watykanowi.<\/p>\r\n<p>Oko\u0142o sierpnia 1954 roku Pius XII dowiedzia\u0142 si\u0119 od watyka\u0144skich s\u0142u\u017cb wywiadowczych, kt\u00f3re z kolei poinformowane zosta\u0142y przez szwedzkie S\u0142u\u017cby Specjalne, \u017ce jeden z jego wsp\u00f3\u0142pracownik\u00f3w utrzymuje kontakty z przedstawicielami s\u0142u\u017cb specjalnych Zwi\u0105zku Sowieckiego. Tym wsp\u00f3\u0142pracownikiem okaza\u0142 si\u0119 w\u0142a\u015bnie Msgr. Montini. Wysz\u0142o na jaw, \u017ce Msgr. Montini od lat dzia\u0142a\u0142 wbrew wiedzy i woli, wr\u0119cz wbrew zakazom wydanym przez Papie\u017ca i wielokrotnie kontaktowa\u0142 si\u0119 z agentami sowieckimi. Dzia\u0142aniem swoim nara\u017ca\u0142 nie tylko Stolic\u0119 Piotrow\u0105 na niebezpiecze\u0144stwa przenikania informacji, ale w czasach g\u0142\u0119bokiego stalinizmu nara\u017ca\u0142 \u017cycie wielu katolik\u00f3w w Rosji sowieckiej. Stopie\u0144 wsp\u00f3\u0142dzia\u0142ania by\u0142 tak wielki, \u017ce jak twierdzi sekretarz kardyna\u0142a Tisserant, Msgr. Georges Roche w swojej ksi\u0105\u017cce <em>Pius XII w oczach Historii<\/em>, Monsigore Monitini w 1942 roku spotka\u0142 si\u0119 osobi\u015bcie ze Stalinem!<\/p>\r\n<p>Papie\u017c g\u0142\u0119boko prze\u017cy\u0142 rozczarowanie jednym z najbardziej zaufanych &#8211; bo tak okre\u015bla\u0142 Pius XII Montiniego &#8211; wsp\u00f3\u0142pracownik\u00f3w. &nbsp;Msgr. Roche wspomina, i\u017c &#8222;smutek i zgorzknienie by\u0142y tak wielkie, \u017ce zdrowie [Papie\u017ca] zosta\u0142o znacznie naruszone&#8221;.<\/p>\r\n<p>Ju\u017c w miesi\u0105c po odkryciu zdrady, a wi\u0119c niemal natychmiast, 1 listopada 1954 roku Monsignore Montini zosta\u0142 pozbawiony swojej funkcji i wydalony z Watykanu. Odby\u0142o si\u0119 to wed\u0142ug praktykowanej watyka\u0144skiej formy <em>degradacji poprzez promocj\u0119<\/em> i tym sposobem Monitni sta\u0142 si\u0119 arcybiskupem Mediolanu. Podejrzenia Piusa XII wobec Msgr. Montini by\u0142y tak wielkie, \u017ce podczas wyprowadzki samochody z osobistymi rzeczami by\u0142ego sekretrza Stanu, kt\u00f3re zawiera\u0142y m.in. kolekcj\u0119 o\u015bmiu tysi\u0119cy ksi\u0105\u017cek, zosta\u0142y w bezprecendensowej akcji przeszukane przez watyka\u0144skie s\u0142u\u017cby specjalne.<\/p>\r\n<p>Po latach spotykania si\u0119 z Papie\u017cem na konferencjach i codziennej bezpo\u015bredniej wsp\u00f3\u0142pracy, od momentu karnego wydalenia z Watykanu arcybiskupowi Montiniemi <em>ani razu<\/em> nie udzielono audiencji u Papie\u017ca i do ko\u0144ca \u017cycia nie spotka\u0142 si\u0119 on ze swoim by\u0142ym prze\u0142o\u017conym. Zreszt\u0105, czy spojrzenie w oczy Papie\u017cowi, kt\u00f3rego oszukiwa\u0142 by\u0142oby szczere? Pius XII zadba\u0142 szczeg\u00f3lnie o to, by arcybiskup Montini nie zosta\u0142 mianowany kardyna\u0142em i by jego szanse na przysz\u0142ego Papie\u017ca &#8211; tak wzmacniane przez pras\u0119 w\u0142osk\u0105 i \u015bwiatow\u0105 &#8211; nie zi\u015bci\u0142y si\u0119. Sta\u0142o si\u0119 jednak inaczej. Jak wiemy, jednym z pierwszych ruch\u00f3w Jana XXIII by\u0142o przyznanie biretu kardynalskiego arcybiskupowi Montini i przywr\u00f3cenie go do \u0142ask&#8230;<\/p>\r\n<p>&nbsp;<\/p>\r\n<ul type=\"disc\">\r\n\t<li><strong>Sob\u00f3r Watyka\u0144ski, Rosja i Maryja<\/strong><\/li>\r\n<\/ul>\r\n<p>Po zako\u0144czeniu pierwszej sesji Soboru, 21 czerwca 1963 roku kardyna\u0142 Giovani Battista Montini wybrany zostaje papie\u017cem i przybiera imi\u0119 Paw\u0142a VI. Od pocz\u0105tku kontynuuje on polityk\u0119 swego poprzednika, szczeg\u00f3lnie rozwijaj\u0105c aspekty zwi\u0105zane z kontaktami z sowieckim re\u017cimem. Dba te\u017c o ochron\u0119 interes\u00f3w progresist\u00f3w i ingeruje w obrady Soboru, kiedy przybiera on kierunek 'zbyt tradycyjny&#8217;.<\/p>\r\n<p>Podczas obrad Soboru mia\u0142o miejsce wiele wydarze\u0144, kt\u00f3re mo\u017cna uzna\u0107 jako efekt szata\u0144skiej wr\u0119cz inspiracji. Jeden z takich historycznych moment\u00f3w mia\u0142 miejsce 13 pa\u017adziernika 1962 roku &#8211; a wi\u0119c jeszcze za pontyfikatu Jana XXIII &#8211; dok\u0142adnie w 45-t\u0105 rocznic\u0119 ostatniego Objawienia tr\u00f3jce pastuszk\u00f3w w Fatimie.<\/p>\r\n<p>Gdy wszystko wskazywa\u0142o, \u017ce kilka z komisji soborowych sk\u0142ada\u0107 si\u0119 b\u0119dzie z Ojc\u00f3w, kt\u00f3rym droga jest Tradycja i kt\u00f3rzy mi\u0142uj\u0105 Ko\u015bci\u00f3\u0142, lewicowy francuski kardyna\u0142 Achille Li\u00c3\u00a9nart (o kt\u00f3rym istniej\u0105 podejrzenia, i\u017c by\u0142 cz\u0142onkiem organizacji maso\u0144skiej), wbrew procedurze, w decyduj\u0105cym momencie obrad wy\u0142\u0105czy\u0142 mikrofon kardyna\u0142owi Ottaviani w po\u0142owie jego wyst\u0105pienia. Zaraz po tym za\u017c\u0105dano rezygnacji z g\u0142osowania, kt\u00f3re mia\u0142o rozstrzygn\u0105\u0107 o sk\u0142adzie komisji. Stary niemal\u017ce ju\u017c niewidomy kardyna\u0142 Ottaviani schodzi\u0142 z m\u00f3wnicy, a po policzkach p\u0142yn\u0119\u0142y mu \u0142zy. \u0141zy, kt\u00f3re symbolizowa\u0142y s\u0142ony koniec Tradycji w Ko\u015bciele. Rado\u015bnie za to obwie\u015bci\u0142y gazety cytuj\u0105ce s\u0142owa biskupa z Lille, kt\u00f3ry powiedzia\u0142, \u017ce dzia\u0142anie kardyna\u0142a Li\u00c3\u00a9nart &#8222;zmieni\u0142o kurs Soboru i sta\u0142o si\u0119 wydarzeniem historycznym&#8221;.<a href=\"#_edn57\" name=\"_ednref57\"><\/a><span class=\"MsoEndnoteReference\"><span class=\"MsoEndnoteReference\"><span style=\"font-size: 9.0pt;\" lang=\"PL\">[57]<\/span><\/span><\/span><\/p>\r\n<p>Po wy\u0142\u0105czeniu mikrofonu nie powr\u00f3cono do obrad i dotychczasowe kandydatury formuj\u0105cych si\u0119 komisji uniewa\u017cniono. Jak wida\u0107, wszystko odby\u0142o si\u0119 wed\u0142ug klasycznych regu\u0142 rewolucjonist\u00f3w, kt\u00f3re nakazuj\u0105, \u017ce gdy wybory nie s\u0105 po ich my\u015bli, nale\u017cy je uniewa\u017cni\u0107 i powt\u00f3rzy\u0107. W rezultacie, progresywi\u015bci uzyskali w nowych wyborach wi\u0119kszo\u015b\u0107 g\u0142os\u00f3w (np. w jednej z najwa\u017cniejszych Komisji Liturgicznej &#8211; 56%) i pod skrzyd\u0142ami sprzyjaj\u0105cego im papie\u017ca przej\u0119li kontrol\u0119 nad obradami Soboru.<\/p>\r\n<p>Kolejnym przyk\u0142adem dzia\u0142ania si\u0142 ciemno\u015bci &#8211; czyli tego &#8222;z\u0142a Rosji&#8221;, kt\u00f3re rozla\u0142o si\u0119 r\u00f3wnie\u017c na obrady soborowe &#8211; by\u0142o nieustanne blokowanie petycji Ojc\u00f3w Soborowych \u017c\u0105daj\u0105cych pot\u0119pienia komunizmu. Ju\u017c w dziesi\u0119\u0107 dni po otwarciu obrad soborowych, 20 pa\u017adziernika 1962 roku, w\u0142oski kardyna\u0142 Giuseppe Ferretto, kt\u00f3ry wyst\u0105pi\u0142 z takim wnioskiem podczas dyskusji nad &#8222;Przes\u0142aniem do \u015bwiata&#8221;, os\u0142upia\u0142 gdy zosta\u0142 upomniany przez przewodnicz\u0105cego obrad kard. Li\u00c3\u00a9nart, kt\u00f3ry ostrzeg\u0142 go: &#8222;Domagam si\u0119, aby [Jego Eminencja] nie powt\u00f3rzy\u0142a ju\u017c tego co zosta\u0142o tu powiedziane.&#8221; Trudno\u015bci te nie za\u0142ama\u0142y Ojc\u00f3w. W grudniu 1963 roku brazylijski arcybiskup Proen\u00c3\u00a7a Sigaud dor\u0119czy\u0142 Sekretarzowi Stanu petycj\u0119 podpisan\u0105 przez przesz\u0142o 200 biskup\u00f3w i kardyna\u0142\u00f3w z 64 pa\u0144stw, adresowan\u0105 do Papie\u017ca i domagaj\u0105c\u0105 si\u0119 &#8222;ukazania w ca\u0142ej swej jasno\u015bci, b\u0142\u0119d\u00f3w marksizmu, socjalizmu i komunizmu i odrzucenia ich na bazie filozoficznej&#8221;. Dzia\u0142ania te jednak by\u0142y niwelowane przez samego Papie\u017ca i progresywistycznych hierarch\u00f3w, a jeden z nich, holenderski kardyna\u0142 Bernard Alfrink wyzna\u0142, i\u017c &#8222;Nasza pastoralna troska zmierza do [znalezienia] dobrego ziarna nawet w \u015bwiecie komunistycznym&#8221;.<\/p>\r\n<p>Czy to tylko b\u0142oga naiwno\u015b\u0107 czy wyrafinowana gra wrog\u00f3w dzia\u0142aj\u0105cych wewn\u0105trz Ko\u015bcio\u0142a? Czy nie wida\u0107 by\u0142o po 45-latach funkcjonowania systemu, jak to &#8222;dobre ziarno&#8221; komunizmu owocowa\u0142o w 'Kraju Rad&#8217;, z milionami ofiar, przepe\u0142nionymi \u0142agrami i przemienionymi na magazyny ko\u015bcio\u0142ami?<\/p>\r\n<p>Na pocz\u0105tku czwartej sesji soborowej, w pa\u017adzierniku 1965 roku arcybiskupi Proen\u00c3\u00a7a Sigaud i Marcel Lefebvre dostarczyli kolejn\u0105 petycj\u0119 \u017c\u0105daj\u0105c\u0105 pot\u0119pienia komunizmu, podpisan\u0105 tym razem przez 465 Ojc\u00f3w Soborowych. Wobec tej Petycji knowania progresist\u00f3w by\u0142y jeszcze bardziej perfidne: o istnieniu Petycji uczestnicy Soboru i cz\u0142onkowie poszczeg\u00f3lnych komisji nie zostali nawet poinformowani! Zadba\u0142 o to Monsignore Achille Glorieux z Francji, kt\u00f3ry &#8211; jak zauwa\u017ca ojciec Ralph Wiltgen w przebogatej w fakty ksi\u0105\u017cce pt. <em>Ren wp\u0142ywa do Tybru<\/em> &#8211; &#8222;zajmowa\u0142 w tym czasie z p\u00f3\u0142 tuzina stanowisk w Watykanie&#8221;<a href=\"#_edn58\" name=\"_ednref58\"><\/a><span class=\"MsoEndnoteReference\"><span class=\"MsoEndnoteReference\"><span style=\"font-size: 9.0pt;\" lang=\"PL\">[58]<\/span><\/span><\/span>, i kt\u00f3ry pos\u0142usznie wykonywa\u0142 rozkazy prze\u0142o\u017conych. Msgr. Glorieux zr\u0119cznie &#8222;zagubi\u0142&#8221; petycj\u0119 Ojc\u00f3w Soborowych, co zreszt\u0105 sam wyjawi\u0142 w przeprowadzonym w 1985 roku z ojcem Pierre Caillon wywiadzie. Rezolutnie przyzna\u0142 si\u0119 wtedy, \u017ce by\u0142 t\u0105 osob\u0105, kt\u00f3ra powodowa\u0142a znikane wielu petycji biskup\u00f3w domagaj\u0105cych si\u0119 pot\u0119pienia komunizmu. Wed\u0142ug biskupa Glorieux by\u0142y one &#8222;gubione [gdy\u017c] nie wsp\u00f3\u0142gra\u0142y z duchem soborowym&#8221;.<\/p>\r\n<p>Jak pami\u0119tamy, &#8222;duch soborowy&#8221; nakre\u015blony zosta\u0142 w uk\u0142adzie w Metz i z \u017celazn\u0105 konsekwencj\u0105 by\u0142 przywo\u0142ywany podczas obrad. W rezultacie, \u017caden z dokument\u00f3w soborowych nie wspomnia\u0142 nawet s\u0142owa &#8222;komunizm&#8221;, a tym bardziej nie zaj\u0105\u0142 stanowiska wobec tego najniebezpieczniejszego i najbrutalniejszego systemu XX wieku. Uwa\u017cna analiza wszystkich akt soborowych (<em>Acta Synodalia sacrosancti Concilii oecumenici Vaticani II<\/em>) dowodzi, \u017ce ani razu nie u\u017cyto s\u0142\u00f3w: &#8222;komunizm&#8221;, &#8222;marksizm&#8221; czy &#8222;socjalizm&#8221;. Wniosek jest jeden i nasuwa si\u0119 sam: mo\u017cna \u015bwiadomie m\u00f3wi\u0107 o pe\u0142nym triumfie si\u0142 z\u0142a podczas obrad Soboru.<\/p>\r\n<p>Tak jak z\u0142o komunizmu nie mog\u0142o doczeka\u0107 si\u0119 wzmianki, a tym bardziej pot\u0119pienia podczas obrad soborowych, tak samo unikano w\u0142a\u015bciwej czci Matki Bo\u017cej. &nbsp;Zgodnie z ekumenicznym &#8222;duchem soborowym&#8221;, czyniono za to pok\u0142ony w stron\u0119 &#8222;ko\u015bcio\u0142\u00f3w&#8221; protestanckich, kt\u00f3re ze swej natury nienawidz\u0105 Naj\u015bwi\u0119tszej Panny. &#8222;Biskup&#8221; Dibelious z niemieckiego &#8222;ko\u015bcio\u0142a&#8221; ewangelickiego, na pocz\u0105tku obrad soborowych przypomnia\u0142, i\u017c nauczanie Ko\u015bcio\u0142a katolickiego o Maryji jest jedn\u0105 z g\u0142\u00f3wnych przeszk\u00f3d &#8222;pojednania&#8221;. Inny protestant, prof. Meinhold sugerowa\u0142, \u017ce Ko\u015bcio\u0142owi potrzebne jest podczas Soboru &#8222;nowe podej\u015bcie do doktryny Naj\u015bwi\u0119tszej Dziewicy&#8221;.<a href=\"#_edn59\" name=\"_ednref59\"><\/a><span class=\"MsoEndnoteReference\"><span class=\"MsoEndnoteReference\"><span style=\"font-size: 9.0pt;\" lang=\"PL\">[59]<\/span><\/span><\/span><\/p>\r\n<p>To &#8222;nowe podej\u015bcie&#8221; powoli kszta\u0142towa\u0142o si\u0119 podczas obrad soborowych, i to z wyra\u017anym poparciem Papie\u017ca, kt\u00f3ry ju\u017c 24 pa\u017adziernika 1960 roku strofowa\u0142 zgromadzonych w Rzymie ksi\u0119\u017cy, aby strzegli si\u0119 &#8222;gorliwo\u015bci oddawanej przy kultywowaniu niekt\u00f3rych praktyk, a w szczeg\u00f3lno\u015bci by\u0107 mo\u017ce zbytniego publicznego oddawania czci Madonny, drogiej Matki Jezusa i Naszej Matki&#8221;.<a href=\"#_edn60\" name=\"_ednref60\"><\/a><span class=\"MsoEndnoteReference\"><span class=\"MsoEndnoteReference\"><span style=\"font-size: 9.0pt;\" lang=\"PL\">[60]<\/span><\/span><\/span><\/p>\r\n<p>Mi\u0142uj\u0105cy Ko\u015bci\u00f3\u0142 Ojcowie pragn\u0119li te\u017c dyskusji nad dogmatycznym zdefiniowaniem Matki Bo\u017cej Po\u015bredniczki (<em>Maria Mediatrix<\/em>). Projekt wniesiony zosta\u0142 przez przesz\u0142o 300 biskup\u00f3w, ale osobi\u015bcie walczy\u0142 z nim kardyna\u0142 Montini, kt\u00f3ry wiernie wype\u0142nia\u0142 recepty modernistycznych teolog\u00f3w. W\u015br\u00f3d nich szczeg\u00f3lnie kardyna\u0142 Koenig i ojciec Karl Rahner zajmowali si\u0119 zagadnieniami maryjnymi, z pewno\u015bci\u0105 tylko w tym celu, by uniemo\u017cliwia\u0107 przyznanie Matce Przenaj\u015bwi\u0119tszej w\u0142a\u015bciwej godno\u015bci.<\/p>\r\n<p>W 'Kronikach Soboru&#8217; Abb\u00c3\u00a9 George de Nantes pod dat\u0105 16-17 wrze\u015bnia 1964 roku zapisa\u0142: &#8222;Dzi\u0119ki Bogu! Wielu Ojc\u00f3w wyrazi\u0142o swoje oburzenie. Z pocz\u0105tku byli oni oszukiwani, gdy pod pretekstem [&#8230;] redukowano i likwidowano [promaryjne elementy z tego dokumentu &#8211; <em>Schema<\/em>]. P\u00f3\u017aniej jednak [zorientowali si\u0119], gdy [zobaczyli, \u017ce w ko\u0144cowym dokumencie] &nbsp;wszystko co zosta\u0142o napisane, jest przeciwne Maryi i Jej czci, jest obra\u017aliwe dla katolickiego ucha, niesprawiedliwe dla Ko\u015bcio\u0142a i brutalnie przeciwne Prawdzie. Kardyna\u0142 [Ernesto] Ruffini wskaza\u0142 w tek\u015bcie wszystko to, co zosta\u0142o nienawistnie przemilczane. Kardyna\u0142 Wyszy\u0144ski i inni Ojcowie za\u017c\u0105da\u0142 w imieniu setek biskup\u00f3w uroczystej konsekracji&nbsp; Ko\u015bcio\u0142a a nawet &#8211; w odpowiedzi na oczekiwania Naj\u015bwi\u0119tszej Panny z Fatimy &#8211; konsekracji \u015bwiata, maj\u0105c na my\u015bli konsekracj\u0119 Rosji, Jej Niepokalanemu Sercu&#8221;.<\/p>\r\n<p>Warto podkre\u015bli\u0107, \u017ce imi\u0119 kardyna\u0142a Stefana Wyszy\u0144skiego by\u0142o wielokrotnie przytaczane przez obraduj\u0105cych Ojc\u00f3w, zawsze w kontek\u015bcie przyk\u0142adu najwi\u0119kszej troski o losy Ko\u015bcio\u0142a. Kard. Wyszy\u0144ski dwukrotnie przedstawi\u0142 wniosek do papie\u017ca Paw\u0142a VI o konsekracj\u0119 \u015bwiata i Rosji. Wniosek z 16 wrze\u015bnia, podpisany razem z 70 polskimi biskupami, wzywa do po\u015bwi\u0119cenia Ko\u015bcio\u0142a i ca\u0142ego \u015bwiata, w duchu konsekracji dokonanej 31 pa\u017adziernika 1942 roku przez Piusa XII. W kilka chwil p\u00f3\u017aniej do wniosku przy\u0142\u0105czy\u0142 si\u0119 m.in. sycylijski arcybiskup Corrado Mingo, interweniuj\u0105c o &#8222;odnowienie konsekracji Ko\u015bcio\u0142a, \u015bwiata, a szczeg\u00f3lnie Rosji Niepokalanemu Sercu Naj\u015bwi\u0119tszej Dziewicy Panny, na zako\u0144czenie obrad Soboru&#8221;. Kardyna\u0142 Wyszy\u0144ski interweniowa\u0142 p\u00f3\u017aniej po raz drugi dzie\u0144 razem z portugalskim biskupem Francisco Rendeiro z diecezji Coimbra, kt\u00f3ry reprezentowa\u0142 stanowisko ca\u0142ego Episkopatu swego kraju.<\/p>\r\n<p>Jak wiemy, rewolucja w Ko\u015bciele roznios\u0142a dotychczasowy porz\u0105dek, co by\u0142o oczekiwane i oczywi\u015bcie wychwalane przez progresist\u00f3w oraz przyklaskuj\u0105ce im media. Jedna z najwi\u0119kszych osobisto\u015bci Soboru, ks. Hans K\u00fcng, tak zach\u0142ysn\u0105\u0142 si\u0119 ideami Rewolucji Francuskiej, \u017ce rozdzia\u0142owi swojej ksi\u0105\u017cki nadaje tytu\u0142 &#8222;Ko\u015bci\u00f3\u0142: Komunia z Wolno\u015bci\u0105, R\u00f3wno\u015bci\u0105 i Braterstwem&#8221;.<\/p>\r\n<p>Ale nie tylko dysydencki teolog, jak kto\u015b m\u00f3g\u0142by wytkn\u0105\u0107, zachwyca\u0142 si\u0119 maso\u0144skimi idea\u0142ami. Oto co w 1963 roku powiedzia\u0142 sam papie\u017c Pawe\u0142 VI:<\/p>\r\n<p>&#8222;\u0179yjemy w erze Rewolucji Francuskiej, erze kt\u00f3ra odzwierciedla wszystkie jej nieszcz\u0119\u015bcia i jej chaotyczne i pomieszane idee, ale r\u00f3wnie\u017c i zachwyt i ufno\u015b\u0107. [&#8230;] Jeste\u015bmy \u015bwiadomi czego\u015b nowego: \u017cywych idei, analogii pomi\u0119dzy wielkimi [wspania\u0142ymi] za\u0142o\u017ceniami Rewolucji, kt\u00f3re w sumie, tylko zaadaptowa\u0142y niekt\u00f3re idee chrze\u015bcija\u0144skie: wolno\u015b\u0107, r\u00f3wno\u015b\u0107, rozw\u00f3j, ch\u0119\u0107 polepszenia stanu klas biedoty.&#8221;<\/p>\r\n<p>S\u0142owa tego typu, nie tylko por\u00f3wnuj\u0105ce, ale i wychwalaj\u0105ce za\u0142o\u017cenie Rewolucji Francuskiej mog\u0142y pa\u015b\u0107 tylko z ust Papie\u017ca, kt\u00f3ry zaw\u0142adni\u0119ty jest innymi idea\u0142ami ni\u017c nauka Chrystusa. Mo\u017cna p\u00f3j\u015b\u0107 jeszcze dalej, gdy zauwa\u017cy si\u0119, \u017ce np. s\u0142owo &#8222;r\u00f3wno\u015b\u0107&#8221; nie wyst\u0119puje ani w Starym ani w Nowym Testamencie, a d\u0105\u017cenia do zr\u00f3wnywania ludzi jest dzia\u0142aniem niszcz\u0105cym naturalny porz\u0105dek hierarchiczny.<\/p>\r\n<p>&nbsp;<\/p>\r\n<ul type=\"disc\">\r\n\t<li><strong>Pawe\u0142 VI w Fatimie.<\/strong><\/li>\r\n<\/ul>\r\n<p>Wkr\u00f3tce po elekcji, najprawdopodobniej w lipcu 1963 roku, papie\u017c Pawe\u0142 VI przeczyta\u0142 Trzeci\u0105 Tajemnic\u0119, lecz nie znamy \u017cadnej jego reakcji na tre\u015b\u0107 Maryjnego Przekazu. Po kilka latach przem\u00f3wi\u0142 jednak i &#8211; wyr\u0119czaj\u0105c si\u0119 starym kardyna\u0142em Ottaviani &#8211; na pocz\u0105tku 1967 roku obwie\u015bci\u0142, i\u017c Trzecia Tajemnica nie b\u0119dzie nigdy wyjawiona.<a href=\"#_edn61\" name=\"_ednref61\"><\/a><span class=\"MsoEndnoteReference\"><span class=\"MsoEndnoteReference\"><span style=\"font-size: 9.0pt;\" lang=\"PL\">[61]<\/span><\/span><\/span> Po tym o\u015bwiadczeniu, przez ca\u0142y pozosta\u0142y okres pontyfikatu a\u017c do momentu \u015bmierci, Pawe\u0142 VI nigdy nie wypowiedzia\u0142 si\u0119 publicznie o Fatimie. Ignoruj\u0105c \u017c\u0105dania Pani Fatimskiej, zdecydowa\u0142 si\u0119 on na pogrzebanie Przes\u0142ania, w najlepszym przypadku redukuj\u0105c je do konieczno\u015bci modlitwy. W obraniu tego kierunku widzimy wyra\u017ane wp\u0142ywy wieloletniego przyjaciela Msgr. Montini, ojca Eduarda Dhanis.<\/p>\r\n<p>Nacisk Episkopatu portugalskiego, wielu biskup\u00f3w na \u015bwiecie i sporej liczby profatimskich \u015bwieckich grup, by\u0142 jednak znacz\u0105cy. W tej sytuacji, Pawe\u0142 VI zdecydowa\u0142 si\u0119 na podr\u00f3\u017c do Fatimy, kt\u00f3r\u0105 pragn\u0105\u0142 wykorzysta\u0107 bardziej jako forum do przekazania swojej wizji, ni\u017c zado\u015b\u0107uczyni\u0107 Maryjnym \u017c\u0105daniom. Ju\u017c sam spos\u00f3b obwieszczenia tego zamiaru, jak i program podr\u00f3\u017cy pokazuje nastawienie Paw\u0142a VI do Przes\u0142ania.<\/p>\r\n<p>O zamiarze udania si\u0119 do Fatimy, zaskoczony \u015bwiat dowiedzia\u0142 si\u0119 podczas generalnej audiencji 3 maja 1967 roku. Papie\u017c zapowiedzia\u0142 wtedy, \u017ce 13 maja, czyli zaledwie w 10 dni od og\u0142oszenia, uda si\u0119 do Fatimy &#8222;z bardzo kr\u00f3tk\u0105 pielgrzymk\u0105 [&#8230;] wyra\u017caj\u0105c j\u0105 ca\u0142kowicie w prywatnych ramach&#8221;. Okre\u015bli\u0142 od razu dok\u0142adny przebieg podr\u00f3\u017cy, podczas kt\u00f3rej &#8222;Odlecimy samolotem rano bezpo\u015brednio na lotnisko w pobli\u017cu Fatimy. Tam odprawimy Msz\u0119, wyg\u0142osimy przem\u00f3wienie do zgromadzonych tam wiernych, pozdrowimy wszystkich, kt\u00f3rzy b\u0119d\u0105 mieli okazj\u0119 spotka\u0107 si\u0119 i pod wiecz\u00f3r zabierzemy si\u0119 samolotem z powrotem do Rzymu, [l\u0105duj\u0105c] tej samej nocy.&#8221; O decezji odbycia podr\u00f3\u017cy pocz\u0105tkowo nie powiadomieni zostali nawet biskupi portugalscy, kt\u00f3rzy dowiedzieli si\u0119 o tym zamiarze ze \u015brodk\u00f3w masowego przekazu. Znacz\u0105ce jest tak\u017ce zupe\u0142ne pomini\u0119cie stolicy Portugalii w harmonogramie podr\u00f3\u017cy i brak ch\u0119ci spotkania si\u0119 z przyw\u00f3dcami pa\u0144stwowymi. Jest to oczywi\u015bcie zrozumia\u0142e i wyt\u0142umaczalne w kontek\u015bcie ca\u0142ej dzia\u0142alno\u015bci Msgr. Montini i papie\u017ca Paw\u0142a VI.<\/p>\r\n<p>Modernistyczne my\u015blenie Paw\u0142a VI uczuli\u0142o go bowiem na narodowe, patriotyczne aspiracje przyw\u00f3dc\u00f3w pa\u0144stwowych, kt\u00f3re w Portugalii reprezentowane by\u0142y przez prawicowe i katolickie rz\u0105dy Prezydenta Antonio Salazar. Polityka Paw\u0142a VI, wsp\u00f3\u0142graj\u0105ca z promaso\u0144skimi &#8222;demokracjami zachodnimi&#8221; k\u0142\u00f3ci\u0142a si\u0119 bowiem z wprowadzanym w Portugalii antyliberalnym systemem interesu narodowego, z gospodarczym korporacjonizmem chrze\u015bcija\u0144skim, oparciem si\u0119 na rodzinie jako podstawowej jednostce spo\u0142ecznej i przekazaniem w\u0142adzy w r\u0119ce producent\u00f3w, w\u0142a\u015bcicieli i cech\u00f3w. Salazar, znienawidzony przez lewicowych rewolucjonist\u00f3w, przetrwa\u0142 do 1974 roku, kiedy to komuni\u015bci przej\u0119li w\u0142adz\u0119. Ciosem dla Portugalii sta\u0142a si\u0119 utrata kolonii, do czego przy\u0142o\u017cy\u0142 r\u0119k\u0119 i Pawe\u0142 VI, doprowadzaj\u0105c w sumie do przej\u0119cia kontroli przez komunistyczne si\u0142y w tych krajach, co z kolei doprowadzi\u0142o do krwawych wojen i tragedii miejscowej ludno\u015bci.<\/p>\r\n<p>Podczas podr\u00f3\u017cy do Fatimy Pawe\u0142 VI chcia\u0142 wi\u0119c za wszelk\u0105 cen\u0119 unikn\u0105\u0107 kontakt\u00f3w z &#8222;faszystowskim&#8221; rz\u0105dem Salazara, tak ze wzgl\u0119du na swoj\u0105 w\u0142asn\u0105 alergi\u0119 na antyliberalizm, jak i boj\u0105c si\u0119 reakcji &#8222;demokracji&#8221; \u015bwiatowych. Jak zapisa\u0142 kard. Jacques Martin, prefekt Domu Papieskiego, wizyta w Fatimie mia\u0142a trwa\u0107 tylko jeden dzie\u0144 i nale\u017ca\u0142o nie dopu\u015bci\u0107 do spotkania z Prezydentem, gdy\u017c &#8222;Ewentualne nast\u0119pstwa polityczne [spotkania] mog\u0142y wywo\u0142a\u0107 negatywne skutki dla Ko\u015bcio\u0142a&#8221;. Papie\u017c dba\u0142 bowiem bardziej o sw\u00f3j wizerunek we w\u0142oskiej i \u015bwiatowej krypto- czy jawnie komunistycznej prasie, kt\u00f3ra do szpiku nienawidzi\u0142a &#8222;faszystowskie&#8221; rz\u0105dy gen. Franco w Hiszpanii (do kt\u00f3rego Msgr. Montini by\u0142 r\u00f3wnie wrogo nastawiony) czy Prezydenta Salazara w Portugalii, ni\u017c o wspieranie pa\u0144stw pr\u00f3buj\u0105cych budowa\u0107 \u0142ad w oparciu o katolick\u0105 nauk\u0119 spo\u0142eczn\u0105. Wspominaj\u0105c za\u015b o &#8222;negatywnych skutkach dla Ko\u015bcio\u0142a&#8221; takich spotka\u0144, z pewno\u015bci\u0105 mia\u0142 na my\u015bli posoborowy Ko\u015bci\u00f3\u0142, kt\u00f3ry odst\u0105pi\u0142 ju\u017c od ponadczasowych dogmat\u00f3w i doktryn Wiary.<\/p>\r\n<p>Rankiem 13 maja 1967 roku samolot <em>Caravelle <\/em>portugalskich linii lotniczych TAP l\u0105duje na lotnisku wojskowym w Monte R\u00c3\u00a9al i po kr\u00f3tkim przywitaniu si\u0119 z oficja\u0142ami i spotkaniu z dziennikarzami, kolumna samochodowa z olbrzymimi odkrytym Rolls-Roycem wyrusza na 43-kilometrow\u0105 tras\u0119 do Cova da Iria. Do rozpocz\u0119cia Mszy zosta\u0142o ponad dwie godziny i samochody jad\u0105 bardzo wolno, trzeba bowiem jako\u015b zabi\u0107 czas, kt\u00f3ry w normalnych warunkach wykorzystany by\u0142by na przeprowadzenia spotkania na wysokim szczeblu. Po dotarciu na plac w Cova da Iria, Papie\u017c powitany zosta\u0142 przez &#8222;morze ludzi&#8221;, bowiem pomimo ulewnego deszczu, zgromadzi\u0142o si\u0119 tam prawie milion wiernych. Wiernych, kt\u00f3rzy oczekiwali od Papie\u017ca potwierdzenia Przekazu Maryjnego, a mo\u017ce nawet &#8211; bowiem i takie by\u0142y oczekiwania &#8211; ujawnienia Trzeciej Tajemnicy. Na &nbsp;odprawionej na placu Mszy \u015bw. Papie\u017c oczywi\u015bcie nie tylko nie ujawni\u0142 Trzeciej Tajemnicy, ale ca\u0142kowiecie odwr\u00f3ci\u0142 si\u0119 od Przekazu Fatimskiego, nie wspominaj\u0105c ani razu o znanych dw\u00f3ch Tajemnicach Fatimskich, a nawet o samych Objawieniach. Miast tego, powt\u00f3rzy\u0142 swoj\u0105 &#8222;humanistyczn\u0105&#8221; mantr\u0119 o budowie nieokre\u015blonego &#8222;nowego \u015bwiata&#8221;: &#8222;Ludzie, b\u0105d\u017acie lud\u017ami [&#8230;] pomy\u015blcie o powadze i znaczeniu tej chwili, kt\u00f3ra mo\u017ce by\u0107 decyduj\u0105ca dla historii obecnego i przysz\u0142ego pokolenia. Zacznijcie od nowa zbli\u017ca\u0107 si\u0119 do siebie z <em>zamiarem budowania nowego \u015bwiata<\/em>.&#8221; [podkre\u015blenie &#8211; L.M.]<\/p>\r\n<p>Papie\u017c udzieli\u0142 Komunii \u015bw. siostrze \u0141ucji, kt\u00f3r\u0105 zaraz po sko\u0144czonej Mszy \u015bw. podprowadzono do niego. Wyci\u0105gn\u0105\u0142 ku niej ramiona, lecz siostra \u0141ucja ukl\u0119k\u0142a przed nim, uca\u0142owa\u0142a pier\u015bcie\u0144 i trz\u0119s\u0105cymi z wra\u017cenia r\u0119kami z trudno\u015bci\u0105 otworzy\u0142a pude\u0142eczko, z kt\u00f3rego wyj\u0119\u0142a wyhaftowany przez siebie <em>Pallium<\/em> &#8211; sw\u00f3j osobisty dar dla Papie\u017ca. Wtedy siostra \u0141ucja poprosi\u0142a o rozmow\u0119: &#8222;Chc\u0119 rozmawia\u0107 z [Wasz\u0105 \u015awi\u0105tobliwo\u015bci\u0105] na osobno\u015bci&#8221;. Ca\u0142e zdarzenie by\u0142o obserwowane przez milion zgromadzonych i, jak wspomina ojciec Almeida, t\u0142umacz Papie\u017ca: &#8222;Papie\u017c siedzia\u0142, a siostra \u0141ucja kl\u0119cza\u0142a przed nim. Wszystko wydarzy\u0142o si\u0119 nieoczekiwanie, w miejscu publicznym i ka\u017cdy [z otoczenia Papie\u017ca] m\u00f3g\u0142 s\u0142ysze\u0107 j\u0105, zatem nie ma w tym \u017cadnej tajemnicy.&#8221; Pawe\u0142 VI patrz\u0105c na siostr\u0119 \u0141ucj\u0119 bez s\u0142owa u\u015bmiecha\u0142 si\u0119, jak gdyby nie reagowa\u0142 albo nie s\u0142ucha\u0142. Siostra \u0141ucja kilkakrotnie powt\u00f3rzy\u0142a sw\u0105 pro\u015bb\u0119 spotkania si\u0119 z Papie\u017cem &#8211; bez skutku, a\u017c wreszcie Papie\u017c odrzek\u0142: &#8222;Widzisz, \u017ce nie jest teraz odpowiednia pora. Poza tym, je\u015bli chcesz co\u015b mi przekaza\u0107, powiedz to swojemu biskupowi. On b\u0119dzie tym, kt\u00f3ry b\u0119dzie komunikowa\u0142 si\u0119 ze mn\u0105. Zawierz i b\u0105d\u017a wierna swojemu biskupowi.&#8221; S\u0142ysz\u0105c tak\u0105 odpowied\u017a, siostra \u0141ucja natychmiast wsta\u0142a. Wsta\u0142 te\u017c Papie\u017c. T\u0142umy domaga\u0142y si\u0119 zobaczenia Siostry, skanduj\u0105c: &#8222;<em>Lucia, Lucia, Lucia<\/em>&#8222;. Wtedy biskup Paul Hnilica podprowadzi\u0142 Siostr\u0119 \u0141ucj\u0119 na podium, gdzie stoj\u0105c obok Papie\u017ca, pokazana zosta\u0142a ca\u0142emu \u015bwiatu. Siostra p\u0142aka\u0142a. Jak celnie opisa\u0142 to wydarzenie Abb\u00c3\u00a9 de Nantes: &#8222;Pod obstrza\u0142em soczewek telewizyjnych [kamer] i setek aparat\u00f3w fotograficznych [&#8230;] [Siostra] p\u0142aka\u0142a. P\u0142aka\u0142a nie nad sob\u0105, ale nad nami &#8211; b\u0105d\u017amy pewni tego. Niebo p\u0142acze wraz z Powiernikiem B\u0142ogos\u0142awionej Maryi Dziewicy, bowiem Maryja zosta\u0142a odrzucona&#8221;.<\/p>\r\n<p>Po tym zdarzeniu, siostra \u0141ucja wr\u00f3ci\u0142a z powrotem do klasztoru w Coimbra (z kt\u00f3rego przyby\u0142a do Fatimy po raz pierwszy od 21 lat), gdy\u017c nie dane by\u0142o jej spotkanie z Papie\u017cem. Papie\u017c po raz kolejny odm\u00f3wi\u0142 wys\u0142uchania \u015awiadka Maryjnego, po raz kolejny odrzuci\u0142 \u017c\u0105dania Fatimskie, po raz kolejny sprzeniewierzy\u0142 si\u0119 samej Matce Bo\u017cej.<\/p>\r\n<p>Reszt\u0119 dnia wizyty w Portugalii Pawe\u0142 VI odpoczywa\u0142, po czym udzieli\u0142 kr\u00f3tkich audiencji przedstawicielom dyplomatycznym i Episkopatowi Portugalskiemu. Zaara\u017cowane zostaje te\u017c nieca\u0142e 10-minutowe, nieoficjalne spotkanie z Prezydentem Salazarem, kt\u00f3ry zra\u017cony zrobieniem z siostry \u0141ucji maskotki dla t\u0142um\u00f3w<a href=\"#_edn62\" name=\"_ednref62\"><\/a><span class=\"MsoEndnoteReference\"><span class=\"MsoEndnoteReference\"><span style=\"font-size: 9.0pt;\" lang=\"PL\">[62]<\/span><\/span><\/span>, zaraz po Mszy \u015bw. chcia\u0142 wraca\u0107 do Lizbony, lecz przekonany zosta\u0142 przez ministr\u00f3w do spotkania.<\/p>\r\n<p>Trzeba w tym miejscu przypomnie\u0107, \u017ce siostra \u0141ucja nie chcia\u0142a spotka\u0107 si\u0119 z Papie\u017cem, wiedz\u0105c z pewno\u015bci\u0105 &#8211; bowiem \u015bwiadczy\u0142y o tym wszystkie dotychczasowe ruchy pontyfikatu &#8211; \u017ce spotkanie b\u0119dzie bezowocne. Na sam\u0105 wie\u015b\u0107 o tym, siostra \u0141ucja przez wiele dni zawzi\u0119cie odmawia\u0142a wyra\u017cenia zgody na udanie si\u0119 na to spotkanie. Dopiero podczas rozmowy telefonicznej z nuncjuszem papieskim otrzyma\u0142a nie tylko \u017c\u0105danie stawienia si\u0119, ale powiedziano jej, \u017ce nie wykonanie tego nakazu by\u0142oby grzesznym niepos\u0142usze\u0144stwem wobec Ojca \u015awi\u0119tego. Kanonik Barthas dodaje, \u017ce &#8222;Gdyby by\u0142oby to tylko \u017cyczenie Ojca \u015awi\u0119tego, a nie nakaz, Siostra wola\u0142aby pozosta\u0107 w klasztorze&#8221;.<a href=\"#_edn63\" name=\"_ednref63\"><\/a><span class=\"MsoEndnoteReference\"><span class=\"MsoEndnoteReference\"><span style=\"font-size: 9.0pt;\" lang=\"PL\">[63]<\/span><\/span><\/span><\/p>\r\n<p>Intencje wizyty w Fatimie by\u0142y zakre\u015blone wizjami Paw\u0142a VI: &#8222;braterstwem pomi\u0119dzy narodami&#8221;, zawierzeniem w 'm\u0105dro\u015b\u0107 Cz\u0142owieka&#8217; i szukaniem rozwi\u0105za\u0144 pokojowych w wyniku negocjacji. Fatima sta\u0142a si\u0119 tylko podium, odskoczni\u0105, gdzie du\u017cym t\u0142umom m\u00f3g\u0142 przekaza\u0107 swoje idee. To, co wypowiedziane zosta\u0142o przez Papie\u017ca w Fatimie, mog\u0142oby z powodzeniem stanowi\u0107 przem\u00f3wienie pierwszego-lepszego niekatolickiego przyw\u00f3dcy religijnego. Brak by\u0142o zar\u00f3wno wyk\u0142adni katolickiej, jak i jakiegokolwiek odniesienia do Przes\u0142ania Fatimskiego: modernistyczny umys\u0142 Paw\u0142a VI nie pozwala\u0142 na wspominanie takich niebezpiecze\u0144stw jak: Piek\u0142o, komunistyczne 'B\u0142\u0119dy Rosji&#8217; &#8211; kt\u00f3re w tym czasie z wielkim nat\u0119\u017ceniem rozprzestrzenia\u0142y si\u0119 po \u015bwiecie wywo\u0142uj\u0105c na wszystkich kontynentach rewolucyjne i krwawe zmiany &#8211; czy wo\u0142anie o nawr\u00f3cenie, odmawianie r\u00f3\u017ca\u0144ca, pokut\u0119.<\/p>\r\n<p>Papie\u017c Pawe\u0142 VI podczas wizyty w Fatimie nie tylko 'nie znalaz\u0142 czasu&#8217; na wst\u0105pienie do samego serca Fatimy: sanktuarium Capelinha, kt\u00f3re by\u0142o zaledwie kilkaset metr\u00f3w od miejsca odprawianej Mszy, ale nie odm\u00f3wi\u0142 nawet ani jednego 'Zdrowa\u015b Mario&#8217;!<\/p>\r\n<p>&nbsp;<\/p>\r\n<ul type=\"disc\">\r\n\t<li><strong>Kontynuacja 'dialogu&#8217; z komunistami<\/strong><\/li>\r\n<\/ul>\r\n<p>Ju\u017c od pierwszych dni swego pontyfikatu Pawe\u0142 VI rozszerza\u0142 kontakty z komunistami. W dzie\u0144 po koronacji przyj\u0105\u0142 on radzieckich 'obserwator\u00f3w&#8217; na Sob\u00f3r (kt\u00f3rzy &#8211; jak\u017ceby inaczej &#8211; okazali si\u0119 agentami KGB). W tym samym mniej wi\u0119cej czasie rozpocz\u0105\u0142 szerok\u0105 dzia\u0142alno\u015b\u0107 Msgr. Casaroli &#8211; p\u00f3\u017aniejszy kardyna\u0142 odpowiedzialny za prowadzenie polityki z okupowanymi krajami Europy \u015arodkowo-Wschodniej. By\u0142 on re\u017cyserem i zawar\u0142, niekiedy bardzo niekorzystne dla Ko\u015bcio\u0142a, &nbsp;umowy z komunistycznymi rz\u0105dami Jugos\u0142awii, Czechos\u0142owacji, NRD i Bu\u0142garii. Szczeg\u00f3lnym jednak przypadkiem by\u0142a haniebna polityka Watykanu wobec w\u0119gierskiego kardyna\u0142a J\u00f3zsefa Mindszenty&#8217;ego, w kt\u00f3rym Pawe\u0142 VI widzia\u0142 przeszkod\u0119 w u\u0142o\u017ceniu stosunk\u00f3w z komunistycznymi rz\u0105dami. Mindszenty nie mia\u0142 z\u0142udze\u0144 i doskonale zdawa\u0142 sobie spraw\u0119, i\u017c polityka Watykanu jest niczym innym tylko samozaciskaj\u0105c\u0105 si\u0119 p\u0119tl\u0105 na Ko\u015bci\u00f3\u0142. &#8222;Dyplomacja watyka\u0144ska pozwoli\u0142a sobie na zaanga\u017cowanie si\u0119 w negocjacje, kt\u00f3re daj\u0105 przewag\u0119 tylko komunistom i [przyczyniaj\u0105 si\u0119] do \u015bmiertelnej straty katolicyzmu w\u0119gierskiego.&#8221; &#8211; wspomina Kardyna\u0142 w swoich <em>Pami\u0119tnikach<\/em>. Podobne r\u00f3\u017cnice w odbieraniu komunizmu ujawni\u0142y si\u0119 ponownie w 1974, kiedy to Pawe\u0142 VI podst\u0119pnie obieca\u0142 Kardyna\u0142owi, \u017ce pozostanie Prymasem je\u015bli opu\u015bci W\u0119gry, lecz po przyje\u017adzie do Rzymu og\u0142osi\u0142 <em>vacat <\/em>budapeszte\u0144skiej archidiecezji, pozbawiaj\u0105c tym samym Mindszenty&#8217;ego episkopalnej w\u0142adzy. Kardyna\u0142 wystosowa\u0142 wtedy list protestacyjny, w kt\u00f3rym pisa\u0142, \u017ce to w\u0142a\u015bnie polityka Stolicy Apostolskiej doprowadzi\u0142a do tego, \u017ce re\u017cim komunistyczny na W\u0119grzech decydowa\u0142 o wydawaniu pozwole\u0144 na wy\u015bwi\u0119canie ksi\u0119\u017cy i &nbsp;\u017ce to Watykan jest odpowiedzialny za &#8222;instalowanie tzw. 'ksi\u0119\u017cy pokojowych'&#8221; (w Polsce zwanych &#8222;ksi\u0119\u017cmi-patriotami&#8221;).<\/p>\r\n<p>W ci\u0105gu nast\u0119pnych lat Pawe\u0142 VI spotyka\u0142 si\u0119 wielokrotnie z przyw\u00f3dcami radzieckimi (np. z Andriejem Gromyko w 1965, 1966, 1970, 1974, 1975 roku), a nic nie m\u00f3wi\u0105ce komunikaty z tych spotka\u0144 by\u0142y cz\u0119sto publikowane <em>przed<\/em> rozpocz\u0119ciem rozm\u00f3w. Pomimo brak\u00f3w jakichkoklwiek owoc\u00f3w i nie zmniejszania si\u0119 prze\u015bladowa\u0144 katolik\u00f3w w Zwi\u0105zku Sowieckim, rozmowy by\u0142y kontynuowane. Zwolniony w 1963 roku z sowieckich \u0142agr\u00f3w kardyna\u0142 Slipyj, odwa\u017cnie wo\u0142a\u0142: &#8222;Katolicy na Ukrainie, kt\u00f3rzy oddawali swe \u017cycie i przelali morze krwi za Wiar\u0119 Katolick\u0105 i za wierno\u015b\u0107 Stolicy Apostolskiej, i kt\u00f3rzy nawet teraz przechodz\u0105 straszliwe prze\u015bladowania, ale co wiele gorsze: [dzi\u015b] nie s\u0105 oni przez nikogo bronieni. [&#8230;] Nasza katolicka wiara zmuszona zosta\u0142a [na Ukrainie] do ukrycia si\u0119 w katakumbach, gdy\u017c zabroniona jest celebracja liturgii i administrowanie Sakrament\u00f3w. Wiele tysi\u0119cy wiernych ksi\u0119\u017cy i biskup\u00f3w by\u0142o wtr\u0105canych do wi\u0119zie\u0144 lub deportowanych na polarne regiony Syberii. Teraz jednak, w wyniku dyplomatycznych negocjacji, katolicy na Ukrainie, kt\u00f3rzy jako m\u0119czennicy cierpieli tak wiele, s\u0105 odstawiani na bok, jak jacy\u015b niechciani \u015bwiadkowie z\u0142ej przesz\u0142o\u015bci.&#8221; Maltretowany przez Sowiet\u00f3w przez 20 lat kard. Slipyj dodaje, \u017ce &#8222;Dyplomacja Watykanu \u017cyczy sobie, aby\u015bmy siedzieli cicho i nic o [tych zbrodniach] nie m\u00f3wili, bowiem przeszkadza to w negocjacjach&#8221;.<\/p>\r\n<p>Dla wszystkich, przynajmniej dla tych chc\u0105cych dostrzega\u0107 sytuacj\u0119, &#8222;w sprawach stosunk\u00f3w sowiecko-watyka\u0144skich jest oczywiste, \u017ce Moskwa szuka wsparcia z Rzymu, poniewa\u017c przedstawia to dla niej warto\u015b\u0107 na arenie mi\u0119dzynarodowej&#8221;. Innymi s\u0142owy, Sowieci wykorzystywali Watykan dla swoich w\u0142asnych cel\u00f3w, ale okazuje si\u0119, \u017ce dla drugiej strony cele te wcale nie by\u0142y takie odleg\u0142e, bowiem, jak m\u00f3wi arcybiskup Casaroli &#8222;udzielanie [przez Watykan] wsparcia i moralnego poparcia [Sowietom] korespondowa\u0142o z pokojow\u0105 misj\u0105 [Watykanu].&#8221;<a href=\"#_edn64\" name=\"_ednref64\"><\/a><span class=\"MsoEndnoteReference\"><span class=\"MsoEndnoteReference\"><span style=\"font-size: 9.0pt;\" lang=\"PL\">[64]<\/span><\/span><\/span><\/p>\r\n<p>&nbsp;<\/p>\r\n<ul type=\"disc\">\r\n\t<li><strong>Lista destrukcji<\/strong><\/li>\r\n<\/ul>\r\n<p>Z b\u00f3lem serca nale\u017cy przyzna\u0107, \u017ce pontyfikat Paw\u0142a VI, kt\u00f3ry sko\u0144czy\u0142 si\u0119 6 sierpnia 1978 roku, pozostawi\u0142 po sobie zaawansowan\u0105 destrukcj\u0119 Ko\u015bcio\u0142a. Pomoc w wprowadzeniu do dokument\u00f3w soborowych licznych b\u0142\u0119d\u00f3w doktrynalnych, kontynuowanie zab\u00f3jczych zmian dokonywanych w imi\u0119 &#8222;ducha soborowego&#8221;, wprowadzenie i upowszechnienie Mszy <em>Novus Ordo<\/em> &#8211; kt\u00f3ra ma znikome umocowanie w Tradycji i jest w sumie kranmeroskim, sprotestanyzowanym rytua\u0142em, przy r\u00f3wnoczesnym praktycznym zakazie odprawiania nie\u015bmiertelnej Mszy \u015bw. &nbsp;&#8211; to najkr\u00f3tsza lista dokona\u0144 Paw\u0142a VI.<\/p>\r\n<p>Odno\u015bnie Fatimy, Pawe\u0142 VI nigdy nie m\u00f3wi\u0142 o Tajemnicy Fatimskiej i da\u0142 si\u0119 pozna\u0107 jako osoba, kt\u00f3ra nie wierzy\u0142a w Przes\u0142anie. Odbyta w 1967 roku podr\u00f3\u017c do Fatimy nie by\u0142a pielgrzymk\u0105, lecz pozbawion\u0105 akcent\u00f3w maryjnych wizyt\u0105, kt\u00f3rej domagali si\u0119 wierni i dla kt\u00f3rych nale\u017ca\u0142o co\u015b uczyni\u0107. Skutecznie doprowadzi\u0142 te\u017c do zamkni\u0119cia ust siostrze \u0141ucji, na kt\u00f3r\u0105 na\u0142o\u017cono po 1960 roku \u015bcis\u0142e warunki kontaktowania si\u0119 ze \u015bwiatem. Nikt poni\u017cej rangi kardyna\u0142a nie m\u00f3g\u0142 spotka\u0107 si\u0119 z siostr\u0105 \u0141ucj\u0105 bez wyra\u017anej zgody Watykanu. Nawet by\u0142y d\u0142ugoletni spowiednik siostry \u0141ucji, ojciec Aparicio nie m\u00f3g\u0142 si\u0119 z ni\u0105 spotka\u0107 i pisa\u0142 w li\u015bcie: &#8222;Nie jestem w stanie rozmawia\u0107 z siostr\u0105 \u0141ucj\u0105, poniewa\u017c Arcybiskup [Fatimy-Leiria] nie daje pozwole\u0144 na spotkanie z ni\u0105. Izolacja zosta\u0142a na ni\u0105 na\u0142o\u017cona przez Stolic\u0119 Apostolsk\u0105. W konsekwencji, nikt nie mo\u017ce z ni\u0105 rozmawia\u0107 bez licencji z Rzymu. Arcybiskup dysponuje bardzo ograniczon\u0105 ilo\u015bci\u0105 takich licencji.&#8221;<a href=\"#_edn65\" name=\"_ednref65\"><\/a><span class=\"MsoEndnoteReference\"><span class=\"MsoEndnoteReference\"><span style=\"font-size: 9.0pt;\" lang=\"PL\">[65]<\/span><\/span><\/span><\/p>\r\n<p>Siostra \u0141ucja widz\u0105c kondycj\u0119 \u015bwiata i Ko\u015bcio\u0142a kilkakrotnie u\u017cy\u0142a w swoich listach okre\u015blenia &#8222;diaboliczna dezorientacja&#8221;. W li\u015bcie napisanym do swego kuzyna, ksi\u0119dza Jos\u00e9 Valinho, siostra \u0141ucja pisze:<\/p>\r\n<p class=\"MsoNormal\" style=\"margin-left: .25in;\">&#8222;Bardzo bolej\u0119 widz\u0105c tak wielk\u0105 dezorientacj\u0119 w\u015br\u00f3d ludzi, kt\u00f3rzy zajmuj\u0105 odpowiedzialne stanowiska [&#8230;] Diabe\u0142 potrafi\u0142 propagowa\u0107 z\u0142o pod pozorami dobra; \u015blepi kieruj\u0105 \u015blepymi &#8211; tak jak Nasz Pan m\u00f3wi w Ewangelii &#8211; i dusze s\u0105 wprowadzane w b\u0142\u0105d.<\/p>\r\n<p class=\"MsoNormal\" style=\"margin-left: .25in; text-indent: .25in;\">Z ca\u0142ego serca po\u015bwi\u0119cam si\u0119 i ofiaruj\u0119 swe \u017cycie Bogu za pok\u00f3j w Jego Ko\u015bciele, za ksi\u0119\u017cy i te wszystkie konsekrowane dusze, a szczeg\u00f3lnie za te, kt\u00f3re s\u0105 tak wprowadzane w b\u0142\u0105d i gubione [&#8230;] [Demon] przechytrzy\u0142 i prowadzi w kierunku b\u0142\u0119du i oszukuje dusze, [szczeg\u00f3lnie] te na kt\u00f3rych ci\u0105\u017cy wielka odpowiedzialno\u015b\u0107 poprzez stanowiska, kt\u00f3re zajmuj\u0105. [&#8230;] S\u0105 oni \u015blepcami, kt\u00f3rzy prowadz\u0105 innych \u015blepc\u00f3w.&#8221;<a href=\"#_edn66\" name=\"_ednref66\"><\/a><span class=\"MsoEndnoteReference\"><span class=\"MsoEndnoteReference\"><span style=\"font-size: 9.0pt;\" lang=\"PL\">[66]<\/span><\/span><\/span><\/p>\r\n<p>W pewnym momencie sam Pawe\u0142 VI zacz\u0105\u0142 dostrzega\u0107 t\u0119 wielk\u0105 dezorientacj\u0119 w posoborowym Ko\u015bciele, u\u017cywaj\u0105c s\u0142ynnych s\u0142\u00f3w o &#8222;szczelinie, poprzez kt\u00f3r\u0105 dym Szatana wtargn\u0105\u0142 do \u015bwi\u0105tyni Bo\u017cej.&#8221; Znaj\u0105c tre\u015b\u0107 Trzeciej Tajemnicy i widz\u0105c dewastacj\u0119 Ko\u015bcio\u0142a, Pawe\u0142 VI nieprzypadkowo u\u017cywa\u0142 pod koniec swego pontyfikatu okre\u015ble\u0144 &#8222;konfuzja&#8221;, &#8222;apostazja&#8221;, &#8222;kryzys wiary&#8221;, kt\u00f3re koresponduj\u0105 z &#8222;diaboliczn\u0105 dezorientacj\u0105&#8221;. Mimo lamentowania, nie uczyni\u0142 jednak nic, by temu przeciwstawi\u0107 si\u0119 &#8211; przeciwnie, do ko\u0144ca wierzy\u0142 w &#8222;ducha soborowego&#8221;, nie reagowa\u0142 na ra\u017c\u0105ce przypadki odrzucenia Magisterium Ko\u015bcio\u0142a przez wielu ksi\u0119\u017cy i teolog\u00f3w i wspiera\u0142 ruchy progresywistyczne.<\/p>\r\n<p>Wielu znawc\u00f3w tematu, a tak\u017ce tacy znani dziennikarze jak Vittorio Messori twierdz\u0105, \u017ce samo okre\u015blenie &#8222;diaboliczna dezorientacja&#8221; pochodzi bezpo\u015brednio z Trzeciej Tajemnicy, w kt\u00f3rej niew\u0105tpliwie mowa jest o dezorientacji na samym szczycie Ko\u015bcio\u0142a, nie wykluczaj\u0105c Nast\u0119pcy Piotrowego. Od 1960 roku (Sob\u00f3r Watyka\u0144ski II) zaistnia\u0142 taki stan na \u015bwiecie i w Ko\u015bciele, w kt\u00f3rym mo\u017cna lepiej zrozumie\u0107 Trzeci\u0105 Tajemnic\u0119. Nieujawniona do dzi\u015b Trzecia Tajemnica realizuje si\u0119 na naszych oczach.<\/p>\r\n<p><em>Zagadnieniem tym zajmiemy si\u0119 w nast\u0119pnej cz\u0119\u015bci opracowania. *<\/em><\/p>\r\n<p><strong><em>Lech Maziakowski<\/em><\/strong><\/p>\r\n<p>BIBU\u0141A, Numer 20, maj 2005<\/p>\r\n<p>&nbsp;<\/p>\r\n<p>PRZYPISY:<\/p>\r\n<div id=\"edn1\">\r\n<p class=\"MsoEndnoteText\"><a href=\"#_ednref1\" name=\"_edn1\"><\/a><span class=\"MsoEndnoteReference\"><span class=\"MsoEndnoteReference\"><span style=\"font-size: 10pt; font-family: &amp;amp;\">[1]<\/span><\/span><\/span> Pe\u0142ny angielski tekst dost\u0119pny jest na stronie Stolicy Apostolskiej&nbsp; pod adresem: <br>\r\nhttp:\/\/www.vatican.va\/roman_curia\/congregations\/cfaith\/documents\/rc_con_cfaith_doc_20000626_message-fatima_en.html<\/p>\r\n<\/div>\r\n<div id=\"edn1\">\r\n<p class=\"MsoEndnoteText\">Tekst polski dost\u0119pny jest m.in. pod adresem:<br>\r\nhttp:\/\/www.opoka.org.pl\/biblioteka\/W\/WR\/kongregacje\/kdwiary\/fatima_4.html<\/p>\r\n<p class=\"MsoEndnoteText\">&nbsp;<\/p>\r\n<div id=\"edn2\">\r\n<p class=\"MsoEndnoteText\"><span class=\"MsoEndnoteReference\"><span class=\"MsoEndnoteReference\"><span style=\"font-size: 10pt; font-family: &amp;amp;\">[2]<\/span><\/span><\/span> Kanonik Jos\u00e9 Galamba de Oliveira (1903-1984) by\u0142 profesorem w seminarium w Leiria i przyjacielem biskupa Jos\u00e9 da Silva. To w\u0142a\u015bnie dzi\u0119ki jego licznym przedsi\u0119wzi\u0119ciom, pracom i ksi\u0105\u017ckom portugalscy wierni poznali bli\u017cej siostr\u0119 \u0141ucj\u0119, a dzi\u0119ki jego naciskom na biskupa da Silva, siostra \u0141ucja otrzyma\u0142a nakaz spisania Trzeciego i Czwartego Wspomnienia.<\/p>\r\n<p class=\"MsoEndnoteText\">&nbsp;<\/p>\r\n<div id=\"edn3\">\r\n<p class=\"MsoEndnoteText\"><span class=\"MsoEndnoteReference\"><span class=\"MsoEndnoteReference\"><span style=\"font-size: 10pt; font-family: &amp;amp;\">[3]<\/span><\/span><\/span><em> Brat<\/em> <em>Michel de la Sainte Trinit\u00c3\u00a9<\/em>, Ca\u0142a prawda o Fatimie, Tom I &#8211; III: Trzecia Tajemnica (wydanie angielskie: <em>The Whole Truth about Fatima. <\/em><em>The Secret and the Church<\/em>, Published by Immaculate Heart Publications, 1989)<\/p>\r\n<div id=\"edn4\">\r\n<p class=\"MsoEndnoteText\"><span class=\"MsoEndnoteReference\"><span class=\"MsoEndnoteReference\"><span style=\"font-size: 10pt; font-family: &amp;amp;\">[4]<\/span><\/span><\/span> Zob. np. niejasn\u0105 i cz\u0119sto niechlubn\u0105 rol\u0119 francuskiego Jezuity, Monsignore d&#8217;Herbigny, osobistego wys\u0142annika Piusa XI do Rosji sowieckiej, <em>Brat<\/em> <em>Fr\u00c3\u00a9re Michel de la Sainte Trinite<\/em>, op. cit. Tom II, strony 558-605.<\/p>\r\n<p class=\"MsoEndnoteText\">&nbsp;<\/p>\r\n<div id=\"edn5\">\r\n<p class=\"MsoEndnoteText\"><span class=\"MsoEndnoteReference\"><span class=\"MsoEndnoteReference\"><span style=\"font-size: 10pt; font-family: &amp;amp;\">[5]<\/span><\/span><\/span> Pe\u0142ny tekst Encykliki po polsku dost\u0119pny jest m.in. pod adresem: http:\/\/www.opoka.org.pl\/ biblioteka\/W\/WP\/pius_xi\/encykliki\/divini_redemptoris_19031937.html<\/p>\r\n<p class=\"MsoEndnoteText\">&nbsp;<\/p>\r\n<div id=\"edn6\">\r\n<p class=\"MsoEndnoteText\"><span class=\"MsoEndnoteReference\"><span class=\"MsoEndnoteReference\"><span style=\"font-size: 10pt; font-family: &amp;amp;\">[6]<\/span><\/span><\/span> Zanim nast\u0105pi\u0142o cudowne ocalenie Portugalii, maso\u0144sko-komunistyczne si\u0142y &#8222;podbija\u0142y \u015bwiat&#8221; wzniecaj\u0105c krwawe rewolucje w Rosji, Meksyku i Portugalii i przygotowywa\u0142y grunt do rewolucji w innych krajach. W ci\u0105gu tylko pierwszych trzech miesi\u0119cy tzw. Hiszpa\u0144skiej Wojny Domowej, szata\u0144skie si\u0142y komunistyczno-maso\u0144skie zabi\u0142y sto tysi\u0119cy mieszka\u0144c\u00f3w, w tym wielu duchownych. Biskupi portugalscy pisali: &#8222;A\u017c nie chce si\u0119 nam wierzy\u0107, \u017ce w ci\u0105gu ca\u0142ej historii Chrze\u015bcija\u0144stwa nie by\u0142o takiej eksplozji nienawi\u015bci przeciwko Jezusowi Chrystusowi i Jego \u015bwi\u0119tej religii [&#8230;] Metody profanacji by\u0142y tak niesamowite, \u017ce nie mo\u017cna nie przypuszcza\u0107, i\u017c nie zosta\u0142y one zrodzone bez sugestii diabolicznych.&#8221;<\/p>\r\n<p class=\"MsoEndnoteText\">&nbsp;<\/p>\r\n<div id=\"edn7\">\r\n<p class=\"MsoEndnoteText\"><span class=\"MsoEndnoteReference\"><span class=\"MsoEndnoteReference\"><span style=\"font-size: 10pt; font-family: &amp;amp;\">[7]<\/span><\/span><\/span> <em>Brat<\/em> <em>Michel de la Sainte Trinite<\/em>, op. cit. strona 149<\/p>\r\n<p class=\"MsoEndnoteText\">&nbsp;<\/p>\r\n<div id=\"edn8\">\r\n<p class=\"MsoEndnoteText\"><span class=\"MsoEndnoteReference\"><span class=\"MsoEndnoteReference\"><span style=\"font-size: 10pt; font-family: &amp;amp;\">[8]<\/span><\/span><\/span> Wobec tych fakt\u00f3w, nale\u017cy podkre\u015bli\u0107 jak\u017ce perfidne i nie oparte na niczym s\u0105 oskar\u017cenia niekt\u00f3rych \u015brodowisk \u017cydowskich o milczenie papie\u017ca Piusa XII wobec&#8230; Nazizmu.<\/p>\r\n<p class=\"MsoEndnoteText\">&nbsp;<\/p>\r\n<div id=\"edn9\">\r\n<p class=\"MsoEndnoteText\"><span class=\"MsoEndnoteReference\"><span class=\"MsoEndnoteReference\"><span style=\"font-size: 10pt; font-family: &amp;amp;\">[9]<\/span><\/span><\/span> Rozmowa z siostr\u0105 \u0141ucj\u0105 przeprowadzona zosta\u0142a 2 wrze\u015bnia 1952 roku w klasztorze Carmel de Coimbra.<\/p>\r\n<p class=\"MsoEndnoteText\">&nbsp;<\/p>\r\n<div id=\"edn10\">\r\n<p class=\"MsoEndnoteText\"><span class=\"MsoEndnoteReference\"><span class=\"MsoEndnoteReference\"><span style=\"font-size: 10pt; font-family: &amp;amp;\">[10]<\/span><\/span><\/span> Ks. prof. Micha\u0142 Poradowski &#8222;<em>Trzydziestolecie Drugiego Soboru Watyka\u0144skiego<\/em>&#8222;, Wyd. Nortom. Katechizm holenderski nie zosta\u0142 pot\u0119piony przez papie\u017ca Paw\u0142a VI. W Stanach Zjednoczonych by\u0142 publicznie chwalony i rekomendowany przez wielu hierarch\u00f3w. (Zob. np. list Arcybiskupa Paul J. Hallinan&nbsp; &#8211; Archdiecezja w Georgia: http:\/\/www.georgiabulletin.org\/local\/1967\/11\/09\/f\/ )<\/p>\r\n<p class=\"MsoEndnoteText\">&nbsp;<\/p>\r\n<div id=\"edn11\">\r\n<p class=\"MsoEndnoteText\"><span class=\"MsoEndnoteReference\"><span class=\"MsoEndnoteReference\"><span style=\"font-size: 10pt; font-family: &amp;amp;\">[11]<\/span><\/span><\/span> Pisze o tym m.in. Romano Amerio, <em>Iota Unum &#8211; A Study of Changes in the Catholic Church in the XXth Century<\/em>, Sarto House, 4th Edition, June 2002; strona 697-698<\/p>\r\n<div id=\"edn12\">\r\n<p class=\"MsoEndnoteText\"><span class=\"MsoEndnoteReference\"><span class=\"MsoEndnoteReference\"><span style=\"font-size: 10pt; font-family: &amp;amp;\">[12]<\/span><\/span><\/span> S\u0142owa siostry \u0141ucji przytoczone zosta\u0142y przez kard. Ottaviani na kongresie w 1967 roku oraz opublikowane w pi\u015bmie <em>Documentation Catolique<\/em>, 19 marca 1967, strona 542.<\/p>\r\n<p class=\"MsoEndnoteText\">&nbsp;<\/p>\r\n<div id=\"edn13\">\r\n<p class=\"MsoEndnoteText\"><span class=\"MsoEndnoteReference\"><span class=\"MsoEndnoteReference\"><span style=\"font-size: 10pt; font-family: &amp;amp;\">[13]<\/span><\/span><\/span> Stwierdzi\u0142 biskup da Silva &#8211; zob. <em>Brat<\/em> <em>Fr\u00c3\u00a9re Michel de la Sainte Trinite<\/em>, op. cit. Tom III, strona 465-479<\/p>\r\n<div id=\"edn14\">\r\n<p class=\"MsoEndnoteText\"><span class=\"MsoEndnoteReference\"><span class=\"MsoEndnoteReference\"><span style=\"font-size: 10pt; font-family: &amp;amp;\">[14]<\/span><\/span><\/span> Podawane wyja\u015bnienia Watykanu (r\u00f3wnie\u017c niestety przez przez kard. Ottavianiego), i\u017c chodzi\u0142o o &#8222;Zabezpieczenie przed wpadni\u0119ciem w obce r\u0119ce, z jakichkolwiek przyczyn, nawet przypadkowych, czego\u015b o tak delikatnej naturze, nie przeznaczonego do publicznej konsumpcji.&#8221; (zob. <em>Brat<\/em> <em>Fr\u00c3\u00a9re Michel de la Sainte Trinite<\/em>, op. cit. Tom III, strona 483), s\u0105 raczej zas\u0142on\u0105 dymn\u0105, gdy\u017c nie istnia\u0142o w Portugalii \u017cadne zagro\u017cenie utraty Sekretu. Wyja\u015bnienie to jest r\u00f3wnie\u017c sprzeczne z wyra\u017anymi poleceniami Matki Bo\u017cej przekazanymi przez siostr\u0119 \u0141ucj\u0119, i\u017c Sekret ma by\u0107 ujawniony w 1960 roku, a wi\u0119c BY\u0141 I JEST przeznaczony do &#8222;publicznej konsumpcji&#8221;. Nie pozostawia w\u0105tpliwo\u015bci oferowane przez znawc\u00f3w zagadnienia wyja\u015bnienie, \u017ce Watykan po prostu obawia\u0142 si\u0119 ujawnienia Sekretu przez nast\u0119pc\u0119 biskupa da Silva (Bp. Carejeira).<\/p>\r\n<p class=\"MsoEndnoteText\">&nbsp;<\/p>\r\n<div id=\"edn15\">\r\n<p class=\"MsoEndnoteText\"><span class=\"MsoEndnoteReference\"><span class=\"MsoEndnoteReference\"><span style=\"font-size: 10pt; font-family: &amp;amp;\">[15]<\/span><\/span><\/span> Zob. <em>Brat<\/em> <em>Michel de la Sainte Trinite<\/em>, op. cit. Tom III, strona 480-481<\/p>\r\n<div id=\"edn16\">\r\n<p class=\"MsoEndnoteText\"><span class=\"MsoEndnoteReference\"><span class=\"MsoEndnoteReference\"><span style=\"font-size: 10pt; font-family: &amp;amp;\">[16]<\/span><\/span><\/span> Watyka\u0144ska strona internetowa (wersja angielskoj\u0119zyczna) &#8222;Dokument\u00f3w dotycz\u0105cych 'Przes\u0142ania Fatimskiego&#8221; z dnia &nbsp;26 czerwca 2000: http:\/\/www.vatican.va\/roman_curia\/congregations\/cfaith\/documents\/rc_con_cfaith_doc_20000626_message-fatima_en.html<\/p>\r\n<p class=\"MsoEndnoteText\">&nbsp;<\/p>\r\n<div id=\"edn17\">\r\n<p class=\"MsoEndnoteText\"><span class=\"MsoEndnoteReference\"><span class=\"MsoEndnoteReference\"><span style=\"font-size: 10pt; font-family: &amp;amp;\">[17]<\/span><\/span><\/span> Ojciec Alonso napisa\u0142: &#8222;Pius XII z pewno\u015bci\u0105 nie przeczyta\u0142 [tego] dokumentu.&#8221; O\u015bwiadczenia kardyna\u0142a Ottaviani i Monsignor Capovilla, prywatnego sekretarza papie\u017ca Jana XXIII stwierdzaj\u0105 to samo, mianowicie to, \u017ce \u017ce koperta by\u0142a przez ca\u0142y czas zalakowana a\u017c do \u015bmierci Piusa XII. Otworzy\u0142 j\u0105 dopiero papie\u017c Jan XXIII.<\/p>\r\n<p class=\"MsoEndnoteText\">&nbsp;<\/p>\r\n<div id=\"edn18\">\r\n<p class=\"MsoEndnoteText\"><span class=\"MsoEndnoteReference\"><span class=\"MsoEndnoteReference\"><span style=\"font-size: 10pt; font-family: &amp;amp;\">[18]<\/span><\/span><\/span> Ksi\u0105dz Fuentes przeprowadzi\u0142 sw\u0105 rozmow\u0119 z siostr\u0105 \u0141ucj\u0105 r\u00f3wnie\u017c 10 sierpnia 1955 roku.<\/p>\r\n<p class=\"MsoEndnoteText\">&nbsp;<\/p>\r\n<div id=\"edn19\">\r\n<p class=\"MsoEndnoteText\"><span class=\"MsoEndnoteReference\"><span class=\"MsoEndnoteReference\"><span style=\"font-size: 10pt; font-family: &amp;amp;\">[19]<\/span><\/span><\/span> Ojciec L. Kondor powt\u00f3rzy\u0142 to samo nawet w 1990 roku, m\u00f3wi\u0105c, \u017ce to co ksi\u0105dz Fuentes ujwni\u0142 z rozmowy z siostr\u0105 \u0141ucj\u0105 &#8222;by\u0142o autentyczne&#8221;. Doda\u0142 te\u017c, \u017ce &#8222;Ksi\u0105dz Funentes zosta\u0142 oskar\u017cony z powodu swej niedyskrecji&#8221;. M\u00f3wi\u0105c o &#8222;niedyskrecji&#8221; (a nie o zarzucanemu ksi\u0119dzu Fuentes fa\u0142szowaniu!) chodzi oczywi\u015bcie o ujawnienie m.in. tych fragment\u00f3w rozm\u00f3w z siostr\u0105 \u0141ucj\u0105, kt\u00f3re wspominaj\u0105 o decyduj\u0105cym roku 1960 i o walce Szatana o dusze konsekrowane.<\/p>\r\n<p class=\"MsoEndnoteText\">Dzisiejsza apostazja w\u015br\u00f3d duchownych i inne jawnie szata\u0144skie dzia\u0142ania, np. rakowy rozrost k\u00f3\u0142 prohomoseksualnych w\u015br\u00f3d nich (zob. m.in.: &#8217;<em>U\u0142omni pasterze, \u015blepe owce&#8217; &#8211; polemika z artyku\u0142em<br>\r\n&#8222;Uderz\u0105 w pasterza, a rozprosz\u0105 si\u0119 owce&#8221;<\/em>, <strong><em>Bibu\u0142a<\/em><\/strong>, Numer 19,&nbsp; http:\/\/www.bibula.com\/19\/main.php?page=pasterze),&nbsp; s\u0105 tylko wype\u0142nieniem Przes\u0142ania: dusze konsekrowane s\u0105 rzeczywi\u015bcie masowo przejmowane przez moce piekielne.<\/p>\r\n<p class=\"MsoEndnoteText\">&nbsp;<\/p>\r\n<div id=\"edn20\">\r\n<p class=\"MsoEndnoteText\"><span class=\"MsoEndnoteReference\"><span class=\"MsoEndnoteReference\"><span style=\"font-size: 10pt; font-family: &amp;amp;\">[20]<\/span><\/span><\/span> Zaraz po \u015bmierci ca\u0142e rzesze wiernych naciska\u0142y, aby nada\u0107 Piusowi XII tytu\u0142 &#8222;Pius XII Wielki&#8221;, czego mo\u017ce doczekaliby\u015bmy si\u0119 gdyby nie przeobra\u017cenia Ko\u015bcio\u0142a zainicjowane przez Jana XXIII.<\/p>\r\n<p class=\"MsoEndnoteText\">&nbsp;<\/p>\r\n<div id=\"edn21\">\r\n<p class=\"MsoEndnoteText\"><span class=\"MsoEndnoteReference\"><span class=\"MsoEndnoteReference\"><span style=\"font-size: 10pt; font-family: &amp;amp;\">[21]<\/span><\/span><\/span> Podczas wojny papie\u017c Pius XII nieustannie po\u015bci\u0142 , co doprowadzi\u0142o do tego, \u017ce przy wzro\u015bcie 180 cm wa\u017cy\u0142 57 kg.<\/p>\r\n<p class=\"MsoEndnoteText\">&nbsp;<\/p>\r\n<div id=\"edn22\">\r\n<p class=\"MsoEndnoteText\"><span class=\"MsoEndnoteReference\"><span class=\"MsoEndnoteReference\"><span style=\"font-size: 10pt; font-family: &amp;amp;\">[22]<\/span><\/span><\/span> Zob. Habblethewaite, <em>John XXIII<\/em>, op. cit., strona 316-317.<\/p>\r\n<div id=\"edn23\">\r\n<p class=\"MsoEndnoteText\"><span class=\"MsoEndnoteReference\"><span class=\"MsoEndnoteReference\"><span style=\"font-size: 10pt; font-family: &amp;amp;\">[23]<\/span><\/span><\/span> John Carmel Heenan, Cardinal Abp. of Westminster, <em>A crown of thorns: an autobiography 1951-1963<\/em>.<\/p>\r\n<div id=\"edn24\">\r\n<p class=\"MsoEndnoteText\"><span class=\"MsoEndnoteReference\"><span class=\"MsoEndnoteReference\"><span style=\"font-size: 10pt; font-family: &amp;amp;\">[24]<\/span><\/span><\/span> Antypapie\u017c Hipolit (zm. w roku 236) by\u0142 wielkim teologiem wczesnej ery chrze\u015bcija\u0144stwa, ale \u017cy\u0142 przez dwa pontyfikaty w opozycji do w\u0142adzy ko\u015bcielnej. Dopiero podczas zes\u0142ania przez w\u0142adze rzymskie na banicj\u0119, po\u0142\u0105czy\u0142 si\u0119 z Ko\u015bcio\u0142em i zmar\u0142 jako m\u0119czennik; zosta\u0142 p\u00f3\u017aniej kanonizowany.<\/p>\r\n<p class=\"MsoEndnoteText\">&nbsp;<\/p>\r\n<div id=\"edn25\">\r\n<p class=\"MsoEndnoteText\"><span class=\"MsoEndnoteReference\"><span class=\"MsoEndnoteReference\"><span style=\"font-size: 10pt; font-family: &amp;amp;\">[25]<\/span><\/span><\/span> Pomi\u0119dzy latami 1721 i 1903 ekskluzywa stosowana by\u0142a cz\u0119\u015bciej. Po raz ostatni w 1903 roku, w\u0142a\u015bnie przez kard. Puzyn\u0119 przeciwko kandydaturze kard. Rampolla. Papie\u017c Pius X &#8211; kanonizowany w 1954 roku &#8211; zni\u00f3s\u0142 to prawo, nie odzwierciedlaj\u0105ce ju\u017c stosunk\u00f3w Pa\u0144stwo-Ko\u015bci\u00f3\u0142.<\/p>\r\n<p class=\"MsoEndnoteText\">&nbsp;<\/p>\r\n<div id=\"edn26\">\r\n<p class=\"MsoEndnoteText\"><span class=\"MsoEndnoteReference\"><span class=\"MsoEndnoteReference\"><span style=\"font-size: 10pt; font-family: &amp;amp;\">[26]<\/span><\/span><\/span> Oto kr\u00f3tka i niekompletna (do 1907 roku)&nbsp; lista wypowiedzi Papie\u017cy na temat zagro\u017ce\u0144 Masoneri\u0105:<\/p>\r\n<p class=\"MsoEndnoteText\"><span lang=\"DE\">Klemens XII: <em>In Eminenti<\/em> &#8211; 28 kwietnia 1738 <br>\r\nBenedykt XIV: <em>Providas<\/em> &#8211; 16 marca 1751 <br>\r\nKlemens XIII: <em>A. Quodie<\/em> &#8211; 14 wrze\u015bnia 1758 <br>\r\nKlemens XIII: <em>Ut Primum<\/em> &#8211; 3 wrze\u015bnia 1759 <br>\r\nKlemens XIII: <em>Christianae Reipublicae Salus<\/em> &#8211; 25 listopada 1766 <br>\r\nPius VI: <em>Inscrutabile<\/em> &#8211; 25 grudnia 1775 <br>\r\nPius VII: <em>Ecclesiam a Jesu Christo <\/em>&#8211; 14 wrze\u015bnia 1820 <br>\r\nLeon XII: <em>Quo Graviora<\/em> 13 marca 1826 <br>\r\nPius VII: <em>Traditi<\/em> &#8211; 21 maja 1829 <br>\r\nGrzegorz XVI: <em>Mirari Vos<\/em> &#8211; 15 sierpnia 1832 <br>\r\nPius IX: <em>Qui Pluribus<\/em> &#8211; 9&nbsp; listopada 1846 <br>\r\nPius IX: <em>Omnibus Quantisque<\/em> &#8211; 20 kwietnia 1849 <br>\r\nPius IX: <em>Multiplices Inter<\/em> &#8211; 25 wrze\u015bnia 1865 <br>\r\nLeon XIII: <em>Humanum Genus<\/em> &#8211; 20 kwietnia 1884 <br>\r\nLeon XIII: <em>List do Episkopatu W\u0142oskiego<\/em> &#8211; 8 grudnia 1892 <br>\r\nLeon XIII: <em>List to Ludu W\u0142oskiego<\/em> &#8211; 8 grudnia 1892 <br>\r\nPius X: <em>Vehementer<\/em> &#8211; 11 lutego 1906 <br>\r\nPius X: <em>List do Francji<\/em> &#8211; 6 stycznia 1907 <\/span><\/p>\r\n<div id=\"edn27\">\r\n<p class=\"MsoEndnoteText\"><span class=\"MsoEndnoteReference\"><span class=\"MsoEndnoteReference\"><span style=\"font-size: 10pt; font-family: &amp;amp;\">[27]<\/span><\/span><\/span> Tekst listu (wersja angielska) kardyna\u0142a Gasparri do Monsignore Jouin:<\/p>\r\n<p class=\"MsoEndnoteText\" style=\"margin-left: .5in;\">Letter from His Eminence Cardinal Gasparri to Monseigneur Jouin on June 20, 1919. <br>\r\nFrom the State Secretary of His Holiness.<\/p>\r\n<p class=\"MsoEndnoteText\" style=\"margin-left: .5in;\">&#8222;The Sovereign Pontiff with his paternal benevolence has accepted the homage of your new study on &#8217;<em>La<\/em> <em>guerre Maconnique<\/em>&#8217; (The Masonic War).<\/p>\r\n<p class=\"MsoEndnoteText\" style=\"margin-left: .5in;\">&#8222;It is with unerring judgment that in the work which you have undertaken, you have endeavored to project light, by means of documentation and irrefutable proofs, upon the inept and essentially anti-Catholic doctrine of Freemasonry, a doctrine issued from deism born of the Reformation, a doctrine which, as it is today clearly evident, leads fatally to the very denial of God, to social atheism, to irreligious teaching and impiety and is greatly detrimental to nations; it aims at removing from every association every trace of religion and every church mediation.<\/p>\r\n<p class=\"MsoEndnoteText\" style=\"margin-left: .5in;\">&#8222;Above all, in spite of all lies which oftentimes deceive the Catholics themselves, you have carefully and most particularly clearly shown the identity of Freemasonry evident everywhere and always, and the continuity of the plans set by the Sects and whose master design is the destruction of the Catholic Church.<\/p>\r\n<p class=\"MsoEndnoteText\" style=\"margin-left: .5in;\">&#8222;His Holiness takes pleasure in congratulating you and encouraging your work whose influence can, indeed, be so fruitful. It can induce the faithful to be vigilant and help them to fight efficaciously against everything tending to the destruction of the social order as well as of religion.<\/p>\r\n<p class=\"MsoEndnoteText\" style=\"margin-left: .5in;\">&#8222;As evidence of the celestial gifts bestowed upon you and as a testimony of his paternal benevolence, the Holy Father, from his heart bestows upon you the Apostolic Blessing.<\/p>\r\n<p class=\"MsoEndnoteText\" style=\"margin-left: .5in;\">&#8222;Thanking, you also for the copy of your book which you graciously sent me, and with my personal congratulations, I pray you to believe, Monseigneur, in the assurance of my complete devotion.<\/p>\r\n<p class=\"MsoEndnoteText\" style=\"margin-left: .5in;\">(signed) + <em>P. Cardinal Gasparri<\/em>.&#8221;<\/p>\r\n<p class=\"MsoEndnoteText\">&nbsp;<\/p>\r\n<div id=\"edn28\">\r\n<p class=\"MsoEndnoteText\"><span class=\"MsoEndnoteReference\"><span class=\"MsoEndnoteReference\"><span style=\"font-size: 10pt; font-family: &amp;amp;\">[28]<\/span><\/span><\/span> Ta i wiele innych informacji o dzia\u0142aniach organizacji maso\u0144skich i udziale kard. Rampollo zaczerpni\u0119to m.in.&nbsp; z obszernego opracowania pt. <em>Did a Freemason Almost Become Pope? The Story of Cardinal Rampolla<\/em>, pi\u00f3ra Craig Heimbichner, zamieszczone w <em>The International Report<\/em>, dodatku do katolickiego miesi\u0119cznika <em>Catholic Family News<\/em>, sierpie\u0144 2003.<\/p>\r\n<p class=\"MsoEndnoteText\">&nbsp;<\/p>\r\n<div id=\"edn29\">\r\n<p class=\"MsoEndnoteText\"><span class=\"MsoEndnoteReference\"><span class=\"MsoEndnoteReference\"><span style=\"font-size: 10pt; font-family: &amp;amp;\">[29]<\/span><\/span><\/span> http:\/\/www.billheidrick.com\/tlc1999\/tlc1199.htm<\/p>\r\n<p class=\"MsoEndnoteText\">&nbsp;<\/p>\r\n<div id=\"edn30\">\r\n<p class=\"MsoEndnoteText\"><span class=\"MsoEndnoteReference\"><span class=\"MsoEndnoteReference\"><span style=\"font-size: 10pt; font-family: &amp;amp;\">[30]<\/span><\/span><\/span> W li\u015bcie <em>Notre charge apostolique<\/em>, papie\u017c Pius X pisa\u0142 o ruchu <em>Sillon<\/em>, \u017ce&nbsp; jest&nbsp; &#8222;N\u0119dzn\u0105 cz\u0105stk\u0105 wielkiego ruchu apostazji, organizowanego we wszystkich krajach celem za\u0142o\u017cenia ko\u015bcio\u0142a powszechnego bez dogmat\u00f3w ani hierarchii.&#8221;<\/p>\r\n<p class=\"MsoEndnoteText\">&nbsp;<\/p>\r\n<div id=\"edn31\">\r\n<p class=\"MsoEndnoteText\"><span class=\"MsoEndnoteReference\"><span class=\"MsoEndnoteReference\"><span style=\"font-size: 10pt; font-family: &amp;amp;\">[31]<\/span><\/span><\/span> Brat <em>Michel de la Sainte Trinite<\/em>, op. cit., Tom III, strona 352-354<\/p>\r\n<div id=\"edn32\">\r\n<p class=\"MsoEndnoteText\"><span class=\"MsoEndnoteReference\"><span class=\"MsoEndnoteReference\"><span style=\"font-size: 10pt; font-family: &amp;amp;\">[32]<\/span><\/span><\/span> Jan XXIII. Dziennik Duszy (<em>Il Giornale Dell&#8217;Anima e Altri Scritti de Piet\u00e1<\/em>)<\/p>\r\n<div id=\"edn33\">\r\n<p class=\"MsoEndnoteText\"><span class=\"MsoEndnoteReference\"><span class=\"MsoEndnoteReference\"><span style=\"font-size: 10pt; font-family: &amp;amp;\">[33]<\/span><\/span><\/span> Owszem, i papie\u017c Pius XII wspomina\u0142 w tym czasie o Soborze, lecz w jego koncepcji mia\u0142 to by\u0107 sob\u00f3r &#8211; tak jak poprzednie &#8211; odnosz\u0105cy si\u0119 do zagro\u017ce\u0144 ludzko\u015bci, mia\u0142 to by\u0107 sob\u00f3r jasno definiuj\u0105cy komunizm jako z\u0142o ludzko\u015bci i pot\u0119piaj\u0105cy go, podczas gdy strona progresywistyczna marzy\u0142a o innym soborze: soborze rewolucyjnym.<\/p>\r\n<p class=\"MsoEndnoteText\">&nbsp;<\/p>\r\n<div id=\"edn34\">\r\n<p class=\"MsoEndnoteText\"><span class=\"MsoEndnoteReference\"><span class=\"MsoEndnoteReference\"><span style=\"font-size: 10pt; font-family: &amp;amp;\">[34]<\/span><\/span><\/span> Edward Elton Young Hales, <em>Pope John and His Revolution<\/em>, Eyre &amp; Spottiswoode, 1965, strona 100.<\/p>\r\n<div id=\"edn35\">\r\n<p class=\"MsoEndnoteText\"><span class=\"MsoEndnoteReference\"><span class=\"MsoEndnoteReference\"><span style=\"font-size: 10pt; font-family: &amp;amp;\">[35]<\/span><\/span><\/span> Ujwanione przez b. Sekretarza Jana XXIII, Msgr. Loris Capovilla w 1977 roku.<\/p>\r\n<p class=\"MsoEndnoteText\">&nbsp;<\/p>\r\n<div id=\"edn36\">\r\n<p class=\"MsoEndnoteText\"><span class=\"MsoEndnoteReference\"><span class=\"MsoEndnoteReference\"><span style=\"font-size: 10pt; font-family: &amp;amp;\">[36]<\/span><\/span><\/span> Brat <em>Michel de la Sainte Trinite<\/em>, op. cit., Tom III, strona 555 i dalsze<\/p>\r\n<div id=\"edn37\">\r\n<p class=\"MsoEndnoteText\"><span class=\"MsoEndnoteReference\"><span class=\"MsoEndnoteReference\"><span style=\"font-size: 10pt; font-family: &amp;amp;\">[37]<\/span><\/span><\/span> Ojciec Joaquin Maria Alonso, C.M.F. (zm. 12 grudnia 1981), teolog i Mariolog, zajmowa\u0142 si\u0119 przez 10 lat pracami nad Fatim\u0105. Rozpocz\u0105\u0142 te prace w 1966 roku na specjalne polecenie pomocniczego biskupa Fatimy bp. Joao Venancio i mia\u0142 nieograniczony dost\u0119p do wszystkich dokument\u00f3w fatimskich oraz przeprowadza\u0142 nieskr\u0119powane rozmowy z siostr\u0105 \u0141ucj\u0105. W 1976 roku powsta\u0142o monumentale dzie\u0142o o. Alonso, sk\u0142adaj\u0105ce si\u0119 z 24 tom\u00f3w, ka\u017cdy po oko\u0142o 800 stron,&nbsp; zawieraj\u0105ce przesz\u0142o 5396 oryginalnych dokument\u00f3w. Dzie\u0142o by\u0142o gotowe do rozpowszechnienia (cz\u0119\u015b\u0107 wydrukowano), lecz w wyniku nacisk\u00f3w Watykanu, nie pozwolona na publikacj\u0119 i na\u0142o\u017cono \u015bcis\u0142e restrykcje na publikacj\u0119. Ze wszyskich 24 tom\u00f3w do dzisiaj ukaza\u0142y si\u0119 zaledwie dwa tomy, na dodatek mocne ocenzurowane i pozbawione wielu istotnych fragment\u00f3w. Co zawieraj\u0105 pozosta\u0142e 22 tomy? Pozostaje \u015bcis\u0142\u0105 tajemnic\u0105.<\/p>\r\n<p class=\"MsoEndnoteText\">&nbsp;<\/p>\r\n<div id=\"edn38\">\r\n<p class=\"MsoEndnoteText\"><span class=\"MsoEndnoteReference\"><span class=\"MsoEndnoteReference\"><span style=\"font-size: 10pt; font-family: &amp;amp;\">[38]<\/span><\/span><\/span> Zob: Brat Franc\u0327ois de Marie des Anges, <em>Fatima &#8211; Prophecies of Tragedy a<\/em><em>nd Triumph; Epiloque<\/em>, Abridged from <em>The Whole Truth About Fatima<\/em>; First Published in French in 1991, La Contr\u00c3\u00a9-R\u00c3\u00a9forme Catholique, 1994, strona 76, gdzie cytowana jest praca ojca Alonso.<\/p>\r\n<div id=\"edn39\">\r\n<p class=\"MsoEndnoteText\"><span class=\"MsoEndnoteReference\"><span class=\"MsoEndnoteReference\"><span style=\"font-size: 10pt; font-family: &amp;amp;\">[39]<\/span><\/span><\/span> Tekst w j\u0119zyku polskim m.in.: http:\/\/www.kns.gower.pl\/jan_xxiii\/grata.htm<\/p>\r\n<p class=\"MsoEndnoteText\">&nbsp;<\/p>\r\n<div id=\"edn40\">\r\n<p class=\"MsoEndnoteText\"><span class=\"MsoEndnoteReference\"><span class=\"MsoEndnoteReference\"><span style=\"font-size: 10pt; font-family: &amp;amp;\">[40]<\/span><\/span><\/span> Pe\u0142ny polski tekst Encykliki <em>Ad Petri Cathedram<\/em> znajduje si\u0119 m.in. pod adresem: http:\/\/www.opoka.org.pl\/biblioteka\/W\/WP\/jan_xxiii\/encykliki\/ad_petri_29061959.html<\/p>\r\n<p class=\"MsoEndnoteText\">&nbsp;<\/p>\r\n<div id=\"edn41\">\r\n<p class=\"MsoEndnoteText\"><span class=\"MsoEndnoteReference\"><span class=\"MsoEndnoteReference\"><span style=\"font-size: 10pt; font-family: &amp;amp;\">[41]<\/span><\/span><\/span> Ojciec Paul Kramer, <em>The Devil&#8217;s FinalBattle<\/em>, The Missionary Association, Connecticut, 2002, ISBN 0-9663046-5-9, strona 51.<\/p>\r\n<p class=\"MsoEndnoteText\">&nbsp;<\/p>\r\n<div id=\"edn42\">\r\n<p class=\"MsoEndnoteText\"><span class=\"MsoEndnoteReference\"><span class=\"MsoEndnoteReference\"><span style=\"font-size: 10pt; font-family: &amp;amp;\">[42]<\/span><\/span><\/span> Zainteresowanych odsy\u0142am do obszernej literatury na ten temat, kt\u00f3rej wycinek listy za\u0142\u0105czam na ko\u0144cu drugiej cz\u0119\u015bci opracowania.<\/p>\r\n<p class=\"MsoEndnoteText\">&nbsp;<\/p>\r\n<div id=\"edn43\">\r\n<p class=\"MsoEndnoteText\"><span class=\"MsoEndnoteReference\"><span class=\"MsoEndnoteReference\"><span style=\"font-size: 10pt; font-family: &amp;amp;\">[43]<\/span><\/span><\/span> <em>L&#8217;Osservatore Romano<\/em>, 17 grudnia 1961.<\/p>\r\n<p class=\"MsoEndnoteText\">&nbsp;<\/p>\r\n<div id=\"edn44\">\r\n<p class=\"MsoEndnoteText\"><span class=\"MsoEndnoteReference\"><span class=\"MsoEndnoteReference\"><span style=\"font-size: 10pt; font-family: &amp;amp;\">[44]<\/span><\/span><\/span> P. Habblethewaite, <em>John XXIII<\/em>, op. cit., strona 433.<\/p>\r\n<div id=\"edn45\">\r\n<p class=\"MsoEndnoteText\"><span class=\"MsoEndnoteReference\"><span class=\"MsoEndnoteReference\"><span style=\"font-size: 10pt; font-family: &amp;amp;\">[45]<\/span><\/span><\/span> http:\/\/www.balzan.com\/en\/preistraeger\/index.cfm<\/p>\r\n<div id=\"edn46\">\r\n<p class=\"MsoEndnoteText\"><span class=\"MsoEndnoteReference\"><span class=\"MsoEndnoteReference\"><span style=\"font-size: 10pt; font-family: &amp;amp;\">[46]<\/span><\/span><\/span> W swoich pami\u0119tnikach pod dat\u0105 1 marca 1963 roku, Papie\u017c zapisa\u0142 m.in, \u017ce Nagrod\u0119 Balzana za rok 1962 przyjmuje &#8222;r\u00f3wnie\u017c aby sprawi\u0107 przyjemno\u015b\u0107 kardyna\u0142owi Montini&#8221;. Jak niewiarygodnie wielki wp\u0142yw na Papie\u017ca mia\u0142 kard. Monitni!<\/p>\r\n<p class=\"MsoEndnoteText\">&nbsp;<\/p>\r\n<div id=\"edn47\">\r\n<p class=\"MsoEndnoteText\"><span class=\"MsoEndnoteReference\"><span class=\"MsoEndnoteReference\"><span style=\"font-size: 10pt; font-family: &amp;amp;\">[47]<\/span><\/span><\/span> Spotkanie i Umowa Watykan-Moskwa jest dosy\u0107 dobrze opisane przez historyk\u00f3w. Charakterystyczne, \u017ce rozmowy nie by\u0142y wcale tak tajne jak si\u0119 niekiedy wydaje, cho\u0107 zosta\u0142y dziwnie pomini\u0119te przez tzw. wolne media tzw. wolnego \u015bwiata. Komuni\u015bci che\u0142pili si\u0119 jednak i ju\u017c 16 stycznia 1963 roku oficjalne pismo Francuskiej Partii Komunistycznej <em>France Nouvelle<\/em> donios\u0142o, \u017ce &#8222;Jako cz\u0119\u015b\u0107 dialogu z rosyjskim Ko\u015bcio\u0142em Ortodoksyjnym ustalono, \u017ce podczas Soboru nie b\u0119dzie bezpo\u015bredniego ataku na komunistyczny system.&#8221; Notk\u0119 zamie\u015bci\u0142o te\u017c katolickie pismo <em>La Croix<\/em>, kt\u00f3re 15 lutego napisa\u0142o mniej wi\u0119cej to samo: &#8222;W wyniku rozm\u00f3w ustalono, \u017ce Metropolita Nikodem zgodzi\u0142 si\u0119 na to, \u017ce kto\u015b uda si\u0119 do Moskwy z zaproszeniem [na Sob\u00f3r], pod warunkiem udzielonych gwarancji apolitycznego nastawienia Soboru.&#8221;<br>\r\nNegocjacje prowadzone przez kard. Tisserant w rezydencji ojca Lagarde klasztoru <em>Petites S\u00c5\u201curs des Pauvres aux Bordes<\/em> (<em>Little Sisters of the Poor in Borny<\/em>), do\u015b\u0107 dok\u0142adnie opisa\u0142 w 1989 roku w wywiadzie do pa\u017adziernikowego wydania pisma <em>30 Dias<\/em> biskup Decezji w Metz, Paul Jos\u00e9ph Smith. Podobnie przedstawi\u0142 to Msgr. Georges Roche, a nawet lewicowy niemiecki teolog ojciec Bernard H\u00c3\u00a4ring, zreszt\u0105 ucze\u0144 Hansa K\u00fcnga.<br>\r\nInteresuj\u0105cy jest te\u017c opis rozm\u00f3w doprowadzaj\u0105cych do zawarcia <em>Paktu w Metz<\/em>, zawarty w ksi\u0105\u017cce <em>Jesuits<\/em> napisnej przez jezuit\u0119, ojca Martin Malachi.<\/p>\r\n<p class=\"MsoEndnoteText\">&nbsp;<\/p>\r\n<div id=\"edn48\">\r\n<p class=\"MsoEndnoteText\"><span class=\"MsoEndnoteReference\"><span class=\"MsoEndnoteReference\"><span style=\"font-size: 10pt; font-family: &amp;amp;\">[48]<\/span><\/span><\/span> Pe\u0142ny polski tekst Encykliki <em>Pacem in Terris<\/em> znajduje si\u0119 m.in. pod adresem: http:\/\/www.opoka.org.pl\/biblioteka\/W\/WP\/jan_xxiii\/encykliki\/pacem_in_terris_11041963.html<\/p>\r\n<p class=\"MsoEndnoteText\">&nbsp;<\/p>\r\n<div id=\"edn49\">\r\n<p class=\"MsoEndnoteText\"><span class=\"MsoEndnoteReference\"><span class=\"MsoEndnoteReference\"><span style=\"font-size: 10pt; font-family: &amp;amp;\">[49]<\/span><\/span><\/span> Nale\u017cy jak najcz\u0119\u015bciej przypomina\u0107 nazwiska os\u00f3b odpowiedzialnych za kierowanie b\u0105d\u017a inspirowanie soborowych ruch\u00f3w progresywistycznych i za destrukcj\u0119 Ko\u015bcio\u0142a. Zgodnie jednak z <em>Planem Desktrukcji<\/em>, ludzie zamiast pozosta\u0107 zapomnianymi, zostali wywy\u017cszeni. Pontyfikat Jana Paw\u0142a II konsekwentnie przyczyni\u0142 si\u0119 do tego w wielkim stopniu. Dla przyk\u0142adu:<\/p>\r\n<p class=\"MsoEndnoteText\">&#8211;&nbsp;&nbsp;&nbsp; Jedna z wa\u017cniejszych postaci liberalnego nurtu <em>Vaticanum II<\/em>, kardyna\u0142 Yves Congar, OP, &nbsp;w 1994 roku otrzyma\u0142 insygnia kardynalskie, a w specjalnym li\u015bcie Jan Pawe\u0142 II dzi\u0119kowa\u0142 mu s\u0142owami za &#8222;odwag\u0119, poniewa\u017c teologia [Twoja &#8211; Y. Congara] wychodzi naprzeciw przysz\u0142o\u015bci i odnowie, realizowanej przez Sob\u00f3r&#8221;.<\/p>\r\n<p class=\"MsoEndnoteText\">&#8211;&nbsp;&nbsp;&nbsp; Ojciec Karl Rahner, SJ, tylko o krok od oficjalnego pot\u0119pienia za swe pogl\u0105dy za papie\u017ca Piusa XII, zosta\u0142 ca\u0142kowicie zrehabilitowany, a p\u00f3\u017aniej zaproszony zosta\u0142 przez Jana XXIII do udzia\u0142u w obradach soborowych. Jego heretyckie teksty niemal w ca\u0142o\u015bci wykorzystane zosta\u0142y w konstytucjach <em>Lumen Gentium <\/em>(O Ko\u015bciele) czy <em>Dei Verbum<\/em>, kt\u00f3re w\u0142a\u015bciwie sam redagowa\u0142. Nawet dzi\u015b jeszcze (np. w marcu 2004) organizuje si\u0119 w Watykanie specjalne sympozja rozkoszuj\u0105ce si\u0119 tw\u00f3rczo\u015bci\u0105 K. Rahnera.<\/p>\r\n<p class=\"MsoEndnoteText\">&#8211;&nbsp;&nbsp;&nbsp; Hans Urs von Balthasar, jeszcze w p\u00f3\u017anych latach 50-tych uwa\u017cany by\u0142 przez szwajcarskich biskup\u00f3w za tak niekatolickiego teologa (np. nie wierzy\u0142 w istnienie piek\u0142a), \u017ce nie dopuszczali oni go jako doradc\u0119 soborowego. Pozniej wszystko zmieni\u0142o sie, a za pontyfikatu Jana Paw\u0142a II niemalze dost\u0105pi\u0142 najwyzszych godnosci: zmar\u0142 zaledwie kilka godzin przed ceremoni\u0105 nominacji kardynalskiej z r\u0105 Jana Paw\u0142a II.<\/p>\r\n<p class=\"MsoEndnoteText\">&nbsp;<\/p>\r\n<div id=\"edn50\">\r\n<p class=\"MsoEndnoteText\"><span class=\"MsoEndnoteReference\"><span class=\"MsoEndnoteReference\"><span style=\"font-size: 10pt; font-family: &amp;amp;\">[50]<\/span><\/span><\/span>Pe\u0142ny polski tekst dokumentu <em>Lumen Gentium<\/em> znajduje si\u0119 m.in. pod adresem: http:\/\/www.archidiecezja.lodz.pl\/czytelni\/sobor\/kk1.html<\/p>\r\n<p class=\"MsoEndnoteText\">&nbsp;<\/p>\r\n<div id=\"edn51\">\r\n<p class=\"MsoEndnoteText\"><span class=\"MsoEndnoteReference\"><span class=\"MsoEndnoteReference\"><span style=\"font-size: 10pt; font-family: &amp;amp;\">[51]<\/span><\/span><\/span> <em>Animus Delendi<\/em>, I, str. 60.<\/p>\r\n<p class=\"MsoEndnoteText\">&nbsp;<\/p>\r\n<div id=\"edn52\">\r\n<p class=\"MsoEndnoteText\"><span class=\"MsoEndnoteReference\"><span class=\"MsoEndnoteReference\"><span style=\"font-size: 10pt; font-family: &amp;amp;\">[52]<\/span><\/span><\/span> Ibid., str. 61.<\/p>\r\n<p class=\"MsoEndnoteText\">&nbsp;<\/p>\r\n<div id=\"edn53\">\r\n<p class=\"MsoEndnoteText\"><span class=\"MsoEndnoteReference\"><span class=\"MsoEndnoteReference\"><span style=\"font-size: 10pt; font-family: &amp;amp;\">[53]<\/span><\/span><\/span> Mark Fellows, <em>Fatima in Twilight<\/em>, op.cit., str. 180<\/p>\r\n<p>&nbsp;<\/p>\r\n<div id=\"edn54\">\r\n<p class=\"MsoEndnoteText\"><span class=\"MsoEndnoteReference\"><span class=\"MsoEndnoteReference\"><span style=\"font-size: 10pt; font-family: &amp;amp;\">[54]<\/span><\/span><\/span> Redakcja <em>Bibu\u0142y<\/em> przygotowuje analiz\u0119 dzia\u0142ania <em>Opus Dei<\/em>.<\/p>\r\n<p class=\"MsoEndnoteText\">&nbsp;<\/p>\r\n<div id=\"edn55\">\r\n<p class=\"MsoEndnoteText\"><span class=\"MsoEndnoteReference\"><span class=\"MsoEndnoteReference\"><span style=\"font-size: 10pt; font-family: &amp;amp;\">[55]<\/span><\/span><\/span> ibid, str. 139<\/p>\r\n<p class=\"MsoEndnoteText\">&nbsp;<\/p>\r\n<div id=\"edn56\">\r\n<p class=\"MsoEndnoteText\"><span class=\"MsoEndnoteReference\"><span class=\"MsoEndnoteReference\"><span style=\"font-size: 10pt; font-family: &amp;amp;\">[56]<\/span><\/span><\/span> ibid, str. 138<\/p>\r\n<p class=\"MsoEndnoteText\">&nbsp;<\/p>\r\n<div id=\"edn57\">\r\n<p class=\"MsoEndnoteText\"><span class=\"MsoEndnoteReference\"><span class=\"MsoEndnoteReference\"><span style=\"font-size: 10pt; font-family: &amp;amp;\">[57]<\/span><\/span><\/span> Powt\u00f3rzone m.in. w <em>Le Figaro<\/em>, 9 grudnia 1976 roku<\/p>\r\n<p class=\"MsoEndnoteText\">&nbsp;<\/p>\r\n<div id=\"edn58\">\r\n<p class=\"MsoEndnoteText\"><span class=\"MsoEndnoteReference\"><span class=\"MsoEndnoteReference\"><span style=\"font-size: 10pt; font-family: &amp;amp;\">[58]<\/span><\/span><\/span> Fr. Ralph M. Wiltgen, S.V.D, <em>The Rine flows into the <\/em><em>Tiber<\/em><em>. A History of <\/em><em>Vatican<\/em><em> II<\/em>, TAN 1985, str 276. Ksi\u0105\u017cka ojca Wiltgen, wydana w 1966 roku,&nbsp; posiada <em>Imprimatur<\/em> i <em>Nihil Obstat<\/em>.<\/p>\r\n<p class=\"MsoEndnoteText\">&nbsp;<\/p>\r\n<div id=\"edn59\">\r\n<p class=\"MsoEndnoteText\"><span class=\"MsoEndnoteReference\"><span class=\"MsoEndnoteReference\"><span style=\"font-size: 10pt; font-family: &amp;amp;\">[59]<\/span><\/span><\/span> Fr. R. Wiltgen, op. cit., str. 90-93.<\/p>\r\n<div id=\"edn60\">\r\n<p class=\"MsoEndnoteText\"><span class=\"MsoEndnoteReference\"><span class=\"MsoEndnoteReference\"><span style=\"font-size: 10pt; font-family: &amp;amp;\">[60]<\/span><\/span><\/span> Brat Franc\u0327ois de Marie des Anges, <em>Fatima &#8211; Prophecies of Tragedy and Triumph; Epiloque<\/em>, Abridged from <em>The Whole Truth About Fatima<\/em>, op. cit., str. 95., kt\u00f3ry cytuje <em>Documentation Catholique<\/em>, 1960, col. 1542.<\/p>\r\n<div id=\"edn61\">\r\n<p class=\"MsoEndnoteText\"><span class=\"MsoEndnoteReference\"><span class=\"MsoEndnoteReference\"><span style=\"font-size: 10pt; font-family: &amp;amp;\">[61]<\/span><\/span><\/span> Dok\u0142adna analiza przem\u00f3wienia kard. Ottaviani i nast\u0119pnych o\u015bwiadcze\u0144 maj\u0105cych miejsce od 11 lutego 1967 roku do 7 lipca 1977 roku, znajduje si\u0119 w III Tomie dzie\u0142a: Brat <em>Fr\u00c3\u00a9re Michel de la Sainte Trinite<\/em>, op. cit., Tom III, strony 721-734.<\/p>\r\n<p class=\"MsoEndnoteText\">&nbsp;<\/p>\r\n<div id=\"edn62\">\r\n<p class=\"MsoEndnoteText\"><span class=\"MsoEndnoteReference\"><span class=\"MsoEndnoteReference\"><span style=\"font-size: 10pt; font-family: &amp;amp;\">[62]<\/span><\/span><\/span> Jak wspomina w swoim pami\u0119tniku pod dat\u0105 28 maja 1967 roku modernistyczny filozof Jean Guitton, d\u0142ugoletni przyjaciel Paw\u0142a VI, o tym jak rozmawiali oni mi\u0119dzy innymi na temat odbytej podr\u00f3\u017cy do Fatimy. Na pytanie Guitton &#8222;Jakie wra\u017cenie sprawi\u0142a na [Waszej \u015awi\u0105tobliwo\u015bci] siostra \u0141ucja?&#8221;, Papie\u017c odpowiedzia\u0142 szczerze: &#8222;O, to bardzo prosta dziewczyna. Jest zwyk\u0142\u0105 ch\u0142opk\u0105 bez \u017cadnych komplikacji. Ludzie chcieli j\u0105 zobaczy\u0107, to pokaza\u0142em im j\u0105&#8221;. Wzruszaj\u0105ca wypowied\u017a Papie\u017ca; oto mi\u0142o\u015b\u0107 prostego cz\u0142owieka w wydaniu Paw\u0142a VI!<\/p>\r\n<p class=\"MsoEndnoteText\">&nbsp;<\/p>\r\n<div id=\"edn63\">\r\n<p class=\"MsoEndnoteText\"><span class=\"MsoEndnoteReference\"><span class=\"MsoEndnoteReference\"><span style=\"font-size: 10pt; font-family: &amp;amp;\">[63]<\/span><\/span><\/span> Brat Franc\u0327ois de Marie des Anges, <em>Fatima &#8211; Prophecies of Tragedy and Triumph; Epiloque<\/em>, Abridged from <em>The Whole Truth About Fatima<\/em>, op. cit., str. 120., kt\u00f3ry cytuje kanonika Barthas. Tego dnia, po Mszy \u015bw., kanonik Barthas spotka\u0142 si\u0119 z siostr\u0105 \u0141ucj\u0105 i jej prze\u0142o\u017con\u0105.<\/p>\r\n<p class=\"MsoEndnoteText\">&nbsp;<\/p>\r\n<p class=\"MsoEndnoteText\"><span class=\"MsoEndnoteReference\"><span class=\"MsoEndnoteReference\"><span style=\"font-size: 10pt; font-family: &amp;amp;\">[64]<\/span><\/span><\/span> Ojciec Ulysses Floridi, <em>Moscow and the Vatican<\/em>, cytowany przez: Brat Fr\u00c3\u00a9re Fran\u00c3\u00a7ois de Marie des Anges, <em>Fatima &#8211; Prophecies of Tragedy and Triumph<\/em>, str.142.<\/p>\r\n<p class=\"MsoEndnoteText\"><span class=\"MsoEndnoteReference\"><span class=\"MsoEndnoteReference\"><span style=\"font-size: 10pt; font-family: &amp;amp;\">[65]<\/span><\/span><\/span> Brat Franc\u0327ois de Marie des Anges <em>Fatima &#8211; Prophecies of Tragedy and Triumph; Epiloque<\/em>, Abridged from <em>The Whole Truth About Fatima<\/em>, op. cit., str. 33-34., kt\u00f3ry cytuje list ojca Aparicio z 24 listopada 1960 roku.<\/p>\r\n<\/div>\r\n<\/div>\r\n<\/div>\r\n<\/div>\r\n<\/div>\r\n<\/div>\r\n<\/div>\r\n<\/div>\r\n<\/div>\r\n<\/div>\r\n<\/div>\r\n<\/div>\r\n<\/div>\r\n<\/div>\r\n<\/div>\r\n<\/div>\r\n<\/div>\r\n<\/div>\r\n<\/div>\r\n<\/div>\r\n<\/div>\r\n<\/div>\r\n<\/div>\r\n<\/div>\r\n<\/div>\r\n<\/div>\r\n<\/div>\r\n<\/div>\r\n<\/div>\r\n<\/div>\r\n<\/div>\r\n<\/div>\r\n<\/div>\r\n<\/div>\r\n<\/div>\r\n<\/div>\r\n<\/div>\r\n<\/div>\r\n<\/div>\r\n<\/div>\r\n<\/div>\r\n<\/div>\r\n<\/div>\r\n<\/div>\r\n<\/div>\r\n<\/div>\r\n<\/div>\r\n<\/div>\r\n<\/div>\r\n<\/div>\r\n<\/div>\r\n<\/div>\r\n<\/div>\r\n<\/div>\r\n<\/div>\r\n<\/div>\r\n<\/div>\r\n<\/div>\r\n<\/div>\r\n<\/div>\r\n<\/div>\r\n<\/div>\r\n<\/div>\r\n<div id=\"edn1\">\r\n<div id=\"edn2\">\r\n<div id=\"edn3\">\r\n<div id=\"edn4\">\r\n<div id=\"edn5\">\r\n<div id=\"edn6\">\r\n<div id=\"edn7\">\r\n<div id=\"edn8\">\r\n<div id=\"edn9\">\r\n<div id=\"edn10\">\r\n<div id=\"edn11\">\r\n<div id=\"edn12\">\r\n<div id=\"edn13\">\r\n<div id=\"edn14\">\r\n<div id=\"edn15\">\r\n<div id=\"edn16\">\r\n<div id=\"edn17\">\r\n<div id=\"edn18\">\r\n<div id=\"edn19\">\r\n<div id=\"edn20\">\r\n<div id=\"edn21\">\r\n<div id=\"edn22\">\r\n<div id=\"edn23\">\r\n<div id=\"edn24\">\r\n<div id=\"edn25\">\r\n<div id=\"edn26\">\r\n<div id=\"edn27\">\r\n<div id=\"edn28\">\r\n<div id=\"edn29\">\r\n<div id=\"edn30\">\r\n<div id=\"edn31\">\r\n<div id=\"edn32\">\r\n<div id=\"edn33\">\r\n<div id=\"edn34\">\r\n<div id=\"edn35\">\r\n<div id=\"edn36\">\r\n<div id=\"edn37\">\r\n<div id=\"edn38\">\r\n<div id=\"edn39\">\r\n<div id=\"edn40\">\r\n<div id=\"edn41\">\r\n<div id=\"edn42\">\r\n<div id=\"edn43\">\r\n<div id=\"edn44\">\r\n<div id=\"edn45\">\r\n<div id=\"edn46\">\r\n<div id=\"edn47\">\r\n<div id=\"edn48\">\r\n<div id=\"edn49\">\r\n<div id=\"edn50\">\r\n<div id=\"edn51\">\r\n<div id=\"edn52\">\r\n<div id=\"edn53\">\r\n<div id=\"edn54\">\r\n<div id=\"edn55\">\r\n<div id=\"edn56\">\r\n<div id=\"edn57\">\r\n<div id=\"edn58\">\r\n<div id=\"edn59\">\r\n<div id=\"edn60\">\r\n<div id=\"edn61\">\r\n<div id=\"edn62\">\r\n<div id=\"edn63\">\r\n<p class=\"MsoEndnoteText\"><a href=\"#_ednref66\" name=\"_edn66\"><\/a><span class=\"MsoEndnoteReference\"><span class=\"MsoEndnoteReference\"><span style=\"font-size: 10pt; font-family: &amp;amp;\">[66]<\/span><\/span><\/span> Brat Michel de la Sainte Trinite, op. cit., Tom III, strony 749-750.<\/p>\r\n<\/div>\r\n<\/div>\r\n<\/div>\r\n<\/div>\r\n<\/div>\r\n<\/div>\r\n<\/div>\r\n<\/div>\r\n<\/div>\r\n<\/div>\r\n<\/div>\r\n<\/div>\r\n<\/div>\r\n<\/div>\r\n<\/div>\r\n<\/div>\r\n<\/div>\r\n<\/div>\r\n<\/div>\r\n<\/div>\r\n<\/div>\r\n<\/div>\r\n<\/div>\r\n<\/div>\r\n<\/div>\r\n<\/div>\r\n<\/div>\r\n<\/div>\r\n<\/div>\r\n<\/div>\r\n<\/div>\r\n<\/div>\r\n<\/div>\r\n<\/div>\r\n<\/div>\r\n<\/div>\r\n<\/div>\r\n<\/div>\r\n<\/div>\r\n<\/div>\r\n<\/div>\r\n<\/div>\r\n<\/div>\r\n<\/div>\r\n<\/div>\r\n<\/div>\r\n<\/div>\r\n<\/div>\r\n<\/div>\r\n<\/div>\r\n<\/div>\r\n<\/div>\r\n<\/div>\r\n<\/div>\r\n<\/div>\r\n<\/div>\r\n<\/div>\r\n<\/div>\r\n<\/div>\r\n<\/div>\r\n<\/div>\r\n<\/div>\r\n<\/div>\r\n<p class=\"MsoEndnoteText\">&nbsp;<\/p>\r\n<ul>\r\n\t<li><a href=\"http:\/\/www.bibula.com\/docs\/Fatima.pdf\"><strong>Tekst w wersji PDF<\/strong><\/a><\/li>\r\n<\/ul>\r\n<blockquote>\r\n<p>* <strong>NOTA ODREDAKCYJNA<\/strong>: Odpowiadaj\u0105c na liczne zapytania PT Czytelnik\u00f3w oraz uprzedzaj\u0105c kolejne, informujemy w imieniu Autora, \u017ce druga cz\u0119\u015b\u0107 powy\u017cszego opracowania o Fatimie nie zosta\u0142a uko\u0144czona.<\/p>\r\n<\/blockquote>\r\n<p><small>Dodano: 2009-05-13 12:01 am<\/small><\/p>\r\n<blockquote>\r\n<p><strong>Inne artyku\u0142y skatalogowane wed\u0142ug has\u0142a: <span style=\"text-decoration: underline;\"><a href=\"http:\/\/www.bibula.com\/?tag=fatima\">\u2018fatima \u2019<\/a><\/span><\/strong><\/p>\r\n<\/blockquote>","protected":false},"excerpt":{"rendered":"Dodano: 2009-05-13 12:01 am Poni\u017cszy tekst ukaza\u0142 si\u0119 w pi\u015bmie BIBU\u0141A w maju 2005 roku &nbsp; 13 lutego 2005 roku, o godzinie 17:30 odesz\u0142a do Pana w wieku 98 lat siostra \u0141ucja dos Santos, ostatnia z trojga dzieci, kt\u00f3rym 88 lat temu w Fatimie ukaza\u0142a si\u0119 Matka Bo\u017ca. Bole\u015bnie b\u0119dziemy odczuwa\u0107 jej brak w\u015br\u00f3d nas [&hellip;]","protected":false},"author":1,"featured_media":0,"comment_status":"closed","ping_status":"closed","sticky":false,"template":"","format":"standard","meta":{"_acf_changed":false,"_monsterinsights_skip_tracking":false,"_monsterinsights_sitenote_active":false,"_monsterinsights_sitenote_note":"","_monsterinsights_sitenote_category":0,"ngg_post_thumbnail":0,"footnotes":"","_wp_rev_ctl_limit":""},"categories":[328],"tags":[82,41,33],"acf":[],"_links":{"self":[{"href":"https:\/\/www.bibula.com\/index.php?rest_route=\/wp\/v2\/posts\/9267"}],"collection":[{"href":"https:\/\/www.bibula.com\/index.php?rest_route=\/wp\/v2\/posts"}],"about":[{"href":"https:\/\/www.bibula.com\/index.php?rest_route=\/wp\/v2\/types\/post"}],"author":[{"embeddable":true,"href":"https:\/\/www.bibula.com\/index.php?rest_route=\/wp\/v2\/users\/1"}],"replies":[{"embeddable":true,"href":"https:\/\/www.bibula.com\/index.php?rest_route=%2Fwp%2Fv2%2Fcomments&post=9267"}],"version-history":[{"count":3,"href":"https:\/\/www.bibula.com\/index.php?rest_route=\/wp\/v2\/posts\/9267\/revisions"}],"predecessor-version":[{"id":132272,"href":"https:\/\/www.bibula.com\/index.php?rest_route=\/wp\/v2\/posts\/9267\/revisions\/132272"}],"wp:attachment":[{"href":"https:\/\/www.bibula.com\/index.php?rest_route=%2Fwp%2Fv2%2Fmedia&parent=9267"}],"wp:term":[{"taxonomy":"category","embeddable":true,"href":"https:\/\/www.bibula.com\/index.php?rest_route=%2Fwp%2Fv2%2Fcategories&post=9267"},{"taxonomy":"post_tag","embeddable":true,"href":"https:\/\/www.bibula.com\/index.php?rest_route=%2Fwp%2Fv2%2Ftags&post=9267"}],"curies":[{"name":"wp","href":"https:\/\/api.w.org\/{rel}","templated":true}]}}