{"id":92629,"date":"2017-01-02T12:37:01","date_gmt":"2017-01-02T17:37:01","guid":{"rendered":"http:\/\/www.bibula.com\/?p=92629"},"modified":"2017-01-02T12:37:01","modified_gmt":"2017-01-02T17:37:01","slug":"kosciol-w-niemczech-aktywizm-i-kult-bycia-dobry-czlowiekiem-zamiast-gloszenia-wiary","status":"publish","type":"post","link":"https:\/\/www.bibula.com\/?p=92629","title":{"rendered":"Ko\u015bci\u00f3\u0142 w Niemczech: aktywizm i kult \u201ebycia dobry cz\u0142owiekiem&#8221; zamiast g\u0142oszenia wiary"},"content":{"rendered":"<p><strong>Ko\u015bci\u00f3\u0142 katolicki w Niemczech \u015bciga si\u0119 z protestantami, kto lepiej pod\u0105\u017cy za duchem czasu. Liczy si\u0119 du\u017ce bogactwo i aktywizm, ale brakuje \u017cywej wiary &#8211; ocenia niemiecki publicysta Markus G\u00fcnther na \u0142amach \u201eFrankfurter Allgemeine Sonntgaszeitung\u201d.<\/strong><\/p>\r\n<p><img fetchpriority=\"high\" decoding=\"async\" class=\"aligncenter\" src=\"http:\/\/www.pch24.pl\/images\/min_mid_big\/mid_48440.jpg\" alt=\"Ko\u015bci\u00f3\u0142 w Niemczech: aktywizm i kult \u201ebycia dobry cz\u0142owiekiem\u201d zamiast g\u0142oszenia wiary\" width=\"595\" height=\"352\"><\/p>\r\n<p style=\"text-align: center;\">[<em>Przyw\u00f3dcy ko\u015bcio\u0142a w Niemczech: biskupi-apostaci<\/em>]<\/p>\r\n<p>Wed\u0142ug Markusa G\u00fcnthera w Niemczech powsta\u0142 ogromny dystans mi\u0119dzy Ko\u015bcio\u0142em katolickim i Ewangelickim \u201eKo\u015bcio\u0142em\u201d Niemiec, a zwyk\u0142ymi lud\u017ami. Wed\u0142ug wiarygodnych sonda\u017cy wi\u0119kszo\u015b\u0107 spo\u0142ecze\u0144stwa nie akceptuje ju\u017c fundamentalnych tre\u015bci chrze\u015bcija\u0144stwa. Tylko mniejszo\u015b\u0107 cz\u0142onk\u00f3w Ko\u015bcio\u0142a i wsp\u00f3lnot protestanckim wierzy w zmartwychwstanie; ca\u0142e masy formalnych chrze\u015bcijan odrzucaj\u0105 prawd\u0119 o S\u0105dzie Ostatecznym. Jednak na laicyzacj\u0119 i rozmywanie wiary Ko\u015bci\u00f3\u0142 i protestanci wed\u0142ug G\u00fcnthera reaguj\u0105 b\u0142\u0119dnie. \u201eFinansowe bogactwo i duchowa bieda prowadz\u0105 do \u015blepego aktywizmu, kt\u00f3ry chce leczy\u0107 grunt w spo\u0142ecznopolitycznych obszarach zapalnych, ponosz\u0105c kl\u0119sk\u0119 na centralnym polu bitewnym wiary\u201d &#8211; pisze autor.<\/p>\r\n<p>Jako jeden z najwi\u0119kszych absurd\u00f3w pod\u0105\u017cania za duchem czasu przez niemieckich chrze\u015bcijan G\u00fcnther wymienia genderowy projekt ewangelik\u00f3w. Na zlecenie ich \u201eKo\u015bcio\u0142a\u201d grupa \u201eekspert\u00f3w\u201d ma dokona\u0107 egzegezy Nowego Testamentu, sprawdzaj\u0105c, czy dwunastu uczni\u00f3w Jezusa naprawd\u0119 by\u0142o m\u0119\u017cczyznami. Ko\u015bci\u00f3\u0142 katolicki z kolei wielkim g\u0142osem domaga si\u0119 \u201euczciwych p\u0142ac\u201d oraz \u201esprawiedliwego podzia\u0142u [d\u00f3br] w spo\u0142ecze\u0144stwie\u201d. Wed\u0142ug publicysty jest pewne, \u017ce w ten spos\u00f3b przyw\u00f3dcy Ko\u015bcio\u0142a i wsp\u00f3lnot protestanckich nie dotr\u0105 do zwyk\u0142ego cz\u0142owieka, przyci\u0105gaj\u0105c go do wiary.<\/p>\r\n<p>\u201eTak d\u0142ugo, jak oba Ko\u015bcio\u0142y prze\u015bcigaj\u0105 si\u0119 w pod\u0105\u017caniu za duchem czasu, nie b\u0119d\u0105 w stanie zatrzyma\u0107 trendu spadkowego\u201d &#8211; wskazuje G\u00fcnther. Jak przypomina, tak\u017ce papie\u017c Franciszek zwraca\u0142 niemieckim biskupom uwag\u0119 na \u201eerozj\u0119 wiary\u201d w ich kraju, krytykuj\u0105c zarazem wielokrotnie biurokratyzm w strukturach ko\u015bcielnych.<\/p>\r\n<p>Dziennikarz przypomina wreszcie g\u0142o\u015bn\u0105 wizyt\u0119 przewodnicz\u0105cego episkopatu Niemiec kard. Reinharda Marxa oraz szefa ewangelik\u00f3w, \u201ebiskupa\u201d Heinricha Bedforda-Strohma na Wzg\u00f3rzu \u015awi\u0105tynnym w Jerozolimie. Obaj hierarchowie na \u017cyczenie muzu\u0142man\u00f3w schowali tam swoje krzy\u017ce. Efekt, pisze G\u00fcnther, by\u0142 tragiczny; takie zachowania stwarzaj\u0105 wra\u017cenie, \u017ce w chrze\u015bcija\u0144stwie chodzi tylko o to, by by\u0107 \u201edobrym cz\u0142owiekiem\u201d, brakuje tu jasnego g\u0142oszenia Ewangelii.<\/p>\r\n<p>\u0179r\u00f3d\u0142o: Kath.net<\/p>\r\n<p>Pach<\/p>","protected":false},"excerpt":{"rendered":"Ko\u015bci\u00f3\u0142 katolicki w Niemczech \u015bciga si\u0119 z protestantami, kto lepiej pod\u0105\u017cy za duchem czasu. Liczy si\u0119 du\u017ce bogactwo i aktywizm, ale brakuje \u017cywej wiary &#8211; ocenia niemiecki publicysta Markus G\u00fcnther na \u0142amach \u201eFrankfurter Allgemeine Sonntgaszeitung\u201d. [Przyw\u00f3dcy ko\u015bcio\u0142a w Niemczech: biskupi-apostaci] Wed\u0142ug Markusa G\u00fcnthera w Niemczech powsta\u0142 ogromny dystans mi\u0119dzy Ko\u015bcio\u0142em katolickim i Ewangelickim \u201eKo\u015bcio\u0142em\u201d Niemiec, [&hellip;]","protected":false},"author":1,"featured_media":0,"comment_status":"closed","ping_status":"closed","sticky":false,"template":"","format":"standard","meta":{"_acf_changed":false,"_monsterinsights_skip_tracking":false,"_monsterinsights_sitenote_active":false,"_monsterinsights_sitenote_note":"","_monsterinsights_sitenote_category":0,"ngg_post_thumbnail":0,"footnotes":"","_wp_rev_ctl_limit":""},"categories":[3],"tags":[166,33],"acf":[],"_links":{"self":[{"href":"https:\/\/www.bibula.com\/index.php?rest_route=\/wp\/v2\/posts\/92629"}],"collection":[{"href":"https:\/\/www.bibula.com\/index.php?rest_route=\/wp\/v2\/posts"}],"about":[{"href":"https:\/\/www.bibula.com\/index.php?rest_route=\/wp\/v2\/types\/post"}],"author":[{"embeddable":true,"href":"https:\/\/www.bibula.com\/index.php?rest_route=\/wp\/v2\/users\/1"}],"replies":[{"embeddable":true,"href":"https:\/\/www.bibula.com\/index.php?rest_route=%2Fwp%2Fv2%2Fcomments&post=92629"}],"version-history":[{"count":0,"href":"https:\/\/www.bibula.com\/index.php?rest_route=\/wp\/v2\/posts\/92629\/revisions"}],"wp:attachment":[{"href":"https:\/\/www.bibula.com\/index.php?rest_route=%2Fwp%2Fv2%2Fmedia&parent=92629"}],"wp:term":[{"taxonomy":"category","embeddable":true,"href":"https:\/\/www.bibula.com\/index.php?rest_route=%2Fwp%2Fv2%2Fcategories&post=92629"},{"taxonomy":"post_tag","embeddable":true,"href":"https:\/\/www.bibula.com\/index.php?rest_route=%2Fwp%2Fv2%2Ftags&post=92629"}],"curies":[{"name":"wp","href":"https:\/\/api.w.org\/{rel}","templated":true}]}}