{"id":92627,"date":"2017-01-02T12:33:24","date_gmt":"2017-01-02T17:33:24","guid":{"rendered":"http:\/\/www.bibula.com\/?p=92627"},"modified":"2017-01-02T12:33:24","modified_gmt":"2017-01-02T17:33:24","slug":"banderowskie-marsze-na-ukrainie-chwala-narodowi-smierc-wrogom","status":"publish","type":"post","link":"https:\/\/www.bibula.com\/?p=92627","title":{"rendered":"Banderowskie marsze na Ukrainie: \u201eChwa\u0142a narodowi, \u015bmier\u0107 wrogom!&#8221;"},"content":{"rendered":"<p><strong>W Kijowie, Zaporo\u017cu i Lwowie odby\u0142y si\u0119 marsze w 108. rocznic\u0119 urodzin przyw\u00f3dcy ukrai\u0144skich nacjonalist\u00f3w Stepana Bandery.<\/strong> <strong>\u201eChwa\u0142a narodowi, \u015bmier\u0107 wrogom\u201d &#8211; takimi has\u0142ami uczestnicy wiec\u00f3w czcili pami\u0119\u0107 zbrodniarza odpowiedzialnego za ludob\u00f3jstwo na Wo\u0142yniu.<\/strong><\/p>\r\n<p>W Kijowie doroczny marsz ku czci Bandery zgromadzi\u0142 oko\u0142o tysi\u0105c os\u00f3b. \u201eUczestnicy marszu nie\u015bli zapalone pochodnie i wykrzykiwali nacjonalistyczne has\u0142a. Podobne marsze odby\u0142y si\u0119 w Zaporo\u017cu i Lwowie. Uczestniczy\u0142o w nich po kilkaset os\u00f3b\u201d &#8211; poinformowa\u0142a tvp.info.<\/p>\r\n<p>Uczestnicy marsz\u00f3w wykrzykiwali has\u0142a \u201eBandera, Szuchewycz &#8211; bohaterowie Ukrainy\u201d, oraz \u201eChwa\u0142a narodowi, \u015bmier\u0107 wrogom\u201d. Organizatorem wydarzenia by\u0142a nacjonalistyczna partia Swoboda. Przemarszowi zwolennik\u00f3w Bandery przygl\u0105da\u0142o si\u0119 kilkuset policjant\u00f3w i \u017co\u0142nierzy Gwardii Narodowej MSW. Wydarzenie nie wywo\u0142a\u0142o jednak wi\u0119kszych kontrowersji i przebiega\u0142o spokojnie.<\/p>\r\n<p>Kogo czcz\u0105 nasi wschodni s\u0105siedzi? Roman Szuchewycz to dow\u00f3dca Ukrai\u0144skiej Powsta\u0144czej Armii (UPA). Bandera za\u015b by\u0142 przyw\u00f3dc\u0105 jednej z frakcji Organizacji Ukrai\u0144skich Nacjonalist\u00f3w (OUN). To w\u0142a\u015bnie UPA &#8211; b\u0119d\u0105ce zbrojnym ramieniem OUN, jest odpowiedzialne za prowadzone od wiosny 1943 roku czystki etniczne na ludno\u015bci polskiej na Wo\u0142yniu i w Galicji Wschodniej.<\/p>\r\n<p>Stepan Bandera jest uznawany na Ukrainie za bohatera. W roku 2010 zosta\u0142 nawet po\u015bmiertnie odznaczony przez ust\u0119puj\u0105cego prezydenta Wiktora Juszczenk\u0119. Dekret zosta\u0142 uchylony przez s\u0105d. Samo przyznanie Banderze tytu\u0142u Bohatera Ukrainy wywo\u0142a\u0142o sprzeciw w Rosji oraz w Polsce.<\/p>\r\n<p>\u0179r\u00f3d\u0142o: tvp.info<\/p>\r\n<p>MA<\/p>","protected":false},"excerpt":{"rendered":"W Kijowie, Zaporo\u017cu i Lwowie odby\u0142y si\u0119 marsze w 108. rocznic\u0119 urodzin przyw\u00f3dcy ukrai\u0144skich nacjonalist\u00f3w Stepana Bandery. \u201eChwa\u0142a narodowi, \u015bmier\u0107 wrogom\u201d &#8211; takimi has\u0142ami uczestnicy wiec\u00f3w czcili pami\u0119\u0107 zbrodniarza odpowiedzialnego za ludob\u00f3jstwo na Wo\u0142yniu. W Kijowie doroczny marsz ku czci Bandery zgromadzi\u0142 oko\u0142o tysi\u0105c os\u00f3b. \u201eUczestnicy marszu nie\u015bli zapalone pochodnie i wykrzykiwali nacjonalistyczne has\u0142a. Podobne [&hellip;]","protected":false},"author":1,"featured_media":0,"comment_status":"closed","ping_status":"closed","sticky":false,"template":"","format":"standard","meta":{"_acf_changed":false,"_monsterinsights_skip_tracking":false,"_monsterinsights_sitenote_active":false,"_monsterinsights_sitenote_note":"","_monsterinsights_sitenote_category":0,"ngg_post_thumbnail":0,"footnotes":"","_wp_rev_ctl_limit":""},"categories":[6],"tags":[65,29,167,17],"acf":[],"_links":{"self":[{"href":"https:\/\/www.bibula.com\/index.php?rest_route=\/wp\/v2\/posts\/92627"}],"collection":[{"href":"https:\/\/www.bibula.com\/index.php?rest_route=\/wp\/v2\/posts"}],"about":[{"href":"https:\/\/www.bibula.com\/index.php?rest_route=\/wp\/v2\/types\/post"}],"author":[{"embeddable":true,"href":"https:\/\/www.bibula.com\/index.php?rest_route=\/wp\/v2\/users\/1"}],"replies":[{"embeddable":true,"href":"https:\/\/www.bibula.com\/index.php?rest_route=%2Fwp%2Fv2%2Fcomments&post=92627"}],"version-history":[{"count":0,"href":"https:\/\/www.bibula.com\/index.php?rest_route=\/wp\/v2\/posts\/92627\/revisions"}],"wp:attachment":[{"href":"https:\/\/www.bibula.com\/index.php?rest_route=%2Fwp%2Fv2%2Fmedia&parent=92627"}],"wp:term":[{"taxonomy":"category","embeddable":true,"href":"https:\/\/www.bibula.com\/index.php?rest_route=%2Fwp%2Fv2%2Fcategories&post=92627"},{"taxonomy":"post_tag","embeddable":true,"href":"https:\/\/www.bibula.com\/index.php?rest_route=%2Fwp%2Fv2%2Ftags&post=92627"}],"curies":[{"name":"wp","href":"https:\/\/api.w.org\/{rel}","templated":true}]}}