{"id":92617,"date":"2017-01-02T12:26:29","date_gmt":"2017-01-02T17:26:29","guid":{"rendered":"http:\/\/www.bibula.com\/?p=92617"},"modified":"2017-01-02T12:26:29","modified_gmt":"2017-01-02T17:26:29","slug":"szykuje-sie-prowokacja-w-elku","status":"publish","type":"post","link":"https:\/\/www.bibula.com\/?p=92617","title":{"rendered":"Szykuje si\u0119 prowokacja w E\u0142ku"},"content":{"rendered":"<p>Organizowany w \u015bwi\u0119to Trzech Kr\u00f3li \u201eMarsz solidarno\u015bci z Muzu\u0142manami w E\u0142ku \u201d to iskra na beczk\u0119 prochu. Przygotowuje to \u201et\u0119czowa\u201d organizacja z Warszawy, kt\u00f3ra przyje\u017cd\u017ca tutaj na \u201ego\u015bcinne wyst\u0119py\u201d. MSWiA i w\u0142adze miasta powinny zakaza\u0107 tego wydarzenia, kt\u00f3re mo\u017ce mie\u0107 nieobliczalne skutki.<\/p>\r\n<p><strong><em>ks. Tadeusz Isakowicz-Zaleski<\/em><\/strong><\/p>\r\n<p class=\"zrodlo\">Za: <a href=\"http:\/\/isakowicz.pl\/szykuje-sie-prowokacja-w-elku\/\">isakowicz-pl (2 stycznia 2017)<\/a><\/p>\r\n<h4>&nbsp;<\/h4>\r\n<hr style=\"background-color: #000000; border-width: 0; color: #000000; height: 2px; line-height: 0; text-align: center; width: 100%;\">\r\n<h4>&nbsp;<\/h4>\r\n<h2>Zarzut zab\u00f3jstwa dla obywatela Tunezji. Po zamieszkach w E\u0142ku policja zatrzyma\u0142a 28 os\u00f3b<\/h2>\r\n<p><strong>Prokurator rejonowy Wojciech Piktel poinformowa\u0142 o postawieniu obywatelowi Tunezji zarzutu zab\u00f3jstwa w zwi\u0105zku ze \u015bmierci\u0105 21-latka w E\u0142ku. Po zamieszkach jakie wybuch\u0142y w mie\u015bcie, policja zatrzyma\u0142a 28 os\u00f3b.<\/strong><\/p>\r\n<p>\u201eW tej chwili w E\u0142ku jest spokojnie. Policjanci nadal zabezpieczaj\u0105 to miejsce, \u017ceby nie dosz\u0142o do ponownego zak\u0142\u00f3cenia porz\u0105dku. B\u0119d\u0105 interweniowa\u0107, gdyby tak si\u0119 sta\u0142o\u201d &#8211; stwierdzi\u0142 sier\u017c. szt. Rafa\u0142 Jackowski z zespo\u0142u prasowego warmi\u0144sko-mazurskiej policji. Jak poinformowa\u0142, protest zako\u0144czy\u0142 si\u0119 w niedziel\u0119 przed p\u00f3\u0142noc\u0105.<\/p>\r\n<p>Policja zatrzyma\u0142a 28 os\u00f3b. Mog\u0105 one odpowiada\u0107 za zniszczenie mienia albo zak\u0142\u00f3cenie porz\u0105dku publicznego.<\/p>\r\n<p>W sobot\u0119 mi\u0119dzy godz. 22 a 23 przed jednym z bar\u00f3w z kebabami w E\u0142ku dosz\u0142o do awantury. Wed\u0142ug doniesie\u0144 medialnych posz\u0142o o petard\u0119 rzucon\u0105 w stron\u0119 lokalu, lub do jego wn\u0119trza. 21-latek zmar\u0142 wskutek ranienia no\u017cem. TVP Info poda\u0142o nieoficjalne informacje, z kt\u00f3rych wynika, \u017ce zatrzymano cztery osoby: dw\u00f3ch Algierczyk\u00f3w, Tunezyjczyk i Maroka\u0144czyk.<\/p>\r\n<p>W niedziel\u0119 pod lokalem z kebabami zgromadzi\u0142o si\u0119 kilkaset os\u00f3b. Oddzia\u0142 policjant\u00f3w odgrodzi\u0142 kordonem agresywne osoby. Policja zatrzyma\u0142a dwudziestu uczestnik\u00f3w demonstracji, z kt\u00f3rych cz\u0119\u015b\u0107 rzuca\u0142a w stron\u0119 lokalu i radiowoz\u00f3w kamieniami, butelkami i petardami. Wiadomo te\u017c, \u017ce z t\u0142umu pada\u0142y has\u0142a mocno nieprzychylne arabom, a sam lokal zosta\u0142 zdemolowany.&nbsp;<\/p>\r\n<p>Policjantom z E\u0142ku pomagali funkcjonariusze z Olsztyna, kt\u00f3rzy zostali wezwani na miejsce do pomocy. Wieczorem na miejscu zjawi\u0142a si\u0119 r\u00f3wnie\u017c \u0179andarmeria Wojskowa.<\/p>\r\n<p>W poniedzia\u0142ek wykonana zostanie sekcja zw\u0142ok, by ustali\u0107 przyczyn\u0119 \u015bmierci 21-latka. Prezydent miasta Tomasz Andrukiewicz powiedzia\u0142 dziennikarzom: \u201eDosz\u0142o do wielkiej tragedii. Chcia\u0142bym zaapelowa\u0107 i prosi\u0107 mieszka\u0144c\u00f3w o spok\u00f3j i uszanowanie tragedii, jak\u0105 prze\u017cywa rodzina 21- letniego Daniela. Zaproponowa\u0142em pomoc psychologiczn\u0105 tej rodzinie\u201d.<\/p>\r\n<p>\u0179r\u00f3d\u0142o: TVP INFO, Radio Olsztyn<\/p>\r\n<p>kra, luk<\/p>\r\n<p class=\"zrodlo\">Za: <a href=\"http:\/\/www.pch24.pl\/zarzut-zabojstwa-dla-obywatela-tunezji--po-zamieszkach-w-elku-policja-zatrzymala-28-osob,48469,i.html\">PoloniaChristiana &#8211; pch24.pl (2017-01-02)<\/a><\/p>\r\n<h4>&nbsp;<\/h4>\r\n<hr style=\"background-color: #000000; border-width: 0; color: #000000; height: 2px; line-height: 0; text-align: center; width: 100%;\">\r\n<h4>&nbsp;<\/h4>\r\n<h2>Wiadomo\u015bci TVP 1 przemilcza\u0142y zamordowanie dw\u00f3ch nastolatek na Dolnym \u015al\u0105sku<\/h2>\r\n<p>W g\u0142\u00f3wnych Wiadomo\u015bciach TVP 1 nie by\u0142o ani jednego s\u0142owa o zamordowaniu w Jeleniej G\u00f3rze dw\u00f3ch polskich nastolatek przez pijanego kierowc\u0119 z Ukrainy. Z kolei info o zamordowaniu w E\u0142ku 21-latka przez Arab\u00f3w znalaz\u0142o si\u0119 dopiero na 6 miejscu. To ma by\u0107 telewizja, kt\u00f3ra u\u017cywa dumnej nazwy \u201epolska\u201d? Wstyd!<\/p>\r\n<p><strong><em>ks. Tadeusz Isakowicz-Zaleski<\/em><\/strong><\/p>\r\n<p class=\"zrodlo\">Za: <a href=\"http:\/\/isakowicz.pl\/wiadomosci-tvp-1-przemilczaly-zamordowanie-dwoch-nastolatek-na-dolnym-slasku\/\">isakowicz-pl (2 stycznia 2017)<\/a><\/p>\r\n<h4>&nbsp;<\/h4>\r\n<hr style=\"background-color: #000000; border-width: 0; color: #000000; height: 2px; line-height: 0; text-align: center; width: 100%;\">\r\n<h4>&nbsp;<\/h4>","protected":false},"excerpt":{"rendered":"Organizowany w \u015bwi\u0119to Trzech Kr\u00f3li \u201eMarsz solidarno\u015bci z Muzu\u0142manami w E\u0142ku \u201d to iskra na beczk\u0119 prochu. Przygotowuje to \u201et\u0119czowa\u201d organizacja z Warszawy, kt\u00f3ra przyje\u017cd\u017ca tutaj na \u201ego\u015bcinne wyst\u0119py\u201d. MSWiA i w\u0142adze miasta powinny zakaza\u0107 tego wydarzenia, kt\u00f3re mo\u017ce mie\u0107 nieobliczalne skutki. ks. Tadeusz Isakowicz-Zaleski Za: isakowicz-pl (2 stycznia 2017) &nbsp; &nbsp; Zarzut zab\u00f3jstwa dla [&hellip;]","protected":false},"author":1,"featured_media":0,"comment_status":"closed","ping_status":"closed","sticky":false,"template":"","format":"standard","meta":{"_acf_changed":false,"_monsterinsights_skip_tracking":false,"_monsterinsights_sitenote_active":false,"_monsterinsights_sitenote_note":"","_monsterinsights_sitenote_category":0,"ngg_post_thumbnail":0,"footnotes":"","_wp_rev_ctl_limit":""},"categories":[8],"tags":[26,76,70,98,159,20],"acf":[],"_links":{"self":[{"href":"https:\/\/www.bibula.com\/index.php?rest_route=\/wp\/v2\/posts\/92617"}],"collection":[{"href":"https:\/\/www.bibula.com\/index.php?rest_route=\/wp\/v2\/posts"}],"about":[{"href":"https:\/\/www.bibula.com\/index.php?rest_route=\/wp\/v2\/types\/post"}],"author":[{"embeddable":true,"href":"https:\/\/www.bibula.com\/index.php?rest_route=\/wp\/v2\/users\/1"}],"replies":[{"embeddable":true,"href":"https:\/\/www.bibula.com\/index.php?rest_route=%2Fwp%2Fv2%2Fcomments&post=92617"}],"version-history":[{"count":0,"href":"https:\/\/www.bibula.com\/index.php?rest_route=\/wp\/v2\/posts\/92617\/revisions"}],"wp:attachment":[{"href":"https:\/\/www.bibula.com\/index.php?rest_route=%2Fwp%2Fv2%2Fmedia&parent=92617"}],"wp:term":[{"taxonomy":"category","embeddable":true,"href":"https:\/\/www.bibula.com\/index.php?rest_route=%2Fwp%2Fv2%2Fcategories&post=92617"},{"taxonomy":"post_tag","embeddable":true,"href":"https:\/\/www.bibula.com\/index.php?rest_route=%2Fwp%2Fv2%2Ftags&post=92617"}],"curies":[{"name":"wp","href":"https:\/\/api.w.org\/{rel}","templated":true}]}}