{"id":92612,"date":"2017-01-01T13:26:58","date_gmt":"2017-01-01T18:26:58","guid":{"rendered":"http:\/\/www.bibula.com\/?p=92612"},"modified":"2017-01-01T13:26:58","modified_gmt":"2017-01-01T18:26:58","slug":"wyborczej-nie-pasuje-matka-boza-jako-patronka-na-czerskiej-woleliby-poete","status":"publish","type":"post","link":"https:\/\/www.bibula.com\/?p=92612","title":{"rendered":"\u201eWyborczej&#8221; nie pasuje Matka Bo\u017ca jako patronka. Na Czerskiej woleliby poet\u0119"},"content":{"rendered":"<p><strong>Polski parlament co roku og\u0142asza patron\u00f3w kolejnych lat. W tym roku w\u015br\u00f3d nich znale\u017ali si\u0119 nie tylko przyw\u00f3dcy wojskowi, arty\u015bci i spo\u0142ecznicy, ale r\u00f3wnie\u017c Matka Bo\u017ca Cz\u0119stochowska &#8211; z okazji trzechsetlecia koronacji cudownego obrazu z Jasnej G\u00f3ry. \u201eGazeta Wyborcza\u201d postanowi\u0142a wi\u0119c zakpi\u0107 z polskiego katolicyzmu i wyrazi\u0107 sw\u00f3j sprzeciw wobec og\u0142aszaniu przez organa pa\u0144stwowe szacunku do os\u00f3b innych, ni\u017c te, kt\u00f3re szanuje si\u0119 w \u015brodowisku Adama Michnika.<\/strong><\/p>\r\n<p>Spraw\u0105 decyzji parlamentu zaj\u0119li si\u0119 redaktorzy \u201ekobiecego dodatku\u201d do \u201eGW\u201d &#8211; \u201eWysokich Obcas\u00f3w\u201d. Ok\u0142adk\u0119 dodatku zdobi wi\u0119c przerobiona w programie graficznym Matka Bo\u017ca Cz\u0119stochowska, puszczaj\u0105ca oko do czytelnika.<\/p>\r\n<p>Otwieraj\u0105cy numer tekst autorstwa Mike\u2019a Urbaniaka pe\u0142en jest z\u0142o\u015bliwo\u015bci wobec decyzji o tym, by rok 2017 by\u0142 rokiem J\u00f3zefa Pi\u0142sudskiego, Tadeusza Ko\u015bciuszki, &nbsp;Josepha Conrada, brata Alberta, Honorata Ko\u017ami\u0144skiego oraz rokiem Koronacji Matki Bo\u017cej Cz\u0119stochowskiej. Trzy ostatnie pozycje w tym wyliczeniu \u201eWysokie Obcasy\u201d nazywaj\u0105 \u201eobowi\u0105zkowym pakietem ko\u015bcielnym\u201d. \u201eAby to bezprecedensowe wydarzenie nast\u0105pi\u0142o, paulini przybyli na Wiejsk\u0105 i osobi\u015bcie pilnowali, by senatorowie o Matce Boskiej Cz\u0119stochowskiej nie zapomnieli &#8211; tak jak zapominaj\u0105 zwykle o innych kobietach\u201d &#8211; pisze autor.<\/p>\r\n<p>W tek\u015bcie wypowiadaj\u0105 si\u0119 autorytety \u015brodowisk lewicowych, mi\u0119dzy innymi aktorka Agnieszka Gli\u0144ska: \u201eZaskoczy\u0142e\u015b mnie informacj\u0105 o Matce Boskiej, bo wiedzia\u0142am, \u017ce przegra\u0142 Boles\u0142aw Le\u015bmian, ale nie wiedzia\u0142am z kim. I co to teraz oznacza? Mamy wszyscy nosi\u0107 Matk\u0119 Bosk\u0105 w klapie? A mo\u017ce dawa\u0107 c\u00f3rkom na imi\u0119 Maria?\u201d &#8211; stwierdzi\u0142a. Wola\u0142aby Le\u015bmiana, ale nie zasugerowa\u0142a przy tym oczywi\u015bcie, \u017ce gdyby rok 2017 zosta\u0142 og\u0142oszony rokiem tego poety, wszyscy powinni dawa\u0107 synom na imi\u0119 Boles\u0142aw.<\/p>\r\n<p>Urbaniak dostrzega oczywi\u015bcie ogromn\u0105 pobo\u017cno\u015b\u0107 maryjn\u0105 Polak\u00f3w, i kpi z niej, nazywaj\u0105c polskie sanktuaria \u201emaryjnym kombinatem\u201d. &nbsp;Aby podkre\u015bli\u0107 swe oburzenie decyzj\u0105 parlamentu, autor tekstu odda\u0142 g\u0142os r\u00f3wnie\u017c Piotrowi Pazi\u0144skiemu, redaktorowi naczelnemu \u017cydowskiego magazynu \u201eMidrasz\u201d, kt\u00f3ry &#8211; r\u00f3wnie\u017c kpi\u0105c z polskich katolik\u00f3w &#8211; stwierdza: \u201ePrzecie\u017c Maryja i Jezus byli Polakami albo, jak m\u00f3wi\u0142 Hitler, <em>\u017bydami, kt\u00f3rzy przezwyci\u0119\u017cyli w\u0142asne \u017cydostwo<\/em>. Takie jest ludowe wyobra\u017cenie\u201d.<\/p>\r\n<p>Tak oto w\u0142a\u015bnie wydawane prze \u201eGazet\u0119 Wyborcz\u0105\u201d \u201eWysokie Obcasy\u201d przywita\u0142y rok 2017 og\u0142oszony przez parlament rokiem Koronacji Matki Bo\u017cej Cz\u0119stochowskiej. Rok, na kt\u00f3ry przypada r\u00f3wnie\u017c setna rocznica objawie\u0144 Matki Bo\u017cej w Fatimie i sto czterdziesta rocznica Jej objawie\u0144 w Gietrzwa\u0142dzie. Dodajmy, \u017ce data publikacji periodyku r\u00f3wnie\u017c nie by\u0142a przypadkowa &#8211; numer kpi\u0105cy z nabo\u017ce\u0144stwa do Naj\u015bwi\u0119tszej Maryi Panny ukaza\u0142 si\u0119 bowiem w wigili\u0119 obchodzonej w ca\u0142ym Ko\u015bciele uroczysto\u015bci Bo\u017cej Rodzicielki Maryi. W tym samym numerze \u201eWO\u201d ukaza\u0142o si\u0119 zestawienie \u201e50 wp\u0142ywowych kobiet polskich\u201d &#8211; z kt\u00f3rych bardzo liczne organizowa\u0142y lub promowa\u0142y \u201eczarne protesty\u201d, domagaj\u0105c si\u0119 \u201eprawa\u201d do zabijania dzieci w \u0142onach matek.<\/p>\r\n<p>kra<\/p>","protected":false},"excerpt":{"rendered":"Polski parlament co roku og\u0142asza patron\u00f3w kolejnych lat. W tym roku w\u015br\u00f3d nich znale\u017ali si\u0119 nie tylko przyw\u00f3dcy wojskowi, arty\u015bci i spo\u0142ecznicy, ale r\u00f3wnie\u017c Matka Bo\u017ca Cz\u0119stochowska &#8211; z okazji trzechsetlecia koronacji cudownego obrazu z Jasnej G\u00f3ry. \u201eGazeta Wyborcza\u201d postanowi\u0142a wi\u0119c zakpi\u0107 z polskiego katolicyzmu i wyrazi\u0107 sw\u00f3j sprzeciw wobec og\u0142aszaniu przez organa pa\u0144stwowe szacunku [&hellip;]","protected":false},"author":1,"featured_media":0,"comment_status":"closed","ping_status":"closed","sticky":false,"template":"","format":"standard","meta":{"_acf_changed":false,"_monsterinsights_skip_tracking":false,"_monsterinsights_sitenote_active":false,"_monsterinsights_sitenote_note":"","_monsterinsights_sitenote_category":0,"ngg_post_thumbnail":0,"footnotes":"","_wp_rev_ctl_limit":""},"categories":[8],"tags":[132,98,53],"acf":[],"_links":{"self":[{"href":"https:\/\/www.bibula.com\/index.php?rest_route=\/wp\/v2\/posts\/92612"}],"collection":[{"href":"https:\/\/www.bibula.com\/index.php?rest_route=\/wp\/v2\/posts"}],"about":[{"href":"https:\/\/www.bibula.com\/index.php?rest_route=\/wp\/v2\/types\/post"}],"author":[{"embeddable":true,"href":"https:\/\/www.bibula.com\/index.php?rest_route=\/wp\/v2\/users\/1"}],"replies":[{"embeddable":true,"href":"https:\/\/www.bibula.com\/index.php?rest_route=%2Fwp%2Fv2%2Fcomments&post=92612"}],"version-history":[{"count":0,"href":"https:\/\/www.bibula.com\/index.php?rest_route=\/wp\/v2\/posts\/92612\/revisions"}],"wp:attachment":[{"href":"https:\/\/www.bibula.com\/index.php?rest_route=%2Fwp%2Fv2%2Fmedia&parent=92612"}],"wp:term":[{"taxonomy":"category","embeddable":true,"href":"https:\/\/www.bibula.com\/index.php?rest_route=%2Fwp%2Fv2%2Fcategories&post=92612"},{"taxonomy":"post_tag","embeddable":true,"href":"https:\/\/www.bibula.com\/index.php?rest_route=%2Fwp%2Fv2%2Ftags&post=92612"}],"curies":[{"name":"wp","href":"https:\/\/api.w.org\/{rel}","templated":true}]}}