{"id":926,"date":"2007-03-06T00:00:00","date_gmt":"2007-03-06T00:00:00","guid":{"rendered":""},"modified":"2018-03-27T12:05:04","modified_gmt":"2018-03-27T16:05:04","slug":"ks-a-posacki-sj-prosz-uwaa-na-ksiy-o-tej-orientacji-mocno-tradycjonalistycznej","status":"publish","type":"post","link":"https:\/\/www.bibula.com\/?p=926","title":{"rendered":"Ks. A. Posacki, SJ: &#8222;Prosz\u0119 uwa\u017ca\u0107 na ksi\u0119\u017cy o tej orientacji mocno tradycjonalistycznej&#8221;"},"content":{"rendered":"<p><em>Ksi\u0105dz Aleksander Posacki, SJ uchodzi za znawc\u0119 demonologii i problematyki okultyzmu. Jest konsultantem egzorcyst\u00f3w katolickich, prowadzi ciesz\u0105ce si\u0119 wielk\u0105 popularno\u015bci\u0105 wyk\u0142ady w kraju i za granic\u0105. Wielokrotnie go\u015bci\u0142 te\u017c na antenie Radia Maryja, m.in. 17 sierpnia 2005 roku, sk\u0105d pochodzi spisany fragment rozmowy przedstawiony poni\u017cej.<\/em><\/p>\r\n<p><em> Wobec niekwestionowanej szerokiej wiedzy ks. prof. Posackiego, odpowied\u017a na przedstawiony przez s\u0142uchacza problem wydaje si\u0119 jednak wielce dyskusyjna, by nie powiedzie\u0107 wr\u0119cz tendencyjna. Przede wszystkim niemal\u017ce groz\u0119 budz\u0105 spekulacje tak wyrafinowanego specjalisty od demonologii, sugeruj\u0105ce istnienie w Medjugorie autentycznie Maryjnych objawie\u0144. Niewiedza to, ignoracja, czy co\u015b wi\u0119cej? Czy mo\u017cna spokojnie przyjmowa\u0107 wypowiedzi specjalisty w temacie, kt\u00f3ry nie zna licznej krytycznej literatury, jak r\u00f3wnie\u017c ostrzegaj\u0105cych o\u015bwiadcze\u0144 lokalnych biskup\u00f3w? Czy nie s\u0142ysza\u0142 o bardzo ostro\u017cnym acz wymownym o\u015bwiadczeniu Konferencji Biskup\u00f3w Jugos\u0142awia\u0144skich z 1991 roku, przyj\u0119tym stosunkiem g\u0142os\u00f3w 19:1, kt\u00f3re m\u00f3wi, \u017ce: &#8222;Na podstawie bada\u0144 prowadzonych a\u017c do chwili obecnej, nie mo\u017cna potwierdzi\u0107, \u017ce mamy do czynienia z supernaturalnymi objawieniami.&#8221; A od tamtego czasu, czyli od 1991 roku mogli\u015bmy by\u0107 \u015bwiadkami wielu zatrutych owoc\u00f3w tych szata\u0144skich anty-Fatimskich objawie\u0144 Gospy.<\/em><\/p>\r\n<p><em>Niestety, z takim przychylnym podej\u015bciem ks. Posackiego do sprawy Medjugorie koreluj\u0105 jego przera\u017caj\u0105ce &#8222;rady&#8221; przestrzegaj\u0105ce przed przyjmowaniem &#8222;lefebvryst\u00f3w&#8221; i przed innymi &#8222;tradycyjnymi katolikami&#8221;, kt\u00f3rzy &#8222;mog\u0105 pot\u0119pia\u0107 inne dobre rzeczy w Ko\u015bciele, np. otwarcie si\u0119 na \u015bwiat&#8221;&#8230;<\/em><\/p>\r\n<p><em> Smutny to stan tych wydawa\u0142oby si\u0119 najbardziej \u015bwiat\u0142ych przedstawicieli wsp\u00f3\u0142czesnego Ko\u015bcio\u0142a.<\/em><\/p>\r\n<p><em> Oce\u0144my zreszt\u0105 sami na ile mamy do czynienienia z zakonspirowanym post\u0119powcem, na ile ze z\u0142\u0105 wol\u0105, a na ile z ignoracj\u0105.<\/em><\/p>\r\n<p><em>Redakcja BIBU\u0141Y<\/em><\/p>\r\n<p>&nbsp;<\/p>\r\n<p style=\"padding-left: 30px;\"><strong>Radio Maryja. Audycja <em>Rozmowy Niedoko\u0144czone<\/em><\/strong><\/p>\r\n<p style=\"padding-left: 30px;\">&#8222;Fa\u0142szywa mistyka &#8211; jej obecno\u015b\u0107 i obrona przed ni\u0105&#8221;, o. prof. Aleksander Posacki SJ, 17.08.2005 godz. 21.30<\/p>\r\n<p style=\"padding-left: 30px;\"><em>Dzwoni\u0142 s\u0142uchacz, pan Zbyszek z Kanady. M\u00f3wi\u0142, \u017ce po przywiezieniu figurki z Medjugorie zacz\u0119\u0142y si\u0119 w domu dzia\u0107 dziwne rzeczy.<\/em><\/p>\r\n<p style=\"padding-left: 30px;\">P. ZBYSZEK: &#8222;Chcia\u0142bym powiedzie\u0107 co si\u0119 sta\u0142o np. w moim domu odno\u015bnie Medjugorie. Moja c\u00f3rka pozna\u0142a koleg\u0119, kt\u00f3ry te\u017c poszukiwa\u0142 uzdrowienia jakiego\u015b. No i doradzali\u015bmy mu, \u017ceby pojecha\u0142 do Cz\u0119stochowy czy do innych, ale nie, oni wybrali w\u0142a\u015bnie Medjugorie. Co ciekawego. Przyjecha\u0142 stamt\u0105d i przekaza\u0142 mojej c\u00f3rce, naszej c\u00f3rce tutaj, figurk\u0119 i niby r\u00f3\u017caniec. Postawili\u015bmy to wszystko do domu, przyj\u0119lismy to oczywi\u015bcie: Medjugorie niby \u015bwi\u0119te miejsce. I po pewnym czasie zacz\u0119\u0142y si\u0119 w domu dzia\u0107 przer\u00f3\u017cne rzeczy. Z\u0142e rzeczy. Nasz syn, [&#8230;] kt\u00f3ry jest bardzo religijnym ch\u0142opakiem, w pokoju jego zacz\u0119\u0142y si\u0119 dzia\u0107 niesamowite rzeczy. I prosili\u015bmy ksi\u0119dza katolickiego z naszego ko\u015bcio\u0142a, no wy\u015bwi\u0119cono niby mieszkanie, ale nic si\u0119 nie zmieni\u0142o w naszym domu. I poznali\u015bmy przez przypadek zupe\u0142nie, poznali\u015bmy ksi\u0119dza, kt\u00f3ry odprawia Msze tradycyjne. Poprosili\u015bmy go w\u0142a\u015bnie \u017ceby on wst\u0105pi\u0142 do naszego domu. I on w\u0142a\u015bnie przyjecha\u0142, odm\u00f3wi\u0142 egzorcyzm<br>\r\n po \u0142acinie, wy\u015bwi\u0119ci\u0142 dom i na szcz\u0119\u015bcie przesta\u0142o si\u0119 &#8211; te w\u0142a\u015bnie cuda &#8211; niejako dzia\u0107 w naszym domu. M\u0119czyli\u015bmy si\u0119 z tym chyba przez rok. Powyrzucali\u015bmy te wszystkie figurki, te wszystkie r\u00f3\u017ca\u0144ce, no i dopiero po spotkaniu tego ksi\u0119dza, kt\u00f3ry naprawd\u0119, cudownie Opatrzno\u015bci\u0105 Bo\u017c\u0105, [\u017ce] jego \u017ce\u015bmy spotkali. [&#8230;] No i on w\u0142a\u015bnie wy\u015bwi\u0119ci\u0142 nasz dom. [&#8230;]<\/p>\r\n<p style=\"padding-left: 30px;\">Bogu dzi\u0119kujemy, \u017ce w\u0142a\u015bnie tak ta Opatrzno\u015b\u0107 sprawi\u0142a, \u017ce w\u0142a\u015bnie ten ksi\u0105dz swoim egzorcyzmem wy\u015bwi\u0119ci\u0142 dom, no i to wszystko zgin\u0119\u0142o.<br>\r\n [&#8230;] No i nareszcie mamy spokojny dom, taki jak przedtem.&#8221;<\/p>\r\n<p style=\"padding-left: 30px;\">OJCIEC PROWADZ\u0104CY: &#8222;Dzi\u0119kuj\u0119 bardzo za telefon, ale mo\u017ce tak odpowiemy, \u017ce to nie s\u0105 miejsca &#8211; Medjugorie nie jest tutaj na pewno z\u0142e &#8211; tylko jakie\u015b stamt\u0105d przyniesione\u2026 \u017ce tak powiem [&#8230;] No bo [\u2026] bardzo wielu pielgrzym\u00f3w tam je\u017adzi, wi\u0119c by\u0107 mo\u017ce akurat zetkni\u0119cie si\u0119 z cz\u0142owiekiem, kt\u00f3ry tam by\u0142 i przez kt\u00f3rego z\u0142a moc przemawia\u0142a. Samo miejsce nie [jest z\u0142e]. Tak samo, na pewno, \u017ce Medjugorie nie jest jeszcze tak og\u0142oszone, jak Jasna G\u00f3ra czy Lourdes.[&#8230;]&#8221;<\/p>\r\n<p style=\"padding-left: 30px;\">o. A. POSACKI: &#8222;Tak. No jest kilka kwestii. Przede wszystkim co do Medjugorie jest [to] sprawa otwarta: Ko\u015bci\u00f3\u0142 nie wypowiedzia\u0142 si\u0119 jeszcze pozytywnie, czy nawet nie rozezna\u0142 jeszcze tego do ko\u0144ca, tak jak w\u0142a\u015bnie w Lourdes czy o Fatimie [\u2026] I dlatego mo\u017ce to by\u0107 miejsce modlitwy, ludzie dobrej woli tam jad\u0105, modl\u0105 si\u0119, tworz\u0105 jakie\u015b te\u017c dobre rzeczy i dobre rzeczy tam si\u0119 dziej\u0105, ale te\u017c mog\u0105 si\u0119 tam zjawia\u0107 r\u00f3\u017cni ludzie. [&#8230;]<\/p>\r\n<p style=\"padding-left: 30px;\">[1:47:06] Czyli to jakby niekoniecznie \u015bwiadczy, \u017ce jest to do ko\u0144ca z\u0142e. I tutaj te\u017c ja wiem, \u017ce ksi\u0119\u017ca o orientacji tradycjonalistycznej, niekoniecznie Lefebvry\u015bci: Mam nadziej\u0119, \u017ce Pan nie przyjmowa\u0142 Braci Lefebvryst\u00f3w w swoim domu. Ale ksi\u0119\u017ca o tradycji takiej nieco tradycjonalistycznej, kt\u00f3rzy chc\u0105 np. \u0142aci\u0144skiej Mszy, kt\u00f3rzy bardzo mocno polemizuj\u0105 z uchwa\u0142ami Soboru Watyka\u0144skiego &#8211; \u017ce oni maj\u0105 takie nastawienie takie bardzo ostre do Medjugorie, bardzo radykalnie negatywane. S\u0105 pewne podstawy by zadawa\u0107 pytania o to co naprawd\u0119 si\u0119 tam dzieje w Medjugorie [&#8230;] no ale te\u017c z drugiej strony, tak w\u0142a\u015bnie te\u017c prosz\u0119 uwa\u017ca\u0107 na ksi\u0119\u017cy o tej orientacji mocno tradycjonalistycznej, bo oni czasami te\u017c mog\u0105 wyla\u0107 dziecko z kapiel\u0105, mog\u0105 te\u017c inne rzeczy dobre w Ko\u015bciele katolickim, w jaki\u015b spos\u00f3b pot\u0119pia\u0107, w jaki\u015b spos\u00f3b odrzuci\u0107, prawda, jakie\u015b otwarcie tam np. no, na \u015bwiat czy inne rzeczy.&#8221;<\/p>\r\n<p style=\"padding-left: 30px;\">[Plik MP3 dost\u0119pny na stronie internetowej Radia Maryja urywa si\u0119 w tym momencie.| Plik: <a href=\"http:\/\/www.radiomaryja.pl\/audycje.php?id=977\" target=\"_blank\" rel=\"noopener\">2005.08.17.rn21<\/a> | Start rozmowy: 1:41:00 | <a href=\"http:\/\/www.bibula.com\/audio\/2005.08.17.rn21.mp3\" target=\"_blank\" rel=\"noopener\">Link do kopii pliku -MP3, 26MB<\/a>]<\/p>\r\n<p style=\"padding-left: 30px;\"><strong>UWAGA DODANA 2018-03-27<\/strong>: Niestety, dost\u0119pne zasoby Radia Maryja z nagraniami Rozm\u00f3w Niedoko\u0144czonych zaczynaj\u0105 si\u0119 dopiero od 2006 roku (has\u0142o &#8222;Posacki&#8221;) i nie obejmuj\u0105 w\/w nagrania z 2005 roku. Czy to cenzura, czy techniczna niemo\u017cliwo\u015b\u0107 &#8211; nie wiemy. Zobacz: <a href=\"http:\/\/www.radiomaryja.pl\/page\/5\/?s=posacki\"><span style=\"text-decoration: underline;\">http:\/\/www.radiomaryja.pl\/page\/5\/?s=posacki<\/span><\/a><\/p>\r\n<p class=\"content_sz\">&nbsp;<\/p>\r\n<p class=\"content_sz\"><strong>Ksi\u0105dz Aleksander Posacki, SJ<\/strong> &#8211; filozof, teolog, znawca historii mistyki, demonologii oraz problematyki okultyzmu i ezoteryzmu, wyk\u0142adowca akademicki, publicysta. Autor wielu ksi\u0105\u017cek (m. in. Okultyzm, magia, demonologia, Niebezpiecze\u0144stwa okultyzmu, Spiritismus &#8211; was unterscheidet ihn von Parapsychologie und Magie), artyku\u0142\u00f3w naukowych i hase\u0142 encyklopedycznych (w tym ponad 100 hase\u0142 w Encyklopedii \u201eBia\u0142ych Plam\u201d). Konsultant egzorcyst\u00f3w katolickich w Polsce i za granic\u0105. Wyk\u0142adowca na Mi\u0119dzynarodowych Zjazdach Egzorcyst\u00f3w (Niemcy, Polska), organizowanych przez Mi\u0119dzynarodowe Stowarzyszenie Egzorcyst\u00f3w, za\u0142o\u017cone przez ks. Gabriela Amortha.&nbsp; [&#8222;Egzorcyzmy, op\u0119tanie, demony&#8221; &#8211; ks. Aleksander Posacki]<\/p>\r\n<p>&nbsp;<\/p>\r\n<blockquote>\r\n<p><strong>ZOB. R\u00d3WNIE\u017b:<\/strong><\/p>\r\n<ul>\r\n\t<li><a class=\"content_sz\" href=\"http:\/\/www.bibula.com\/?p=00669\">Biskup Harry Flynn wspomina s\u0142owa Jana Paw\u0142a II i swoj\u0105 &#8222;Pielgrzymk\u0119 do Medjugorie&#8221;<\/a><\/li>\r\n\t<li><a class=\"content_sz\" href=\"http:\/\/www.bibula.com\/?p=00448\">Biskup R. Peric: &#8222;Objawienia&#8221; w Medjugorie nie maj\u0105 w sobie nic z autentyczno\u015bci<\/a><\/li>\r\n<\/ul>\r\n<p>&nbsp;<\/p>\r\n<p><strong>INNE OPRACOWANIA na temat Medjugorie:<\/strong><\/p>\r\n<ul>\r\n\t<li><a class=\"content_sz\" href=\"http:\/\/www.wandea.org.pl\/medjugorie\/vassularyden.htm\" target=\"_blank\" rel=\"noopener\"><strong>Problem Medjugorie<\/strong><\/a><\/li>\r\n\t<li><a class=\"content_sz\" href=\"http:\/\/www.piusx.org.pl\/zw\/index.php?nr=3&amp;id=169\" target=\"_blank\" rel=\"noopener\"><strong>Objawienia. Czy pochodz\u0105 od Boga, czy od diab\u0142a?<\/strong><\/a> &#8211; <em><span class=\"content_sz\">ks. Karol Stehlin, FSSPX<\/span><\/em><\/li>\r\n\t<li><a class=\"content_sz\" href=\"http:\/\/www.piusx.org.pl\/zawsze_wierni\/artykul\/171\" target=\"_blank\" rel=\"noopener\"><strong>Medjugorie antytez\u0105 Fatimy<\/strong><\/a> &#8211; <em><span class=\"content_sz\">Tomasz Kubiak<\/span><\/em><\/li>\r\n\t<li><span class=\"content_sz\">In English: <\/span><a class=\"content_sz\" href=\"http:\/\/www.culturewars.com\/CultureWars\/Archives\/cw_feb98\/surmanci.html\" target=\"_blank\" rel=\"noopener\"><strong>The Ghost of Surmanci: Queen of Peace, Ethnic Cleansing, Ruined Lives<\/strong> &#8211; by Michael E. Jones<\/a><\/li>\r\n\t<li><span class=\"content_sz\">In English: <\/span><a class=\"content_sz\" href=\"http:\/\/www.olrl.org\/prophecy\/medjugorje.shtml\" target=\"_blank\" rel=\"noopener\"><strong>Medjugorje: Condemned by the Church<\/strong><\/a><\/li>\r\n\t<li><span class=\"content_sz\">In English: <\/span><a class=\"content_sz\" href=\"http:\/\/www.icubed.com\/%7Erpoe\/medugorj.htm\" target=\"_blank\" rel=\"noopener\"><strong>Medjugorje: Another View<\/strong><\/a><\/li>\r\n\t<li><span class=\"content_sz\">In English: <\/span><a class=\"content_sz\" href=\"http:\/\/www.mdaviesonmedj.com\/\" target=\"_blank\" rel=\"noopener\"><strong>Medjugorie after Twenty-One Years &#8211; The Definitive Story<\/strong> &#8211; by Michael Davies <\/a><\/li>\r\n\t<li><span class=\"content_sz\">In English: <\/span><a class=\"content_sz\" href=\"http:\/\/www.culturewars.com\/CultureWars\/Archives\/cw_feb98\/surmanci.html\" target=\"_blank\" rel=\"noopener\"><strong>The Ghosts of Surmanci: Queen of Peace, Ethnic Cleansing, Ruined Lives<\/strong><\/a> &#8211; <em><span class=\"content_sz\">Michael Jones, Editor of &#8222;Culture Wars&#8221; Magazine (Feb. 1998)<\/span><\/em><\/li>\r\n\t<li><span class=\"content_sz\">In English: <\/span><a class=\"content_sz\" href=\"http:\/\/www.culturewars.com\/CultureWars\/Archives\/cw_jan98\/med_letter.html\" target=\"_blank\" rel=\"noopener\"><strong>An Important Message from Culture Wars Publisher E. Michael Jones, Ph.D <\/strong><\/a> &#8211; <em><span class=\"content_sz\">Michael Jones, Editor of &#8222;Culture Wars&#8221; Magazine (Feb. 1998)<\/span><\/em><\/li>\r\n\t<li><span class=\"content_sz\">Book in English: <\/span><a class=\"content_sz\" href=\"http:\/\/www.culturewars.com\/medj.htm\" target=\"_blank\" rel=\"noopener\"><strong>The Medjugorje Deception: <\/strong><\/a> &#8211; <em><span class=\"content_sz\">Michael Jones, Editor of &#8222;Culture Wars&#8221; Magazine (Feb. 1998<\/span><\/em><em>)<\/em><\/li>\r\n\t<li><span class=\"content_sz\">Video in English: <\/span><a class=\"content_sz\" href=\"http:\/\/www.culturewars.com\/medjvid.htm\" target=\"_blank\" rel=\"noopener\"><strong>Visions On Demand: The Medjugorje Conspiracy <\/strong><\/a> &#8211; <em><span class=\"content_sz\">produced by &#8222;Culture Wars&#8221; Magazine<\/span><\/em><\/li>\r\n\t<li><a class=\"content_sz\" href=\"http:\/\/www.cbismo.hr\/\" target=\"_blank\" rel=\"noopener\"><strong>Oficjalna strona internetowa biskupa Mostar-Duvno, bp Ratko Peric <\/strong><\/a><\/li>\r\n<\/ul>\r\n<\/blockquote>","protected":false},"excerpt":{"rendered":"Ksi\u0105dz Aleksander Posacki, SJ uchodzi za znawc\u0119 demonologii i problematyki okultyzmu. Jest konsultantem egzorcyst\u00f3w katolickich, prowadzi ciesz\u0105ce si\u0119 wielk\u0105 popularno\u015bci\u0105 wyk\u0142ady w kraju i za granic\u0105. Wielokrotnie go\u015bci\u0142 te\u017c na antenie Radia Maryja, m.in. 17 sierpnia 2005 roku, sk\u0105d pochodzi spisany fragment rozmowy przedstawiony poni\u017cej. Wobec niekwestionowanej szerokiej wiedzy ks. prof. Posackiego, odpowied\u017a na przedstawiony [&hellip;]","protected":false},"author":1,"featured_media":0,"comment_status":"closed","ping_status":"open","sticky":false,"template":"","format":"standard","meta":{"_acf_changed":false,"_monsterinsights_skip_tracking":false,"_monsterinsights_sitenote_active":false,"_monsterinsights_sitenote_note":"","_monsterinsights_sitenote_category":0,"ngg_post_thumbnail":0,"footnotes":"","_wp_rev_ctl_limit":""},"categories":[5],"tags":[74,38,39],"acf":[],"_links":{"self":[{"href":"https:\/\/www.bibula.com\/index.php?rest_route=\/wp\/v2\/posts\/926"}],"collection":[{"href":"https:\/\/www.bibula.com\/index.php?rest_route=\/wp\/v2\/posts"}],"about":[{"href":"https:\/\/www.bibula.com\/index.php?rest_route=\/wp\/v2\/types\/post"}],"author":[{"embeddable":true,"href":"https:\/\/www.bibula.com\/index.php?rest_route=\/wp\/v2\/users\/1"}],"replies":[{"embeddable":true,"href":"https:\/\/www.bibula.com\/index.php?rest_route=%2Fwp%2Fv2%2Fcomments&post=926"}],"version-history":[{"count":0,"href":"https:\/\/www.bibula.com\/index.php?rest_route=\/wp\/v2\/posts\/926\/revisions"}],"wp:attachment":[{"href":"https:\/\/www.bibula.com\/index.php?rest_route=%2Fwp%2Fv2%2Fmedia&parent=926"}],"wp:term":[{"taxonomy":"category","embeddable":true,"href":"https:\/\/www.bibula.com\/index.php?rest_route=%2Fwp%2Fv2%2Fcategories&post=926"},{"taxonomy":"post_tag","embeddable":true,"href":"https:\/\/www.bibula.com\/index.php?rest_route=%2Fwp%2Fv2%2Ftags&post=926"}],"curies":[{"name":"wp","href":"https:\/\/api.w.org\/{rel}","templated":true}]}}