{"id":92585,"date":"2016-12-31T12:25:50","date_gmt":"2016-12-31T17:25:50","guid":{"rendered":"http:\/\/www.bibula.com\/?p=92585"},"modified":"2016-12-31T12:25:50","modified_gmt":"2016-12-31T17:25:50","slug":"leonardo-boff-watykan-dopusci-zonatych-mezczyzn-do-swiecen-kaplanskich-na-razie-na-probe","status":"publish","type":"post","link":"https:\/\/www.bibula.com\/?p=92585","title":{"rendered":"Leonardo Boff: Watykan dopu\u015bci \u017conatych m\u0119\u017cczyzn do \u015bwi\u0119ce\u0144 kap\u0142a\u0144skich. Na razie \u201ena pr\u00f3b\u0119&#8221;"},"content":{"rendered":"<p><strong>Brazylijski teolog wyzwolenia jest przekonany, \u017ce Stolica Apostolska dopu\u015bci wkr\u00f3tce \u017conatych m\u0119\u017cczyzn do \u015bwi\u0119ce\u0144 kap\u0142a\u0144skich. Papie\u017ca prosi\u0107 maj\u0105 o to mi\u0119dzy innymi biskupi z Brazylii, widz\u0105c w takim kroku jedyn\u0105 mo\u017cliwo\u015b\u0107 usprawnienia pracy duszpasterskiej. <br>\r\n<\/strong><\/p>\r\n<p>Jak twierdzi Leonardo Boff, brazylijski teolog wyzwolenia i znany krytyk kard. J\u00f3zefa Ratzingera, Watykan dopu\u015bci wkr\u00f3tce mo\u017cliwo\u015b\u0107 wy\u015bwi\u0119cania \u017conatych m\u0119\u017cczyzn na ksi\u0119\u017cy. O tak\u0105 zgod\u0119 maj\u0105 prosi\u0107 Ojca \u015awi\u0119tego biskupi z Brazylii. Boff w rozmowie z niemieckim dziennikiem \u201eK\u00f6lner Stadt-Anzeiger\u201d twierdzi, \u017ce otrzyma\u0142 z otoczenia papie\u017ca sygna\u0142y \u015bwiadcz\u0105ce, i\u017c Watykan przychyli si\u0119 do tej pro\u015bby.<\/p>\r\n<p>Teolog s\u0105dzi, \u017ce Watykan wyda zgod\u0119 ograniczon\u0105 czasowo, chc\u0105c najpierw wypr\u00f3bowa\u0107 skutki takiej zmiany. Wed\u0142ug Boffa ewentualna pozytywna odpowied\u017a Stolicy Apostolskiej na pro\u015bb\u0119 brazylijskich biskup\u00f3w \u201eby\u0142aby impulsem do poluzowania celibatu\u201d w epoce obserwowalnego na ca\u0142ym \u015bwiecie powa\u017cnego kryzysu powo\u0142a\u0144.<\/p>\r\n<p>Boff w 1992 roku porzuci\u0142 habit franciszka\u0144ski i stan kap\u0142a\u0144ski. Pomimo tego, jak m\u00f3wi w rozmowie z cytowanym dziennikiem, wci\u0105\u017c sprawowa\u0142 funkcje kap\u0142a\u0144skie za wyra\u017an\u0105 zgod\u0105 brazylijskiego episkopatu. &#8211; <em>Jak dot\u0105d \u017caden biskup, kt\u00f3rego znam, tego nie kwestionowa\u0142 ani nie zakaza\u0142. Biskupi wr\u0119cz si\u0119 ciesz\u0105 i m\u00f3wi\u0105 mi: \u201eLud ma prawo do Eucharystii. R\u00f3b to wi\u0119c spokojnie dalej!<\/em> &#8211; podkre\u015bla.<\/p>\r\n<p>Teolog uwa\u017ca te\u017c, \u017ce Ojciec \u015awi\u0119ty zrehabilitowa\u0142 teologi\u0119 wyzwolenia, pot\u0119pion\u0105 przez \u015bw. Jana Paw\u0142a II i kard. J\u00f3zefa Ratzingera. <em>&#8211; Franciszek jest jednym z nas. Uczyni\u0142 z teologii wyzwolenia dobro wsp\u00f3lne Ko\u015bcio\u0142a, rozpowszechni\u0142 j\u0105<\/em> &#8211; m\u00f3wi Boff, wskazuj\u0105c na trosk\u0119 papie\u017ca o \u201eudr\u0119czone stworzenie\u201d.<\/p>\r\n<p>Leonardo Boff jest obecnie emerytowanym profesorem etyki, filozofii, religii i ekologii na Pa\u0144stwowym Uniwersytecie Rio de Janeiro.<\/p>\r\n<p>\u0179r\u00f3d\u0142o: Katholisch.de<\/p>\r\n<p>Pach<\/p>","protected":false},"excerpt":{"rendered":"Brazylijski teolog wyzwolenia jest przekonany, \u017ce Stolica Apostolska dopu\u015bci wkr\u00f3tce \u017conatych m\u0119\u017cczyzn do \u015bwi\u0119ce\u0144 kap\u0142a\u0144skich. Papie\u017ca prosi\u0107 maj\u0105 o to mi\u0119dzy innymi biskupi z Brazylii, widz\u0105c w takim kroku jedyn\u0105 mo\u017cliwo\u015b\u0107 usprawnienia pracy duszpasterskiej. Jak twierdzi Leonardo Boff, brazylijski teolog wyzwolenia i znany krytyk kard. J\u00f3zefa Ratzingera, Watykan dopu\u015bci wkr\u00f3tce mo\u017cliwo\u015b\u0107 wy\u015bwi\u0119cania \u017conatych m\u0119\u017cczyzn na [&hellip;]","protected":false},"author":1,"featured_media":0,"comment_status":"closed","ping_status":"closed","sticky":false,"template":"","format":"standard","meta":{"_acf_changed":false,"_monsterinsights_skip_tracking":false,"_monsterinsights_sitenote_active":false,"_monsterinsights_sitenote_note":"","_monsterinsights_sitenote_category":0,"ngg_post_thumbnail":0,"footnotes":"","_wp_rev_ctl_limit":""},"categories":[3],"tags":[248,301,41,33],"acf":[],"_links":{"self":[{"href":"https:\/\/www.bibula.com\/index.php?rest_route=\/wp\/v2\/posts\/92585"}],"collection":[{"href":"https:\/\/www.bibula.com\/index.php?rest_route=\/wp\/v2\/posts"}],"about":[{"href":"https:\/\/www.bibula.com\/index.php?rest_route=\/wp\/v2\/types\/post"}],"author":[{"embeddable":true,"href":"https:\/\/www.bibula.com\/index.php?rest_route=\/wp\/v2\/users\/1"}],"replies":[{"embeddable":true,"href":"https:\/\/www.bibula.com\/index.php?rest_route=%2Fwp%2Fv2%2Fcomments&post=92585"}],"version-history":[{"count":0,"href":"https:\/\/www.bibula.com\/index.php?rest_route=\/wp\/v2\/posts\/92585\/revisions"}],"wp:attachment":[{"href":"https:\/\/www.bibula.com\/index.php?rest_route=%2Fwp%2Fv2%2Fmedia&parent=92585"}],"wp:term":[{"taxonomy":"category","embeddable":true,"href":"https:\/\/www.bibula.com\/index.php?rest_route=%2Fwp%2Fv2%2Fcategories&post=92585"},{"taxonomy":"post_tag","embeddable":true,"href":"https:\/\/www.bibula.com\/index.php?rest_route=%2Fwp%2Fv2%2Ftags&post=92585"}],"curies":[{"name":"wp","href":"https:\/\/api.w.org\/{rel}","templated":true}]}}