{"id":92560,"date":"2016-12-29T16:03:40","date_gmt":"2016-12-29T21:03:40","guid":{"rendered":"http:\/\/www.bibula.com\/?p=92560"},"modified":"2016-12-29T16:03:40","modified_gmt":"2016-12-29T21:03:40","slug":"neapol-w-katedrze-swiateczny-obiad-dla-ubogich","status":"publish","type":"post","link":"https:\/\/www.bibula.com\/?p=92560","title":{"rendered":"Neapol: w katedrze \u015bwi\u0105teczny obiad dla ubogich"},"content":{"rendered":"<p><strong>Sze\u015bciuset ubogich zasiad\u0142o do \u015bwi\u0105tecznego obiadu w katedrze w Neapolu. Na stole pojawi\u0142y si\u0119 regionalne przysmaki, m.in. zrodzona w tym mie\u015bcie pizza i mozzarella &#8211; ser b\u0119d\u0105cy chlub\u0105 regionu Kampania. Bo\u017conarodzeniowy pocz\u0119stunek serwowa\u0142 28 grudnia potrzebuj\u0105cym miejscowy arcybiskup, kard. Crescenzio Sepe.<\/strong><\/p>\r\n<p>\u201eTo ju\u017c pewna tradycja, poniewa\u017c od lat w tym czasie zapraszamy ubogich r\u00f3\u017cnych kategorii: z noclegowni i tych, kt\u00f3rzy korzystaj\u0105 z jad\u0142odajni Misjonarek Mi\u0142o\u015bci, jak te\u017c z naszych parafii oraz tych, kt\u00f3rzy nios\u0105 im codzienn\u0105 pomoc &#8211; m\u00f3wi Radiu Watyka\u0144skiemu kard. Sepe. &#8211; To takie globalne obj\u0119cie potrzebuj\u0105cych, by pokaza\u0107 im, \u017ce Ko\u015bci\u00f3\u0142 Neapolu o nich si\u0119 troszczy. W tym roku po raz pierwszy na miejsce spotkania wybrali\u015bmy katedr\u0119, by nada\u0107 temu wydarzeniu jeszcze mocniejsz\u0105 wymow\u0119, poniewa\u017c Chrystus jest w katedrze, kiedy sprawujemy liturgi\u0119, ale jest w niej tak\u017ce w\u00f3wczas, gdy przyjmujemy tych naszych braci\u201d.<\/p>\r\n<p>Jak przysta\u0142o na \u015bwi\u0105teczne spotkanie, nie zabrak\u0142o prezent\u00f3w. Ka\u017cdy z ubogich otrzyma\u0142 talon, kt\u00f3ry mo\u017ce zrealizowa\u0107 w sieci sklep\u00f3w wsp\u00f3\u0142pracuj\u0105cych z Caritas i wybra\u0107 sobie ubranie, jakie mu si\u0119 podoba i jakiego potrzebuje.<\/p>\r\n<p>bz\/ rv<\/p>\r\n<p>Za: <a href=\"http:\/\/pl.radiovaticana.va\/news\/2016\/12\/29\/neapol_w_katedrze_%C5%9Bwi%C4%85teczny_obiad_dla_ubogich_\/1282397\">Radio Watyka\u0144skie (29\/12\/2016)<\/a><\/p>\r\n<h4>&nbsp;<\/h4>\r\n<hr style=\"background-color: #000000; border-width: 0; color: #000000; height: 2px; line-height: 0; text-align: center; width: 100%;\">\r\n<h4>&nbsp;<\/h4>\r\n<blockquote>\r\n<p><strong>KOMENTARZ <em>BIBU\u0141Y<\/em><\/strong>: &#8222;<em>W tym roku po raz pierwszy na miejsce spotkania wybrali\u015bmy katedr\u0119, by nada\u0107 temu wydarzeniu jeszcze mocniejsz\u0105 wymow\u0119, poniewa\u017c Chrystus jest w katedrze, kiedy sprawujemy liturgi\u0119, ale jest w niej tak\u017ce w\u00f3wczas, gdy przyjmujemy tych naszych braci.<\/em>&#8221; Efekt Franciszka, czyli pog\u0142\u0119biane posoborowej paranoi! Polecamy spojrzenie na zdj\u0119cie (na stronie \u017ar\u00f3d\u0142owej) tego przyj\u0119cia z zastawionymi sto\u0142ami dla 600 os\u00f3b, \u017cr\u0105cymi w katedrze i bezczeszcz\u0105cymi jej sakralno\u015b\u0107.<\/p>\r\n<\/blockquote>\r\n<h4>&nbsp;<\/h4>\r\n<hr style=\"background-color: #000000; border-width: 0; color: #000000; height: 2px; line-height: 0; text-align: center; width: 100%;\">\r\n<h4>&nbsp;<\/h4>","protected":false},"excerpt":{"rendered":"Sze\u015bciuset ubogich zasiad\u0142o do \u015bwi\u0105tecznego obiadu w katedrze w Neapolu. Na stole pojawi\u0142y si\u0119 regionalne przysmaki, m.in. zrodzona w tym mie\u015bcie pizza i mozzarella &#8211; ser b\u0119d\u0105cy chlub\u0105 regionu Kampania. Bo\u017conarodzeniowy pocz\u0119stunek serwowa\u0142 28 grudnia potrzebuj\u0105cym miejscowy arcybiskup, kard. Crescenzio Sepe. \u201eTo ju\u017c pewna tradycja, poniewa\u017c od lat w tym czasie zapraszamy ubogich r\u00f3\u017cnych kategorii: [&hellip;]","protected":false},"author":1,"featured_media":0,"comment_status":"closed","ping_status":"closed","sticky":false,"template":"","format":"standard","meta":{"_acf_changed":false,"_monsterinsights_skip_tracking":false,"_monsterinsights_sitenote_active":false,"_monsterinsights_sitenote_note":"","_monsterinsights_sitenote_category":0,"ngg_post_thumbnail":0,"footnotes":"","_wp_rev_ctl_limit":""},"categories":[3],"tags":[207,33],"acf":[],"_links":{"self":[{"href":"https:\/\/www.bibula.com\/index.php?rest_route=\/wp\/v2\/posts\/92560"}],"collection":[{"href":"https:\/\/www.bibula.com\/index.php?rest_route=\/wp\/v2\/posts"}],"about":[{"href":"https:\/\/www.bibula.com\/index.php?rest_route=\/wp\/v2\/types\/post"}],"author":[{"embeddable":true,"href":"https:\/\/www.bibula.com\/index.php?rest_route=\/wp\/v2\/users\/1"}],"replies":[{"embeddable":true,"href":"https:\/\/www.bibula.com\/index.php?rest_route=%2Fwp%2Fv2%2Fcomments&post=92560"}],"version-history":[{"count":0,"href":"https:\/\/www.bibula.com\/index.php?rest_route=\/wp\/v2\/posts\/92560\/revisions"}],"wp:attachment":[{"href":"https:\/\/www.bibula.com\/index.php?rest_route=%2Fwp%2Fv2%2Fmedia&parent=92560"}],"wp:term":[{"taxonomy":"category","embeddable":true,"href":"https:\/\/www.bibula.com\/index.php?rest_route=%2Fwp%2Fv2%2Fcategories&post=92560"},{"taxonomy":"post_tag","embeddable":true,"href":"https:\/\/www.bibula.com\/index.php?rest_route=%2Fwp%2Fv2%2Ftags&post=92560"}],"curies":[{"name":"wp","href":"https:\/\/api.w.org\/{rel}","templated":true}]}}