{"id":9234,"date":"2009-05-10T23:40:56","date_gmt":"2009-05-11T04:40:56","guid":{"rendered":"http:\/\/www.bibula.com\/?p=9234"},"modified":"2009-05-11T07:27:53","modified_gmt":"2009-05-11T12:27:53","slug":"apel-pamietajacych-o-holokauscie-do-kierowcow-w-izrealu-trabcie-na-znak-protestu-przeciwko-wizycie-benedykta-xvi","status":"publish","type":"post","link":"https:\/\/www.bibula.com\/?p=9234","title":{"rendered":"Apel &#8222;Pami\u0119taj\u0105cych o Holokau\u015bcie&#8221; do kierowc\u00f3w w Izrealu: &#8222;Tr\u0105bcie na znak protestu przeciwko wizycie Benedykta XVI&#8221;"},"content":{"rendered":"<p>Organizacja \u017cydowska zrzeszaj\u0105ca tzw. ocala\u0142ych z Holokaustu oraz kolejne ich pokolenia <em>The Generation to Generation-Bearers of the Holocaust and Heroism Legacy<\/em> wezwa\u0142a kierowc\u00f3w aby w poniedzia\u0142ek, 12 maja o godzinie 18:00 rozpocz\u0119li u\u017cywanie klakson\u00f3w samochodowych na znak protestu przeciwko wizycie papie\u017ca Benedykta XVI w muzeum <em>Yad Vashem<\/em>. O tej porze papie\u017c ma zacz\u0105\u0107 przem\u00f3wienie w muzeum. &#8222;Poprzez kr\u00f3tkie tr\u0105bienie, obywatele Izraela w ca\u0142ym kraju mog\u0105 wyrazi\u0107 sw\u00f3j niesmak w zwi\u0105zku z wizyt\u0105 papie\u017ca, kt\u00f3ry wspiera negacjonist\u00f3w Holokaustu oraz ukazuj\u0105cych antysemityzm.&#8221; &#8211; stwierdza o\u015bwiadczenie organizacji.<\/p>\r\n\r\n<p>Organizacja przytacza wezwanie papie\u017ca o udzia\u0142 w niedawno odbytej mi\u0119dzynarodowej konferencji na temat rasizmu w Durbanie, podczas kt\u00f3rej przemawia\u0142 prezydent Iranu a kilka prosyjonistycznych delegacji &#8211; w tym i Polski &#8211; wysz\u0142a na znak protestu, podczas gdy przedstawiciel Watykanu pozosta\u0142 na sali.<\/p>\r\n\r\n<p>W o\u015bwiadczeniu przypomniana zosta\u0142a r\u00f3wnie\u017c decyzja o cofni\u0119ciu ekskomuniki &#8222;negacjonisty Holokaustu&#8221;, biskupa Richarda Willimamsona z Bractwa \u015bw. Piusa X oraz kontynuowanie przez Benedykta XVI procesu kanonizacyjnego papie\u017ca Piusa XII, kt\u00f3rego &#8222;\u017bydzi i inni uwa\u017caj\u0105, \u017ce nie zrobi\u0142 wszystkiego aby zatrzyma\u0107 eksterminacji europejskich \u017byd\u00f3w.&#8221;<\/p>\r\n\r\n<p>Cz\u0142onkowie tej organizacji &#8211; kt\u00f3ra podejmowana jest systematycznie z honorami przez cz\u0142onk\u00f3w rz\u0105du izraelskiego &#8211; wzywaj\u0105 rz\u0105d aby &#8222;przesta\u0142 ignorowa\u0107 te fakty&#8221; i kontynuowa\u0142 naciski aby podczas wizyty papie\u017c &#8222;wyrazi\u0142 si\u0119 jednoznacznie absolutnie sprzeciwiaj\u0105c si\u0119 negowaniu Holokaustu.&#8221;<\/p>\r\n\r\n<p>Cz\u0142onek Knessetu, Nitzan Horowitz o\u015bwiadczy\u0142, \u017ce b\u0119dzie bojkotowa\u0142 ca\u0142\u0105 wizyt\u0119 papie\u017ca. &#8222;Na papie\u017cu spoczywa odpowiedzialno\u015b\u0107 za cierpienia wielu ludzi.&#8221; &#8211; powiedzia\u0142 Horowiztz nale\u017c\u0105cy do ultra-reakcyjnej socjalistyczno-syjonistycznej partii Meretz.<\/p>\r\n\r\n<p>Horowitz &#8211; otwarty homoseksualista &#8211; swego czasu zrezygnowa\u0142 z polskiego obywatelstwa, kt\u00f3re posiada\u0142 po ojcu-emigrancie z Polski, cho\u0107 przyznaje, \u017ce wcze\u015bniej intensywnie wykorzysta\u0142 mo\u017cliwo\u015b\u0107 pos\u0142ugiwania si\u0119 polskiem paszportem je\u017cd\u017c\u0105c jako dziennikarz do r\u00f3\u017cnych &#8222;nieprzyjaznych Izraelowi&#8221; kraj\u00f3w.<\/p>\r\n\r\n<p>Inny parlamentarzysta izraelski, Michael Ben Ari z Izraelskiej Narodowej Unii organizuje protesty przeciwko przyjazdowi papie\u017ca. Nazwa\u0142 on papie\u017ca &#8222;antysemit\u0105&#8221;, &#8222;kryminalist\u0105&#8221; i &#8222;wrogiem narodu \u017cydowskiego&#8221;.<\/p>\r\n\r\n<p class=\"zrodlo\">Opracowanie: <em>Bibula Information Services &#8211; B.I.S. <\/em>&#8211; www.bibula.com &#8211; na podstawie<\/p>","protected":false},"excerpt":{"rendered":"Organizacja \u017cydowska zrzeszaj\u0105ca tzw. ocala\u0142ych z Holokaustu oraz kolejne ich pokolenia The Generation to Generation-Bearers of the Holocaust and Heroism Legacy wezwa\u0142a kierowc\u00f3w aby w poniedzia\u0142ek, 12 maja o godzinie 18:00 rozpocz\u0119li u\u017cywanie klakson\u00f3w samochodowych na znak protestu przeciwko wizycie papie\u017ca Benedykta XVI w muzeum Yad Vashem. O tej porze papie\u017c ma zacz\u0105\u0107 przem\u00f3wienie w [&hellip;]","protected":false},"author":1,"featured_media":0,"comment_status":"closed","ping_status":"closed","sticky":false,"template":"","format":"standard","meta":{"_acf_changed":false,"_monsterinsights_skip_tracking":false,"_monsterinsights_sitenote_active":false,"_monsterinsights_sitenote_note":"","_monsterinsights_sitenote_category":0,"ngg_post_thumbnail":0,"footnotes":"","_wp_rev_ctl_limit":""},"categories":[6],"tags":[100,61,55],"acf":[],"_links":{"self":[{"href":"https:\/\/www.bibula.com\/index.php?rest_route=\/wp\/v2\/posts\/9234"}],"collection":[{"href":"https:\/\/www.bibula.com\/index.php?rest_route=\/wp\/v2\/posts"}],"about":[{"href":"https:\/\/www.bibula.com\/index.php?rest_route=\/wp\/v2\/types\/post"}],"author":[{"embeddable":true,"href":"https:\/\/www.bibula.com\/index.php?rest_route=\/wp\/v2\/users\/1"}],"replies":[{"embeddable":true,"href":"https:\/\/www.bibula.com\/index.php?rest_route=%2Fwp%2Fv2%2Fcomments&post=9234"}],"version-history":[{"count":0,"href":"https:\/\/www.bibula.com\/index.php?rest_route=\/wp\/v2\/posts\/9234\/revisions"}],"wp:attachment":[{"href":"https:\/\/www.bibula.com\/index.php?rest_route=%2Fwp%2Fv2%2Fmedia&parent=9234"}],"wp:term":[{"taxonomy":"category","embeddable":true,"href":"https:\/\/www.bibula.com\/index.php?rest_route=%2Fwp%2Fv2%2Fcategories&post=9234"},{"taxonomy":"post_tag","embeddable":true,"href":"https:\/\/www.bibula.com\/index.php?rest_route=%2Fwp%2Fv2%2Ftags&post=9234"}],"curies":[{"name":"wp","href":"https:\/\/api.w.org\/{rel}","templated":true}]}}