{"id":92332,"date":"2016-12-21T09:24:25","date_gmt":"2016-12-21T14:24:25","guid":{"rendered":"http:\/\/www.bibula.com\/?p=92332"},"modified":"2016-12-21T09:24:25","modified_gmt":"2016-12-21T14:24:25","slug":"siec-alma-bankrutem-szef-mazgaj-w-rejestrach-to-tw-barbara","status":"publish","type":"post","link":"https:\/\/www.bibula.com\/?p=92332","title":{"rendered":"Sie\u0107 Alma bankrutem (szef Mazgaj w rejestrach to TW &#8222;Barbara&#8221;)"},"content":{"rendered":"<p><strong><em>Najpierw PO, dzi\u015b Nowoczesna<\/em><\/strong><em><br>\r\n <\/em><\/p>\r\n<p><strong>Trwa konflikt w sprawie niezap\u0142aconych wynagrodze\u0144 w sieci supermarket\u00f3w spo\u017cywczych Alma &#8211; zar\u00f3wno pracownikom, jak i pracownikom jej kontrahent\u00f3w <\/strong><strong>firm<\/strong><strong> zewn\u0119trznych, w tym sp\u00f3\u0142ki \u015bwiadcz\u0105cej us\u0142ugi ochrony. Nie dostaj\u0105 oni od kilku miesi\u0119cy zaleg\u0142ych wynagrodze\u0144 i mog\u0105 zosta\u0107 bez \u015brodk\u00f3w do \u017cycia na Bo\u017ce Narodzenie.<\/strong><\/p>\r\n<p>Jak ju\u017c informowali\u015bmy, w zwi\u0105zku z prze\u017cywanymi problemami finansowymi, sie\u0107 20 wrze\u015bnia wyst\u0105pi\u0142a do s\u0105du o og\u0142oszenie swej upad\u0142o\u015bci, kt\u00f3ra mia\u0142aby obj\u0105\u0107 likwidacj\u0119 maj\u0105tku.<\/p>\r\n<p>Przypomnijmy tak\u017ce, i\u017c <strong>w\u0142a\u015bcicielem sieci jest Jerzy Mazgaj, w PRL zarejestrowany w 1986 r. jako tajny wsp\u00f3\u0142pracownik kontrwywiadu SB o ps. Barbara<\/strong> (on sam si\u0119 do tego nie przyznaje).<\/p>\r\n<p>Wed\u0142ug krakowskiego &#8222;Dziennika Polskiego&#8221; m.in. pracownicy zamkni\u0119tego w pa\u017adzierniku marketu Alma w Krakowie przy ul. Szaflarskiej <strong>od prawie trzech miesi\u0119cy nie mog\u0105 doprosi\u0107 si\u0119 nale\u017cnych im pieni\u0119dzy. Jednak s\u0105d, do kt\u00f3rego sie\u0107 z\u0142o\u017cy\u0142a wniosek o upad\u0142o\u015b\u0107, nie zaj\u0105\u0142 si\u0119 jeszcze spraw\u0105 i do tego czasu konta <\/strong><strong>sp\u00f3\u0142ki s\u0105 zablokowane.<\/strong><\/p>\r\n<ul>\r\n\t<li><a href=\"http:\/\/niezalezna.pl\/87181-firma-bylego-tw-bankrutuje-pracownicy-zadaja-zaleglych-wyplat\">CZYTAJ WI\u0118CEJ: \u201d\u2039Firma by\u0142ego TW bankrutuje. Pracownicy \u017c\u0105daj\u0105 zaleg\u0142ych wyp\u0142at<\/a><strong> <br>\r\n <\/strong><\/li>\r\n<\/ul>\r\n<p>Jednocze\u015bnie z informacji od Prokuratury Rejonowej Krak\u00f3w \u015ar\u00f3dmie\u015bcie wynika, \u017ce &#8222;po uprzednim z\u0142o\u017ceniu zawiadomienia przez poszkodowanych&#8221; &#8211; wszcz\u0119\u0142a ona \u015bledztwo ws. &#8222;doprowadzenia do niekorzystnego rozporz\u0105dzenia mieniem [sp\u00f3\u0142ki] City Ochrona w celu osi\u0105gni\u0119cia korzy\u015bci maj\u0105tkowej poprzez wprowadzenie w b\u0142\u0105d co do zamiaru i mo\u017cliwo\u015bci zap\u0142aty za us\u0142ugi stanowi\u0105ce mienie znacznej warto\u015bci o \u0142\u0105cznej kwocie 499,2 tys. z\u0142 od lipca do sierpnia 2016 r.&#8221;.<\/p>\r\n<ul>\r\n\t<li><a href=\"http:\/\/niezalezna.pl\/76443-biznes-w-sluzbie-polityki-jak-tw-barbara-do-monako-uciekal\">CZYTAJ WI\u0118CEJ: Biznes w s\u0142u\u017cbie polityki. Jak TW \u201eBarbara\u201d do Monako ucieka\u0142<\/a><\/li>\r\n<\/ul>\r\n<p>Firma ta, \u015bwiadcz\u0105ca us\u0142ugi ochrony na rzecz sieci Alma, by\u0142a jednym z kilku jej kontrahent\u00f3w, kt\u00f3rzy z\u0142o\u017cyli analogiczne zawiadomienia do krajowskiej prokuratury. Jeszcze na pocz\u0105tku pa\u017adziernika Polskie Stowarzyszenie Pracownik\u00f3w Ochrony (PSPO) zwr\u00f3ci\u0142o si\u0119 do zarz\u0105du sieci Alma z apelem o dokonanie zaleg\u0142ej p\u0142atno\u015bci na rzecz firmy City Ochrona. Ju\u017c wtedy zaleg\u0142o\u015bci w wyp\u0142atach dotyczy\u0142y trzech miesi\u0119cy wobec grupy ponad 140 pracownik\u00f3w firmy.<\/p>\r\n<p>W grudniu S\u0105d Rejonowy dla Krakowa \u015ar\u00f3dmie\u015bcia <strong>wyda\u0142 postanowienie o otwarciu post\u0119powania sanacyjnego sp\u00f3\u0142ki. Jednocze\u015bnie s\u0105d postanowi\u0142 o oddaleniu rozpoznawanych \u0142\u0105cznie wniosk\u00f3w o upad\u0142o\u015b\u0107 sp\u00f3\u0142ki.<\/strong><\/p>\r\n<p>[\u0179r\u00f3d\u0142o:] 20.12.2016 <a href=\"http:\/\/niezalezna.pl\/91044-na-swieta-bez-pensji-znana-firma-szef-w-rejestrach-tw-barbara-bankrutem\">http:\/\/niezalezna.pl\/91044-na-swieta-bez-pensji-znana-firma-szef-w-rejestrach-tw-barbara-bankrutem<\/a><\/p>\r\n<p class=\"zrodlo\">Za: <a href=\"http:\/\/dakowski.pl\/index.php?option=com_content&amp;task=view&amp;id=19366&amp;Itemid=100\">Strona prof. Miros\u0142awa Dakowskiego (21.12.2016)<\/a><\/p>\r\n<h4>&nbsp;<\/h4>\r\n<hr style=\"background-color: #000000; border-width: 0; color: #000000; height: 2px; line-height: 0; text-align: center; width: 100%;\">\r\n<h4>&nbsp;<\/h4>\r\n<h2>Biznes w s\u0142u\u017cbie polityki. Jak TW \u201eBarbara\u201d do Monako ucieka\u0142<\/h2>\r\n<p><strong><em>Dzielny ormowiec&#8230;<\/em><\/strong><\/p>\r\n<p><strong>Jerzy Mazgaj, w\u0142a\u015bciciel delikates\u00f3w <em>Alma<\/em>, jest jednym z pierwszych biznesmen\u00f3w, kt\u00f3ry publicznie zaatakowa\u0142 prezydenta Andrzeja Dud\u0119, a p\u00f3\u017aniej rz\u0105d Beaty Szyd\u0142o. Ostatnio &#8211; za ustaw\u0119 o <\/strong><strong>podatku<\/strong><strong> dotycz\u0105cym sklep\u00f3w. Wcze\u015bniej, po wygranej Andrzeja Dudy na urz\u0105d Prezydenta RP, zapowiada\u0142 wyjazd z Polski na sta\u0142e do swojej rezydencji w Monako. Mazgaj &#8211; wed\u0142ug rankingu tygodnika&nbsp; \u201eWprost\u201d &#8211; jeden z najbogatszych Polak\u00f3w, przed laty zosta\u0142 zarejestrowany jako tajny wsp\u00f3\u0142pracownik S\u0142u\u017cby Bezpiecze\u0144stwa o ps. Barbara &#8211; pisze Dorota Kania w najnowszym numerze tygodnika \u201eGazeta Polska\u201d. Sam Mazgaj zaprzecza wsp\u00f3\u0142pracy z bezpiek\u0105.<\/strong><br>\r\n <br>\r\n Gdy we wrze\u015bniu 2013&nbsp;r. w wywiadzie dla \u201eRzeczpospolitej\u201d Jaros\u0142aw Kaczy\u0144ski powiedzia\u0142: \u201ebiznes to cz\u0119sto przysta\u0144 dla ludzi z PRL-u\u201d, rozp\u0119ta\u0142a si\u0119 burza. Z ostr\u0105 krytyk\u0105 ruszyli politycy rz\u0105dz\u0105cej w\u00f3wczas koalicji PO-PSL i sprzyjaj\u0105cy im dziennikarze. \u00d3wczesny szef klubu PO Rafa\u0142 Grupi\u0144ski stwierdzi\u0142, \u017ce Kaczy\u0144ski \u201ewraca do swoich obsesji z czas\u00f3w PRL\u201d, a Tomasz Sekielski (dzi\u015b dziennikarz telewizji publicznej) w TOK FM m\u00f3wi\u0142: \u201eBo\u017ce, miej nas w opiece. Nadchodzi kolejna rewolucja moralna\u201d.<br>\r\n &nbsp;<br>\r\n Fakty s\u0105 jednak bezlitosne &#8211; wielki biznes III RP ma zwi\u0105zek ze s\u0142u\u017cbami specjalnymi PRL, a Jerzy Mazgaj jest tego przyk\u0142adem. Felietonista \u201eGazety Wyborczej\u201d, tygodnika \u201eNewsweek\u201d i portalu Tomasza Lisa wypowiada si\u0119 w mediach jako przedstawiciel biznesu, atakuj\u0105c konserwatyst\u00f3w.<br>\r\n &nbsp;<br>\r\n <strong>Najpierw PO, dzi\u015b Nowoczesna<\/strong><br>\r\n <br>\r\n 9&nbsp;pa\u017adziernika 2011&nbsp;r., biurowiec Fokus na warszawskim Mokotowie, wiecz\u00f3r wyborczy Platformy Obywatelskiej. Trwa og\u0142oszenie wynik\u00f3w wybor\u00f3w parlamentarnych. Po og\u0142oszonym zwyci\u0119stwie PO zgromadzonych na sali ogarnia euforia. Kamery telewizyjne pokazuj\u0105 sal\u0119. W pierwszym szeregu, obok Ewy Kopacz, stoi Jerzy Mazgaj, kt\u00f3ry entuzjastycznie klaszcze po przem\u00f3wieniu Donalda Tuska.<br>\r\n &nbsp;<br>\r\n Rok p\u00f3\u017aniej, w wywiadzie dla \u201ePolska The Times\u201d, Mazgaj broni mieszka\u0144c\u00f3w Wilanowa, kt\u00f3rzy w wi\u0119kszo\u015bci zag\u0142osowali na PO. Korzystaj\u0105c z okazji, atakuje opozycj\u0119.<br>\r\n &nbsp;<br>\r\n <em>\u201eWilan\u00f3w to dobra dzielnica. Tam mieszkaj\u0105 bogaci ludzie, kt\u00f3rzy s\u0105 coraz bardziej \u015bwiadomi swoich gust\u00f3w. Oni nie jedz\u0105 bigosu i nie popijaj\u0105 w\u00f3dk\u0105, tylko zamawiaj\u0105 desk\u0119 ser\u00f3w z winem. Tacy ludzie ci\u0105gle si\u0119 rozwijaj\u0105, ucz\u0105 si\u0119, nie uto\u017csamiaj\u0105 si\u0119 z ojcem Rydzykiem i innymi wyznawcami \u00bbreligii smole\u0144skiej\u00ab. To s\u0105 Europejczycy, kt\u00f3rzy wiedz\u0105, \u017ce Polska to niezale\u017cny kraj aspiruj\u0105cy do roli jednego z lider\u00f3w na kontynencie, a nie kondominium mi\u0119dzy Rosj\u0105 a Niemcami\u201d<\/em> &#8211; m\u00f3wi Mazgaj.<\/p>\r\n<p>Jerzy Mazgaj wspiera\u0142 PO tak\u017ce poprzez sw\u00f3j biznes. Gdy Marian Janicki, kt\u00f3ry w momencie katastrofy smole\u0144skiej pe\u0142ni\u0142 funkcj\u0119 szefa Biura Ochrony Rz\u0105du, w 2013&nbsp;r. zosta\u0142 odwo\u0142any w atmosferze skandalu, Mazgaj pospieszy\u0142 z pomoc\u0105. Janicki trafi\u0142 do rady nadzorczej Krakchemii, w kt\u00f3rej zasiada tak\u017ce ks. Kazimierz Sowa, zwolennik PO. Wi\u0119kszo\u015bciowym udzia\u0142owcem Krakchemii jest sp\u00f3\u0142ka Alma, kt\u00f3rej z kolei wi\u0119kszo\u015bciowym udzia\u0142owcem jest w\u0142a\u015bnie Jerzy Mazgaj.<\/p>\r\n<p>Nie ma wzmianki o tym, \u017ce Mazgaj zaczyna\u0142 w 1989&nbsp;r. od butiku z ekskluzywnymi towarami przy krakowskim rynku.<\/p>\r\n<p><em>Ja po prostu mia\u0142em du\u017co wolnej got\u00f3wki i mog\u0142em j\u0105 natychmiast zainwestowa\u0107 <\/em>&#8211; tak wyja\u015bni\u0142 okoliczno\u015bci powstania jego fortuny. Gdy wprowadzono stan wojenny, by\u0142 rezydentem Orbisu w Indiach. Podr\u00f3\u017cowa\u0142 po krajach Azji i dorabia\u0142 handlem.<\/p>\r\n<p><strong>&nbsp;Nie wspomina\u0142 ani s\u0142owem o aktywno\u015bci w Towarzystwie Przyja\u017ani Polsko-Radzieckiej i Zwi\u0105zku Socjalistycznej M\u0142odzie\u017cy Polskiej. Ani o tym, \u017ce w 1988&nbsp;r. wst\u0105pi\u0142 do Ochotniczej Rezerwy Milicji Obywatelskiej.<br>\r\n <\/strong>&nbsp;<br>\r\n <strong>TW \u201eBarbara\u201d&nbsp;<\/strong><br>\r\n <br>\r\n Wed\u0142ug znajduj\u0105cych si\u0119 w Instytucie Pami\u0119ci Narodowej dokument\u00f3w, Jerzy Mazgaj zosta\u0142 zarejestrowany 26&nbsp;wrze\u015bnia 1986&nbsp;r. przez Wydzia\u0142 II (kontrwywiad) S\u0142u\u017cby Bezpiecze\u0144stwa w Tarnowie jako tajny wsp\u00f3\u0142pracownik o ps. Barbara. By\u0142 w tym czasie przewodnicz\u0105cym komisji zagranicznej Zarz\u0105du Uczelnianego Zwi\u0105zku M\u0142odzie\u017cy Wiejskiej \u201eWici\u201d na UJ.<\/p>\r\n<p>Rok przed rejestracj\u0105 przez S\u0142u\u017cb\u0119 Bezpiecze\u0144stwa jako TW &#8211; jak czytamy w dokumentach IPN &#8211; w listopadzie 1985&nbsp;r. Jerzy Mazgaj \u201ezosta\u0142 aresztowany na terenie Indii przez tamtejsze w\u0142adze (\u2026) za nielegalny przemyt i handel towarami\u201d. Z indyjskiego aresztu Mazgaj zosta\u0142 wypuszczony, jak sam napisa\u0142 w pi\u015bmie do MSW, bo sprawa zosta\u0142a umorzona z braku dowod\u00f3w, a nast\u0119pnie wr\u00f3ci\u0142 do Polski przez Moskw\u0119. Po wyl\u0105dowaniu na lotnisku Ok\u0119cie 12&nbsp;lipca 1986&nbsp;r. zosta\u0142 poddany kontroli celnej i &#8211; jak czytamy w dokumentach &#8211; cz\u0119\u015b\u0107 przedmiot\u00f3w przywiezionych przez Mazgaja zosta\u0142a przekazana do kontroli celno-skarbowej. Znaleziono tak\u017ce dowody nadania paczek adresowanych do r\u00f3\u017cnych os\u00f3b. Ca\u0142o\u015b\u0107 materia\u0142\u00f3w przekazano do dy\u017curnego Wojsk Ochrony Pogranicza, a raport do Milicji Obywatelskiej. Z dokument\u00f3w wynika, \u017ce o te materia\u0142y zwr\u00f3ci\u0142 si\u0119 II Wydzia\u0142 WUSW w Tarnowie &#8211; ten sam, kt\u00f3ry dwa miesi\u0105ce p\u00f3\u017aniej zarejestrowa\u0142 Mazgaja jako tajnego wsp\u00f3\u0142pracownika. Rok p\u00f3\u017aniej, w 1987&nbsp;r., Mazgajowi odm\u00f3wiono wydania paszportu do kraj\u00f3w demokracji ludowej. Potem jednak dokument mu wydano, po interwencji p\u0142k. J\u00f3zefa Schillera z krakowskiej S\u0142u\u017cby Bezpiecze\u0144stwa.<br>\r\n <br>\r\n Jerzy Mazgaj zapytany przez \u201eGP\u201d o to, czy by\u0142 TW, stwierdzi\u0142: <em>Nie, nie by\u0142em.<\/em><\/p>\r\n<p>[\u00c5\u00b9r\u00f3dlo:] 18.2.2016 <a href=\"http:\/\/niezalezna.pl\/76443-biznes-w-sluzbie-polityki-jak-tw-barbara-do-monako-uciekal\">http:\/\/niezalezna.pl\/76443-biznes-w-sluzbie-polityki-jak-tw-barbara-do-monako-uciekal<\/a><\/p>\r\n<p class=\"zrodlo\">Za: <a href=\"http:\/\/dakowski.pl\/index.php?option=com_content&amp;task=view&amp;id=19366&amp;Itemid=100\">Strona prof. Miros\u0142awa Dakowskiego (21.12.2016)<\/a><\/p>\r\n<h4>&nbsp;<\/h4>\r\n<hr style=\"background-color: #000000; border-width: 0; color: #000000; height: 2px; line-height: 0; text-align: center; width: 100%;\">\r\n<h4>&nbsp;<\/h4>","protected":false},"excerpt":{"rendered":"Najpierw PO, dzi\u015b Nowoczesna Trwa konflikt w sprawie niezap\u0142aconych wynagrodze\u0144 w sieci supermarket\u00f3w spo\u017cywczych Alma &#8211; zar\u00f3wno pracownikom, jak i pracownikom jej kontrahent\u00f3w firm zewn\u0119trznych, w tym sp\u00f3\u0142ki \u015bwiadcz\u0105cej us\u0142ugi ochrony. Nie dostaj\u0105 oni od kilku miesi\u0119cy zaleg\u0142ych wynagrodze\u0144 i mog\u0105 zosta\u0107 bez \u015brodk\u00f3w do \u017cycia na Bo\u017ce Narodzenie. Jak ju\u017c informowali\u015bmy, w zwi\u0105zku z [&hellip;]","protected":false},"author":1,"featured_media":0,"comment_status":"closed","ping_status":"closed","sticky":false,"template":"","format":"standard","meta":{"_acf_changed":false,"_monsterinsights_skip_tracking":false,"ngg_post_thumbnail":0,"footnotes":"","_wp_rev_ctl_limit":""},"categories":[8],"tags":[52,36],"acf":[],"_links":{"self":[{"href":"https:\/\/www.bibula.com\/index.php?rest_route=\/wp\/v2\/posts\/92332"}],"collection":[{"href":"https:\/\/www.bibula.com\/index.php?rest_route=\/wp\/v2\/posts"}],"about":[{"href":"https:\/\/www.bibula.com\/index.php?rest_route=\/wp\/v2\/types\/post"}],"author":[{"embeddable":true,"href":"https:\/\/www.bibula.com\/index.php?rest_route=\/wp\/v2\/users\/1"}],"replies":[{"embeddable":true,"href":"https:\/\/www.bibula.com\/index.php?rest_route=%2Fwp%2Fv2%2Fcomments&post=92332"}],"version-history":[{"count":0,"href":"https:\/\/www.bibula.com\/index.php?rest_route=\/wp\/v2\/posts\/92332\/revisions"}],"wp:attachment":[{"href":"https:\/\/www.bibula.com\/index.php?rest_route=%2Fwp%2Fv2%2Fmedia&parent=92332"}],"wp:term":[{"taxonomy":"category","embeddable":true,"href":"https:\/\/www.bibula.com\/index.php?rest_route=%2Fwp%2Fv2%2Fcategories&post=92332"},{"taxonomy":"post_tag","embeddable":true,"href":"https:\/\/www.bibula.com\/index.php?rest_route=%2Fwp%2Fv2%2Ftags&post=92332"}],"curies":[{"name":"wp","href":"https:\/\/api.w.org\/{rel}","templated":true}]}}