{"id":92254,"date":"2016-12-14T10:49:35","date_gmt":"2016-12-14T15:49:35","guid":{"rendered":"http:\/\/www.bibula.com\/?p=92254"},"modified":"2016-12-19T10:52:03","modified_gmt":"2016-12-19T15:52:03","slug":"positio-kardynala-mindszentyego-w-kongregacji-spraw-kanonizacyjnych","status":"publish","type":"post","link":"https:\/\/www.bibula.com\/?p=92254","title":{"rendered":"<em>Positio<\/em> kardyna\u0142a Mindszenty\u2019ego w Kongregacji Spraw Kanonizacyjnych"},"content":{"rendered":"<p><strong><em>Positio<\/em> &#8211; dokument o \u017cyciu, dzia\u0142alno\u015bci i heroiczno\u015bci cn\u00f3t oraz s\u0142awie \u015bwi\u0119to\u015bci s\u0142ugi Bo\u017cego kardyna\u0142a J\u00f3zsefa Mindszenty\u2019ego zosta\u0142 z\u0142o\u017cony 2 grudnia w Kongregacji Spraw Kanonizacyjnych. Proces beatyfikacyjny niez\u0142omnego hierarchy na szczeblu diecezjalnym rozpocz\u0105\u0142 si\u0119 10 lat temu, za\u015b <em>Positio<\/em> podsumowuje jego rezultaty.<\/strong><\/p>\r\n<p>O donios\u0142ym wydarzeniu poinformowa\u0142a agencja I.MEDIA. Kardyna\u0142 Mindszenty by\u0142 jednym z wielkich m\u0119czennik\u00f3w Ko\u015bcio\u0142a katolickiego w Europie Wschodniej w czasach komunistycznych. Urodzi\u0142 si\u0119 29 marca 1892 w rodzinie ch\u0142opskiej we wsi Csehimindszent na terenie diecezji Szombathely (W\u0119gry zachodnie) jako J\u00f3zsef Pehm. \u015awi\u0119cenia kap\u0142a\u0144skie przyj\u0105\u0142 12 czerwca 1915, po czym a\u017c do nominacji biskupiej w 1944 pracowa\u0142 w swej rodzimej diecezji. W 1919 zosta\u0142 po raz pierwszy aresztowany, gdy na W\u0119grzech powsta\u0142a komunistyczna Republika Rad, kierowana przez B\u00c3\u00a9l\u0119 K\u00c3\u00bana. Wkr\u00f3tce jednak, wraz z upadkiem tego re\u017cimu, m\u0142ody ksi\u0105dz odzyska\u0142 wolno\u015b\u0107.<\/p>\r\n<p><img fetchpriority=\"high\" decoding=\"async\" class=\"aligncenter\" src=\"http:\/\/www.pch24.pl\/images\/min_mid_big\/mid_48038.jpg\" alt=\"Positio kardyna\u0142a Mindszenty\u2019ego w Kongregacji Spraw Kanonizacyjnych\" width=\"599\" height=\"354\"><\/p>\r\n<p style=\"text-align: center;\"><em>Kardyna\u0142 J\u00f3zsef Mindszenty<\/em><\/p>\r\n<p>W 1941 upad\u0142 liberalny rz\u0105d premiera P\u00e1la Telekiego i W\u0119gry przyst\u0105pi\u0142y do wojny po stronie Niemc\u00f3w, co wywo\u0142a\u0142o gwa\u0142towne sprzeciwy w kraju. W marcu 1944 Pius XII mianowa\u0142 ksi\u0119dza pra\u0142ata J\u00f3zsefa Pehma biskupem diecezji Veszpr\u00c3\u00a9m. Nominat zmieni\u0142 wtedy swe niemieckie nazwisko na Mindszenty (\u201epochodz\u0105cy z Mindszent\u201d). By\u0142 w\u00f3wczas poszukiwany przez Gestapo z powodu pomocy, kt\u00f3rej udziela\u0142 polskim uchod\u017acom. Ze wzgl\u0119du na zmian\u0119 nazwiska uda\u0142o mu si\u0119 przez kilka dni unikn\u0105\u0107 aresztowania, w ko\u0144cu jednak wraz ze swym sekretarzem ks. L\u00e1szl\u00f3 L\u00c3\u00a9kaiem (p\u00f3\u017aniejszym prymasem i kardyna\u0142em) zosta\u0142 uwi\u0119ziony przez gestapo w jednym z najsurowszych zak\u0142ad\u00f3w karnych na W\u0119grzech &#8211; wi\u0119zieniu w Sopronk\u00c5\u2018hida, sk\u0105d wyszed\u0142 na wolno\u015b\u0107 dopiero w lipcu 1944, wskutek interwencji regenta Mikl\u00f3sa Horthyego. Biskup i jego sekretarz trafili ponownie do wi\u0119zienia w Sopronk\u00c5\u2018hida 27 listopada 1944, po przewrocie Sz\u00e1lasiego.<br>\r\n <br>\r\n Po \u015bmierci prymasa Jusztini\u00e1na Ser\u00c3\u00a9diego papie\u017c w pa\u017adzierniku 1945 mianowa\u0142 biskupa Mindszenty\u2019ego arcybiskupem Ostrzyhomia i prymasem W\u0119gier, a w lutym nast\u0119pnego roku obdarzy\u0142 go godno\u015bci\u0105 kardynalsk\u0105. Po doj\u015bciu w\u0142adzy komunist\u00f3w, w 1948 roku zosta\u0142 aresztowany i po procesie pokazowym skazany na do\u017cywotnie wi\u0119zienie. Podczas kr\u00f3tkiej rewolucji budapeszte\u0144skiej w pa\u017adzierniku 1956, na polecenie \u00f3wczesnego rz\u0105du Imre Nagy&#8217;ego, kard. Mindszenty zosta\u0142 zwolniony z odosobnienia. 31 pa\u017adziernika powr\u00f3ci\u0142 do swych obowi\u0105zk\u00f3w pasterskich. Gdy 4 listopada tego\u017c roku do Budapesztu wjecha\u0142y czo\u0142gi sowieckie, by st\u0142umi\u0107 powstanie, kard. Mindszenty schroni\u0142 si\u0119 w ambasadzie USA, gdzie otrzyma\u0142 azyl polityczny. By\u0142o to powodem ci\u0105g\u0142ej z\u0142o\u015bci komunistycznego re\u017cimu J\u00e1nosa K\u00e1d\u00e1ra i napi\u0119\u0107 w stosunkach Budapesztu z Waszyngtonem.<br>\r\n <br>\r\n Podczas 15-letniego pobytu w ambasadzie ameryka\u0144skiej kardyna\u0142a odwiedza\u0142 wielokrotnie \u00f3wczesny arcybiskup Wiednia kard. Franz K\u00f6nig jako wys\u0142annik papie\u017cy Jana XXII i Paw\u0142a VI. Po raz pierwszy uczyni\u0142 to 18 kwietnia 1963. Ale dopiero 28 wrze\u015bnia 1971, w wyniku porozumienia mi\u0119dzy Watykanem a rz\u0105dem w\u0119gierskim, kardyna\u0142 m\u00f3g\u0142 wyjecha\u0107 przez Wiede\u0144 do Rzymu.<br>\r\n <br>\r\n Opuszcza\u0142 Budapeszt z ci\u0119\u017ckim sercem, gdy\u017c najch\u0119tniej zosta\u0142by po\u015br\u00f3d swoich wiernych. Na miejsce sta\u0142ego pobytu wybra\u0142 Wiede\u0144, gdy\u017c &#8211; jak zawsze podkre\u015bla\u0142 &#8211; czu\u0142, \u017ce jest bli\u017cej swojej ojczyzny. Zamieszka\u0142 w wiede\u0144skim \u201ePazmaneum\u201d naprzeciwko seminarium duchownego i w bezpo\u015brednim s\u0105siedztwie ambasady USA.<br>\r\n <br>\r\n Zmar\u0142 6 maja 1975 r. w wieku 83 lat w Wiedniu i zosta\u0142 pochowany w sanktuarium maryjnym w Mariazell, odwiedzanym ch\u0119tnie zar\u00f3wno przez Austriak\u00f3w, jak i W\u0119gr\u00f3w. W maju 1991 jego doczesne szcz\u0105tki przewieziono na W\u0119gry i z\u0142o\u017cono w bazylice w Ostrzyhomiu &#8211; dawnej jego siedzibie biskupiej. Proces beatyfikacyjny kardyna\u0142a Mindszenty&#8217;ego rozpocz\u0105\u0142 si\u0119 w 1993 roku a od 22 pa\u017adziernika 1996 roku toczy si\u0119 w Kongregacji Spraw Kanonizacyjnych.<\/p>\r\n<p>\u0179r\u00f3d\u0142o: KAI<\/p>\r\n<p>RoM<\/p>","protected":false},"excerpt":{"rendered":"Positio &#8211; dokument o \u017cyciu, dzia\u0142alno\u015bci i heroiczno\u015bci cn\u00f3t oraz s\u0142awie \u015bwi\u0119to\u015bci s\u0142ugi Bo\u017cego kardyna\u0142a J\u00f3zsefa Mindszenty\u2019ego zosta\u0142 z\u0142o\u017cony 2 grudnia w Kongregacji Spraw Kanonizacyjnych. Proces beatyfikacyjny niez\u0142omnego hierarchy na szczeblu diecezjalnym rozpocz\u0105\u0142 si\u0119 10 lat temu, za\u015b Positio podsumowuje jego rezultaty. O donios\u0142ym wydarzeniu poinformowa\u0142a agencja I.MEDIA. Kardyna\u0142 Mindszenty by\u0142 jednym z wielkich m\u0119czennik\u00f3w [&hellip;]","protected":false},"author":1,"featured_media":0,"comment_status":"closed","ping_status":"closed","sticky":false,"template":"","format":"standard","meta":{"_acf_changed":false,"_monsterinsights_skip_tracking":false,"_monsterinsights_sitenote_active":false,"_monsterinsights_sitenote_note":"","_monsterinsights_sitenote_category":0,"ngg_post_thumbnail":0,"footnotes":"","_wp_rev_ctl_limit":""},"categories":[3],"tags":[179,41],"acf":[],"_links":{"self":[{"href":"https:\/\/www.bibula.com\/index.php?rest_route=\/wp\/v2\/posts\/92254"}],"collection":[{"href":"https:\/\/www.bibula.com\/index.php?rest_route=\/wp\/v2\/posts"}],"about":[{"href":"https:\/\/www.bibula.com\/index.php?rest_route=\/wp\/v2\/types\/post"}],"author":[{"embeddable":true,"href":"https:\/\/www.bibula.com\/index.php?rest_route=\/wp\/v2\/users\/1"}],"replies":[{"embeddable":true,"href":"https:\/\/www.bibula.com\/index.php?rest_route=%2Fwp%2Fv2%2Fcomments&post=92254"}],"version-history":[{"count":0,"href":"https:\/\/www.bibula.com\/index.php?rest_route=\/wp\/v2\/posts\/92254\/revisions"}],"wp:attachment":[{"href":"https:\/\/www.bibula.com\/index.php?rest_route=%2Fwp%2Fv2%2Fmedia&parent=92254"}],"wp:term":[{"taxonomy":"category","embeddable":true,"href":"https:\/\/www.bibula.com\/index.php?rest_route=%2Fwp%2Fv2%2Fcategories&post=92254"},{"taxonomy":"post_tag","embeddable":true,"href":"https:\/\/www.bibula.com\/index.php?rest_route=%2Fwp%2Fv2%2Ftags&post=92254"}],"curies":[{"name":"wp","href":"https:\/\/api.w.org\/{rel}","templated":true}]}}