{"id":91876,"date":"2016-12-03T11:36:04","date_gmt":"2016-12-03T16:36:04","guid":{"rendered":"http:\/\/www.bibula.com\/?p=91876"},"modified":"2016-12-03T11:36:04","modified_gmt":"2016-12-03T16:36:04","slug":"kardynal-do-niemieckich-biskupow-przyjcie-do-zmiany-dopoki-mamy-franciszka","status":"publish","type":"post","link":"https:\/\/www.bibula.com\/?p=91876","title":{"rendered":"Kardyna\u0142 do niemieckich biskup\u00f3w: przyjcie do zmiany, dop\u00f3ki mamy Franciszka"},"content":{"rendered":"<p><strong>Liberalnie nastawiony kard. Karl Lehmann nak\u0142ania swoich koleg\u00f3w, niemieckich biskup\u00f3w, do szybkiej zmiany dyscypliny Ko\u015bcielnej, \u201edop\u00f3ki Franciszek jest wci\u0105\u017c papie\u017cem\u201d.<\/strong><\/p>\r\n<p>W wywiadzie udzielonym niemieckiemu portalowi katholisch.de naciska na biskup\u00f3w, by korzystali z \u201ewolno\u015bci, kt\u00f3rej udzieli\u0142 papie\u017c\u201d. &#8211; <em>Franciszek chce, by\u015bmy badali nowe \u015bcie\u017cki. Czasami nie trzeba czeka\u0107, a\u017c du\u017cy tankowiec ruszy<\/em> &#8211; doda\u0142 robi\u0105c aluzj\u0119 do rzekomej powolno\u015bci Kurii we wprowadzaniu zmian, co jest atakiem cz\u0119sto wypowiadanym przez niemieckich duchownych libera\u0142\u00f3w.<\/p>\r\n<p>Uwaga ta mia\u0142a na celu dyskusj\u0119 o mo\u017cliwo\u015bci dopuszczenia do Komunii \u015awi\u0119tej rozwiedzionych katolik\u00f3w, kt\u00f3rzy zawarli ponownie cywilne zwi\u0105zki ma\u0142\u017ce\u0144skie.<\/p>\r\n<p>Kardyna\u0142 Lehmann by\u0142 biskupem Moguncji przed przej\u015bciem niedawno na emerytur\u0119. Pe\u0142ni\u0142 tak\u017ce rol\u0119 przewodnicz\u0105cego Konferencji Biskup\u00f3w Niemieckich w latach 1987-2008. Swoimi ostatnimi uwagami dmie w t\u0119 sam\u0105 tub\u0119, w kt\u00f3r\u0105 dm\u0105 ci, kt\u00f3rzy chc\u0105 wi\u0119kszej \u201eniezale\u017cno\u015bci\u201d Ko\u015bcio\u0142a niemieckiego od Rzymu.<\/p>\r\n<p>Podczas gdy czterech kardyna\u0142\u00f3w &#8211; po\u015br\u00f3d nich dw\u00f3ch niemieckich &#8211; zach\u0119ca papie\u017ca do przedstawienia wyja\u015bnienia konkretnych formalnie sformu\u0142owanych \u201ew\u0105tpliwo\u015bci\u201d dotycz\u0105cych adhortacji <em>Amoris laetitia<\/em> i jej wdra\u017cania, Lehmann prze w przeciwnym kierunku.<\/p>\r\n<p>Niemiecki kardyna\u0142 ma za sob\u0105 d\u0142ug\u0105 histori\u0119 promowania bardzo liberalnego i bliskiego heterodoksji stanowiska w Ko\u015bciele w Niemczech. Wed\u0142ug doniesie\u0144 by\u0142 on zwolennikiem \u201egrupy z Sankt Gallen\u201d, kt\u00f3ra w roku 2005 sta\u0142a za promowaniem kard. Bergoglio w wyborach na papie\u017ca, przeciwstawiaj\u0105c go kard. Josephowi Ratzingerowi.<\/p>\r\n<p>Lehmann jest zdecydowanym przeciwnikiem <em>Humanae vitae<\/em> i jest jednym z sygnatariuszy \u201eK\u00f6nigsteiner Erkl\u00c3\u00a4rung\u201d. Nieustannie wspiera\u0142 kampani\u0119 dopuszczania do Eucharystii rozwiedzionych katolik\u00f3w w \u201eponownych zwi\u0105zkach ma\u0142\u017ce\u0144skich\u201d- wed\u0142ug w\u0142asnych wyja\u015bnie\u0144. Wspiera tak\u017ce odmow\u0119 ze strony niemieckich biskup\u00f3w akceptacji napomnienia, jakie \u015bw. Jan Pawe\u0142 II skierowa\u0142 do nich w zwi\u0105zku z \u201eBeratungsscheine\u201d &#8211; za\u015bwiadczeniami terapeutycznymi, kt\u00f3re pozwala\u0142y kobietom w Niemczech podda\u0107 si\u0119 legalnie aborcji.<\/p>\r\n<p>W najnowszym wywiadzie dla katholisches.de Lehamnn wspiera tak\u017ce zniesienie celibatu dla duchowie\u0144stwa argumentuj\u0105c to rzekomym brakiem ksi\u0119\u017cy: \u201eCo w rzeczywisto\u015bci wstrzymuje nas przed wy\u015bwi\u0119caniem sta\u0142ych diakon\u00f3w, b\u0119d\u0105cych w zwi\u0105zku ma\u0142\u017ce\u0144skim, kt\u00f3rzy wy\u015bwiadczaj\u0105 du\u017c\u0105 przys\u0142ug\u0119 Ko\u015bcio\u0142owi, aby oni tak\u017ce mogli podj\u0105\u0107 si\u0119 pos\u0142ugi kap\u0142a\u0144skiej?\u201d.<\/p>\r\n<p>Niemiecki kardyna\u0142 wyrazi\u0142 wstrz\u0105s, jaki wywo\u0142a\u0142 w nim niedawny wyb\u00f3r Donalda Trumpa na prezydenta Stan\u00f3w Zjednoczonych i zauwa\u017cy\u0142, \u017ce politycy i media w Stanach nie doceniaj\u0105, jak wielu ludzi \u201eczuje przygn\u0119bienie i ma poczucie bycia spo\u0142ecznymi ofiarami losu\u201d. Kardyna\u0142 przyzna\u0142, \u017ce nie rozumie, jak tak wielu ludzi mo\u017ce \u201enabra\u0107 si\u0119 na populistyczne slogany\u201d.<\/p>\r\n<p><strong><em>Jan Bentz<\/em><\/strong><\/p>\r\n<p>t\u0142um. Jan J. Franczak<\/p>","protected":false},"excerpt":{"rendered":"Liberalnie nastawiony kard. Karl Lehmann nak\u0142ania swoich koleg\u00f3w, niemieckich biskup\u00f3w, do szybkiej zmiany dyscypliny Ko\u015bcielnej, \u201edop\u00f3ki Franciszek jest wci\u0105\u017c papie\u017cem\u201d. W wywiadzie udzielonym niemieckiemu portalowi katholisch.de naciska na biskup\u00f3w, by korzystali z \u201ewolno\u015bci, kt\u00f3rej udzieli\u0142 papie\u017c\u201d. &#8211; Franciszek chce, by\u015bmy badali nowe \u015bcie\u017cki. Czasami nie trzeba czeka\u0107, a\u017c du\u017cy tankowiec ruszy &#8211; doda\u0142 robi\u0105c aluzj\u0119 [&hellip;]","protected":false},"author":1,"featured_media":0,"comment_status":"closed","ping_status":"closed","sticky":false,"template":"","format":"standard","meta":{"_acf_changed":false,"_monsterinsights_skip_tracking":false,"_monsterinsights_sitenote_active":false,"_monsterinsights_sitenote_note":"","_monsterinsights_sitenote_category":0,"ngg_post_thumbnail":0,"footnotes":"","_wp_rev_ctl_limit":""},"categories":[3],"tags":[166,301,33],"acf":[],"_links":{"self":[{"href":"https:\/\/www.bibula.com\/index.php?rest_route=\/wp\/v2\/posts\/91876"}],"collection":[{"href":"https:\/\/www.bibula.com\/index.php?rest_route=\/wp\/v2\/posts"}],"about":[{"href":"https:\/\/www.bibula.com\/index.php?rest_route=\/wp\/v2\/types\/post"}],"author":[{"embeddable":true,"href":"https:\/\/www.bibula.com\/index.php?rest_route=\/wp\/v2\/users\/1"}],"replies":[{"embeddable":true,"href":"https:\/\/www.bibula.com\/index.php?rest_route=%2Fwp%2Fv2%2Fcomments&post=91876"}],"version-history":[{"count":0,"href":"https:\/\/www.bibula.com\/index.php?rest_route=\/wp\/v2\/posts\/91876\/revisions"}],"wp:attachment":[{"href":"https:\/\/www.bibula.com\/index.php?rest_route=%2Fwp%2Fv2%2Fmedia&parent=91876"}],"wp:term":[{"taxonomy":"category","embeddable":true,"href":"https:\/\/www.bibula.com\/index.php?rest_route=%2Fwp%2Fv2%2Fcategories&post=91876"},{"taxonomy":"post_tag","embeddable":true,"href":"https:\/\/www.bibula.com\/index.php?rest_route=%2Fwp%2Fv2%2Ftags&post=91876"}],"curies":[{"name":"wp","href":"https:\/\/api.w.org\/{rel}","templated":true}]}}