{"id":91847,"date":"2016-12-03T10:27:57","date_gmt":"2016-12-03T15:27:57","guid":{"rendered":"http:\/\/www.bibula.com\/?p=91847"},"modified":"2016-12-03T10:27:57","modified_gmt":"2016-12-03T15:27:57","slug":"portugalia-biskupi-zaapelowali-o-publiczna-dyskusje-na-temat-eutanazji","status":"publish","type":"post","link":"https:\/\/www.bibula.com\/?p=91847","title":{"rendered":"Portugalia: biskupi zaapelowali o publiczn\u0105 dyskusj\u0119 na temat eutanazji"},"content":{"rendered":"<p><strong>Biskupi portugalscy wezwali ugrupowania reprezentowane w parlamencie do poddania sprawy eutanazji pod dyskusj\u0119 spo\u0142eczn\u0105. Rzecznik prasowy episkopatu, ksi\u0105dz Manuel Barbosa wyja\u015bni\u0142, \u017ce hierarchowie katoliccy chc\u0105, aby temat eutanazji wyszed\u0142 poza ko\u0142a polityczne i obj\u0105\u0142 wszystkie grupy spo\u0142eczne. <\/strong><\/p>\r\n<p>&#8211; <em>Jak na razie nie wida\u0107, aby w naszym kraju toczy\u0142a si\u0119 jakakolwiek debata publiczna w tej sprawie. Parlament nie jest jedynym miejscem, w kt\u00f3rym ten temat powinien zosta\u0107 omawiany<\/em> &#8211; powiedzia\u0142 ks. Barbosa.<\/p>\r\n<p>Episkopat ju\u017c przed miesi\u0105cem o\u015bwiadczy\u0142, \u017ce walka z eutanazj\u0105 nie jest tematem wy\u0142\u0105cznie religijnym, ale ma wymiar humanitarny. Przewodnicz\u0105cy Portugalskiej Konferencji Biskupiej, kardyna\u0142 Manuel Clemente zaapelowa\u0142, aby nie ogranicza\u0107 tego zagadnienia jedynie do obszaru przekona\u0144 religijnych.<br>\r\n <br>\r\n W swym listopadowym dokumencie og\u0142oszonym w Fatimie biskupi wezwali do wykazania ducha mi\u0142osierdzia, przejawiaj\u0105cego si\u0119 \u201etrosk\u0105 o przed\u0142u\u017cenie \u017cycia ludzkiego, a nie o pomaganie w umieraniu\u201d. Przypomnieli te\u017c o niedawnych apelach pi\u0119ciu ostatnich prezes\u00f3w Izby Lekarskiej w Portugalii, kt\u00f3rzy jednoznacznie wypowiedzieli si\u0119 przeciw pr\u00f3bom legalizacji eutanazji w swym kraju. Ich deklaracje popar\u0142o portugalskie \u015brodowisko pracownik\u00f3w s\u0142u\u017cby zdrowia.<br>\r\n <br>\r\n Na pocz\u0105tku listopada liderzy Bloku Lewicy ujawnili, \u017ce maj\u0105 ju\u017c gotowy projekt legalizacji eutanazji w Portugalii. Dokument ma trafi\u0107 pod obrady parlamentu na pocz\u0105tku 2017 r. Przewiduje on, \u017ce prawa do eutanazji nie mieliby nieletni oraz niepe\u0142nosprawni umys\u0142owo i osoby cierpi\u0105ce na depresj\u0119.<br>\r\n <br>\r\n Blok Lewicy posiada zaledwie 19 deputowanych w 230-osobowym parlamencie Portugalii. Rz\u0105dz\u0105cy w ramach mniejszo\u015bciowego gabinetu premiera Ant\u00f3nio Costy socjali\u015bci s\u0105 tymczasem podzieleni w sprawie poparcia dla eutanazji. R\u00f3wnie niejednoznaczne stanowisko ma najwi\u0119ksze ugrupowanie portugalskiego Zgromadzenia Republiki &#8211; Partia Socjaldemokratyczna.<\/p>\r\n<p>\u0179r\u00f3d\u0142o: KAI<\/p>\r\n<p>RoM<\/p>\r\n<p class=\"zrodlo\">Za: <a href=\"http:\/\/www.pch24.pl\/portugalia--biskupi-zaapelowali-o-publiczna-dyskusje-na-temat-eutanazji,47820,i.html\">PoloniaChristiana &#8211; pch24.pl (2016-12-03)<\/a><\/p>\r\n<h4>&nbsp;<\/h4>\r\n<hr style=\"background-color: #000000; border-width: 0; color: #000000; height: 2px; line-height: 0; text-align: center; width: 100%;\">\r\n<h4>&nbsp;<\/h4>\r\n<blockquote>\r\n<p><strong>KOMENTARZ <em>BIBU\u0141Y<\/em><\/strong>: Nie wiadomo sk\u0105d bierze si\u0119 naiwno\u015b\u0107 w\u015br\u00f3d hierarch\u00f3w, uwa\u017caj\u0105cych \u017ce problem eutanazji zostanie rozwi\u0105zany &#8211; poprzez zakaz zabijania, bo mamy nadziej\u0119, \u017ce takie maj\u0105 intencje &#8211; w wyniku debaty publicznej. Wszak gdyby nawet zarz\u0105dzono w tak zsekularyzowanych, liberalnych i antykatolickich spo\u0142ecze\u0144stwach jakie\u015b referendum, to i tak w ko\u0144cu wysz\u0142oby na to, \u017ce eutanazja to rodzaj wsp\u00f3\u0142czesnego mi\u0142osierdzia, kt\u00f3remu nale\u017cy si\u0119 przyzwolenie. Zatem &#8211; dlaczego hierarchowie uwa\u017caj\u0105, \u017ce jakie\u015b publiczne debaty cokolwiek dadz\u0105 pozytywnego? Ko\u015bci\u00f3\u0142 katolicki musi nieustannie przypomina\u0107 i naucza\u0107, \u017ce jest to z\u0142o &#8211; i koniec kropka. A je\u015bli zaniecha\u0142 nauczania i prawdziwej ewangelizacji w ci\u0105gu ca\u0142ego posoborowego p\u00f3\u0142wiecza, to \u017cadne publiczne debaty ju\u017c dzisiaj nie pomog\u0105. I p\u0142acz (szczery czy sztuczny) hierarch\u00f3w te\u017c nic nie pomo\u017ce.<\/p>\r\n<\/blockquote>\r\n<h4>&nbsp;<\/h4>\r\n<hr style=\"background-color: #000000; border-width: 0; color: #000000; height: 2px; line-height: 0; text-align: center; width: 100%;\">\r\n<h4>&nbsp;<\/h4>","protected":false},"excerpt":{"rendered":"Biskupi portugalscy wezwali ugrupowania reprezentowane w parlamencie do poddania sprawy eutanazji pod dyskusj\u0119 spo\u0142eczn\u0105. Rzecznik prasowy episkopatu, ksi\u0105dz Manuel Barbosa wyja\u015bni\u0142, \u017ce hierarchowie katoliccy chc\u0105, aby temat eutanazji wyszed\u0142 poza ko\u0142a polityczne i obj\u0105\u0142 wszystkie grupy spo\u0142eczne. &#8211; Jak na razie nie wida\u0107, aby w naszym kraju toczy\u0142a si\u0119 jakakolwiek debata publiczna w tej sprawie. [&hellip;]","protected":false},"author":1,"featured_media":0,"comment_status":"closed","ping_status":"closed","sticky":false,"template":"","format":"standard","meta":{"_acf_changed":false,"_monsterinsights_skip_tracking":false,"_monsterinsights_sitenote_active":false,"_monsterinsights_sitenote_note":"","_monsterinsights_sitenote_category":0,"ngg_post_thumbnail":0,"footnotes":"","_wp_rev_ctl_limit":""},"categories":[3],"tags":[49,224],"acf":[],"_links":{"self":[{"href":"https:\/\/www.bibula.com\/index.php?rest_route=\/wp\/v2\/posts\/91847"}],"collection":[{"href":"https:\/\/www.bibula.com\/index.php?rest_route=\/wp\/v2\/posts"}],"about":[{"href":"https:\/\/www.bibula.com\/index.php?rest_route=\/wp\/v2\/types\/post"}],"author":[{"embeddable":true,"href":"https:\/\/www.bibula.com\/index.php?rest_route=\/wp\/v2\/users\/1"}],"replies":[{"embeddable":true,"href":"https:\/\/www.bibula.com\/index.php?rest_route=%2Fwp%2Fv2%2Fcomments&post=91847"}],"version-history":[{"count":0,"href":"https:\/\/www.bibula.com\/index.php?rest_route=\/wp\/v2\/posts\/91847\/revisions"}],"wp:attachment":[{"href":"https:\/\/www.bibula.com\/index.php?rest_route=%2Fwp%2Fv2%2Fmedia&parent=91847"}],"wp:term":[{"taxonomy":"category","embeddable":true,"href":"https:\/\/www.bibula.com\/index.php?rest_route=%2Fwp%2Fv2%2Fcategories&post=91847"},{"taxonomy":"post_tag","embeddable":true,"href":"https:\/\/www.bibula.com\/index.php?rest_route=%2Fwp%2Fv2%2Ftags&post=91847"}],"curies":[{"name":"wp","href":"https:\/\/api.w.org\/{rel}","templated":true}]}}