{"id":9180,"date":"2009-05-07T13:44:32","date_gmt":"2009-05-07T18:44:32","guid":{"rendered":"http:\/\/www.bibula.com\/?p=9180"},"modified":"2009-05-07T13:44:32","modified_gmt":"2009-05-07T18:44:32","slug":"hitler-i-aborcja-nieopublikowany-wywiad-gw","status":"publish","type":"post","link":"https:\/\/www.bibula.com\/?p=9180","title":{"rendered":"Hitler i aborcja &#8211; nieopublikowany wywiad GW"},"content":{"rendered":"<p>Poni\u017cej zamieszczono odpowiedzi rzecznika prasowego Falangi na pytania przes\u0142ane przez zatrudnionego w \u201eGazecie Wyborczej\u201d redaktora Patryka \u015awitka. Pytania przes\u0142ano po pojawieniu si\u0119 na ulicach Zielonej G\u00f3ry antyaborcyjnych plakat\u00f3w Falangi z has\u0142em <strong><em>\u201eTo Hitler pierwszy wprowadzi\u0142 w Polsce aborcj\u0119\u201d<\/em><\/strong>, co wywo\u0142a\u0142o atak histerii niejakiego Marcina Kornaka &#8211; \u201eantyfaszystowskiego\u201d pseudoeksperta zwi\u0105zanego ze szmat\u0142awcem \u201eNigdy Wi\u0119cej\u201d. Wywiad nigdy nie zosta\u0142 opublikowany przez \u201eGazet\u0119 Wyborcz\u0105\u201d, nie wykorzystano te\u017c udzielonych w nim informacji w kolejnych doniesieniach na temat Falangi.<\/p>\r\n\r\n<p><strong>Patryk \u015awitek: Czemu ma s\u0142u\u017cy\u0107 wizerunek Hitlera, kt\u00f3ry si\u0119 na nich (tzn. na plakatach &#8211; przyp. R.L.) pojawi\u0142? <\/strong><\/p>\r\n\r\n<p><strong>Ronald Lasecki:<\/strong> Adolf Hitler by\u0142 autorem uzasadniaj\u0105cej ludob\u00f3jstwo na niewinnych i bezbronnych nazistowskiej ideologii biologicznego materializmu rasistowskiego oraz przyw\u00f3dc\u0105 pa\u0144stwa realizuj\u0105cego pod dyktando owej ideologii zbrodnicz\u0105 polityk\u0119 na okupowanych przez Niemcy terenach. Efektem przekonania, \u017ce dla fa\u0142szywie i wy\u0142\u0105cznie w kontek\u015bcie doczesnym pojmowanego dobra jednych, mo\u017cna nie naruszaj\u0105c zasad moralnych mordowa\u0107 innych, szczeg\u00f3lnie gdy Ci s\u0105 zbyt s\u0142abi by si\u0119 broni\u0107 lub cho\u0107by wyartyku\u0142owa\u0107 sw\u00f3j sprzeciw, by\u0142y nie tylko masowe i indywidualne mordy znane z podr\u0119cznik\u00f3w historii ale te\u017c legalizacja zabijania dzieci nienarodzonych.<\/p>\r\n\r\n<p>Wychodz\u0105c z podobnie materialistycznych za\u0142o\u017ce\u0144 antropologicznych wsp\u00f3\u0142czesna nam posta\u0107 lewicowego ruchu feministycznego postuluje legalizacj\u0119 tego, przeciw czemu walczyli podczas ostatniej wojny wszyscy wyst\u0119puj\u0105cy przeciw narodowo-socjalistycznej despotii.<\/p>\r\n\r\n<p><strong>P\u015a:<\/strong><em>To jak rozumiem ma by\u0107 antyaborcyjna prowokacja (i przyznam, \u017ce nawet interesuj\u0105ca), ale czemu pod plakatem pojawi\u0142o si\u0119 has\u0142o by wst\u0105pi\u0107 w szeregi Falangi? To ma wyd\u017awi\u0119k propagandowy, a na plakacie wiadomo czyj jest wizerunek? <\/em><\/p>\r\n\r\n<p><strong>RL: <\/strong>Falanga zainteresowana jest zrzeszeniem w swych szeregach przeciwnik\u00f3w zbrodniczych ideologii jak nazizm i pro-aborcyjny nurt feminizmu, st\u0105d na plakacie, gdzie apelujemy o przeciwstawienie si\u0119 praktykom wsp\u00f3lnym i przes\u0105dzaj\u0105cym o ideowym pokrewie\u0144stwie obydwu wymienionych ruch\u00f3w, sugerujemy te\u017c, \u017ce osoby chc\u0105ce je zwalcza\u0107 najdogodniejsze do tego forum znajd\u0105 w naszej organizacji.<\/p>\r\n\r\n<p><strong>P\u015a:<\/strong><em> Po tym jak w ZG pojawi\u0142y si\u0119 plakaty troch\u0119 zawrza\u0142o i mieli\u015bmy telefony od czytelnik\u00f3w, \u017ce spraw\u0105 powinna zainteresowa\u0107 si\u0119 Policja i Prokuratura, bo to propagowanie ustroju faszystowskiego? Jak jest na prawd\u0119? By\u0142 taki zamiar czy nie? Zosta\u0142o za\u0142amane prawo czy nie? Czy zosta\u0142a przekroczona granica? <\/em><\/p>\r\n\r\n<p><strong>RL:<\/strong> Zaniepokojenie jest zupe\u0142nie bezpodstawne i spowodowane niezrozumieniem przes\u0142ania plakatu, kt\u00f3ry wskazuj\u0105c to\u017csamo\u015b\u0107 wielu postulat\u00f3w wsp\u00f3\u0142czesnych \u015brodowisk proaborcyjnych i ruchu nazistowskiego, demaskuje zwolennik\u00f3w aborcji jako w istocie niewiele r\u00f3\u017cni\u0105cych si\u0119 w swej wizji cz\u0142owiecze\u0144stwa od narodowych socjalist\u00f3w. Por\u00f3wnuj\u0105c nazizm i ruch na rzecz legalizacji zabijania dzieci nienarodzonych nawo\u0142ujemy jednocze\u015bnie tak do moralnego jak i praktycznego sprzeciwu i walki z ka\u017cdym z nich. W odniesieniu do nazizmu konieczno\u015b\u0107 takiej walki jest dla wszystkich postronnych obserwator\u00f3w oczywista, w stosunku do ruch\u00f3w kwestionuj\u0105cych cz\u0142owiecze\u0144stwo dziecka pocz\u0119tego i daj\u0105cych prawo do pozbawienia go \u017cycia ju\u017c nie, st\u0105d te\u017c pomys\u0142 na tak\u0105 w\u0142a\u015bnie nasz\u0105 akcj\u0119.<\/p>\r\n\r\n<p><strong>P\u015a:<\/strong> <em>(Troch\u0119 bardziej og\u00f3lne pytanie). S\u0142ysza\u0142em, ze jeste\u015bcie m\u0142od\u0105 organizacj\u0105, ale pr\u0119\u017cnie dzia\u0142aj\u0105c\u0105. Ilu cz\u0142onk\u00f3w do was nale\u017cy? Nie musi by\u0107 dok\u0142adnie. Na plakacie jest napisane, \u017ce przybywa was 30 miesi\u0119cznie. <\/em><\/p>\r\n\r\n<p><strong>RL: <\/strong>Na plakacie plakacie Falangi nie ma \u017cadnej informacji o liczbie przybywaj\u0105cych miesi\u0119cznie cz\u0142onk\u00f3w &#8211; Pa\u0144skie informacje s\u0105 nieprawdziwe. Obecnie w szeregach Falangi dzia\u0142a oko\u0142o siedemdziesi\u0119ciu os\u00f3b.<\/p>\r\n\r\n<p><strong>P\u015a: <\/strong><em>Podobno Falanga nawi\u0105zuje do przedwojennej ONR, a z tego co wiem, to by\u0142a organizacja faszyzuj\u0105ca i antysemicka. Czy przez to mo\u017cna rozumie\u0107, \u017ce Falanga ma podobne pogl\u0105dy?<br \/>\r\n <\/em><\/p>\r\n\r\n<p><strong>RL: <\/strong>Falanga nie jest organizacj\u0105 antysemick\u0105, nar\u00f3d \u017cydowski jest dla nas takim samym fenomenem historyczno-kulturowym jak wszystkie inne narody, za\u015b stoj\u0105c na gruncie konserwatywnej i realistycznej koncepcji pochodzenia w\u0142adzy jej \u017ar\u00f3de\u0142 i legitymizacji upatrujemy w woli Bo\u017cej nie za\u015b w demokratycznie wyra\u017conej woli narodu. St\u0105d w\u0142a\u015bnie odmawiaj\u0105c podmiotowo\u015bci politycznej narodom dostrzegamy jej materialn\u0105 obecno\u015b\u0107 w \u201epodmiotach pierwotnych\u201d polityki w postaci pa\u0144stw i ustrukturyzowanych grup aspiruj\u0105cych do w\u0142adzy pa\u0144stwowej (dla uproszczenia pozwol\u0119 sobie pomin\u0105\u0107 w tym miejscu problematyk\u0119 legitymizmu), takimi za\u015b mog\u0105 by\u0107 partie, grupy nacisku, wszelakie zrzeszenia formalne i nieformalne nie za\u015b twory tak amorficzne jak narody. W\u0142a\u015bnie dlatego Falanga b\u0119d\u0105c organizacj\u0105 polityczn\u0105 ustosunkowuje si\u0119 do innych, podobnych sobie podmiot\u00f3w politycznych pomijaj\u0105c przy tym twory ewidentnie nimi nie b\u0119d\u0105ce.<\/p>\r\n\r\n<p>Pozostaj\u0105c jednak polsk\u0105 organizacj\u0105 nacjonalistyczn\u0105 Falanga stoi na gruncie piel\u0119gnacji i pog\u0142\u0119biania to\u017csamo\u015bci narodu polskiego rozumianego, jak to ju\u017c zosta\u0142o wspomniane, jako historyczna i organiczna wsp\u00f3lnota kulturowa i \u015bwiadomo\u015bciowa. Implikuje to poczynienie dystynkcji pomi\u0119dzy narodem polskim i \u017cydowskim, ale te\u017c wniosek i\u017c wsp\u00f3lnot\u0105 wy\u017cszego rz\u0119du wobec wsp\u00f3lnoty narodowej pozostaje wsp\u00f3lnota pa\u0144stwowa, w kt\u00f3rej mieszcz\u0105 si\u0119 wszyscy ci, kt\u00f3rzy identyfikuj\u0105 si\u0119 z polsk\u0105 tradycj\u0105 polityczn\u0105, historyczn\u0105 oraz kt\u00f3rzy uwa\u017caj\u0105 Polsk\u0119 za swoj\u0105 ojczyzn\u0119 wzrastaj\u0105c na humusie jej kultury, tradycji, j\u0119zyka, literatury, poezji etc.<\/p>\r\n\r\n<p>Co do bycia organizacj\u0105 \u201efaszyzuj\u0105c\u0105\u201d, to podzielamy pogl\u0105d wyra\u017cany przez takich autor\u00f3w jak cho\u0107by Armin Moeller lub na gruncie polskim Jan Frejlak, kt\u00f3rzy w faszy\u017amie widz\u0105 nie zwarta doktryn\u0119 polityczn\u0105, lecz pewnego rodzaju <strong><em>\u201estyl bycia\u201d, estetyk\u0119, dynamizm czy \u201etemperatur\u0119 krwi\u201d<\/em><\/strong>. Za Paulem Serantem i Andrzejem Piskozubem przywo\u0142anych w jednym z artyku\u0142\u00f3w Jacka Bartyzela mogliby\u015bmy okre\u015bli\u0107 faszyzm mianem ostatniego antymodernistycznego zrywu europejskiego Romantyzmu.<\/p>\r\n\r\n<p>Jeste\u015bmy wi\u0119c faszyzuj\u0105cymi romantykami w tym sensie, \u017ce <strong>faszyzm<\/strong> poj\u0119ty jako wyraz <strong><em>\u201et\u0119sknoty za tym, co zasypane i utracone w nas samych, manifest na rzecz \u017cycia, kt\u00f3re zaczyna nam si\u0119 wymyka\u0107, wezwanie, aby z bij\u0105cym sercem wystawi\u0107 si\u0119 na to, co nieoczekiwane na tym \u015bwiecie, na jego demonizm, jego dynamik\u0119, jego groz\u0119&#8221;<\/em><\/strong> (Michael Klett) pozwala nam uczestniczy\u0107 w <strong><em>\u201emistycznej wsp\u00f3lnocie awanturniczego serca\u201d<\/em><\/strong> oraz <strong><em>\u201eupolowa\u0107 dumn\u0105 i tajemn\u0105 zwierzyn\u0119 wychodz\u0105c\u0105 przed wschodem s\u0142o\u0144ca na polan\u0119 duszy\u201d<\/em><\/strong>(Ernst Junger) a tak\u017ce dostarcza heroicznej i radykalnej alternatywy wobec zimnego i wypranego z warto\u015bci demoliberalnego \u201e\u015bwiata gie\u0142dy i kantoru\u201d.<\/p>\r\n\r\n<p><strong>P\u015a:<\/strong> <em>Plakaty to cz\u0119\u015b\u0107 jakiej\u015b wi\u0119kszej akcji? Przygotowujecie si\u0119 do jakiej\u015b manifestacji? <\/em><\/p>\r\n\r\n<p><strong>RL: <\/strong>O swoich kolejnych przedsi\u0119wzi\u0119ciach b\u0119dziemy informowa\u0107 \u015brodki masowego przekazu sukcesywnie w miar\u0119 realizacji tych\u017ce przedsi\u0119wzi\u0119\u0107.<\/p>\r\n\r\n<p><img decoding=\"async\" src=\"http:\/\/prawica.net\/gifs\/Aborcja_Hitler.jpg\" alt=\"\" \/><\/p>\r\n\r\n<p>Tytu\u0142em uzupe\u0142nienia i w nawi\u0105zaniu do Pa\u0144skiego tekstu <a href=\"http:\/\/miasta.gazeta.pl\/zielonagora\/1,35161,6554310,Zielona_Gora_obklejona_Hitlerem.html\">\u201eZielona G\u00f3ra obklejona Hitlerem\u201d<\/a>, kt\u00f3ry ukaza\u0142 si\u0119 na stronie internetowej zielonog\u00f3rskiej \u201eGazety Wyborczej\u201d 29 kwietnia br. o godz. 19.17, pragn\u0119 doda\u0107, \u017ce Falanga stanowczo protestuje przeciw zestawieniu w jednym artykule informacji na temat naszej akcji podj\u0119tej w obronie \u017cycia pocz\u0119tego i macierzy\u0144stwa oraz doniesie\u0144 na temat incydent\u00f3w rasistowskich o charakterze przest\u0119pczym jak r\u00f3wnie\u017c wypowiedzi z podrz\u0119dnego brukowca \u201eNigdy Wi\u0119cej\u201d. W wypadku dalszego dokonywania podobnych manipulacji b\u0119dziemy interweniowa\u0107 w Prokuraturze.<\/p>\r\n\r\n<p><em><strong>Ronald Lasecki<\/strong><\/em><br \/>\r\n <a href=\"http:\/\/prawica.net\/taxonomy\/term\/318\"><\/a><em>Ronald Lasecki jest rzecznikiem prasowym Falangi<\/em><\/p>\r\n\r\n<p><br class=\"spacer_\" \/><\/p>\r\n\r\n<p>Za: <a href=\"http:\/\/prawica.net\/node\/16691\" target=\"_blank\">prawica.net<\/a><\/p>\r\n\r\n<p><em><em><br \/>\r\n <\/em><\/em><\/p>","protected":false},"excerpt":{"rendered":"Poni\u017cej zamieszczono odpowiedzi rzecznika prasowego Falangi na pytania przes\u0142ane przez zatrudnionego w \u201eGazecie Wyborczej\u201d redaktora Patryka \u015awitka. Pytania przes\u0142ano po pojawieniu si\u0119 na ulicach Zielonej G\u00f3ry antyaborcyjnych plakat\u00f3w Falangi z has\u0142em \u201eTo Hitler pierwszy wprowadzi\u0142 w Polsce aborcj\u0119\u201d, co wywo\u0142a\u0142o atak histerii niejakiego Marcina Kornaka &#8211; \u201eantyfaszystowskiego\u201d pseudoeksperta zwi\u0105zanego ze szmat\u0142awcem \u201eNigdy Wi\u0119cej\u201d. Wywiad nigdy [&hellip;]","protected":false},"author":1,"featured_media":0,"comment_status":"closed","ping_status":"closed","sticky":false,"template":"","format":"standard","meta":{"_acf_changed":false,"_monsterinsights_skip_tracking":false,"_monsterinsights_sitenote_active":false,"_monsterinsights_sitenote_note":"","_monsterinsights_sitenote_category":0,"ngg_post_thumbnail":0,"footnotes":"","_wp_rev_ctl_limit":""},"categories":[9],"tags":[94,102],"acf":[],"_links":{"self":[{"href":"https:\/\/www.bibula.com\/index.php?rest_route=\/wp\/v2\/posts\/9180"}],"collection":[{"href":"https:\/\/www.bibula.com\/index.php?rest_route=\/wp\/v2\/posts"}],"about":[{"href":"https:\/\/www.bibula.com\/index.php?rest_route=\/wp\/v2\/types\/post"}],"author":[{"embeddable":true,"href":"https:\/\/www.bibula.com\/index.php?rest_route=\/wp\/v2\/users\/1"}],"replies":[{"embeddable":true,"href":"https:\/\/www.bibula.com\/index.php?rest_route=%2Fwp%2Fv2%2Fcomments&post=9180"}],"version-history":[{"count":0,"href":"https:\/\/www.bibula.com\/index.php?rest_route=\/wp\/v2\/posts\/9180\/revisions"}],"wp:attachment":[{"href":"https:\/\/www.bibula.com\/index.php?rest_route=%2Fwp%2Fv2%2Fmedia&parent=9180"}],"wp:term":[{"taxonomy":"category","embeddable":true,"href":"https:\/\/www.bibula.com\/index.php?rest_route=%2Fwp%2Fv2%2Fcategories&post=9180"},{"taxonomy":"post_tag","embeddable":true,"href":"https:\/\/www.bibula.com\/index.php?rest_route=%2Fwp%2Fv2%2Ftags&post=9180"}],"curies":[{"name":"wp","href":"https:\/\/api.w.org\/{rel}","templated":true}]}}