{"id":91712,"date":"2016-11-29T10:42:24","date_gmt":"2016-11-29T15:42:24","guid":{"rendered":"http:\/\/www.bibula.com\/?p=91712"},"modified":"2016-11-29T12:53:59","modified_gmt":"2016-11-29T17:53:59","slug":"organizacje-pozarzadowe-popis-wicepremiera-p-glinskiego","status":"publish","type":"post","link":"https:\/\/www.bibula.com\/?p=91712","title":{"rendered":"Organizacje pozarz\u0105dowe &#8211; &#8222;popis&#8221; wicepremiera P. Gli\u0144skiego"},"content":{"rendered":"<p><strong>Na dobr\u0105 opini\u0119 trzeba pracowa\u0107 latami, a straci\u0107 j\u0105 mo\u017cna w jednej chwili. Wczoraj takiej chwili doczeka\u0142 niestety wicepremier prof. P. Gli\u0144ski. Szkoda, ale dymisja musi by\u0107 jak najszybciej.<\/strong><\/p>\r\n<p><strong>Kto nie ogl\u0105da\u0142 wczorajszych Wiadomo\u015bci TVP oraz TVP Info i nie s\u0142ysza\u0142 rozmowy redaktora P. Adamczyka z wicepremierem prof. P. Gli\u0144skim ten winien jak najszybciej nadrobi\u0107 ten b\u0142\u0105d i obejrze\u0107 sztandarowy program TVP w internecie.<\/strong><\/p>\r\n<p>Dyskusja w studio dotyczy\u0142a ostatnich s\u0142\u00f3w wicepremiera, kt\u00f3ry by\u0142 raczy\u0142 stwierdzi\u0107 publicznie m.in.:<\/p>\r\n<p><i>&#8222;To, \u017ce&nbsp;kto\u015b jest z&nbsp;kim\u015b spokrewniony, nie oznacza, \u017ce&nbsp;dzia\u0142ania danej organizacji pozarz\u0105dowej s\u0105&nbsp;naganne. (\u2026) Jestem gotowy przeprosi\u0107 pani\u0105 Zofi\u0119 Komorowsk\u0105, Jakuba Wygna\u0144skiego czy R\u00f3\u017c\u0119 Rzepli\u0144sk\u0105 za&nbsp;to, \u017ce&nbsp;by\u0142y stawiane w&nbsp;krytycznym&nbsp;\u015bwietle&#8221; [1].<\/i><\/p>\r\n<p>S\u0142owa te wicepremier wypowiedzia\u0142 po wyemitowanych przez Wiadomo\u015bci kilku materia\u0142ach na temat tzw. NGO-s\u00f3w, kt\u00f3re wskazywa\u0142y na wp\u0142yw koneksji rodzinnych na udzielanie okre\u015blonych \u015brodk\u00f3w publicznych na dzia\u0142anie poszczeg\u00f3lnych organizacji pozarz\u0105dowych oraz struktur\u0119 ich wydatk\u00f3w. W tym kontek\u015bcie wskazano na kilka fundacji, w kt\u00f3rych zasiadaj\u0105 pociotkowie tzw. elit III RP (w tym osoby wymienione przez wicepremiera) oraz podano w\u0142a\u015bnie dok\u0142adnie o jakie osoby chodzi i ujawniono (w sumie jawn\u0105) informacj\u0119 jaki procent przychod\u00f3w owe fundacje przeznacza\u0142y (przeznaczaj\u0105) na wynagrodzenia oraz dzia\u0142alno\u015b\u0107 statutow\u0105. Dodatkowo te\u017c wyszczeg\u00f3lniono niekt\u00f3re przedsi\u0119wzi\u0119cia owych fundacji, kt\u00f3re &#8211; najog\u00f3lniej rzecz bior\u0105c &#8211; by\u0142y lub s\u0105 spo\u0142ecznie absurdalne.<\/p>\r\n<p>Powy\u017csze s\u0142owa wicepremier wypowiedzia\u0142 &#8211; co dodaje im &#8222;smaczku&#8221; &#8211; po tym jak medialnie powszechna sta\u0142a si\u0119 informacja, i\u017c 42 letnia \u017cona wicepremiera prof. P. Gli\u0144skiego zasiada w Radzie Fundacji kierowanej przez Zofi\u0119 Komorowsk\u0105.<\/p>\r\n<p>Tak naprawd\u0119 sam fakt zasiadania \u017cony wicepremiera w radzie jakiej\u015b fundacji wcale mnie nie wprowadzi\u0142a w stan jakiej\u015b konsternacji i dyskomfortu poznawczego. W normalnym pa\u0144stwie, gdzie publiczne \u015brodki przeznaczane na dzia\u0142alno\u015b\u0107 danych organizacji pozarz\u0105dowych wydawane s\u0105 w spos\u00f3b transparentny taka informacja nie powinna nikogo dziwi\u0107 a nawet budzi\u0107 sympati\u0119.<\/p>\r\n<p>Problem jednak w tym, \u017ce Polska stworzona przez III RP by\u0142a i nadal jest &#8222;pa\u0144stwem teoretycznym&#8221;, gdzie jest tylko &#8222;chuj, dupa i kamieni kupa&#8221; &#8211; jak to raczy\u0142y stwierdzi\u0107 elity w czasie s\u0142ynnych rozm\u00f3w m.in. u Sowy a ocena niekt\u00f3rych fundacji dokonana przez zesp\u00f3\u0142 Wiadomo\u015bci dotyczy w\u0142a\u015bnie minionego okresu, kiedy tylko przez ostatnie 8 lat koalicja PO-PSL zaw\u0142aszczy\u0142a nasze pa\u0144stwo i dotyczy to tak\u017ce rozdzia\u0142u \u015brodk\u00f3w publicznych na tzw. NGO-sy oraz osoby w nich zasiadaj\u0105ce.<\/p>\r\n<p>I mo\u017ce nawet bym nie napisa\u0142 o tym aspekcie naszego \u017cycia spo\u0142eczno-politycznego, gdyby nie wczorajszy &#8211; dla mnie skandaliczny w formie i tre\u015bci &#8211; wywiad wicepremiera P. Gli\u0144skiego w Wiadomo\u015bciach TVP kontynuowany w TVP Info.<\/p>\r\n<p>Nasz wicepremier raczy\u0142 w nim powiedzie\u0107 m.in. :<\/p>\r\n<p><i>&#8222;W&nbsp;swoim wyst\u0105pieniu wyja\u015bni\u0142em precyzyjnie &#8211; w&nbsp;Polsce jest bardzo ostry sp\u00f3r polityczny, nawet wojna polityczna. Ob\u00f3z, do&nbsp;kt\u00f3rego ja&nbsp;nale\u017c\u0119, opowiada si\u0119 za&nbsp;inn\u0105 wizj\u0105 Polski i&nbsp;jej rozwoju. Ten rozw\u00f3j opiera si\u0119 na&nbsp;wi\u0119kszym zakresie suwerenno\u015bci, odwo\u0142aniu do&nbsp;naszej to\u017csamo\u015bci kulturowej, na&nbsp;wi\u0119kszej dozie sprawiedliwo\u015bci&nbsp;spo\u0142ecznej.To&nbsp;bardzo ostry sp\u00f3r, widoczny tak\u017ce w&nbsp;mediach &#8211; nie s\u0105dz\u0119, by&nbsp;ten sp\u00f3r m\u00f3g\u0142 by\u0107 rozwi\u0105zany przez si\u0119ganie do&nbsp;argument\u00f3w dotycz\u0105cych koneksji rodzinnych. To&nbsp;jest wojna, w&nbsp;kt\u00f3rej bior\u0119 udzia\u0142 od&nbsp;wielu lat. Zaryzykowa\u0142em ca\u0142e \u017cycie i&nbsp;dorobek, bo&nbsp;uwa\u017cam, \u017ce&nbsp;mamy racj\u0119. Ale nie godz\u0119 si\u0119, by&nbsp;nie bra\u0107 je\u0144c\u00f3w i&nbsp;w&nbsp;niewol\u0119 bra\u0107 czyje\u015b&nbsp;dzieci (&#8230;) Wychowa\u0142em ca\u0142e pokolenia dzia\u0142aczy pozarz\u0105dowych i&nbsp;zawsze wskazywa\u0142em krytyczne zjawiska. Ale ten sektor nie dzia\u0142a \u017ale dlatego, \u017ce&nbsp;takie czy inne osoby z&nbsp;kim\u015b spokrewnione w&nbsp;nim&nbsp;dzia\u0142aj\u0105 (&#8230;) Przeprasza\u0142em w&nbsp;imieniu w\u0142asnym oraz w&nbsp;imieniu osoby, kt\u00f3ra jest w&nbsp;polskim rz\u0105dzie odpowiedzialna za&nbsp;sektor pozarz\u0105dowy. Wie Pan doskonale, o&nbsp;co&nbsp;chodzi. W&nbsp;pa\u0144stwa stacji, w&nbsp;<span class=\"caps\">TVP<\/span>, od&nbsp;pewnego czasu pr\u00f3buje si\u0119 zupe\u0142nie niepotrzebnie prowadzi\u0107 krucjat\u0119 przeciw sektorowi&nbsp;pozarz\u0105dowemu (&#8230;) O&nbsp;ile wiem, ta&nbsp;fundacja (w kt\u00f3rej zasiada \u017cona &#8211; dop.kj) zwr\u00f3ci\u0142a si\u0119 r\u00f3wnie\u017c z&nbsp;innymi wnioskami &#8211; one nie by\u0142y rozstrzygni\u0119te pozytywne. Zarzucanie mi, \u017ce&nbsp;daj\u0119 swoje \u017conie 50&nbsp;tys. z\u0142otych\u2026 Mog\u0119 si\u0119 tylko roze\u015bmia\u0107. Przykro mi, \u017ce&nbsp;w&nbsp;<span class=\"caps\">TVP<\/span> &#8211; po&nbsp;zmianie, na&nbsp;kt\u00f3r\u0105 harowa\u0142em tyle lat &#8211; jest taki dom wariat\u00f3w. Pa\u0144stwo oszaleli\u015bcie, to&nbsp;nieprofesjonalne. Pa\u0144stwo \u017ce\u015bcie oszaleli z&nbsp;tym materia\u0142ami o&nbsp;organizacjach pozarz\u0105dowych; z&nbsp;tymi grafami jakby organizacji przest\u0119pczych [2].<\/i><\/p>\r\n<p>A\u017c przykro by\u0142o patrze\u0107 na prymitywn\u0105 ekwilibrystyk\u0119 s\u0142own\u0105 wicepremiera i jego agresj\u0119 zar\u00f3wno w s\u0142owach, jak i po stronie tzw. mowy cia\u0142a.<\/p>\r\n<p>Po obejrzeniu tego\u017c wywiadu przez kilka minut siedzia\u0142em z kamienn\u0105 twarz\u0105 a potem przysz\u0142a refleksja&#8230; Nie przez przypadek ten cz\u0142owiek niegdy\u015b by\u0142 w antypolskiej Unii Wolno\u015bci a mo\u017ce i by\u0142 zwolennikiem koalicji 'PO-PiS&#8221; oraz nie po raz pierwszy Jaros\u0142aw Kaczy\u0144ski pomyli\u0142 si\u0119 w doborze kadr&#8230; Wcze\u015bniej za rz\u0105d\u00f3w PiS-S-LPR takimi pomy\u0142kami byli np. premier K. Marcinkiewicz czy minister spraw wewn\u0119trznych i administracji J. Kaczmarek.<\/p>\r\n<p>Wierz\u0119, \u017ce pani premier B. Szyd\u0142o, ale te\u017c nauczony do\u015bwiadczeniem J. Kaczy\u0144ski zobaczyli dzisiaj cz\u0142owieka niegodnego zasiadania w obecnym &#8211; jakby sie wydawa\u0142o propolskim &#8211; rz\u0105dzie&#8230; niezale\u017cnie jakie zas\u0142ugi \u00f3w cz\u0142owiek ma dla PiS.<\/p>\r\n<p>Na dobr\u0105 opini\u0119 trzeba pracowa\u0107 latami, a straci\u0107 j\u0105 mo\u017cna w jednej chwili. Wczoraj takiej chwili doczeka\u0142 niestety wicepremier prof. P. Gli\u0144ski. Szkoda, ale dymisja musi by\u0107 jak najszybciej.<\/p>\r\n<p>Pozdrawiam<\/p>\r\n<p><strong><em>krzysztofjaw<\/em><\/strong><\/p>\r\n<p>[1] <a href=\"http:\/\/wpolityce.pl\/polityka\/316929-przeprosiny-wicepremiera-gest-szlachetny-i-godny-szacunku-i-calkowicie-niezrozumialy-za-co-i-w-czyim-imieniu-przepraszal-piotr-glinski\">http:\/\/wpolityce.pl\/polityka\/316929-przeprosiny-wicepremiera-gest-szlachetny-i-godny-szacunku-i-calkowicie-niezrozumialy-za-co-i-w-czyim-imieniu-przepraszal-piotr-glinski<\/a><\/p>\r\n<p>[2] <a href=\"http:\/\/wpolityce.pl\/polityka\/317102-mocny-wywiad-wicepremiera-glinskiego-w-tvp-probuje-sie-zupelnie-niepotrzebnie-prowadzic-krucjate-przeciw-sektorowi-pozarzadowemu\">http:\/\/wpolityce.pl\/polityka\/317102-mocny-wywiad-wicepremiera-glinskiego-w-tvp-probuje-sie-zupelnie-niepotrzebnie-prowadzic-krucjate-przeciw-sektorowi-pozarzadowemu<\/a><\/p>\r\n<p class=\"zrodlo\">Za: <a href=\"http:\/\/krzysztofjaw.neon24.pl\/post\/135301,organizacje-pozarzadowe-popis-wicepremiera-p-glinskiego\">Neon24.pl &#8211; krzysztofjaw (28.11.2016)<\/a><\/p>\r\n<h4>&nbsp;<\/h4>\r\n<hr style=\"background-color: #000000; border-width: 0; color: #000000; height: 2px; line-height: 0; text-align: center; width: 100%;\">\r\n<h4>&nbsp;<\/h4>\r\n<h2>Fundacja to nie skarbonka. Dojenie kasy.<\/h2>\r\n<p><strong>Dojenie kasy poprzez fundacje to nie tylko polska specjalno\u015b\u0107. W\u0142a\u015bnie okaza\u0142o si\u0119, \u017ce niemieccy podatnicy finansowali (bez swojej wiedzy i zgody) fundacj\u0119 Hillary Clinton &#8211; w czasie walki wyborczej w USA. Po to s\u0105 media, aby patrze\u0107 w\u0142adzy na r\u0119ce.<\/strong><br>\r\n <br>\r\n Ca\u0142y salon III RP jest w szoku, \u017ce telewizja publiczna o\u015bmieli\u0142a si\u0119 zadawa\u0107 pytania wicepremierowi Gli\u0144skiemu na temat publicznych dotacji dla Fundacji Stocznia, w radzie kt\u00f3rej zasiada jego \u017cona. Skandal ! Faktycznie, po o\u015bmiu latach medialnego robienia laski koalicji PO-PSL wielu ludziom ci\u0119\u017cko jest wyobrazi\u0107 sobie, \u017ce media s\u0105 od patrzenia w\u0142adzy na r\u0119ce.<br>\r\n <br>\r\n &nbsp;Zaszokujemy wi\u0119c jeszcze bardziej salon III RP ujawniaj\u0105c, \u017ce nawet ich zagraniczni medialni sojusznicy patrz\u0105 (czasami) swojej w\u0142adzy na r\u0119ce.<br>\r\n <br>\r\n &nbsp;Lewicowy New York Times ujawni\u0142 kilka dni temu, \u017ce post\u0119powy premier Justin Trudeau (kochaj\u0105cy muzu\u0142ma\u0144skich migrant\u00f3w i Fidela Castro) wpl\u0105tany jest jako premier w proceder wyci\u0105gania setek tysi\u0119cy dolar\u00f3w od zagranicznych sponsor\u00f3w na rzecz rodzinnej fundacji Trudeau:<br>\r\n <br>\r\n <a href=\"http:\/\/www.nytimes.com\/2016\/11\/24\/world\/americas\/canada-justin-trudeau-donors.html\">www.nytimes.com\/2016\/11\/24\/world\/americas\/canada-justin-trudeau-donors.html<\/a><br>\r\n <br>\r\n &nbsp;A niemiecki Die Welt doni\u00f3s\u0142 w\u0142a\u015bnie dzisiaj, \u017ce rz\u0105d Angeli Merkel wp\u0142aci\u0142 kilka milion\u00f3w dolar\u00f3w na konto fundacji Hillary Clinton, w trzecim kwartale tego roku, czyli dok\u0142adnie w czasie ko\u0144cowej fazy walki wyborczej w USA:<br>\r\n <br>\r\n <a href=\"http:\/\/www.welt.de\/wirtschaft\/article159791364\/Bundesregierung-zahlte-Millionen-an-Clinton-Stiftung.html\">www.welt.de\/wirtschaft\/article159791364\/Bundesregierung-zahlte-Millionen-an-Clinton-Stiftung.html<\/a><br>\r\n <br>\r\n &nbsp;Skoro publiczna TVP zajmuje si\u0119 spraw\u0105 50 tys PLN publicznych pieni\u0119dzy na rzecz fundacji Stocznia, w kt\u00f3rej radzie zasiada \u017cona wicepremiera, to pokazuje, \u017ce zagraniczne media mog\u0105 bra\u0107 przyk\u0142ad z TVP. <br>\r\n <br>\r\n Czekamy wi\u0119c na to, \u017ce salon III RP przyzna TVP jak\u0105\u015b statuetk\u0119 na tradycyjnych galach w styczniu i lutym. A Tomasz Lis i Adam Michnik wyg\u0142osz\u0105 laudacj\u0119.<\/p>\r\n<p>Stanislas Balcerac<br>\r\n 28.11.2016<\/p>\r\n<p class=\"zrodlo\">Za: <a href=\"http:\/\/monsieurb.neon24.pl\/post\/135295,fundacja-to-nie-skarbonka\">Neon24.pl &#8211; monsieurb ()<\/a><\/p>\r\n<h4>&nbsp;<\/h4>\r\n<hr style=\"background-color: #000000; border-width: 0; color: #000000; height: 2px; line-height: 0; text-align: center; width: 100%;\">\r\n<h4>&nbsp;<\/h4>\r\n<h2>\u0179ona wicepremiera Gli\u0144skiego jak Sierakowski? Pracuje dla ameryka\u0144skiej fundacji, kt\u00f3ra finansuje organizacje pozarz\u0105dowe<\/h2>\r\n\r\n<p style=\"padding-left: 30px;\">&#8211; Fundacja w kt\u00f3rej pracuje pana \u017cona dosta\u0142a z ministerstwa kultury 50 tysi\u0119cy z\u0142otych &#8211; powiedzia\u0142 do ministra Gli\u0144skiego dziennikarz, kt\u00f3ry prowadzi\u0142 z nim g\u0142o\u015bn\u0105 ju\u017c rozmow\u0119 we wczorajszym programie &#8222;Go\u015b\u0107 Wiadomo\u015bci&#8221;.<br>\r\n &#8211; Czy Pan sobie zdaje spraw\u0119, \u017ce Pan g\u0142upstwa opowiada? &#8211; odpar\u0142 na to Gli\u0144ski. &#8211; Moja \u017cona nie pracuje w tej fundacji. <br>\r\n &#8211; Jest w radzie fundacji.<br>\r\n &#8211; No w\u0142a\u015bnie, jest w radzie fundacji.<br>\r\n &#8211; Jest w radzie tej fundacji. Czy Pan nie widzi w tym niczego niestosownego? &#8211; pyta\u0142 dalej dziennikarz.<\/p>\r\n<p>I tutaj w odpowiedzi pad\u0142y dosy\u0107 szczeg\u00f3lne s\u0142owa z ust ministra:<\/p>\r\n<p><span class=\"pullquote\"><!-- Moja \u017cona nie pracuje w tej fundacji. Jest delegowana do Rady tej fundacji ... przez ameryka\u0144sk\u0105 fundacj\u0119... --><\/span><\/p>\r\n<p style=\"padding-left: 30px;\">&#8211; Moja \u017cona nie pracuje w tej fundacji. Jest delegowana do Rady tej fundacji i ta informacja by\u0142a podana autorom pierwszej informacji, kt\u00f3ra rozpocz\u0119\u0142a to wszystko w waszej stacji telewizyjnej, ale nie zosta\u0142a wykorzystana. Jest delegowana do tej rady z ramienia sponsora, ameryka\u0144skiej fundacji, kt\u00f3ra sponsoruje t\u0119 \u017ce fundacj\u0119. M\u00f3wienie o tym, \u017ce ona pracuje w tej fundacji jest po prostu nieprawd\u0105.<\/p>\r\n<p>Jak si\u0119 jednak okazuje ta inna fundacja z kt\u00f3rej \u017cona ministra zosta\u0142a &#8222;oddelegowana&#8221; to fundacja za\u0142o\u017cona z pieni\u0119dzy ameryka\u0144skich. Renata Ko\u017alicka-Gli\u0144ska zosta\u0142a za\u015b oddelegowana do Rady Fundacji &#8222;Stocznia&#8221;. W fundacji &#8222;Stocznia&#8221; funkcj\u0119 wiceprezesa sprawuje c\u00f3rka Bronis\u0142awa Komorowskiego, Zofia. Na stronie &#8222;Stoczni&#8221; czytamy o niej &#8222;wiceprezeska&#8221;. Ten lewicowy \u017cargon m\u00f3wi w zasadzie ju\u017c wszystko o ideowym kierunku fundacji, kt\u00f3rej dzia\u0142ania &#8222;koncentruj\u0105 si\u0119 wok\u00f3\u0142 czterech kluczowych zagadnie\u0144: bada\u0144 i ewaluacji, innowacji spo\u0142ecznych, partycypacji obywatelskiej oraz zbli\u017cania wiedzy i praktyki&#8221;.<\/p>\r\n<p>Warto przypomnie\u0107, \u017ce to w\u0142a\u015bnie obok R\u00f3\u017cy Rzepli\u0144skiej, c\u00f3rki prezesa Trybuna\u0142u Konstytucyjnego, Zofia Komorowska by\u0142a przepraszana przez ministra Gli\u0144skiego za materia\u0142y jakie ukaza\u0142y si\u0119 na ich temat w TVP. Obie panie pracuj\u0105 w organizacjach pozarz\u0105dowych, ale problem polega na tym, na co zwracali uwag\u0119 dziennikarze, \u017ce te organizacje otrzymuj\u0105 wsparcie z pieni\u0119dzy publicznych. Poszed\u0142 wi\u0119c przekaz, \u017ce powi\u0105zania rodzinne, nie s\u0105 tu bez znaczenia.<\/p>\r\n<p>To w\u0142a\u015bnie nie spodoba\u0142o si\u0119 ministrowi Gli\u0144skiemu, kt\u00f3ry pr\u00f3bowa\u0142 wyja\u015bnia\u0107 spraw\u0119. Tymczasem powiedzia\u0142 chyba o jedno zdanie za du\u017co, bo tylko dola\u0142 oliwy do ognia. &#8222;Ameryka\u0144ska fundacja&#8221; z kt\u00f3rej \u017cona ministra kultury zosta\u0142a &#8222;oddelegowana&#8221; i w kt\u00f3rej pe\u0142ni funkcj\u0119 jednego z dyrektor\u00f3w programowych, to Polsko-Ameryka\u0144ska Fundacja Wolno\u015bci. Jak czytamy na stronie internetowej fundacji &#8222;Powstanie Fundacji sta\u0142o si\u0119 mo\u017cliwe dzi\u0119ki wyj\u0105tkowym dokonaniom Polsko-Ameryka\u0144skiego Funduszu Przedsi\u0119biorczo\u015bci, pionierskiej inicjatywie Stan\u00f3w Zjednoczonych&#8221;. <br>\r\n To w\u0142a\u015bnie pieni\u0105dze tego funduszu zosta\u0142y przekazane na rzecz fundacji w kt\u00f3rej obecnie \u017cona ministra kultury sprawuje dyrektorskie stanowisko. Fundusz zosta\u0142 utworzony w 1990 roku z pieni\u0119dzy rz\u0105du Stan\u00f3w Zjednoczonych. &#8222;W roku 2001 po\u0142owa pierwotnego grantu, czyli 120 mln USD, zosta\u0142a zwr\u00f3cona Rz\u0105dowi USA; sta\u0142o si\u0119 tak po raz pierwszy w historii ameryka\u0144skiej pomocy zagranicznej. Wcze\u015bniej, za zgod\u0105 Kongresu USA i w porozumieniu z Rz\u0105dem RP, rozpocz\u0119\u0142o si\u0119 stopniowe przekazywanie pozosta\u0142ych \u015brodk\u00f3w do ustanowionej przez Fundusz Polsko-Ameryka\u0144skiej Fundacji Wolno\u015bci.&#8221;<\/p>\r\n<p>W ostatnich dniach ze strony prawicowych medi\u00f3w i publicyst\u00f3w spad\u0142y ostre s\u0142owa krytyki pod adresem S\u0142awomira Sierakowskiego, szefa Krytyki Politycznej, kt\u00f3ry chwali\u0142 si\u0119 tym, \u017ce jego stowarzyszenie i jego dzia\u0142alno\u015b\u0107 nie s\u0105 uzale\u017cnione od \u015brodk\u00f3w pozyskiwanych od pa\u0144stwa, ale w 90% \u015brodki te pochodz\u0105 zza granicy. Jak wida\u0107 jednak to nie jedyne \u015brodowisko, kt\u00f3re korzysta obficie ze \u015brodk\u00f3w zagranicznych. Je\u017celi wicepremier polskiego rz\u0105du m\u00f3wi, \u017ce jego \u017cona pracuje dla ameryka\u0144skiej fundacji, kt\u00f3ra istnieje dzi\u0119ki pieni\u0105dzom pochodz\u0105cym od obcego rz\u0105du i nie widzi w tym jak wida\u0107 niczego niestosownego, to pokazuje tylko, \u017ce nic si\u0119 w kraju nad Wis\u0142\u0105 nie zmieni\u0142o, a &#8222;elity&#8221; III RP to nie s\u0105 elity suwerennego pa\u0144stwa, a jedynie elity postkolonialne.<\/p>\r\n<p class=\"zrodlo\">Za: <a href=\"http:\/\/www.dzienniknarodowy.pl\/3987\/zona-wicepremiera-glinskiego-jak-sierakowski-pracu\/\">Dziennik Narodowy (28 listopada 2016)<\/a><\/p>\r\n<h4>&nbsp;<\/h4>\r\n<hr style=\"background-color: #000000; border-width: 0; color: #000000; height: 2px; line-height: 0; text-align: center; width: 100%;\">\r\n<h4>&nbsp;<\/h4>\r\n<\/div>","protected":false},"excerpt":{"rendered":"Na dobr\u0105 opini\u0119 trzeba pracowa\u0107 latami, a straci\u0107 j\u0105 mo\u017cna w jednej chwili. Wczoraj takiej chwili doczeka\u0142 niestety wicepremier prof. P. Gli\u0144ski. Szkoda, ale dymisja musi by\u0107 jak najszybciej. Kto nie ogl\u0105da\u0142 wczorajszych Wiadomo\u015bci TVP oraz TVP Info i nie s\u0142ysza\u0142 rozmowy redaktora P. Adamczyka z wicepremierem prof. P. Gli\u0144skim ten winien jak najszybciej nadrobi\u0107 [&hellip;]","protected":false},"author":1,"featured_media":0,"comment_status":"closed","ping_status":"closed","sticky":false,"template":"","format":"standard","meta":{"_acf_changed":false,"_monsterinsights_skip_tracking":false,"_monsterinsights_sitenote_active":false,"_monsterinsights_sitenote_note":"","_monsterinsights_sitenote_category":0,"ngg_post_thumbnail":0,"footnotes":"","_wp_rev_ctl_limit":""},"categories":[8],"tags":[147,98,159,20],"acf":[],"_links":{"self":[{"href":"https:\/\/www.bibula.com\/index.php?rest_route=\/wp\/v2\/posts\/91712"}],"collection":[{"href":"https:\/\/www.bibula.com\/index.php?rest_route=\/wp\/v2\/posts"}],"about":[{"href":"https:\/\/www.bibula.com\/index.php?rest_route=\/wp\/v2\/types\/post"}],"author":[{"embeddable":true,"href":"https:\/\/www.bibula.com\/index.php?rest_route=\/wp\/v2\/users\/1"}],"replies":[{"embeddable":true,"href":"https:\/\/www.bibula.com\/index.php?rest_route=%2Fwp%2Fv2%2Fcomments&post=91712"}],"version-history":[{"count":0,"href":"https:\/\/www.bibula.com\/index.php?rest_route=\/wp\/v2\/posts\/91712\/revisions"}],"wp:attachment":[{"href":"https:\/\/www.bibula.com\/index.php?rest_route=%2Fwp%2Fv2%2Fmedia&parent=91712"}],"wp:term":[{"taxonomy":"category","embeddable":true,"href":"https:\/\/www.bibula.com\/index.php?rest_route=%2Fwp%2Fv2%2Fcategories&post=91712"},{"taxonomy":"post_tag","embeddable":true,"href":"https:\/\/www.bibula.com\/index.php?rest_route=%2Fwp%2Fv2%2Ftags&post=91712"}],"curies":[{"name":"wp","href":"https:\/\/api.w.org\/{rel}","templated":true}]}}