{"id":9161,"date":"2009-05-06T13:03:58","date_gmt":"2009-05-06T18:03:58","guid":{"rendered":"http:\/\/www.bibula.com\/?p=9161"},"modified":"2009-05-06T13:03:58","modified_gmt":"2009-05-06T18:03:58","slug":"ks-kotlarz-posmiertnie-odznaczony-przez-prezydenta-rp","status":"publish","type":"post","link":"https:\/\/www.bibula.com\/?p=9161","title":{"rendered":"Ks. Kotlarz po\u015bmiertnie odznaczony przez prezydenta RP"},"content":{"rendered":"<p>Ciesz\u0119 si\u0119 z tej decyzji, zw\u0142aszcza, \u017ce w Radwanowicach mieszka siostrzenica kapelana robotnik\u00f3w z Radomia. Dzi\u0119ki niej wiem du\u017co szczeg\u00f3\u0142\u00f3w z \u017cycia owego duchownego.<\/p>\r\n\r\n<p>Ks. Roman Kotlarz, legendarny kapelan robotnik\u00f3w radomskiego Czerwca 1976 roku, zosta\u0142 po\u015bmiertnie odznaczony przez prezydenta Polski jednym z najwy\u017cszych polskich wyr\u00f3\u017cnie\u0144, Krzy\u017cem Komandorskim z Gwiazd\u0105 Orderu Odrodzenia Polski. Odznaczenie wr\u0119czono za wybitne zas\u0142ugi w dzia\u0142alno\u015bci na rzecz przemian demokratycznych w Polsce. By\u0107 mo\u017ce zostanie ono przekazane do O\u015brodka Dokumentacji \u0179ycia Kap\u0142ana w Koniem\u0142otach (diecezja sandomierska).<\/p>\r\n\r\n<p>W 2004 r. w parafii Koniem\u0142oty w diecezji sandomierskiej &#8211; gdzie urodzi\u0142 si\u0119 i zosta\u0142 pochowany ks. Kotlarz &#8211; powsta\u0142 O\u015brodek Dokumentacji \u0179ycia kap\u0142ana, uwa\u017canego za bohatera radomskiego Czerwca 1976 r. O\u015brodek zbiera i przygotowuje materia\u0142y do rozpocz\u0119cia procesu beatyfikacyjnego kap\u0142ana. &#8211; Staramy si\u0119 dociera\u0107 z informacj\u0105 do ludzi w ca\u0142ej Polsce, niekt\u00f3rzy przysy\u0142aj\u0105 \u015bwiadectwa, jest troch\u0119 zdj\u0119\u0107. Najcenniejsz\u0105 pami\u0105tk\u0105 jest kserokopia nadania ks. Kotlarzowi medalu za walk\u0119 z komunizmem o niepodleg\u0142\u0105 Polsk\u0119 &#8211; informuje ks. Pawe\u0142 Cygan, kieruj\u0105cy O\u015brodkiem.<\/p>\r\n\r\n<p>KAI<\/p>\r\n\r\n\r\n<blockquote>\r\n<h3>Sylwetka ks. Romana Kotlarza<\/h3>\r\n\r\n\r\n<p class=\"MsoNormal\" style=\"text-align: justify;\">Ks. Roman Kotlarz (1928-1976) do dzi\u015b pozostaje w pami\u0119ci radomian symbolem walki robotnik\u00f3w o wolno\u015b\u0107 i godno\u015b\u0107 ludzkiego \u017cycia. 25 czerwca 1976 r. znalaz\u0142 si\u0119 &#8211; jak sam pisa\u0142 &#8211; \u201e\u015bwiadomie i dobrowolnie\u201d w ogromnej rzeszy strajkuj\u0105cych z Zak\u0142ad\u00f3w Metalowych Waltera w Radomiu. Nast\u0119pnie ze schod\u00f3w ko\u015bcio\u0142a \u015awi\u0119tej Tr\u00f3jcy b\u0142ogos\u0142awi\u0142 protestuj\u0105cych robotnik\u00f3w w czasie manifestacji.<\/p>\r\n\r\n<p class=\"MsoNormal\" style=\"text-align: justify;\">Po wydarzeniach Czerwca &#8217;76 ks. Kotlarz w parafii w Pelagowie wraz z wiernymi modli\u0142 si\u0119 w intencji pobitych, aresztowanych i usuwanych z pracy robotnik\u00f3w. W kazaniach domaga\u0142 si\u0119 szacunku dla cz\u0142owieka i jego pracy, pi\u0119tnowa\u0142 k\u0142amstwo i brak sprawiedliwo\u015bci w PRL. Wzywany na przes\u0142uchania, przechodzi\u0142 \u201e\u015bcie\u017cki zdrowia\u201d, kilkakrotnie w okrutny spos\u00f3b zosta\u0142 pobity do nieprzytomno\u015bci przez \u201enieznanych sprawc\u00f3w\u201d.<\/p>\r\n\r\n<p class=\"MsoNormal\" style=\"text-align: justify;\">Po wydarzeniach radomskich 15 sierpnia 1976 r. ks. Kotlarz odprawia\u0142 na parafii w Pelagowie Msz\u0119 \u015bw. za zamordowanych i pobitych robotnik\u00f3w. W jej trakcie zas\u0142ab\u0142. Po trzydniowym pobycie w szpitalu zmar\u0142 18 sierpnia. Sekcja zw\u0142ok wykaza\u0142a, \u017ce przyczyn\u0105 zgonu by\u0142a niewydolno\u015b\u0107 mi\u0119\u015bnia sercowego. Mimo wielu \u015bwiadectw o zn\u0119caniu si\u0119 nad ksi\u0119dzem, lekarze nie stwierdzili obra\u017ce\u0144 mog\u0105cych powsta\u0107 po pobiciu.<\/p>\r\n\r\n<p class=\"MsoNormal\" style=\"text-align: justify;\">W 1981 r. po licznych protestach wiernych, w\u0142adze wszcz\u0119\u0142y \u015bledztwo w sprawie \u015bmierci kap\u0142ana. Po kilku miesi\u0105cach dochodzenia, zako\u0144czy\u0142o si\u0119 ono umorzeniem.<\/p>\r\n\r\n<p class=\"MsoNormal\" style=\"text-align: justify;\">W 1990 r. prokuratura wojew\u00f3dzka w Radomiu wznowi\u0142a \u015bledztwo, ale i ono zosta\u0142o umorzone, chocia\u017c prokuratorzy przes\u0142uchali prawie wszystkich funkcjonariuszy SB zajmuj\u0105cych si\u0119 w Radomiu zwalczaniem Ko\u015bcio\u0142a katolickiego.<\/p>\r\n\r\n<p class=\"MsoNormal\" style=\"text-align: justify;\">Dziennik Internetowy KAI<\/p><\/blockquote>\r\n\r\n\r\n<p class=\"MsoNormal\" style=\"text-align: justify;\">\u00a0<\/p>\r\n\r\n<p class=\"MsoNormal\" style=\"text-align: justify;\">Za: <a href=\"http:\/\/www.isakowicz.pl\/index.php?page=news&amp;kid=8&amp;nid=1727\">Blog ks. Tadeusza Isakowicza-Zaleskiego<\/a><\/p>\r\n\r\n<p class=\"MsoNormal\" style=\"text-align: justify;\">\u00a0<\/p>","protected":false},"excerpt":{"rendered":"Ciesz\u0119 si\u0119 z tej decyzji, zw\u0142aszcza, \u017ce w Radwanowicach mieszka siostrzenica kapelana robotnik\u00f3w z Radomia. Dzi\u0119ki niej wiem du\u017co szczeg\u00f3\u0142\u00f3w z \u017cycia owego duchownego. Ks. Roman Kotlarz, legendarny kapelan robotnik\u00f3w radomskiego Czerwca 1976 roku, zosta\u0142 po\u015bmiertnie odznaczony przez prezydenta Polski jednym z najwy\u017cszych polskich wyr\u00f3\u017cnie\u0144, Krzy\u017cem Komandorskim z Gwiazd\u0105 Orderu Odrodzenia Polski. Odznaczenie wr\u0119czono za [&hellip;]","protected":false},"author":1,"featured_media":0,"comment_status":"closed","ping_status":"closed","sticky":false,"template":"","format":"standard","meta":{"_acf_changed":false,"_monsterinsights_skip_tracking":false,"_monsterinsights_sitenote_active":false,"_monsterinsights_sitenote_note":"","_monsterinsights_sitenote_category":0,"ngg_post_thumbnail":0,"footnotes":"","_wp_rev_ctl_limit":""},"categories":[8],"tags":[66,98,36],"acf":[],"_links":{"self":[{"href":"https:\/\/www.bibula.com\/index.php?rest_route=\/wp\/v2\/posts\/9161"}],"collection":[{"href":"https:\/\/www.bibula.com\/index.php?rest_route=\/wp\/v2\/posts"}],"about":[{"href":"https:\/\/www.bibula.com\/index.php?rest_route=\/wp\/v2\/types\/post"}],"author":[{"embeddable":true,"href":"https:\/\/www.bibula.com\/index.php?rest_route=\/wp\/v2\/users\/1"}],"replies":[{"embeddable":true,"href":"https:\/\/www.bibula.com\/index.php?rest_route=%2Fwp%2Fv2%2Fcomments&post=9161"}],"version-history":[{"count":0,"href":"https:\/\/www.bibula.com\/index.php?rest_route=\/wp\/v2\/posts\/9161\/revisions"}],"wp:attachment":[{"href":"https:\/\/www.bibula.com\/index.php?rest_route=%2Fwp%2Fv2%2Fmedia&parent=9161"}],"wp:term":[{"taxonomy":"category","embeddable":true,"href":"https:\/\/www.bibula.com\/index.php?rest_route=%2Fwp%2Fv2%2Fcategories&post=9161"},{"taxonomy":"post_tag","embeddable":true,"href":"https:\/\/www.bibula.com\/index.php?rest_route=%2Fwp%2Fv2%2Ftags&post=9161"}],"curies":[{"name":"wp","href":"https:\/\/api.w.org\/{rel}","templated":true}]}}