{"id":91262,"date":"2016-11-11T12:01:44","date_gmt":"2016-11-11T17:01:44","guid":{"rendered":"http:\/\/www.bibula.com\/?p=91262"},"modified":"2016-11-11T12:01:44","modified_gmt":"2016-11-11T17:01:44","slug":"franciszek-spotkal-sie-z-bylymi-ksiezmi-i-ich-rodzinami","status":"publish","type":"post","link":"https:\/\/www.bibula.com\/?p=91262","title":{"rendered":"Franciszek spotka\u0142 si\u0119 z by\u0142ymi ksi\u0119\u017cmi i ich rodzinami"},"content":{"rendered":"<p>Ostatni pi\u0105tek mi\u0142osierdzia Roku Jubileuszowego Papie\u017c Franciszek po\u015bwi\u0119ci\u0142 rodzinom za\u0142o\u017conym przez ksi\u0119\u017cy, kt\u00f3rzy w ostatnich latach odeszli z kap\u0142a\u0144stwa. Spotkanie odby\u0142o si\u0119 dzi\u015b po po\u0142udniu w jednym z prywatnych mieszka\u0144 na peryferiach Rzymu. W watyka\u0144skim komunikacie informuj\u0105cym o tym wydarzeniu czytamy, \u017ce Papie\u017c chcia\u0142 okaza\u0107 gest blisko\u015bci i mi\u0142o\u015bci tym m\u0142odym ludziom, kt\u00f3rzy dokonali wyboru niejednokrotnie niepodzielanego przez ich najbli\u017cszych i przez wsp\u00f3\u0142braci w kap\u0142a\u0144stwie.<\/p>\r\n<p>\u201ePo latach pos\u0142ugi kap\u0142a\u0144skiej pe\u0142nionej w parafiach samotno\u015b\u0107, brak zrozumienia, zm\u0119czenie wielkim wysi\u0142kiem, jakim jest odpowiedzialno\u015b\u0107 duszpasterska, wywo\u0142a\u0142y kryzys co do ich pierwotnego wyboru kap\u0142a\u0144stwa. Nadesz\u0142y wi\u0119c miesi\u0105ce i lata niepewno\u015bci i w\u0105tpliwo\u015bci, kt\u00f3re cz\u0119sto doprowadzi\u0142y do przekonania, \u017ce wybieraj\u0105c kap\u0142a\u0144stwo dokonali mylnego wyboru. St\u0105d decyzja o pozostawieniu prezbiteratu i za\u0142o\u017ceniu rodziny\u201d &#8211; czytamy w komunikacie informuj\u0105cym o spotkaniu Papie\u017ca z by\u0142ymi ksi\u0119\u017cmi. Czterech z nich pracowa\u0142o w diecezji rzymskiej, a trzech pozosta\u0142ych w Madrycie, na Sycylii i w Ameryce \u0141aci\u0144skiej.&nbsp;<\/p>\r\n<p>bz\/ rv<\/p>","protected":false},"excerpt":{"rendered":"Ostatni pi\u0105tek mi\u0142osierdzia Roku Jubileuszowego Papie\u017c Franciszek po\u015bwi\u0119ci\u0142 rodzinom za\u0142o\u017conym przez ksi\u0119\u017cy, kt\u00f3rzy w ostatnich latach odeszli z kap\u0142a\u0144stwa. Spotkanie odby\u0142o si\u0119 dzi\u015b po po\u0142udniu w jednym z prywatnych mieszka\u0144 na peryferiach Rzymu. W watyka\u0144skim komunikacie informuj\u0105cym o tym wydarzeniu czytamy, \u017ce Papie\u017c chcia\u0142 okaza\u0107 gest blisko\u015bci i mi\u0142o\u015bci tym m\u0142odym ludziom, kt\u00f3rzy dokonali wyboru [&hellip;]","protected":false},"author":1,"featured_media":0,"comment_status":"closed","ping_status":"closed","sticky":false,"template":"","format":"standard","meta":{"_acf_changed":false,"_monsterinsights_skip_tracking":false,"ngg_post_thumbnail":0,"footnotes":"","_wp_rev_ctl_limit":""},"categories":[3],"tags":[301,33],"acf":[],"_links":{"self":[{"href":"https:\/\/www.bibula.com\/index.php?rest_route=\/wp\/v2\/posts\/91262"}],"collection":[{"href":"https:\/\/www.bibula.com\/index.php?rest_route=\/wp\/v2\/posts"}],"about":[{"href":"https:\/\/www.bibula.com\/index.php?rest_route=\/wp\/v2\/types\/post"}],"author":[{"embeddable":true,"href":"https:\/\/www.bibula.com\/index.php?rest_route=\/wp\/v2\/users\/1"}],"replies":[{"embeddable":true,"href":"https:\/\/www.bibula.com\/index.php?rest_route=%2Fwp%2Fv2%2Fcomments&post=91262"}],"version-history":[{"count":0,"href":"https:\/\/www.bibula.com\/index.php?rest_route=\/wp\/v2\/posts\/91262\/revisions"}],"wp:attachment":[{"href":"https:\/\/www.bibula.com\/index.php?rest_route=%2Fwp%2Fv2%2Fmedia&parent=91262"}],"wp:term":[{"taxonomy":"category","embeddable":true,"href":"https:\/\/www.bibula.com\/index.php?rest_route=%2Fwp%2Fv2%2Fcategories&post=91262"},{"taxonomy":"post_tag","embeddable":true,"href":"https:\/\/www.bibula.com\/index.php?rest_route=%2Fwp%2Fv2%2Ftags&post=91262"}],"curies":[{"name":"wp","href":"https:\/\/api.w.org\/{rel}","templated":true}]}}