{"id":91258,"date":"2016-11-11T09:30:58","date_gmt":"2016-11-11T14:30:58","guid":{"rendered":"http:\/\/www.bibula.com\/?p=91258"},"modified":"2016-11-11T09:33:58","modified_gmt":"2016-11-11T14:33:58","slug":"de-mattei-kleczac-przed-lutrem-roberto-de-mattei","status":"publish","type":"post","link":"https:\/\/www.bibula.com\/?p=91258","title":{"rendered":"\u201eKl\u0119cz\u0105c przed Lutrem&#8221; &#8211; <em>Roberto de Mattei<\/em>"},"content":{"rendered":"<p><strong>M\u00f3wimy to z g\u0142\u0119bokim \u017calem. To, co wysz\u0142o na \u015bwiat\u0142o dzienne podczas spotkania ekumenicznego pomi\u0119dzy papie\u017cem Franciszkiem a \u015awiatow\u0105 Federacj\u0105 Lutera\u0144sk\u0105 w Lund, wydaje si\u0119 by\u0107 now\u0105 religi\u0105. Religi\u0105, kt\u00f3rej punkty wyj\u015bcia s\u0105 wyra\u017ane, ale punkty doj\u015bcia mroczne, niepokoj\u0105ce.<\/strong><\/p>\r\n<p>Sloganem, kt\u00f3ry rozbrzmiewa\u0142 najdono\u015bniej w katedrze w Lund, by\u0142 slogan o potrzebie \u201ewsp\u00f3lnej \u015bcie\u017cki\u201d, kt\u00f3ra doprowadzi\u0142aby katolik\u00f3w i luteran\u00f3w \u201eod konfliktu do komunii\u201d. Zar\u00f3wno papie\u017c Franciszek, jak i pastor Martin Junge, sekretarz Federacji Lutera\u0144skiej, nawi\u0105zywali w swoich kazaniach do ewangelicznej przypowie\u015bci o winoro\u015bli i ga\u0142\u0105zkach. Katolicy i luteranie mieliby by\u0107 \u201esuchymi ga\u0142\u0105zkami\u201d jednego krzewu winoro\u015bli, kt\u00f3re nie przynosz\u0105 owoc\u00f3w w wyniku podzia\u0142u z roku 1517. Jednak\u017ce nikt nie wie, czym mia\u0142by by\u0107 ten \u201eowoc\u201d. W tej chwili jedyne, co wydaje si\u0119 \u0142\u0105czy\u0107 zar\u00f3wno katolik\u00f3w, jak i luteran\u00f3w, to stan g\u0142\u0119bokiego kryzysu, cho\u0107 wywo\u0142any innymi przyczynami.<\/p>\r\n<p>Luteranizm by\u0142 jednym z powa\u017cnych czynnik\u00f3w sekularyzacji spo\u0142ecze\u0144stwa Zachodu, a dzisiaj do\u015bwiadcza przed\u015bmiertnych drgawek, co spowodowane jest konsekwencj\u0105, z jak\u0105 rozwin\u0105\u0142 ziarna swojego w\u0142asnego zniszczenia, obecne u samych jego pocz\u0105tk\u00f3w. Kraje skandynawskie, od dawna uwa\u017cane za wzory naszej przysz\u0142o\u015bci, sta\u0142y na pierwszej linii sekularyzacji. Jednak\u017ce Szwecja, po tym, jak przekszta\u0142ci\u0142a si\u0119 w kraj multikulturalizmu i praw homoseksualist\u00f3w, jest dzisiaj krajem, w kt\u00f3rym praktykuje\u2026 2% luteran\u00f3w. A 10% ludno\u015bci wyznaje islam!<\/p>\r\n<p>Ko\u015bci\u00f3\u0142 katolicki natomiast znajduje si\u0119 w kryzysie samozniszczenia, co jest wynikiem porzucenia swojej tradycji, by przyj\u0105\u0107 proces sekularyzacji wsp\u00f3\u0142czesnego \u015bwiata, dok\u0142adnie w chwili, kiedy nast\u0119puje jego dezintegracja. Luteranie szukaj\u0105 w ekumenizmie tchnienia \u017cycia, a Ko\u015bci\u00f3\u0142 katolicki nie zdaje sobie sprawy z wynikaj\u0105cego z tych u\u015bcisk\u00f3w tchnienia \u015bmierci.<\/p>\r\n<p>\u201eTo, co nas jednoczy, jest du\u017co wi\u0119ksze od tego, co nas dzieli\u201d &#8211; powtarzano ponownie na ceremonii w Lund. Jednak, co dok\u0142adnie jednoczy katolik\u00f3w i luteran\u00f3w? Nic, nawet chrzest &#8211; jedyny z siedmiu sakrament\u00f3w, kt\u00f3ry uznaj\u0105 luteranie. W rzeczywisto\u015bci dla katolik\u00f3w chrzest usuwa grzech pierworodny, podczas gdy zdaniem luteran\u00f3w nie mo\u017ce on by\u0107 anulowany, bowiem wed\u0142ug nich natura ludzka jest \u201eradykalnie zepsuta\u201d, a grzech \u201eniezwyci\u0119\u017cony\u201d. Formu\u0142a Lutra \u201egrzesz mocno, ale jeszcze mocniej wierz\u201d rzeczywi\u015bcie streszcza jego my\u015bl. Cz\u0142owiek jest niezdolny do dobra i nie mo\u017ce zrobi\u0107 nic innego, jak grzeszy\u0107 i \u015blepo zda\u0107 si\u0119 na Bo\u017c\u0105 \u0142ask\u0119. B\u00f3g decyduje w arbitralny, nieodwo\u0142alny spos\u00f3b, kto zostaje pot\u0119piony, a kto zbawiony. Wolno\u015b\u0107 nie istnieje, tylko surowa predestynacja wybranych i pot\u0119pionych.<\/p>\r\n<p>Protestanckie zawo\u0142anie \u201etylko wiara\u201d idzie w parze z \u201etylko Pismo\u201d. A przecie\u017c wed\u0142ug katolik\u00f3w istniej\u0105 dwa \u017ar\u00f3d\u0142a Bo\u017cego Objawienia: Pismo \u015awi\u0119te i Tradycja. Luteranie wykluczaj\u0105 Tradycj\u0119, gdy\u017c twierdz\u0105, \u017ce cz\u0142owiek musi nawi\u0105za\u0107 bezpo\u015bredni\u0105 relacj\u0119 z Bogiem, bez \u017cadnego po\u015brednictwa. Jest to zasada \u201ewolno\u015bci badania\u201d Biblii, z kt\u00f3rej wyrasta indywidualizm i wsp\u00f3\u0142czesny relatywizm. Zasada ta zak\u0142ada zakwestionowanie Ko\u015bcio\u0142a i papie\u017ca, kt\u00f3rego Luter nazwa\u0142 \u201eaposto\u0142em szatana\u201d i \u201eantychrystem\u201d. Opr\u00f3cz papie\u017ca, Luter szczeg\u00f3lnie nienawidzi\u0142 katolickiej Mszy, kt\u00f3r\u0105 chcia\u0142 zredukowa\u0107 do zwyk\u0142ego \u201eupami\u0119tnienia\u201d. Jak? Poprzez zakwestionowanie ofiarnej natury transsubstancjacji chleba i wina w Cia\u0142o i Krew Jezusa Chrystusa. A przecie\u017c dla katolik\u00f3w odnawianie bezkrwawej ofiary Chrystusa, kt\u00f3r\u0105 jest Msza \u015awi\u0119ta, jest jedynym \u017ar\u00f3d\u0142em Bo\u017cej \u0142aski. Czy jest to proste nieporozumienie i niezrozumienie?<\/p>\r\n<p>Papie\u017c Bergoglio o\u015bwiadczy\u0142 w Lund: \u201eMy tak\u017ce musimy spojrze\u0107 z mi\u0142o\u015bci\u0105 i uczciwo\u015bci\u0105 na nasz\u0105 przesz\u0142o\u015b\u0107, uzna\u0107 b\u0142\u0105d i prosi\u0107 o przebaczenie\u201d. I jeszcze: \u201enale\u017cy przyzna\u0107 z t\u0105 sam\u0105 uczciwo\u015bci\u0105, \u017ce nasz podzia\u0142 by\u0142 odst\u0105pieniem od pierwotnej intuicji ludu Bo\u017cego, kt\u00f3ry w spos\u00f3b naturalny d\u0105\u017cy do pozostawania w jedno\u015bci, a podzia\u0142 ten zosta\u0142 spowodowany bardziej przez \u015bwiatowych ludzi w\u0142adzy, a nie wol\u0119 wiernych\u201d.<\/p>\r\n<p>Kim s\u0105 ci ludzie w\u0142adzy? Czy to papie\u017ce i \u015bwi\u0119ci, kt\u00f3rzy od samego pocz\u0105tku walczyli przeciwko luteranizmowi? Czy to Ko\u015bci\u00f3\u0142, kt\u00f3ry przez pi\u0119\u0107 wiek\u00f3w go pot\u0119pia\u0142? Sob\u00f3r Trydencki wyg\u0142osi\u0142 wszak stanowcze s\u0142owa o niezgodno\u015bci wiary katolickiej z wiar\u0105 protestanck\u0105! Nie mo\u017cemy pod\u0105\u017ca\u0107 za papie\u017cem Franciszkiem po innej \u015bcie\u017cce.<\/p>\r\n<p><strong><em>Roberto de Mattei<\/em><\/strong><\/p>\r\n<p>Pierwszy raz opublikowano w \u201eIl Tempo\u201d 1 listopada 2016<\/p>\r\n<p>t\u0142um. Jan J. Franczak<\/p>","protected":false},"excerpt":{"rendered":"M\u00f3wimy to z g\u0142\u0119bokim \u017calem. To, co wysz\u0142o na \u015bwiat\u0142o dzienne podczas spotkania ekumenicznego pomi\u0119dzy papie\u017cem Franciszkiem a \u015awiatow\u0105 Federacj\u0105 Lutera\u0144sk\u0105 w Lund, wydaje si\u0119 by\u0107 now\u0105 religi\u0105. Religi\u0105, kt\u00f3rej punkty wyj\u015bcia s\u0105 wyra\u017ane, ale punkty doj\u015bcia mroczne, niepokoj\u0105ce. Sloganem, kt\u00f3ry rozbrzmiewa\u0142 najdono\u015bniej w katedrze w Lund, by\u0142 slogan o potrzebie \u201ewsp\u00f3lnej \u015bcie\u017cki\u201d, kt\u00f3ra doprowadzi\u0142aby [&hellip;]","protected":false},"author":1,"featured_media":0,"comment_status":"closed","ping_status":"closed","sticky":false,"template":"","format":"standard","meta":{"_acf_changed":false,"_monsterinsights_skip_tracking":false,"_monsterinsights_sitenote_active":false,"_monsterinsights_sitenote_note":"","_monsterinsights_sitenote_category":0,"ngg_post_thumbnail":0,"footnotes":"","_wp_rev_ctl_limit":""},"categories":[3],"tags":[301,238,321,33],"acf":[],"_links":{"self":[{"href":"https:\/\/www.bibula.com\/index.php?rest_route=\/wp\/v2\/posts\/91258"}],"collection":[{"href":"https:\/\/www.bibula.com\/index.php?rest_route=\/wp\/v2\/posts"}],"about":[{"href":"https:\/\/www.bibula.com\/index.php?rest_route=\/wp\/v2\/types\/post"}],"author":[{"embeddable":true,"href":"https:\/\/www.bibula.com\/index.php?rest_route=\/wp\/v2\/users\/1"}],"replies":[{"embeddable":true,"href":"https:\/\/www.bibula.com\/index.php?rest_route=%2Fwp%2Fv2%2Fcomments&post=91258"}],"version-history":[{"count":0,"href":"https:\/\/www.bibula.com\/index.php?rest_route=\/wp\/v2\/posts\/91258\/revisions"}],"wp:attachment":[{"href":"https:\/\/www.bibula.com\/index.php?rest_route=%2Fwp%2Fv2%2Fmedia&parent=91258"}],"wp:term":[{"taxonomy":"category","embeddable":true,"href":"https:\/\/www.bibula.com\/index.php?rest_route=%2Fwp%2Fv2%2Fcategories&post=91258"},{"taxonomy":"post_tag","embeddable":true,"href":"https:\/\/www.bibula.com\/index.php?rest_route=%2Fwp%2Fv2%2Ftags&post=91258"}],"curies":[{"name":"wp","href":"https:\/\/api.w.org\/{rel}","templated":true}]}}