{"id":91103,"date":"2016-11-05T14:07:30","date_gmt":"2016-11-05T18:07:30","guid":{"rendered":"http:\/\/www.bibula.com\/?p=91103"},"modified":"2016-11-05T14:07:30","modified_gmt":"2016-11-05T18:07:30","slug":"abp-hoser-relatywizacja-ludzkiego-zycia-prowadzi-do-ludobojstwa","status":"publish","type":"post","link":"https:\/\/www.bibula.com\/?p=91103","title":{"rendered":"Abp Hoser: relatywizacja ludzkiego \u017cycia prowadzi do ludob\u00f3jstwa"},"content":{"rendered":"<p><strong>Relatywizacja ludzkiego \u017cycia prowadzi do tragedii ludob\u00f3jstwa &#8211; ostrzeg\u0142 abp Henryk Hoser. W katedrze \u015bw. Micha\u0142a Archanio\u0142a i \u015bw. Floriana odby\u0142y si\u0119 uroczysto\u015bci upami\u0119tniaj\u0105ce 222. rocznic\u0119 rzezi Pragi, w czasie kt\u00f3rej wojska rosyjskie pod dow\u00f3dztwem Aleksandra Suworowa dokona\u0142y masakry ludno\u015bci cywilnej na prawym brzegu Wis\u0142y.<\/strong><\/p>\r\n<p>\u201eJaka jest &#8211; pyta\u0142 ordynariusz warszawsko-praski &#8211; warto\u015b\u0107 \u017cycia ludzkiego, kiedy j\u0105 relatywizujemy, gdy jej nie uznajemy, je\u017celi nie ma pewnej kwalifikowanej jako\u015bci \u017cycia, gdy samo w sobie nie ma ono warto\u015bci, a musi mie\u0107 prze\u0142o\u017cenie na jako\u015b\u0107 ekonomiczn\u0105, polityczn\u0105, spo\u0142eczn\u0105, kiedy cz\u0142owiekowi w skrajnych granicach jego istnienia odmawia si\u0119 kwalifikacji osoby ludzkiej? To s\u0105 wszystko ingrediencje, kt\u00f3re przygotowuj\u0105 nast\u0119pne epizody ludob\u00f3jstwa w naszej wsp\u00f3\u0142czesnej historii\u201d &#8211; stwierdzi\u0142 abp Hoser.<\/p>\r\n<p>Na zako\u0144czenie hierarcha zaapelowa\u0142 o modlitw\u0119 w intencji tych, kt\u00f3rzy zostali zamordowani, by znale\u017ali pocieszenie w Kr\u00f3lestwie Chrystusa.&nbsp;<\/p>\r\n<p>R. \u0141\u0105czny, KAI\/ rv<\/p>","protected":false},"excerpt":{"rendered":"Relatywizacja ludzkiego \u017cycia prowadzi do tragedii ludob\u00f3jstwa &#8211; ostrzeg\u0142 abp Henryk Hoser. W katedrze \u015bw. Micha\u0142a Archanio\u0142a i \u015bw. Floriana odby\u0142y si\u0119 uroczysto\u015bci upami\u0119tniaj\u0105ce 222. rocznic\u0119 rzezi Pragi, w czasie kt\u00f3rej wojska rosyjskie pod dow\u00f3dztwem Aleksandra Suworowa dokona\u0142y masakry ludno\u015bci cywilnej na prawym brzegu Wis\u0142y. \u201eJaka jest &#8211; pyta\u0142 ordynariusz warszawsko-praski &#8211; warto\u015b\u0107 \u017cycia ludzkiego, [&hellip;]","protected":false},"author":1,"featured_media":0,"comment_status":"closed","ping_status":"closed","sticky":false,"template":"","format":"standard","meta":{"_acf_changed":false,"_monsterinsights_skip_tracking":false,"ngg_post_thumbnail":0,"footnotes":"","_wp_rev_ctl_limit":""},"categories":[5],"tags":[94,119,49],"acf":[],"_links":{"self":[{"href":"https:\/\/www.bibula.com\/index.php?rest_route=\/wp\/v2\/posts\/91103"}],"collection":[{"href":"https:\/\/www.bibula.com\/index.php?rest_route=\/wp\/v2\/posts"}],"about":[{"href":"https:\/\/www.bibula.com\/index.php?rest_route=\/wp\/v2\/types\/post"}],"author":[{"embeddable":true,"href":"https:\/\/www.bibula.com\/index.php?rest_route=\/wp\/v2\/users\/1"}],"replies":[{"embeddable":true,"href":"https:\/\/www.bibula.com\/index.php?rest_route=%2Fwp%2Fv2%2Fcomments&post=91103"}],"version-history":[{"count":0,"href":"https:\/\/www.bibula.com\/index.php?rest_route=\/wp\/v2\/posts\/91103\/revisions"}],"wp:attachment":[{"href":"https:\/\/www.bibula.com\/index.php?rest_route=%2Fwp%2Fv2%2Fmedia&parent=91103"}],"wp:term":[{"taxonomy":"category","embeddable":true,"href":"https:\/\/www.bibula.com\/index.php?rest_route=%2Fwp%2Fv2%2Fcategories&post=91103"},{"taxonomy":"post_tag","embeddable":true,"href":"https:\/\/www.bibula.com\/index.php?rest_route=%2Fwp%2Fv2%2Ftags&post=91103"}],"curies":[{"name":"wp","href":"https:\/\/api.w.org\/{rel}","templated":true}]}}