{"id":91090,"date":"2016-11-05T13:51:46","date_gmt":"2016-11-05T17:51:46","guid":{"rendered":"http:\/\/www.bibula.com\/?p=91090"},"modified":"2016-11-05T14:11:53","modified_gmt":"2016-11-05T18:11:53","slug":"protest-narodowcow-pod-siedziba-facebooka-w-polsce","status":"publish","type":"post","link":"https:\/\/www.bibula.com\/?p=91090","title":{"rendered":"Protest narodowc\u00f3w pod siedzib\u0105 Facebooka w Polsce"},"content":{"rendered":"<p><strong>Demonstranci pojawili si\u0119 z transparentami: &#8222;M\u00f3wimy nie dla cenzury na Facebooku&#8221;, &#8222;Precz z antypolonizmem&#8221;, &#8222;Facebook = cenzura&#8221;.<\/strong><\/p>\r\n<p>Protest zosta\u0142 zorganizowany przez Stowarzyszenie Marsz Niepodleg\u0142o\u015bci. Demonstracja jest wynikiem usuni\u0119cia przez Facebook profil\u00f3w m. in. Ruchu Narodowego, Obozu Narodowo-Radykalnego, Stowarzyszenia Marsz Niepodleg\u0142o\u015bci. Wed\u0142ug zarz\u0105du portalu spo\u0142eczno\u015bciowego zbanowane profile narusza\u0142y wewn\u0119trzny regulamin Facebooka, m.in. poprzez u\u017cywanie mowy nienawi\u015bci i symboli takich jak oenerowski Szczerbiec.<\/p>\r\n<ul>\r\n\t<li><strong>CZYTAJ R\u00d3WNIE\u017b:<br>\r\n <a href=\"http:\/\/www.kresy.pl\/wydarzenia,spoleczenstwo?zobacz\/popularne-profile-narodowcow-znikaja-z-facebooka-srodowiska-narodowe-zapowiadaja-protest\">Popularne profile narodowc\u00f3w znikaj\u0105 z Facebooka. \u015arodowiska narodowe zapowiadaj\u0105 protest<\/a><br>\r\n <a href=\"http:\/\/www.kresy.pl\/wydarzenia,polityka?zobacz\/minister-cyfryzacji-interweniuje-w-sprawie-dzialan-facebooka\">Minister Cyfryzacji interweniuje w sprawie dzia\u0142a\u0144 Facebooka<\/a><br>\r\n <a href=\"http:\/\/www.kresy.pl\/wydarzenia,polityka?zobacz\/profil-posla-jakubiaka-zablokowany-bedzie-z-facebookiem-akcja-bez-trzymanki\">Profil pos\u0142a Jakubiaka zablokowany. \u201eB\u0119dzie z Facebookiem akcja bez trzymanki\u201d<\/a><\/strong><\/li>\r\n<\/ul>\r\n<p>Przed biurowcem przy rondzie ONZ, gdzie ma siedzib\u0119 polski oddzia\u0142 Facebooka, zjawi\u0142o si\u0119 oko\u0142o 100 os\u00f3b. Protestuj\u0105cy maj\u0105 ze sob\u0105 flagi narodowe i symbole organizacji narodowo\u015bciowych, jak r\u00f3wnie\u017c transparenty z napisami &#8222;M\u00f3wimy nie dla cenzury na Facebooku&#8221;, &#8222;Precz z antypolonizmem&#8221;, &#8222;Facebook = cenzura&#8221;. Demonstraci wznosz\u0105 r\u00f3wnie\u017c has\u0142a m.in. &#8222;Polska krajem bez cenzury!&#8221; czy &#8222;Polska przeciw korporacjom!&#8221;.<\/p>\r\n<p>kresy.pl \/ onet.pl<\/p>\r\n<p class=\"zrodlo\">Za: <a href=\"http:\/\/www.kresy.pl\/wydarzenia,spoleczenstwo?zobacz\/protest-narodowcow-pod-siedziba-facebooka-w-polsce\">Kresy.pl (05 listopada 2016)<\/a><\/p>\r\n<h4>&nbsp;<\/h4>\r\n<hr style=\"background-color: #000000; border-width: 0; color: #000000; height: 2px; line-height: 0; text-align: center; width: 100%;\">\r\n<h4>&nbsp;<\/h4>\r\n<h2>Precz z cenzur\u0105<\/h2>\r\n<p>Szanowni Pa\u0144stwo, pozbyli\u015bmy sie cenzor\u00f3w z Mysiej, kt\u00f3rzy mieli <strong>przynajmniej adres<\/strong> i podstaw\u0119 prawn\u0105 dzia\u0142ania &#8211; a oto mamy na ich miejsce anonimowych cenzor\u00f3w <em>Facebooka, prywatnej korporacji<\/em>, nie opowiadaj\u0105cych si\u0119 nikomu. Tak samo jak ci dawni, roszcz\u0105 oni sobie prawo do rozstrzygania, jakie pogl\u0105dy wolno nam mi\u0119\u0107 i okazywa\u0107. Je\u015bli sa to pogl\u0105dy patriotyczne, je\u015bli towarzysz\u0105 im patriotyczne&nbsp; t symbole, albo nazwy legalnie dzia\u0142aj\u0105cych w RP organizacji, kt\u00f3re anonimowym cenzorom si\u0119 nie spodoba\u0142y &#8211; korporacja, kt\u00f3ra pozoruj\u0105c apolityczno\u015b\u0107 zdoby\u0142a sobie pozycj\u0119 quasi-monopolisty, przyznaje sobie prawo do ich usuwania z przestrzeni publicznej.<\/p>\r\n<p><strong>Wojna, kt\u00f3r\u0105 Facebook Polska wypowiedzia\u0142 Marszowi Niepodleg\u0142o\u015bci to sygna\u0142 wielkiego zagro\u017cenia<\/strong>. Nie chodzi o sam Marsz, o usuwanie kont w jakikolwiek spos\u00f3b <strong><em>wspominaj\u0105cych o istnieniu MW czy ONR<\/em><\/strong>.<\/p>\r\n<p><strong>Chodzi o to, czy pa\u0144stwo polskie b\u0119dzie pozwala\u0107 jakim\u015b anonimowym, zagranicznym gremiom bezprawnie, podle swojego widzimisi\u0119, dozowa\u0107 Polakom wolno\u015b\u0107.<\/strong><\/p>\r\n<p>Uwa\u017cam, \u017ce tak jak robi si\u0119 to w wypadku bank\u00f3w, korporacji \u017cywno\u015bciowych, tak, jak zrobi\u0142 to modelowo Ronald Reagan z telecomami &#8211; <strong>wobec Facebooka PL nale\u017cy wszcz\u0105\u0107 post\u0119powanie antymonopolowe<\/strong>. Jego d\u0105\u017cenie do wyeliminowania z \u017cycia publicznego organizacji, kt\u00f3re dzia\u0142aj\u0105 legalnie, pod kontrol\u0105 s\u0105d\u00f3w i prawa polskiego, powinno zainteresowa\u0107 rz\u0105d i parlament i sk\u0142oni\u0107 je do modyfikacji stanu prawnego w spos\u00f3b uwzgl\u0119dniaj\u0105cy nowe zagro\u017cenie dla wolno\u015bci.<\/p>\r\n<p><em>Last but not least<\/em>, <strong>osoby i organizacje, kt\u00f3rych konta Facebook zamkn\u0105\u0142 bez merytorycznego powodu, powinny wyst\u0105pi\u0107 przeciwko tej korporacji na drog\u0119 s\u0105dow\u0105 z pozwem zbiorowym.<\/strong><\/p>\r\n<p>Prosz\u0119 o rozpowszechnienie tego apelu, dop\u00f3ki b\u0119dzie to mo\u017cliwe. W najbli\u017cszym bowiem czasie ja tak\u017ce <strong>zamieszcz\u0119 tutaj banowany przez anonimowych cenzor\u00f3w plakat zapraszaj\u0105cy na tegoroczny Marsz Niepodleglo\u015bci<\/strong>.<\/p>\r\n<p>&#8222;<strong><em>Po\u017cytecznym idiotom<\/em><\/strong>&#8221; twierdz\u0105cym, \u017ce korporacja mo\u017ce wszystko <em>bo jest prywatna<\/em>, powiem kr\u00f3tko &#8211; wyobra\u017cacie sobie, \u017ce jakakolwiek firma <strong>odm\u00f3wi\u0142aby dost\u0119pu do swych us\u0142ug kolorowym albo homoseksualistom<\/strong>. A brednie typu &#8222;<em>za\u0142\u00f3\u017ccie sobie w\u0142asny fejsbuk<\/em>&#8221; dowodz\u0105 ju\u017c kompletnego zidiocenia. Za\u0142\u00f3\u017ccie sobie w\u0142asn\u0105 Wall Street, zamiast narzeka\u0107 na banki i globalizacj\u0119.v<\/p>\r\n<p><strong><em>Rafa\u0142 Ziemkiewicz<\/em><\/strong> na FB&nbsp; <a href=\"https:\/\/www.facebook.com\/rziemkiewicz\/posts\/1371308352903893\">31 pa\u017adziernik o 15:56<\/a><\/p>\r\n<p class=\"zrodlo\">Za: <a href=\"http:\/\/dakowski.pl\/index.php?option=com_content&amp;task=view&amp;id=19058&amp;Itemid=100\">Strona prof. Miros\u0142awa Dakowskiego (04.11.2016)<\/a><\/p>\r\n<hr style=\"background-color: #000000; border-width: 0; color: #000000; height: 2px; line-height: 0; text-align: center; width: 100%;\">\r\n<h4>&nbsp;<\/h4>","protected":false},"excerpt":{"rendered":"Demonstranci pojawili si\u0119 z transparentami: &#8222;M\u00f3wimy nie dla cenzury na Facebooku&#8221;, &#8222;Precz z antypolonizmem&#8221;, &#8222;Facebook = cenzura&#8221;. Protest zosta\u0142 zorganizowany przez Stowarzyszenie Marsz Niepodleg\u0142o\u015bci. Demonstracja jest wynikiem usuni\u0119cia przez Facebook profil\u00f3w m. in. Ruchu Narodowego, Obozu Narodowo-Radykalnego, Stowarzyszenia Marsz Niepodleg\u0142o\u015bci. Wed\u0142ug zarz\u0105du portalu spo\u0142eczno\u015bciowego zbanowane profile narusza\u0142y wewn\u0119trzny regulamin Facebooka, m.in. poprzez u\u017cywanie mowy nienawi\u015bci [&hellip;]","protected":false},"author":1,"featured_media":0,"comment_status":"closed","ping_status":"closed","sticky":false,"template":"","format":"standard","meta":{"_acf_changed":false,"_monsterinsights_skip_tracking":false,"ngg_post_thumbnail":0,"footnotes":"","_wp_rev_ctl_limit":""},"categories":[8],"tags":[16,155,98],"acf":[],"_links":{"self":[{"href":"https:\/\/www.bibula.com\/index.php?rest_route=\/wp\/v2\/posts\/91090"}],"collection":[{"href":"https:\/\/www.bibula.com\/index.php?rest_route=\/wp\/v2\/posts"}],"about":[{"href":"https:\/\/www.bibula.com\/index.php?rest_route=\/wp\/v2\/types\/post"}],"author":[{"embeddable":true,"href":"https:\/\/www.bibula.com\/index.php?rest_route=\/wp\/v2\/users\/1"}],"replies":[{"embeddable":true,"href":"https:\/\/www.bibula.com\/index.php?rest_route=%2Fwp%2Fv2%2Fcomments&post=91090"}],"version-history":[{"count":0,"href":"https:\/\/www.bibula.com\/index.php?rest_route=\/wp\/v2\/posts\/91090\/revisions"}],"wp:attachment":[{"href":"https:\/\/www.bibula.com\/index.php?rest_route=%2Fwp%2Fv2%2Fmedia&parent=91090"}],"wp:term":[{"taxonomy":"category","embeddable":true,"href":"https:\/\/www.bibula.com\/index.php?rest_route=%2Fwp%2Fv2%2Fcategories&post=91090"},{"taxonomy":"post_tag","embeddable":true,"href":"https:\/\/www.bibula.com\/index.php?rest_route=%2Fwp%2Fv2%2Ftags&post=91090"}],"curies":[{"name":"wp","href":"https:\/\/api.w.org\/{rel}","templated":true}]}}