{"id":9104,"date":"2009-05-04T15:31:57","date_gmt":"2009-05-04T20:31:57","guid":{"rendered":"http:\/\/www.bibula.com\/?p=9104"},"modified":"2009-05-04T15:41:03","modified_gmt":"2009-05-04T20:41:03","slug":"testament-papieski-bez-wykonania","status":"publish","type":"post","link":"https:\/\/www.bibula.com\/?p=9104","title":{"rendered":"Testament papieski bez wykonania"},"content":{"rendered":"<p>Jak bumerang ustawicznie wraca sprawa notatek Jana Paw\u0142a II, kt\u00f3ry nie zosta\u0142y spalone, tak jak to ich autor zadysponowa\u0142 w swym testamencie. Oto fragment owej ostatniej woli:<\/p>\r\n\r\n<p><em>&#8222;Nie pozostawiam po sobie w\u0142asno\u015bci, kt\u00f3r\u0105 nale\u017ca\u0142oby zadysponowa\u0107. Rzeczy codziennego u\u017cytku, kt\u00f3rymi si\u0119 pos\u0142ugiwa\u0142em, prosz\u0119 rozda\u0107 wedle uznania. Notatki osobiste spali\u0107. Prosz\u0119, a\u017ceby nad tymi sprawami czuwa\u0142 Ks. Stanis\u0142aw, kt\u00f3remu dzi\u0119kuj\u0119 za tyloletni\u0105 wyrozumia\u0142\u0105 wsp\u00f3\u0142prac\u0119 i pomoc. Wszystkie za\u015b inne podzi\u0119kowania zostawiam w sercu przed Bogiem Samym, bo trudno je tu wyrazi\u0107&#8221;.<\/em><\/p>\r\n\r\n<p>Niestety papieski kapelan woli tej nie wykona\u0142 i zachowane notatki zabra\u0142 ze sob\u0105 do Krakowa. Inna sprawa, \u017ce nie jest ich prawnym w\u0142a\u015bcicielem. Niezale\u017cnie od tego, co one zawieraj\u0105, powinny one w takiej sytuacji by\u0107 przekazane do archiwum Stolicy Apostolskiej. W inny bowiem spos\u00f3b, znaj\u0105c realia kurii krakowskiej,\u00a0b\u0119d\u0105 one wycieka\u0107 do dziennikarzy lub polityk\u00f3w zaprzyja\u017cnionej partii.<\/p>\r\n\r\n<p>Karol Wojty\u0142a by\u0142 tak wielkim cz\u0142owiekiem, \u017ce jego \u015bwi\u0119to\u015bci nic nie zaszkodzi. Szkoda jednak, ze jego wola nie zosta\u0142a uszanowana. Warto si\u0119 na tym zastanowi\u0107. I to w czasie, gdy w Krakowie powstanie dziesi\u0119\u0107 nastepnych pomnik\u00f3w Jana Paw\u0142a II.<\/p>\r\n\r\n\r\n<blockquote>\r\n<div class=\"tytul_newsa\"><strong><span style=\"font-size: medium;\">Beatyfikacja Jana Paw\u0142a II op\u00f3\u017ania si\u0119 przez kard. Dziwisza?<\/span><\/strong><\/div>\r\n<div class=\"tytul_newsa\"><strong><\/strong><\/div>\r\n<div class=\"tytul_newsa\"><strong><\/strong><\/div>\r\n<div class=\"tytul_newsa\"><em>Polska Agencja Prasowa, 3 maja 2009 r.<\/em><\/div>\r\n<div>\r\n<div class=\"right_top\">Proces beatyfikacyjny Jana Paw\u0142a II napotka\u0142 trudno\u015bci, wynikaj\u0105ce m.in. z odmowy z\u0142o\u017cenia zezna\u0144 przez kard. Angelo Sodano i brak dost\u0119pu do prywatnych notatek papie\u017ca, b\u0119d\u0105cych w posiadaniu kardyna\u0142a Stanis\u0142awa Dziwisza &#8211; twierdzi w\u0142oski tygodnik &#8222;Panorama&#8221;.<\/div>\r\n<\/div>\r\n<div id=\"bottom\" class=\"bottom\">Watykanista Ignazio Ingrao napisa\u0142 w artykule, kt\u00f3ry ukaza\u0142 si\u0119 w wydaniu z niedzieln\u0105 dat\u0105, o &#8222;niepokoj\u0105cych szczeg\u00f3\u0142ach, rzucaj\u0105cych cie\u0144 na proces beatyfikacyjny&#8221;.\r\n\r\n\r\n<p><br class=\"spacer_\" \/><\/p>\r\n\r\n<p>Wed\u0142ug jego informacji w\u015br\u00f3d zezna\u0144 oko\u0142o 120 \u015bwiadk\u00f3w kolejnych etap\u00f3w \u017cycia polskiego papie\u017ca brakuje \u015bwiadectwa jednego z jego najbli\u017cszych wsp\u00f3\u0142pracownik\u00f3w &#8211; by\u0142ego watyka\u0144skiego sekretarza stanu kardyna\u0142a Angelo Sodano. W\u0142oski watykanista twierdzi, \u017ce odm\u00f3wi\u0142 on z\u0142o\u017cenia zezna\u0144. Tym samym &#8211; zauwa\u017ca &#8211; w &#8222;rekonstrukcji \u017cycia Jana Paw\u0142a II&#8221; brakuje relacji o decyduj\u0105cym znaczeniu.<br \/>\r\n<script type=\"text\/javascript\"><\/script>\r\n<script type=\"text\/javascript\"><\/script>\r\n<\/p>\r\n\r\n<p>Jako kolejny &#8222;cie\u0144&#8221; Ingrao wymienia k\u0142opoty komisji historycznej, kierowanej przez ksi\u0119dza Micha\u0142a Jagosza. Jak stwierdza, komisja ta nie mog\u0142a przestudiowa\u0107 wszystkich dokument\u00f3w, b\u0119d\u0105cych w posiadaniu kardyna\u0142a Dziwisza.<\/p>\r\n\r\n<p>&#8222;Panorama&#8221; przypomina, \u017ce w swym testamencie Jan Pawe\u0142 II nakaza\u0142 spali\u0107 wszystkie swe osobiste notatki, jednak jego by\u0142y sekretarz tego nie zrobi\u0142. Archiwum, przeniesione z Rzymu, nie zosta\u0142o do tej pory nawet zinwentaryzowane &#8211; utrzymuje tygodnik. Wed\u0142ug watykanisty kard. Dziwisz nie umo\u017cliwi\u0142 ekspertom wgl\u0105du w te osobiste materia\u0142y.<\/p>\r\n\r\n<p>Tygodnik napisa\u0142 te\u017c, \u017ce w po\u0142owie maja mo\u017ce doj\u015b\u0107 do prze\u0142omu w procesie beatyfikacyjnym Jana Paw\u0142a II. W Kongregacji Spraw Kanonizacyjnych ma zebra\u0107 si\u0119 wtedy komisja o\u015bmiu teolog\u00f3w na czele z ksi\u0119dzem Sandro Corradinim, kt\u00f3rej zadaniem b\u0119dzie analiza \u017cycia, dzie\u0142 i pism Karola Wojty\u0142y. To ta komisja w\u0142a\u015bnie mo\u017ce wyda\u0107 zgod\u0119 na podj\u0119cie kolejnych procedur procesu.\r\n<\/blockquote>\r\n\r\n\r\n<p><br class=\"spacer_\" \/><\/p>\r\n\r\n<p>Za: <a href=\"http:\/\/www.isakowicz.pl\/index.php?page=news&amp;kid=8&amp;nid=1717\" target=\"_blank\">Blog ks. Tadeusza Isakowicza-Zaleskiego<\/a><\/p>\r\n\r\n<p><br class=\"spacer_\" \/><\/p>\r\n\r\n\r\n<blockquote><p><strong>ZOB. R\u00d3WNIE\u017b:<\/strong><\/p>\r\n\r\n\r\n<ul>\r\n\t\t<li> <a title=\" &lt;em&gt;Santo Subito&lt;\/em&gt; ? - Pytania o rzetelno\u015b\u0107 procesu rogatoryjnego\" rel=\"bookmark\" href=\"..\/..\/?p=223\"><em>Santo Subito<\/em> ? &#8211; Pytania o rzetelno\u015b\u0107 procesu rogatoryjnego<\/a> <\/li>\r\n\t\t<li> <a title=\" \u017bydowski historyk: \"Istnieje wiele dowod\u00f3w na to, \u017ce Papie\u017c Jan Pawe\u0142 II by\u0142 \u017bydem\u201d\" rel=\"bookmark\" href=\"..\/..\/?p=425\">\u017bydowski historyk: &#8222;Istnieje wiele dowod\u00f3w na to, \u017ce Papie\u017c Jan Pawe\u0142 II by\u0142 \u017bydem\u201d<\/a> <\/li>\r\n<\/ul>\r\n<\/blockquote>","protected":false},"excerpt":{"rendered":"Jak bumerang ustawicznie wraca sprawa notatek Jana Paw\u0142a II, kt\u00f3ry nie zosta\u0142y spalone, tak jak to ich autor zadysponowa\u0142 w swym testamencie. Oto fragment owej ostatniej woli: &#8222;Nie pozostawiam po sobie w\u0142asno\u015bci, kt\u00f3r\u0105 nale\u017ca\u0142oby zadysponowa\u0107. Rzeczy codziennego u\u017cytku, kt\u00f3rymi si\u0119 pos\u0142ugiwa\u0142em, prosz\u0119 rozda\u0107 wedle uznania. Notatki osobiste spali\u0107. Prosz\u0119, a\u017ceby nad tymi sprawami czuwa\u0142 Ks. [&hellip;]","protected":false},"author":1,"featured_media":0,"comment_status":"closed","ping_status":"closed","sticky":false,"template":"","format":"standard","meta":{"_acf_changed":false,"_monsterinsights_skip_tracking":false,"_monsterinsights_sitenote_active":false,"_monsterinsights_sitenote_note":"","_monsterinsights_sitenote_category":0,"ngg_post_thumbnail":0,"footnotes":"","_wp_rev_ctl_limit":""},"categories":[5],"tags":[33,120],"acf":[],"_links":{"self":[{"href":"https:\/\/www.bibula.com\/index.php?rest_route=\/wp\/v2\/posts\/9104"}],"collection":[{"href":"https:\/\/www.bibula.com\/index.php?rest_route=\/wp\/v2\/posts"}],"about":[{"href":"https:\/\/www.bibula.com\/index.php?rest_route=\/wp\/v2\/types\/post"}],"author":[{"embeddable":true,"href":"https:\/\/www.bibula.com\/index.php?rest_route=\/wp\/v2\/users\/1"}],"replies":[{"embeddable":true,"href":"https:\/\/www.bibula.com\/index.php?rest_route=%2Fwp%2Fv2%2Fcomments&post=9104"}],"version-history":[{"count":0,"href":"https:\/\/www.bibula.com\/index.php?rest_route=\/wp\/v2\/posts\/9104\/revisions"}],"wp:attachment":[{"href":"https:\/\/www.bibula.com\/index.php?rest_route=%2Fwp%2Fv2%2Fmedia&parent=9104"}],"wp:term":[{"taxonomy":"category","embeddable":true,"href":"https:\/\/www.bibula.com\/index.php?rest_route=%2Fwp%2Fv2%2Fcategories&post=9104"},{"taxonomy":"post_tag","embeddable":true,"href":"https:\/\/www.bibula.com\/index.php?rest_route=%2Fwp%2Fv2%2Ftags&post=9104"}],"curies":[{"name":"wp","href":"https:\/\/api.w.org\/{rel}","templated":true}]}}