{"id":90944,"date":"2016-11-04T13:57:53","date_gmt":"2016-11-04T17:57:53","guid":{"rendered":"http:\/\/www.bibula.com\/?p=90944"},"modified":"2016-11-04T14:03:54","modified_gmt":"2016-11-04T18:03:54","slug":"wielka-reorganizacja-watykanskich-mediow","status":"publish","type":"post","link":"https:\/\/www.bibula.com\/?p=90944","title":{"rendered":"Wielka reorganizacja watyka\u0144skich medi\u00f3w"},"content":{"rendered":"<p><strong>&#8222;Jorge Mario Bergoglio jest pierwszym Jezuit\u0105 w historii, kt\u00f3ry zasiada na tronie Piotrowym, a jednak w\u0142a\u015bnie w czasie jego pontyfikatu Towarzystwu Jezusowemu grozi znikni\u0119cie z Watykanu&#8221; &#8211; pisze Sandro Magister &#8211; katolicki publicysta, filozof, doktor teologii&nbsp; &#8211; na swoim blogu chiesa.<\/strong><\/p>\r\n<p>Jakkolwiek Jezuici ca\u0142y czas zarz\u0105dzaj\u0105 jeszcze obserwatorium astronomicznym, to stracili ju\u017c kierownictwo nad biurem prasowym, sieci\u0105 radiow\u0105 i stacjami telewizyjnymi &#8211; czyli sercem komunikacji Stolicy Apostolskiej. Przez kilka ostatnich lat ojciec Federico Lombardi zarz\u0105dza\u0142 wszystkimi tymi trzema kluczowymi instytucjami, lecz odbierano mu je jedno po drugim.<\/p>\r\n<p>Przemiany te s\u0105 cz\u0119\u015bci\u0105 wi\u0119kszego planu reorganizacji sposob\u00f3w kontaktowania si\u0119 Watykanu ze \u015bwiatem, a Radio Watyka\u0144skie jest w centrum tych przemian.<\/p>\r\n<p>Radio Watyka\u0144skie zacz\u0119\u0142o si\u0119 organizowa\u0107 w 1925 roku i od samego swojego pocz\u0105tku zosta\u0142o powierzone Towarzystwu Jezusowemu. Pierwsz\u0105 audycj\u0119 nadano 12 lutego 1931 roku, a pierwsze s\u0142owa na antenie wypowiedzia\u0142 wielki wynalazca Guglielmo Marconi, wsp\u00f3\u0142tw\u00f3rca <em>Radio Vaticana<\/em>, kt\u00f3ry zaanonsowa\u0142 przem\u00f3wienie papie\u017ca Piusa XI.<\/p>\r\n<p>W ci\u0105gu niemal 87 lat swego istnienia Radio Watyka\u0144skie nadawa\u0142o do ponad 80 kraj\u00f3w \u015bwiata, a transmisje mi\u0119dzynarodowe realizowano w ponad 40 j\u0119zykach. Wielkiej zmiany wstecz dokonano w 2012 roku, kiedy to zaprzestano nadawania na falach kr\u00f3tkich i \u015brednich do wi\u0119kszej cz\u0119\u015bci Europy i do Ameryki. Nast\u0119pca o. Lombardi, ks. pra\u0142. Dario Edoardo Vigan\u00f2 chce jak najszybciej zapomnie\u0107 o jakimkolwiek nadawaniu na falach kr\u00f3tkich, widz\u0105c w tym kosztuj\u0105ce sporo anachroniczne medium. Czy jest to jednak przekonywuj\u0105cy argument, bowiem nawet w dobie internetu jest wiele zapomnianych rejon\u00f3w \u015bwiata gdzie technologiczne zmiany nie docieraj\u0105.<\/p>\r\n<p>W grudniu br. nast\u0105pi kolejna zmiana w zarz\u0105dzaniu i w sumie, jak m\u00f3wi S.Magister: &#8222;Radio Watyka\u0144skie przestanie istnie\u0107 jako jedna ca\u0142o\u015b\u0107&#8221;. Ks.&nbsp;Vigan\u00f2 w zamian pragnie stworzy\u0107: &#8222;zbiorcze, pojedyncze centrum multimedialne produkcji tekst\u00f3w, obraz\u00f3w, audiowizualnych audycji i radiowych podkast\u00f3w, w wielu jezykach&#8221;, a jednostka ta ma ma by\u0107 zarz\u0105dzana nie jak dotychczas przez dyrektora &#8211; dzisiaj ks. Vigan\u00f2 &#8211; lecz przez &#8222;grup\u0119 dziennikarzy&#8221;.<\/p>\r\n<p>Jak pisze S. Magister, Franciszek wydaje si\u0119 celowa\u0107 w\u0142a\u015bnie w tym kierunku, zawi\u0105zuj\u0105c jakie\u015b dziwne uk\u0142ady z najwi\u0119kszymi korporacjami \u015bwiata. Mo\u017cna domy\u015bla\u0107 si\u0119 tego z selekcji przyj\u0119tych na audiencjach go\u015bci, bowiem tylko w tym roku przyj\u0105\u0142 on magnat\u00f3w z Apple, Google, Instagram, Facebook i Vodafone. W grudniu szykuj\u0105 si\u0119 audiencje przedstawicieli Fortune i Time Warner. Maj\u0105 oni &#8211; jak pisze S.Magister &#8211; promowa\u0107 wraz z Watykanem i takimi korporacjami, jak IBM, McKinsey, Siemens czy WPP, &#8222;Now\u0105 Spo\u0142eczn\u0105 Umow\u0119&#8221; (<em>New Social Compact<\/em>), wspieraj\u0105c biednych i uchod\u017ac\u00f3w na \u015bwiecie.<\/p>\r\n<p>Podobn\u0105 rekonstrukcj\u0119 jak Radio Watyka\u0144skie, czeka w niedalekiej przysz\u0142o\u015bci watyka\u0144ski dziennik <em>L&#8217;Osservatore Romano<\/em>, kt\u00f3ry ma zosta\u0107 przekszta\u0142cony w minimalistyczne pismo dla kr\u0119g\u00f3w hierachii ko\u015bcielnej i dost\u0119pne jedynie w kioskach watyka\u0144skich, za\u015b wi\u0119ksze artyku\u0142y maj\u0105 si\u0119 ukazywa\u0107 w odchudzonej wersji tygodnikowej, wzoruj\u0105c si\u0119 na wydawanych dzisiaj wersjach j\u0119zykowych.<\/p>\r\n<p>W tej walce wewn\u0119trznej dziennik watyka\u0144ski przyci\u0105gn\u0105\u0142 na swoj\u0105 stron\u0119 wp\u0142ywowego kardyna\u0142a Pietro Parolin, b. Sekretarza Stanu, jednak &#8211; jak uwa\u017ca S. Magister &#8211; losy dziennika w tej postaci jak\u0105 znamy, s\u0105 i tak ju\u017c przes\u0105dzone.<\/p>","protected":false},"excerpt":{"rendered":"&#8222;Jorge Mario Bergoglio jest pierwszym Jezuit\u0105 w historii, kt\u00f3ry zasiada na tronie Piotrowym, a jednak w\u0142a\u015bnie w czasie jego pontyfikatu Towarzystwu Jezusowemu grozi znikni\u0119cie z Watykanu&#8221; &#8211; pisze Sandro Magister &#8211; katolicki publicysta, filozof, doktor teologii&nbsp; &#8211; na swoim blogu chiesa. Jakkolwiek Jezuici ca\u0142y czas zarz\u0105dzaj\u0105 jeszcze obserwatorium astronomicznym, to stracili ju\u017c kierownictwo nad biurem [&hellip;]","protected":false},"author":1,"featured_media":0,"comment_status":"closed","ping_status":"closed","sticky":false,"template":"","format":"standard","meta":{"_acf_changed":false,"_monsterinsights_skip_tracking":false,"ngg_post_thumbnail":0,"footnotes":"","_wp_rev_ctl_limit":""},"categories":[3],"tags":[155,159,41],"acf":[],"_links":{"self":[{"href":"https:\/\/www.bibula.com\/index.php?rest_route=\/wp\/v2\/posts\/90944"}],"collection":[{"href":"https:\/\/www.bibula.com\/index.php?rest_route=\/wp\/v2\/posts"}],"about":[{"href":"https:\/\/www.bibula.com\/index.php?rest_route=\/wp\/v2\/types\/post"}],"author":[{"embeddable":true,"href":"https:\/\/www.bibula.com\/index.php?rest_route=\/wp\/v2\/users\/1"}],"replies":[{"embeddable":true,"href":"https:\/\/www.bibula.com\/index.php?rest_route=%2Fwp%2Fv2%2Fcomments&post=90944"}],"version-history":[{"count":0,"href":"https:\/\/www.bibula.com\/index.php?rest_route=\/wp\/v2\/posts\/90944\/revisions"}],"wp:attachment":[{"href":"https:\/\/www.bibula.com\/index.php?rest_route=%2Fwp%2Fv2%2Fmedia&parent=90944"}],"wp:term":[{"taxonomy":"category","embeddable":true,"href":"https:\/\/www.bibula.com\/index.php?rest_route=%2Fwp%2Fv2%2Fcategories&post=90944"},{"taxonomy":"post_tag","embeddable":true,"href":"https:\/\/www.bibula.com\/index.php?rest_route=%2Fwp%2Fv2%2Ftags&post=90944"}],"curies":[{"name":"wp","href":"https:\/\/api.w.org\/{rel}","templated":true}]}}