{"id":90924,"date":"2016-11-01T13:24:12","date_gmt":"2016-11-01T17:24:12","guid":{"rendered":"http:\/\/www.bibula.com\/?p=90924"},"modified":"2016-11-01T13:24:12","modified_gmt":"2016-11-01T17:24:12","slug":"pawel-lisicki-wyrazny-zwrot-watykanu-w-lewo-doprowadzi-tez-do-zmian-w-polsce","status":"publish","type":"post","link":"https:\/\/www.bibula.com\/?p=90924","title":{"rendered":"Pawe\u0142 Lisicki: wyra\u017any zwrot Watykanu w lewo doprowadzi te\u017c do zmian w Polsce"},"content":{"rendered":"<p><strong>Redaktor naczelny tygodnika \u201eDo Rzeczy\u201d po raz kolejny zauwa\u017ca radykalny zwrot w lewo w Ko\u015bciele. Zauwa\u017cy\u0142, \u017ce je\u015bli papie\u017c b\u0119dzie post\u0119powa\u0142 z dotychczasow\u0105 konsekwencj\u0105, to r\u00f3wnie\u017c polski Ko\u015bci\u00f3\u0142 czeka przewr\u00f3t.<\/strong><\/p>\r\n<p>Lisicki na \u0142amach zarz\u0105dzanego przez siebie tygodnika pisze, \u017ce \u201ezwrot Ko\u015bcio\u0142a w lewo, tak mocno wspierany przez papie\u017ca Franciszka, staje si\u0119 coraz bardziej widoczny\u201d. Wed\u0142ug publicysty w zesz\u0142ym tygodniu mia\u0142y miejsce trzy zdarzenia o prze\u0142omowym wr\u0119cz, z tego punktu widzenia, znaczeniu.<\/p>\r\n<p>Pierwsze, to przyj\u0119cie przez episkopat W\u0142och decyzji o poparciu dla organizowanego przez tamtejsz\u0105 Parti\u0119 Radykaln\u0105 marszu na rzecz powszechnej amnestii dla wi\u0119\u017ani\u00f3w (w\u0142oscy radyka\u0142owie nie tylko s\u0105 zwolennikami dopuszczalno\u015bci aborcji bez ogranicze\u0144, lecz tak\u017ce popieraj\u0105 prawa homoseksualist\u00f3w i innych grup transseksualnych). Lisicki przypomnia\u0142 przy tym, \u017ce w styczniu 2016 r. setki tysi\u0119cy katolik\u00f3w zgromadzonych w Rzymie, protestuj\u0105cych przeciw prawu zr\u00f3wnuj\u0105cemu zwi\u0105zki homoseksualist\u00f3w z ma\u0142\u017ce\u0144stwami, nie mog\u0142o si\u0119 doczeka\u0107 nawet audiencji na placu \u015bw. Piotra.<\/p>\r\n<p>Drugim znacz\u0105cym faktem by\u0142 wyb\u00f3r nowego genera\u0142a jezuit\u00f3w, kt\u00f3ry jeszcze niedawno znany by\u0142 g\u0142\u00f3wnie z zaanga\u017cowania w ruch marksistowski.<\/p>\r\n<p>Trzecim przywo\u0142anym przez Lisickiego wydarzeniem by\u0142o spotkanie papie\u017ca Franciszka 13 pa\u017adziernika z niemieckimi katolikami i luteranami w Rzymie, podczas kt\u00f3rego ods\u0142oni\u0119to pomnik Lutra. Papie\u017c powiedzia\u0142 w\u00f3wczas, \u017ce przekonywanie przez katolik\u00f3w niechrze\u015bcijan do wiary jest czym\u015b g\u0142\u0119boko nies\u0142usznym, a du\u017co wa\u017cniejszym jest przyjmowanie imigrant\u00f3w. Redaktor naczelny \u201eDo Rzeczy\u201d zacytowa\u0142 w tym kontek\u015bcie publikowane r\u00f3wnie\u017c na \u0142amach PCh24.pl dramatyczne pytanie profesora &nbsp;Roberto de Matteiego, brzmi\u0105ce: \u201eDo jakiego Ko\u015bcio\u0142a nale\u017cy papie\u017c Bergoglio?\u201d.<\/p>\r\n<p>Wed\u0142ug Lisickiego wyra\u017any zwrot Watykanu w lewo musi w d\u0142u\u017cszej perspektywie doprowadzi\u0107 te\u017c do zmian w Polsce. \u201eJe\u015bli pontyfikat Franciszka potrwa odpowiednio d\u0142ugo, a sam papie\u017c b\u0119dzie post\u0119powa\u0142 z dotychczasow\u0105 konsekwencj\u0105, to r\u00f3wnie\u017c polski Ko\u015bci\u00f3\u0142 czeka przewr\u00f3t\u201d. A &#8211; jak zauwa\u017ca Lisicki &#8211; w ten spos\u00f3b polska prawica utraci\u0142aby swego g\u0142\u00f3wnego kulturowego i cywilizacyjnego sojusznika.<\/p>\r\n<p>\u0179r\u00f3d\u0142o: \u201eDo Rzeczy\u201d<\/p>\r\n<p>kra<\/p>\r\n<p>[Zob. <a href=\"http:\/\/lisicki.dorzeczy.pl\/id,13281\/Radykalny-zwrot-w-lewo.html\">&#8222;Radykalny zwrot w lewo&#8221; &#8211; DoRzeczy.pl (31 pa\u017adziernika 2016)<\/a>]<\/p>","protected":false},"excerpt":{"rendered":"Redaktor naczelny tygodnika \u201eDo Rzeczy\u201d po raz kolejny zauwa\u017ca radykalny zwrot w lewo w Ko\u015bciele. Zauwa\u017cy\u0142, \u017ce je\u015bli papie\u017c b\u0119dzie post\u0119powa\u0142 z dotychczasow\u0105 konsekwencj\u0105, to r\u00f3wnie\u017c polski Ko\u015bci\u00f3\u0142 czeka przewr\u00f3t. Lisicki na \u0142amach zarz\u0105dzanego przez siebie tygodnika pisze, \u017ce \u201ezwrot Ko\u015bcio\u0142a w lewo, tak mocno wspierany przez papie\u017ca Franciszka, staje si\u0119 coraz bardziej widoczny\u201d. Wed\u0142ug [&hellip;]","protected":false},"author":1,"featured_media":0,"comment_status":"closed","ping_status":"closed","sticky":false,"template":"","format":"standard","meta":{"_acf_changed":false,"_monsterinsights_skip_tracking":false,"_monsterinsights_sitenote_active":false,"_monsterinsights_sitenote_note":"","_monsterinsights_sitenote_category":0,"ngg_post_thumbnail":0,"footnotes":"","_wp_rev_ctl_limit":""},"categories":[3],"tags":[301,41,33],"acf":[],"_links":{"self":[{"href":"https:\/\/www.bibula.com\/index.php?rest_route=\/wp\/v2\/posts\/90924"}],"collection":[{"href":"https:\/\/www.bibula.com\/index.php?rest_route=\/wp\/v2\/posts"}],"about":[{"href":"https:\/\/www.bibula.com\/index.php?rest_route=\/wp\/v2\/types\/post"}],"author":[{"embeddable":true,"href":"https:\/\/www.bibula.com\/index.php?rest_route=\/wp\/v2\/users\/1"}],"replies":[{"embeddable":true,"href":"https:\/\/www.bibula.com\/index.php?rest_route=%2Fwp%2Fv2%2Fcomments&post=90924"}],"version-history":[{"count":0,"href":"https:\/\/www.bibula.com\/index.php?rest_route=\/wp\/v2\/posts\/90924\/revisions"}],"wp:attachment":[{"href":"https:\/\/www.bibula.com\/index.php?rest_route=%2Fwp%2Fv2%2Fmedia&parent=90924"}],"wp:term":[{"taxonomy":"category","embeddable":true,"href":"https:\/\/www.bibula.com\/index.php?rest_route=%2Fwp%2Fv2%2Fcategories&post=90924"},{"taxonomy":"post_tag","embeddable":true,"href":"https:\/\/www.bibula.com\/index.php?rest_route=%2Fwp%2Fv2%2Ftags&post=90924"}],"curies":[{"name":"wp","href":"https:\/\/api.w.org\/{rel}","templated":true}]}}