{"id":90649,"date":"2016-10-18T14:51:12","date_gmt":"2016-10-18T18:51:12","guid":{"rendered":"http:\/\/www.bibula.com\/?p=90649"},"modified":"2016-10-18T14:55:25","modified_gmt":"2016-10-18T18:55:25","slug":"dosc-tych-blazenstw","status":"publish","type":"post","link":"https:\/\/www.bibula.com\/?p=90649","title":{"rendered":"Do\u015b\u0107 tych b\u0142aze\u0144stw! &#8211; <em>Stanis\u0142aw Michalkiewicz<\/em>"},"content":{"rendered":"<p>W swoim \u201e<i>Dzienniku 1954<\/i>\u201d Leopold Tyrmand wspomina o incydencie, jaki zdarzy\u0142 si\u0119 w jednym z samolot\u00f3w, kt\u00f3ry wystartowa\u0142 z lotniska na Ok\u0119ciu. Kiedy ju\u017c nabra\u0142 wysoko\u015bci przelotowej, z kabiny pilot\u00f3w wyszed\u0142 m\u0142ody ZMP-owiec i odezwa\u0142 si\u0119 w tej s\u0142owa: Obywatele! Gratuluj\u0119 wam! Ten samolot in\u017cynierowie przeznaczyli do kasacji, ale nasza ZMP-owska ekipa w czynie spo\u0142ecznym go wyremontowa\u0142 i oto lecimy! Na pok\u0142adzie podni\u00f3s\u0142 si\u0119 nieopisany lament, kobiety zacz\u0119\u0142y mdle\u0107, a lec\u0105cy tym samolotem partyjny dygnitarz wrzasn\u0105\u0142: \u201e<i>Do\u015b\u0107 tych b\u0142aze\u0144stw! Natychmiast l\u0105dowa\u0107!<\/i>\u201d Najwyra\u017aniej wsp\u00f3\u0142zawodnictwo socjalistyczne ca\u0142kiem inaczej wygl\u0105da na bezpiecznym l\u0105dzie, ni\u017c kilka kilometr\u00f3w nad nim.<\/p>\r\n<p>Przypomnia\u0142 mi si\u0119 ten incydent po przeczytaniu wiadomo\u015bci o ekspiacyjnych uroczysto\u015bciach na Jasnej G\u00f3rze z dzia\u0142em 100 tysi\u0119cy ludzi i JE arcybiskupa Stanis\u0142awa G\u0105deckiego. Pretekstem do niej by\u0142y \u201e<i>grzechy narodu<\/i>\u201d &#8211; oczywi\u015bcie polskiego &#8211; w\u015br\u00f3d kt\u00f3rych pojawi\u0142o si\u0119 r\u00f3wnie\u017c \u201e<i>uwik\u0142anie w komunizm<\/i>\u201d. Ano, nie da si\u0119 ukry\u0107, \u017ce nar\u00f3d polski zosta\u0142 w komunizm \u201e<i>uwik\u0142any<\/i>\u201d przede wszystkim za spraw\u0105 prezydenta USA Franklina Delano Roosevelta i brytyjskiego premiera Winstona Churchilla, kt\u00f3rzy w Teheranie oddali Polsk\u0119 J\u00f3zefowi Stalinowi tytu\u0142em wynagrodzenia za kontynuowanie wojny przeciwko III Rzeszy Adolfa Hitlera. W drugiej kolejno\u015bci nar\u00f3d polski zosta\u0142 \u201e<i>uwik\u0142any<\/i>\u201d w komunizm za spraw\u0105 \u017cydokomuny, to znaczy \u017byd\u00f3w w bolszewickiej s\u0142u\u017cbie, kt\u00f3rzy zwalili si\u0119 na Polsk\u0119 wraz z Armi\u0105 Czerwon\u0105 z zadaniem tresowania mniej warto\u015bciowego polskiego narodu do komunizmu. Tej tresurze przewodzi\u0142a klasowa tr\u00f3jka wszechmog\u0105cych \u017byd\u00f3w w osobach nadzoruj\u0105cego bezpiek\u0119 Jakuba Bermana, dyktatora gospodarczego Polski Hilarego Minca i specjalizuj\u0105cego si\u0119 w walce z \u201e<i>sabota\u017cem<\/i>\u201d Romana Zambrowskiego. Po trzecie, nar\u00f3d polski zosta\u0142 \u201e<i>uwik\u0142any<\/i>\u201d w komunizm za spraw\u0105 polskoj\u0119zycznej wsp\u00f3lnoty rozb\u00f3jniczej, kt\u00f3ra wyodr\u0119bni\u0142a si\u0119 z niego w czasie II wojny \u015bwiatowej i zosta\u0142a przez bolszewik\u00f3w wykorzystana do skomunizowania Polski. Ciekawe, \u017ce w podobny spos\u00f3b my\u015bl\u0105 o swoim \u201e<i>uwik\u0142aniu w komunizm<\/i>\u201d Rosjanie. Wiele lat temu rozmawia\u0142em na ten temat z mieszkaj\u0105c\u0105 w Budapeszcie Rosjank\u0105 pochodz\u0105c\u0105 z Suzdala, a wi\u0119c &#8211; rdzennej Rosji. Podczas kolacji u mojej siostry, z kt\u00f3r\u0105 owa Tatiana si\u0119 przyja\u017ani\u0142a, zapyta\u0142em j\u0105, czy to prawda, \u017ce Rosjanie w Rosji stawiali wkraczaj\u0105cym niemieckim wojskom bramy triumfalne. Potwierdzi\u0142a, \u017ce to prawda i \u017ce zjawisko to mia\u0142o charakter masowy, a nie wyj\u0105tkowy. Podobnie jak na Ukrainie &#8211; ale tam chodzi\u0142o o co\u015b zupe\u0142nie innego. Powiedzia\u0142em jej wtedy, ze my, Polacy, zostali\u015bmy wprawdzie uwik\u0142ani w komunizm, ale za spraw\u0105 Rosjan, kt\u00f3rzy przynie\u015bli go na swoich bagnetach, podczas gdy Rosjanie nie maj\u0105 na swoje usprawiedliwienie niczego. Oburzona Tatiana zacz\u0119\u0142a mnie wypytywa\u0107: a Lenin, to kto? Rosjanin, czy \u017byd? A Stalin to kto? Rosjanin, czy Gruzin? A Dzier\u017cy\u0144ski to kto? Rosjanin, czy Polak? &#8211; i tak dalej. Kiedy ju\u017c zako\u0144czy\u0142a t\u0119 wyliczank\u0119, powiedzia\u0142a: nar\u00f3d rosyjski najd\u0142u\u017cej opiera\u0142 si\u0119 komunizmowi z broni\u0105 w r\u0119ku! Trudno by\u0142o si\u0119 z ni\u0105 spiera\u0107, bo to prawda. Nawiasem m\u00f3wi\u0105c, za spraw\u0105 wroc\u0142awskiego wydawnictwa \u201e<i>Wektory<\/i>\u201d ukaza\u0142a si\u0119 ksi\u0105\u017cka, a w\u0142a\u015bciwie wznowiona zosta\u0142a ksi\u0105\u017cka Roberta Archibalda Wiltona \u201e<i>Ostatnie dni Romanow\u00f3w<\/i>\u201d. Autor by\u0142 w Rosji przed I wojn\u0105 \u015bwiatow\u0105 jako korespondent \u201e<i>New York Herald<\/i>\u201d. W czasie wojny s\u0142u\u017cy\u0142 w rosyjskiej armii, gdzie zosta\u0142 odznaczony Krzy\u017cem \u015bw. Jerzego. Po rewolucji przedosta\u0142 si\u0119 na Syberi\u0119, gdzie u boku wojsk adm. Ko\u0142czaka dotar\u0142 do Jekaterynburga i uczestniczy\u0142 w badaniu okoliczno\u015bci zamordowania przez bolszewik\u00f3w cara Miko\u0142aja II i jego rodziny. Po upadku Ko\u0142czaka przedosta\u0142 si\u0119 do Pary\u017ca, gdzie pracowa\u0142 w gazecie \u201e<i>The Paris Times<\/i>\u201d. Podaj\u0119 te okoliczno\u015bci by pokaza\u0107, \u017ce autor jest cz\u0142owiekiem solidnym, kt\u00f3ry podawane przez siebie wiadomo\u015bci sprawdza. Ot\u00f3\u017c w aneksie do swojej ksi\u0105\u017cki podaje on sk\u0142ad narodowo\u015bciowy rozmaitych sowieckich instytucji, wyszczeg\u00f3lniaj\u0105c przynale\u017cno\u015b\u0107 narodow\u0105 ka\u017cdej osoby. I tak, w Radzie Komisarzy Ludowych, na og\u00f3ln\u0105 liczb\u0119 22 cz\u0142onk\u00f3w, by\u0142o 19 \u017byd\u00f3w, 1 Ormianin, 1 Gruzin (D\u017cugaszwili, czyli Stalin) i 1 Rosjanin (Anatol \u0141unaczarski). W Komisariacie Wojny, na og\u00f3ln\u0105 liczb\u0119 43 stanowisk by\u0142o 35 \u017byd\u00f3w, 7 \u0141otyszy, 1 Niemiec i ani jednego Rosjanina. W Komisariacie Spraw Wewn\u0119trznych na og\u00f3ln\u0105 liczb\u0119 62 stanowisk \u017byd\u00f3w by\u0142o 43, 10 \u0141otyszy, 2 Niemc\u00f3w, 2 Polak\u00f3w (Dzier\u017cy\u0144ski w moskiewskiej i Koz\u0142owski w piotrogrodzkiej CzeKa), 3 Ormian i 2 Rosjan. W Komisariacie Spraw Zagranicznych na og\u00f3ln\u0105 liczb\u0119 16 stanowisk by\u0142o 14 \u017byd\u00f3w, 1 \u0141otysz i 1 Niemiec. W Komisariacie Finans\u00f3w na og\u00f3ln\u0105 liczb\u0119 29 stanowisk by\u0142o 24 \u017byd\u00f3w, 2 \u0141otyszy, 2 Rosjan i 1 Polak. W Komisariacie Sprawiedliwo\u015bci na og\u00f3ln\u0105 liczb\u0119 19 stanowisk by\u0142o 18 \u017byd\u00f3w, 1 Ormianin i ani jednego Rosjanina. I tak dalej i tak dalej. Z tych statystyk wynika, \u017ce wbrew bajkom opowiadanym przez pana prof. Paw\u0142a \u015apiewaka z \u017bydowskiego Instytutu Historycznego, \u017cydokomuna by\u0142a i jest FAKTEM, a nie \u017cadn\u0105 fantasmagori\u0105. Dlaczego \u017bydzi maj\u0105 tak\u0105 ju\u017c nawet nie sk\u0142onno\u015b\u0107, ale prawdziw\u0105 zapami\u0119ta\u0142o\u015b\u0107 do krzewienia komunizmu w\u015br\u00f3d mniej warto\u015bciowych narod\u00f3w &#8211; to sprawa osobna, chocia\u017c i j\u0105 wypada nam sobie rozebra\u0107 z uwag\u0105. Takie fakty wypada uwzgl\u0119dnia\u0107, kiedy organizuje si\u0119 ekspiacyjne nabo\u017ce\u0144stwa z udzia\u0142em 100 tysi\u0119cy ufnych ludzi, nie\u015bwiadomych celu tego przedsi\u0119wzi\u0119cia &#8211; ale najpierw trzeba takie fakty zna\u0107. Dlatego racj\u0119 mia\u0142 Guy Sorman, nawiasem m\u00f3wi\u0105c &#8211; \u017byd z polskimi korzeniami, kiedy po rozmowie z pewnym polskim biskupem powiedzia\u0142 mi, \u017ce \u201e<i>nigdy nie nale\u017cy lekcewa\u017cy\u0107 pot\u0119gi ignorancji<\/i>\u201d.<\/p>\r\n<p>Oczywi\u015bcie podejrzewanie JE abpa Stanis\u0142awa G\u0105deckiego o ignorancj\u0119 zw\u0142aszcza w takiej sprawie, by\u0142oby niegrzeczne, jako, \u017ce jest on jednym, a mo\u017ce nawet najwa\u017cniejszym promotorem obchodzenia \u201e<i>Dnia Judaizmu<\/i>\u201d w polskim Ko\u015bciele. O co w tych ca\u0142ych \u201e<i>dniach judaizmu<\/i>\u201d chodzi &#8211; trudno zgadn\u0105\u0107; tymczasem na podstawie dotychczasowego ich przebiegu i wyd\u017awi\u0119ku mo\u017cna nabra\u0107 podejrze\u0144, \u017ce opr\u00f3cz promowania \u017cydowskiego przemys\u0142u rozrywkowego, te \u201e<i>dni<\/i>\u201d maj\u0105 sw\u00f3j specyficzny udzia\u0142 w uprawianej wobec narodu polskiego tak zwanej \u201e<i>pedagogiki wstydu<\/i>\u201d, kt\u00f3rej celem jest doprowadzenie go do stanu bezbronno\u015bci wobec \u017cydowskich roszcze\u0144 maj\u0105tkowych i innych. Ekspiacyjna uroczysto\u015b\u0107 na Jasnej G\u00f3rze, niezale\u017cnie od intencji jej m\u0142odocianych promotor\u00f3w, znakomicie si\u0119 w \u201e<i>pedagogik\u0119 wstydu<\/i>\u201d wpisuje, skoro \u201e<i>nar\u00f3d polski<\/i>\u201d czuje si\u0119 w obowi\u0105zku przepraszania za \u201e<i>uwik\u0142anie w komunizm<\/i>\u201d.<\/p>\r\n<p>Warto bowiem zwr\u00f3ci\u0107 uwag\u0119, \u017ce na jednej uroczysto\u015bci ekspiacyjnej w wykonaniu ca\u0142ego \u201e<i>narodu<\/i>\u201d mo\u017ce si\u0119 nie sko\u0144czy\u0107, \u017ce osobnych ekspiacji b\u0119dzie dokonywa\u0142o ka\u017cde \u015brodowisko spo\u0142eczne, a mo\u017ce nawet zawodowe. Problem jednak w tym, \u017ce nie ka\u017cde. Jestem pewien, \u017ce na przyk\u0142ad ubowcy, ani funkcjonariusze Informacji Wojskowej, czy WSI, nie p\u00f3jd\u0105 z pielgrzymk\u0105 na Jasn\u0105 G\u00f3r\u0119, by tam b\u0142aga\u0107 Matk\u0119 Naj\u015bwi\u0119tsz\u0105 o wstawiennictwo u Pana Jezusa, by ten przebaczy\u0142 im wszystkie czynno\u015bci dokonywane w ramach \u201e<i>uwik\u0142ywania<\/i>\u201d narodu polskiego w komunizm. Podobnie nie p\u00f3jd\u0105 w pielgrzymce cz\u0142onkowie Polskiej Zjednoczonej Partii Robotniczej, ani tak zwanych \u201e<i>stronnictw sojuszniczych<\/i>\u201d. Jestem pewien, \u017ce nie b\u0119dzie te\u017c \u017cadnej pielgrzymki \u017byd\u00f3w z Jerzym Urbanem i Adamem Michnikiem na czele, podobnie, jak nie spodziewam si\u0119 pielgrzymki przewielebnych Ojc\u00f3w Konfidencja\u0142\u00f3w, kt\u00f3rzy nie do\u015b\u0107, \u017ce sami si\u0119 w komunizm pouwik\u0142ywali, to jeszcze &#8211; kto wie, czy &#8211; realizuj\u0105c pragnienie ukrycia swego \u201e<i>uwik\u0142ania<\/i>\u201d &#8211; nie zachowuj\u0105 si\u0119 na podobie\u0144stwo Pani co to zabi\u0142a Pana: \u201e<i>Ach p\u00f3jd\u0119 a\u017c do piek\u0142a, byleby moj\u0105 zbrodni\u0119 wieczysta noc powlek\u0142a!<\/i>\u201d? W rezultacie oka\u017ce si\u0119 &#8211; a \u015bwiat b\u0119dzie mia\u0142 niezaprzeczalny dow\u00f3d z tej publicznej konfesaty &#8211; \u017ce nar\u00f3d polski z wrodzonej lekkomy\u015blno\u015bci sam si\u0119 w ten nieszcz\u0119sny komunizm \u201e<i>uwik\u0142a\u0142<\/i>\u201d. To za\u015b stanowi znakomite uzasadnienie dla wniosku, \u017ce Polak\u00f3w nie wolno zostawi\u0107 samopas, bo w przeciwnym razie znowu \u201e<i>uwik\u0142aj\u0105 si\u0119<\/i>\u201d w jakie\u015b okropno\u015bci. \u0179e dla dobra ich samych, a tak\u017ce dla dobra Europy i \u015bwiata, trzeba roztoczy\u0107 nad nimi kuratel\u0119 starszych i m\u0105drzejszych, kt\u00f3rzy pewn\u0105 i mocn\u0105 r\u0119k\u0105 poprowadz\u0105 ich ku \u015bwietlanej przysz\u0142o\u015bci. Tak\u0105 sam\u0105 opini\u0119 spreparowali w XVIII wieku francuscy filozofowie na obstalunek monarch\u00f3w pa\u0144stw zaborczych, kt\u00f3rzy musieli zaprezentowa\u0107 opinii europejskiej jaki\u015b poz\u00f3r moralnego uzasadnienia rozbior\u00f3w &#8211; no a teraz &#8211; Jego Ekscelencja. Czy aby nie za wiele tych b\u0142aze\u0144stw?<\/p>\r\n<p><strong><em>Stanis\u0142aw Michalkiewicz<\/em><\/strong><\/p>\r\n<p>Komentarz \u00a0<b>\u2022<\/b>\u00a0 serwis \u201ePrawy.pl\u201d (prawy.pl) \u00a0<b>\u2022<\/b>\u00a0 18 pa\u017adziernika 2016<\/p>\r\n<p>&nbsp;<\/p>","protected":false},"excerpt":{"rendered":"W swoim \u201eDzienniku 1954\u201d Leopold Tyrmand wspomina o incydencie, jaki zdarzy\u0142 si\u0119 w jednym z samolot\u00f3w, kt\u00f3ry wystartowa\u0142 z lotniska na Ok\u0119ciu. Kiedy ju\u017c nabra\u0142 wysoko\u015bci przelotowej, z kabiny pilot\u00f3w wyszed\u0142 m\u0142ody ZMP-owiec i odezwa\u0142 si\u0119 w tej s\u0142owa: Obywatele! Gratuluj\u0119 wam! Ten samolot in\u017cynierowie przeznaczyli do kasacji, ale nasza ZMP-owska ekipa w czynie spo\u0142ecznym [&hellip;]","protected":false},"author":1,"featured_media":0,"comment_status":"closed","ping_status":"closed","sticky":false,"template":"","format":"standard","meta":{"_acf_changed":false,"_monsterinsights_skip_tracking":false,"_monsterinsights_sitenote_active":false,"_monsterinsights_sitenote_note":"","_monsterinsights_sitenote_category":0,"ngg_post_thumbnail":0,"footnotes":"","_wp_rev_ctl_limit":""},"categories":[328,9],"tags":[66,98,53,197,101,34,81,33],"acf":[],"_links":{"self":[{"href":"https:\/\/www.bibula.com\/index.php?rest_route=\/wp\/v2\/posts\/90649"}],"collection":[{"href":"https:\/\/www.bibula.com\/index.php?rest_route=\/wp\/v2\/posts"}],"about":[{"href":"https:\/\/www.bibula.com\/index.php?rest_route=\/wp\/v2\/types\/post"}],"author":[{"embeddable":true,"href":"https:\/\/www.bibula.com\/index.php?rest_route=\/wp\/v2\/users\/1"}],"replies":[{"embeddable":true,"href":"https:\/\/www.bibula.com\/index.php?rest_route=%2Fwp%2Fv2%2Fcomments&post=90649"}],"version-history":[{"count":0,"href":"https:\/\/www.bibula.com\/index.php?rest_route=\/wp\/v2\/posts\/90649\/revisions"}],"wp:attachment":[{"href":"https:\/\/www.bibula.com\/index.php?rest_route=%2Fwp%2Fv2%2Fmedia&parent=90649"}],"wp:term":[{"taxonomy":"category","embeddable":true,"href":"https:\/\/www.bibula.com\/index.php?rest_route=%2Fwp%2Fv2%2Fcategories&post=90649"},{"taxonomy":"post_tag","embeddable":true,"href":"https:\/\/www.bibula.com\/index.php?rest_route=%2Fwp%2Fv2%2Ftags&post=90649"}],"curies":[{"name":"wp","href":"https:\/\/api.w.org\/{rel}","templated":true}]}}