{"id":90625,"date":"2016-10-17T10:56:13","date_gmt":"2016-10-17T14:56:13","guid":{"rendered":"http:\/\/www.bibula.com\/?p=90625"},"modified":"2016-10-17T10:56:13","modified_gmt":"2016-10-17T14:56:13","slug":"lwow-ukrainskie-wladze-oddaly-hold-upa-na-cmentarzu-lyczakowskim-bez-upa-nie-byloby-dzis-ukrainskiej-armii","status":"publish","type":"post","link":"https:\/\/www.bibula.com\/?p=90625","title":{"rendered":"Lw\u00f3w: ukrai\u0144skie w\u0142adze odda\u0142y ho\u0142d UPA na Cmentarzu \u0141yczakowskim. \u201eBez UPA nie by\u0142oby dzi\u015b ukrai\u0144skiej armii&#8221;"},"content":{"rendered":"<p><strong>\u201eGdyby nie by\u0142o \u017co\u0142nierzy UPA, nie by\u0142oby dzi\u015b Si\u0142 Zbrojnych Ukrainy\u201d &#8211; m\u00f3wi\u0142 podczas uroczysto\u015bci na Cmentarzu \u0141yczakowskim szef Lwowskiej Obwodowej Administracji Pa\u0144stwowej.<\/strong><\/p>\r\n<p>Z okazji Dnia Obro\u0144c\u00f3w Ojczyzny, w\u0142adze obwodu lwowskiego odda\u0142y ho\u0142d cz\u0142onkom UPA pochowanym na Cmentarzu \u0141yczakowskim we Lwowie.<\/p>\r\n<p>Podczas uroczysto\u015bci w pierwszej kolejno\u015bci z\u0142o\u017cono kwiaty pod pomnikiem \u201enieznanych \u017co\u0142nierzy UPA\u201d, p\u00f3\u017aniej tak\u017ce na grobach innych \u201ebojownik\u00f3w o niepodleg\u0142o\u015b\u0107 Ukrainy\u201d, a tak\u017ce poleg\u0142ych w Donbasie. Wszystko obywa\u0142o si\u0119 w asy\u015bcie wojskowej roty honorowej Akademii Si\u0142 L\u0105dowych im. Hetmana Sahajdacznego i orkiestry wojskowej.<\/p>\r\n<p>Podczas uroczysto\u015bci przewodnicz\u0105cy lwowskiej pa\u0144stwowej administracji obwodowej O\u0142eh Synutka podkre\u015bli\u0142 znaczenie UPA jako bohater\u00f3w ukrai\u0144skiej historii:<\/p>\r\n<p><em>&#8211; <strong>Nigdy nie by\u0142o by tych zwyci\u0119stw, kt\u00f3re dzi\u015b obserwujemy w kraju, gdyby nie by\u0142o armii Niezwyci\u0119\u017conych, kt\u00f3ra dzi\u015b wybrzmiewa na wszystkich kartach historii, na ustach zar\u00f3wno naszych uczni\u00f3w, jak i naszych \u017co\u0142nierzy. Jedynym problemem jest to, \u017ce wielu \u017co\u0142nierzy UPA nie znalaz\u0142o swojego wiecznego spoczynku. I wiele jest miejsc tu w Galicji, gdzie potrzeba znale\u017a\u0107 ich szcz\u0105tki i obowi\u0105zkowo odda\u0107 ostatni ho\u0142d tym, kt\u00f3rzy w latach 40. i 50. bronili Ukrainy. Bo gdyby nie by\u0142o \u017co\u0142nierzy UPA, nie by\u0142oby dzi\u015b Si\u0142 Zbrojnych Ukrainy, zwyci\u0119stw, kt\u00f3re mamy dzi\u015b na Wschodzie.<\/strong><\/em><\/p>\r\n<p>Synutka zwr\u00f3ci\u0142 si\u0119 r\u00f3wnie\u017c do obecnych na uroczysto\u015bci wojskowych:<\/p>\r\n<p><strong><em>&#8211; W was nadzieja ukrai\u0144skiego narodu, ukrai\u0144skiego pa\u0144stwa. Dlatego powinni\u015bcie by\u0107 profesjonalnymi, m\u0119\u017cnymi i godnymi chwa\u0142y \u017co\u0142nierzy Ukrai\u0144skiej Powsta\u0144czej Armii. I zawsze pami\u0119tajcie s\u0142owa, z jakimi oni szli w b\u00f3j: \u201eP\u00f3jdziemy naprz\u00f3d i zdob\u0119dziemy wolno\u015b\u0107. Ukrainy swej my wierni synowie\u201d.<\/em><\/strong><\/p>\r\n<ul>\r\n\t<li><strong><em>Przeczytaj: <\/em><a href=\"http:\/\/www.kresy.pl\/wydarzenia,spoleczenstwo?zobacz\/ulicami-kijowa-przeszedl-marsz-chwaly-poswiecony-upa\">Ulicami Kijowa przeszed\u0142 Marsz Chwa\u0142y po\u015bwi\u0119cony UPA<\/a><\/strong><\/li>\r\n<\/ul>\r\n<p><a href=\"http:\/\/www.kresy.pl\/wydarzenia,spoleczenstwo?zobacz\/prezydent-ukrainy-uczcil-ukrainska-powstancza-armie\">Wcze\u015bniej w Kijowie<\/a> swoim wyst\u0105pieniu z okazji Dnia Obro\u0144c\u00f3w Ojczyzny Petro Poroszenko stwierdzi\u0142, \u017ce nowa data tego \u015bwi\u0119ta nawi\u0105zuje do UPA. 14 pa\u017adziernika to rocznica formalnego powstania tego zbrodniczego ugrupowania.<\/p>\r\n<p><strong><em>&#8211; Jej [daty-red.] korzenie &#8211; w korzeniach Siczy i w oddzia\u0142ach Ukrai\u0144skiej Powsta\u0144czej Armii. 14 pa\u017adziernika symbolizuje nierozerwalny zwi\u0105zek wszystkich pokole\u0144 obro\u0144c\u00f3w Ukrainy <\/em><\/strong>&#8211; powiedzia\u0142 ukrai\u0144ski prezydent.<\/p>\r\n<ul>\r\n\t<li>ZOBACZ: <a href=\"http:\/\/www.kresy.pl\/wydarzenia,polityka?zobacz%2Fukraincy-spalili-podobizne-putina-pod-ambasada-rosji-w-kijowie-video-foto\"><strong>Ukrai\u0144cy spalili podobizn\u0119 Putina przed ambasad\u0105 Rosji w Kijowie [+VIDEO +FOTO]<\/strong><\/a><\/li>\r\n<\/ul>\r\n<p>Zik.ua \/ Kresy.pl<\/p>\r\n<p class=\"zrodlo\">Za: <a href=\"http:\/\/www.kresy.pl\/wydarzenia,spoleczenstwo?zobacz\/lwow-ukrainskie-wladze-oddaly-hold-upa-na-cmentarzu-lyczakowskim-bez-upa-nie-byloby-dzis-ukrainskiej-armii\">Kresy.pl (<span class=\"date\">14 pa\u017adziernika 2016<\/span>)<\/a><\/p>","protected":false},"excerpt":{"rendered":"\u201eGdyby nie by\u0142o \u017co\u0142nierzy UPA, nie by\u0142oby dzi\u015b Si\u0142 Zbrojnych Ukrainy\u201d &#8211; m\u00f3wi\u0142 podczas uroczysto\u015bci na Cmentarzu \u0141yczakowskim szef Lwowskiej Obwodowej Administracji Pa\u0144stwowej. Z okazji Dnia Obro\u0144c\u00f3w Ojczyzny, w\u0142adze obwodu lwowskiego odda\u0142y ho\u0142d cz\u0142onkom UPA pochowanym na Cmentarzu \u0141yczakowskim we Lwowie. Podczas uroczysto\u015bci w pierwszej kolejno\u015bci z\u0142o\u017cono kwiaty pod pomnikiem \u201enieznanych \u017co\u0142nierzy UPA\u201d, p\u00f3\u017aniej tak\u017ce [&hellip;]","protected":false},"author":1,"featured_media":0,"comment_status":"closed","ping_status":"closed","sticky":false,"template":"","format":"standard","meta":{"_acf_changed":false,"_monsterinsights_skip_tracking":false,"ngg_post_thumbnail":0,"footnotes":"","_wp_rev_ctl_limit":""},"categories":[215],"tags":[65,167,17],"acf":[],"_links":{"self":[{"href":"https:\/\/www.bibula.com\/index.php?rest_route=\/wp\/v2\/posts\/90625"}],"collection":[{"href":"https:\/\/www.bibula.com\/index.php?rest_route=\/wp\/v2\/posts"}],"about":[{"href":"https:\/\/www.bibula.com\/index.php?rest_route=\/wp\/v2\/types\/post"}],"author":[{"embeddable":true,"href":"https:\/\/www.bibula.com\/index.php?rest_route=\/wp\/v2\/users\/1"}],"replies":[{"embeddable":true,"href":"https:\/\/www.bibula.com\/index.php?rest_route=%2Fwp%2Fv2%2Fcomments&post=90625"}],"version-history":[{"count":0,"href":"https:\/\/www.bibula.com\/index.php?rest_route=\/wp\/v2\/posts\/90625\/revisions"}],"wp:attachment":[{"href":"https:\/\/www.bibula.com\/index.php?rest_route=%2Fwp%2Fv2%2Fmedia&parent=90625"}],"wp:term":[{"taxonomy":"category","embeddable":true,"href":"https:\/\/www.bibula.com\/index.php?rest_route=%2Fwp%2Fv2%2Fcategories&post=90625"},{"taxonomy":"post_tag","embeddable":true,"href":"https:\/\/www.bibula.com\/index.php?rest_route=%2Fwp%2Fv2%2Ftags&post=90625"}],"curies":[{"name":"wp","href":"https:\/\/api.w.org\/{rel}","templated":true}]}}