{"id":90522,"date":"2016-10-12T13:28:37","date_gmt":"2016-10-12T17:28:37","guid":{"rendered":"http:\/\/www.bibula.com\/?p=90522"},"modified":"2016-10-12T13:28:37","modified_gmt":"2016-10-12T17:28:37","slug":"wdziecznosc-czy-proniemiecka-propaganda-niemieccy-architekci-patronami-ulic-wroclawia","status":"publish","type":"post","link":"https:\/\/www.bibula.com\/?p=90522","title":{"rendered":"Wdzi\u0119czno\u015b\u0107 czy proniemiecka propaganda? Niemieccy architekci patronami ulic Wroc\u0142awia"},"content":{"rendered":"<p><strong>Wroc\u0142awscy urz\u0119dnicy chcieliby, aby patronami ulic na nowopowstaj\u0105cym osiedlu zostali niemieccy architekci. To docenienie ich wk\u0142adu w budow\u0119 metropolii. Tego rodzaju pomys\u0142y budz\u0105 w\u0105tpliwo\u015bci, szczeg\u00f3lnie na tle przychylnej Niemcom polityki w\u0142adz miasta.<\/strong><\/p>\r\n<p>Jak poinformowa\u0142a niezalezna.pl, w zachodniej cz\u0119\u015bci Wroc\u0142awia budowane jest osiedle Nowe \u0179erniki, a wsp\u00f3\u0142pracownicy prezydenta Rafa\u0142a Dutkiewicza chc\u0105, by patronami nowych ulic zostali niemieccy architekci. Projekt zg\u0142osi\u0142 Jacek Barski, dyrektor departamentu architektury i rozwoju w magistracie.<\/p>\r\n<p>Jak podkre\u015blono, niemieccy architekci mieli sw\u00f3j znacz\u0105cy idzia\u0142 w budowaniu metropolii wroc\u0142awskiej i byli przez lata zwi\u0105zani z tym miastem. \u201ePierwszy etap spektakularnej transformacji miasta przypada na pocz\u0105tek XX w., kiedy to powstaj\u0105 wpisane ju\u017c na sta\u0142e w histori\u0119 \u015bwiatowej architektury dzie\u0142a: Maxa Berga, Hansa Poelziga, Adolfa Radinga czy Ern-sta Maya. Za\u015b jedn\u0105 z najbardziej donios\u0142ych realizacji sta\u0142a si\u0119 organizacja wystawy Werkbundu &#8211; WuWa\u201d &#8211; podkre\u015blono w uzasadnieniu projektu uchwa\u0142y.<\/p>\r\n<p>&#8211; <em>Propozycja nadania imion niemieckich architekt\u00f3w nowym ulicom jest efektem konsekwentnej polityki proniemieckiej, kt\u00f3r\u0105 od lat prowadzi prezydent miasta razem ze swoim ca\u0142ym wroc\u0142awskim salonem. <span class=\"pullquote\">Rafa\u0142 Dutkiewicz nigdy nie kry\u0142, \u017ce bli\u017cej jest mu do Berlina ni\u017c do Warszawy<\/span><\/em> &#8211; powiedzia\u0142 \u201eCodziennej\u201d prof. Tadeusz Marczak, historyk, by\u0142y dyrektor Instytutu Studi\u00f3w Mi\u0119dzynarodowych Uniwersytetu Wroc\u0142awskiego.<\/p>\r\n<p>\u0179r\u00f3d\u0142o: niezalezna.pl<\/p>\r\n<p>MA<\/p>\r\n<p class=\"zrodlo\">Za: <a href=\"http:\/\/www.pch24.pl\/wdziecznosc-czy-proniemiecka-propaganda--niemieccy-architekci-patronami-ulic-wroclawia,46577,i.html\">PoloniaChristiana &#8211; pch24.pl (2016-10-11)<\/a><\/p>","protected":false},"excerpt":{"rendered":"Wroc\u0142awscy urz\u0119dnicy chcieliby, aby patronami ulic na nowopowstaj\u0105cym osiedlu zostali niemieccy architekci. To docenienie ich wk\u0142adu w budow\u0119 metropolii. Tego rodzaju pomys\u0142y budz\u0105 w\u0105tpliwo\u015bci, szczeg\u00f3lnie na tle przychylnej Niemcom polityki w\u0142adz miasta. Jak poinformowa\u0142a niezalezna.pl, w zachodniej cz\u0119\u015bci Wroc\u0142awia budowane jest osiedle Nowe \u0179erniki, a wsp\u00f3\u0142pracownicy prezydenta Rafa\u0142a Dutkiewicza chc\u0105, by patronami nowych ulic zostali [&hellip;]","protected":false},"author":1,"featured_media":0,"comment_status":"closed","ping_status":"closed","sticky":false,"template":"","format":"standard","meta":{"_acf_changed":false,"_monsterinsights_skip_tracking":false,"_monsterinsights_sitenote_active":false,"_monsterinsights_sitenote_note":"","_monsterinsights_sitenote_category":0,"ngg_post_thumbnail":0,"footnotes":"","_wp_rev_ctl_limit":""},"categories":[8],"tags":[124,98],"acf":[],"_links":{"self":[{"href":"https:\/\/www.bibula.com\/index.php?rest_route=\/wp\/v2\/posts\/90522"}],"collection":[{"href":"https:\/\/www.bibula.com\/index.php?rest_route=\/wp\/v2\/posts"}],"about":[{"href":"https:\/\/www.bibula.com\/index.php?rest_route=\/wp\/v2\/types\/post"}],"author":[{"embeddable":true,"href":"https:\/\/www.bibula.com\/index.php?rest_route=\/wp\/v2\/users\/1"}],"replies":[{"embeddable":true,"href":"https:\/\/www.bibula.com\/index.php?rest_route=%2Fwp%2Fv2%2Fcomments&post=90522"}],"version-history":[{"count":0,"href":"https:\/\/www.bibula.com\/index.php?rest_route=\/wp\/v2\/posts\/90522\/revisions"}],"wp:attachment":[{"href":"https:\/\/www.bibula.com\/index.php?rest_route=%2Fwp%2Fv2%2Fmedia&parent=90522"}],"wp:term":[{"taxonomy":"category","embeddable":true,"href":"https:\/\/www.bibula.com\/index.php?rest_route=%2Fwp%2Fv2%2Fcategories&post=90522"},{"taxonomy":"post_tag","embeddable":true,"href":"https:\/\/www.bibula.com\/index.php?rest_route=%2Fwp%2Fv2%2Ftags&post=90522"}],"curies":[{"name":"wp","href":"https:\/\/api.w.org\/{rel}","templated":true}]}}