{"id":90518,"date":"2016-10-12T11:16:11","date_gmt":"2016-10-12T15:16:11","guid":{"rendered":"http:\/\/www.bibula.com\/?p=90518"},"modified":"2016-10-12T11:16:11","modified_gmt":"2016-10-12T15:16:11","slug":"historyk-ipn-potwierdza-noze-swiecili","status":"publish","type":"post","link":"https:\/\/www.bibula.com\/?p=90518","title":{"rendered":"Historyk IPN potwierdza: no\u017ce \u015bwi\u0119cili"},"content":{"rendered":"<p><strong>Dr Leon Popek, konsultant historyczny filmu \u201eWo\u0142y\u0144\u201d przytacza argumenty potwierdzaj\u0105ce \u015bwi\u0119cenie no\u017cy w cerkwiach prawos\u0142awnych na Wo\u0142yniu i greckokatolickich we wschodniej Ma\u0142opolsce.<\/strong><\/p>\r\n<div>\r\n<p>W rozmowie z Dziennikiem Wschodnim dr Leon Popek, historyk z lubelskiego oddzia\u0142u IPN i konsultant historyczny filmu \u201eWo\u0142y\u0144\u201d zosta\u0142 zapytany o scen\u0119 \u015bwi\u0119cenia kos i\u00a0siekier w\u00a0cerkwi greckokatolickiej, kt\u00f3rej autentyczno\u015b\u0107 by\u0142a w ostatnim czasie podwa\u017cana.<\/p>\r\n<p><strong><em>&#8211; Jest co najmniej kilka sprawozda\u0144, kt\u00f3re potwierdzaj\u0105 \u015bwi\u0119cenie no\u017cy w\u00a0cerkwiach prawos\u0142awnych na Wo\u0142yniu i\u00a0greckokatolickich we wschodniej Ma\u0142opolsce. Znam te\u017c ponad 20 relacji ocala\u0142ych<\/em><\/strong> &#8211; odpowiedzia\u0142 dr Popek.<\/p>\r\n<ul>\r\n\t<li>Przeczytaj: <a href=\"http:\/\/www.kresy.pl\/wydarzenia,spoleczenstwo?zobacz\/szefowa-euromajdanu-warszawa-wolyn-to-nie-film-historyczny\"><strong>Szefowa EuroMajdanu Warszawa: \u201eWo\u0142y\u0144\u201d to nie film historyczny<\/strong><\/a><\/li>\r\n<\/ul>\r\n<p>Historyk zaznaczy\u0142 r\u00f3wnie\u017c, \u017ce film nie jest antyukrai\u0144ski. <em><strong>&#8211; Dla dobra przysz\u0142ych stosunk\u00f3w polsko-ukrai\u0144skich musimy si\u0119 nad nim pochyli\u0107, porozmawia\u0107, a\u00a0mo\u017ce nawet si\u0119 pok\u0142\u00f3ci\u0107. Ale musimy zasypywa\u0107 te rowy. One s\u0105 tak wielkie, \u017ce b\u0119d\u0105 to robi\u0107 jeszcze nast\u0119pne pokolenia.<\/strong> To co si\u0119 wydarzy\u0142o, to by\u0142y straszne rzeczy. Ten temat musi wi\u0119c istnie\u0107 w\u00a0r\u00f3\u017cnych przestrzeniach: medialnej, historycznej, teologicznej i\u00a0politycznej. <strong>Je\u015bli zaro\u015bnie niepami\u0119ci\u0105, to kiedy\u015b mo\u017ce to wr\u00f3ci\u0107 <\/strong>&#8211;<\/em> powiedzia\u0142 dr Popek.<\/p>\r\n<ul>\r\n\t<li>PRZECZYTAJ: <a href=\"http:\/\/www.kresy.pl\/wydarzenia,spoleczenstwo?zobacz\/wolyn-analiza-krytyczna\"><strong>Wo\u0142y\u0144 Smarzowskiego &#8211; studium z\u0142a<\/strong><\/a><\/li>\r\n<\/ul>\r\n<p>Wcze\u015bniej historyk dr hab. Grzegorz Motyka, by\u0142y cz\u0142onek Rady Instytutu Pami\u0119ci Narodowej, kt\u00f3ry by\u0142 konsultantem historycznym Wojciech Smarzowskiego, re\u017cysera \u201eWo\u0142ynia\u201d <a href=\"http:\/\/www.kresy.pl\/wydarzenia,spoleczenstwo?zobacz\/grzegorz-motyka-nie-ma-dowodow-na-swiecenie-nozy-przez-ukrainskich-duchownych\">stwierdzi\u0142 w wywiadzie dla \u201eGazety Wyborczej\u201d<\/a>, \u017ce brak dowod\u00f3w na to aby, w trakcie ludob\u00f3jstwa dokonanego przez UON &#8211; UPA, mia\u0142o miejsce jakiekolwiek \u015bwi\u0119cenie narz\u0119dzi przez ukrai\u0144skich duchownych.<\/p>\r\n<p>Dr Motyka zosta\u0142 zapytany przez o to, kt\u00f3rych z jego uwag Smarzowski nie uwzgl\u0119dni\u0142 przy tworzeniu \u201eWo\u0142ynia\u201d. <strong><em>&#8211; Mia\u0142em zastrze\u017cenia do sceny \u015bwi\u0119cenia no\u017cy przez ukrai\u0144skiego ksi\u0119dza. Kresowiacy s\u0105 przekonani, \u017ce takie ceremonie mia\u0142y miejsce, ale brak na to dowod\u00f3w<\/em><\/strong> &#8211; odpowiedzia\u0142.<\/p>\r\n<p>Wywiad zosta\u0142 zatytu\u0142owa\u0142a<strong> \u201eGrzegorz Motyka o Wo\u0142yniu: Nie \u015bwi\u0119cili no\u017cy\u201d<\/strong>, a wypowied\u017a historyka zacz\u0119\u0142a nabiera\u0107 rozg\u0142osu. <a href=\"http:\/\/www.kresy.pl\/wydarzenia,spoleczenstwo?zobacz\/ukrainski-pisarz-recenzuje-wolyn-smarzowskiego\">Ukrai\u0144ski poeta Jurija Andruchowycz<\/a> m.in. z tego powodu zaatakowa\u0142 Smarzowskiego oraz polityk\u0119 rz\u0105du PiSu ws. ludob\u00f3jstwa na Wo\u0142yniu.<\/p>\r\n<p>P\u00f3\u017aniej dr Motyka powt\u00f3rzy\u0142 swoj\u0105 tez\u0119 w programie Piotra Gursztyna Nowe Ateny na antenie TVP Historia. Obecna w studiu badaczka ludob\u00f3jstwa, Ewa Siemaszko, jako jedyna protestowa\u0142a przeciwko opiniom by\u0142ego cz\u0142onka Rady IPN.<\/p>\r\n<p>Nale\u017cy przypomnie\u0107, \u017ce ju\u017c kilka lat temu IPN opublikowa\u0142 na swoich stronach m.in. relacje Anny Szumskiej, naocznego \u015bwiadka, kt\u00f3ra szczeg\u00f3\u0142owo opisywa\u0142a \u015bwiecenie no\u017cy przez ukrai\u0144skiego popa i nocne \u201eceremonie\u201d poprzedzaj\u0105ce rzezie dokonywane przez Ukrai\u0144c\u00f3w na Polakach.<\/p>\r\n<p>Dr Popek jest r\u00f3wnie\u017c wsp\u00f3\u0142autorem ksi\u0105\u017cki \u201eKres. Wo\u0142y\u0144, historie dzieci ocalonych z pogromu\u201d wsp\u00f3\u0142autorstwa dra Leona Popka z lubelskiego oddzia\u0142u IPN. Podczas debaty nad projektem ustawy penalizuj\u0105cej propagowanie banderyzmu w Polsce <a href=\"http:\/\/www.kresy.pl\/wydarzenia,spoleczenstwo?zobacz\/sejm-zajmie-sie-projektem-ustawy-penalizujacej-klamstwo-wolynskie-i-propagowanie-banderyzmu\">m\u00f3wi\u0142 o niej pose\u0142 Kukiz\u201915 i Stowarzyszenia Endecja, Tomasz Rzymkowski.<\/a><\/p>\r\n<ul>\r\n\t<li>Przeczytaj: <a href=\"http:\/\/www.kresy.pl\/wydarzenia,spoleczenstwo?zobacz\/film-wolyn-z-rekordowa-frekwencja\"><strong>Film \u201eWo\u0142y\u0144\u201d z rekordow\u0105 frekwencj\u0105<\/strong><\/a><\/li>\r\n<\/ul>\r\n<p>Dziennikwschodni.pl \/ Kresy.pl<\/p>\r\n<\/div>","protected":false},"excerpt":{"rendered":"Dr Leon Popek, konsultant historyczny filmu \u201eWo\u0142y\u0144\u201d przytacza argumenty potwierdzaj\u0105ce \u015bwi\u0119cenie no\u017cy w cerkwiach prawos\u0142awnych na Wo\u0142yniu i greckokatolickich we wschodniej Ma\u0142opolsce. W rozmowie z Dziennikiem Wschodnim dr Leon Popek, historyk z lubelskiego oddzia\u0142u IPN i konsultant historyczny filmu \u201eWo\u0142y\u0144\u201d zosta\u0142 zapytany o scen\u0119 \u015bwi\u0119cenia kos i\u00a0siekier w\u00a0cerkwi greckokatolickiej, kt\u00f3rej autentyczno\u015b\u0107 by\u0142a w ostatnim czasie [&hellip;]","protected":false},"author":1,"featured_media":0,"comment_status":"closed","ping_status":"closed","sticky":false,"template":"","format":"standard","meta":{"_acf_changed":false,"_monsterinsights_skip_tracking":false,"_monsterinsights_sitenote_active":false,"_monsterinsights_sitenote_note":"","_monsterinsights_sitenote_category":0,"ngg_post_thumbnail":0,"footnotes":"","_wp_rev_ctl_limit":""},"categories":[8],"tags":[65,188,17],"acf":[],"_links":{"self":[{"href":"https:\/\/www.bibula.com\/index.php?rest_route=\/wp\/v2\/posts\/90518"}],"collection":[{"href":"https:\/\/www.bibula.com\/index.php?rest_route=\/wp\/v2\/posts"}],"about":[{"href":"https:\/\/www.bibula.com\/index.php?rest_route=\/wp\/v2\/types\/post"}],"author":[{"embeddable":true,"href":"https:\/\/www.bibula.com\/index.php?rest_route=\/wp\/v2\/users\/1"}],"replies":[{"embeddable":true,"href":"https:\/\/www.bibula.com\/index.php?rest_route=%2Fwp%2Fv2%2Fcomments&post=90518"}],"version-history":[{"count":0,"href":"https:\/\/www.bibula.com\/index.php?rest_route=\/wp\/v2\/posts\/90518\/revisions"}],"wp:attachment":[{"href":"https:\/\/www.bibula.com\/index.php?rest_route=%2Fwp%2Fv2%2Fmedia&parent=90518"}],"wp:term":[{"taxonomy":"category","embeddable":true,"href":"https:\/\/www.bibula.com\/index.php?rest_route=%2Fwp%2Fv2%2Fcategories&post=90518"},{"taxonomy":"post_tag","embeddable":true,"href":"https:\/\/www.bibula.com\/index.php?rest_route=%2Fwp%2Fv2%2Ftags&post=90518"}],"curies":[{"name":"wp","href":"https:\/\/api.w.org\/{rel}","templated":true}]}}