{"id":90486,"date":"2016-10-11T16:41:23","date_gmt":"2016-10-11T20:41:23","guid":{"rendered":"http:\/\/www.bibula.com\/?p=90486"},"modified":"2016-10-11T16:41:23","modified_gmt":"2016-10-11T20:41:23","slug":"szwecja-bardziej-potrzebuje-ewangelizacji-niz-ekumenizmu","status":"publish","type":"post","link":"https:\/\/www.bibula.com\/?p=90486","title":{"rendered":"Szwecja bardziej potrzebuje ewangelizacji ni\u017c ekumenizmu"},"content":{"rendered":"<p>Za trzy tygodnie Ojciec \u015awi\u0119ty uda si\u0119 do Szwecji z okazji 500-lecia reformacji. Nadaje to papieskiej podr\u00f3\u017cy wyra\u017any rys ekumeniczny. Jednak\u017ce sami Szwedzi bardziej ni\u017c ekumenizmu potrzebuj\u0105 dzi\u015b ewangelizacji. Zwraca na to uwag\u0119 ks. Fredrik Emanuelson, wikariusz biskupa Sztokholmu ds. misji. Jego zdaniem Franciszek powinien przyby\u0107 do tego nordyckiego kraju z wyra\u017anym or\u0119dziem wiary. Wymaga tego realny stan chrze\u015bcija\u0144stwa w Szwecji, kt\u00f3rego nie da si\u0119 wyczyta\u0107 z oficjalnych statystyk.<\/p>\r\n<p>\u201eSzwedzki Ko\u015bci\u00f3\u0142 Lutera\u0144ski przez wiele wiek\u00f3w by\u0142 Ko\u015bcio\u0142em pa\u0144stwowym, oficjalnym. Trwa\u0142o to od 1593 r., kiedy mia\u0142o miejsce Spotkanie w Uppsali, a\u017c do 2000 r., kiedy to nast\u0105pi\u0142o oddzielenie pa\u0144stwa od Ko\u015bcio\u0142a. Oznacza to, \u017ce nie ma ju\u017c Ko\u015bcio\u0142a oficjalnego. Luteranie s\u0105 jedynie Ko\u015bcio\u0142em wi\u0119kszo\u015bciowym. Jednak\u017ce je\u015bli chodzi o bycie chrze\u015bcijaninem, wiar\u0119, praktykowanie, chodzenie do ko\u015bcio\u0142a to widzimy to jedynie u cz\u0119\u015bci oficjalnych cz\u0142onk\u00f3w. Dlatego jestem przekonany, \u017ce dzi\u015b prawdziwym wyzwaniem jest nie tyle dialog mi\u0119dzy Ko\u015bcio\u0142ami czy wsp\u00f3lnotami ko\u015bcielnymi, ale ewangelizacja tego spo\u0142ecze\u0144stwa. To my mamy je kszta\u0142towa\u0107, ale niekiedy to ono kszta\u0142tuje nas\u201d &#8211; powiedzia\u0142 Radiu Watyka\u0144skiemu ks. Emanuelson.<\/p>\r\n<p>kb\/ rv<\/p>\r\n<p class=\"zrodlo\">Za: <a href=\"http:\/\/pl.radiovaticana.va\/news\/2016\/10\/10\/szwecja_bardziej_potrzebuje_ewangelizacji_ni%C5%BC_ekumenizmu\/1264238\">Radio Watyka\u0144skie (10\/10\/2016)<\/a><\/p>","protected":false},"excerpt":{"rendered":"Za trzy tygodnie Ojciec \u015awi\u0119ty uda si\u0119 do Szwecji z okazji 500-lecia reformacji. Nadaje to papieskiej podr\u00f3\u017cy wyra\u017any rys ekumeniczny. Jednak\u017ce sami Szwedzi bardziej ni\u017c ekumenizmu potrzebuj\u0105 dzi\u015b ewangelizacji. Zwraca na to uwag\u0119 ks. Fredrik Emanuelson, wikariusz biskupa Sztokholmu ds. misji. Jego zdaniem Franciszek powinien przyby\u0107 do tego nordyckiego kraju z wyra\u017anym or\u0119dziem wiary. Wymaga [&hellip;]","protected":false},"author":1,"featured_media":0,"comment_status":"closed","ping_status":"closed","sticky":false,"template":"","format":"standard","meta":{"_acf_changed":false,"_monsterinsights_skip_tracking":false,"ngg_post_thumbnail":0,"footnotes":"","_wp_rev_ctl_limit":""},"categories":[3],"tags":[301,205,33],"acf":[],"_links":{"self":[{"href":"https:\/\/www.bibula.com\/index.php?rest_route=\/wp\/v2\/posts\/90486"}],"collection":[{"href":"https:\/\/www.bibula.com\/index.php?rest_route=\/wp\/v2\/posts"}],"about":[{"href":"https:\/\/www.bibula.com\/index.php?rest_route=\/wp\/v2\/types\/post"}],"author":[{"embeddable":true,"href":"https:\/\/www.bibula.com\/index.php?rest_route=\/wp\/v2\/users\/1"}],"replies":[{"embeddable":true,"href":"https:\/\/www.bibula.com\/index.php?rest_route=%2Fwp%2Fv2%2Fcomments&post=90486"}],"version-history":[{"count":0,"href":"https:\/\/www.bibula.com\/index.php?rest_route=\/wp\/v2\/posts\/90486\/revisions"}],"wp:attachment":[{"href":"https:\/\/www.bibula.com\/index.php?rest_route=%2Fwp%2Fv2%2Fmedia&parent=90486"}],"wp:term":[{"taxonomy":"category","embeddable":true,"href":"https:\/\/www.bibula.com\/index.php?rest_route=%2Fwp%2Fv2%2Fcategories&post=90486"},{"taxonomy":"post_tag","embeddable":true,"href":"https:\/\/www.bibula.com\/index.php?rest_route=%2Fwp%2Fv2%2Ftags&post=90486"}],"curies":[{"name":"wp","href":"https:\/\/api.w.org\/{rel}","templated":true}]}}