{"id":90388,"date":"2016-10-08T10:19:16","date_gmt":"2016-10-08T14:19:16","guid":{"rendered":"http:\/\/www.bibula.com\/?p=90388"},"modified":"2016-10-08T10:19:16","modified_gmt":"2016-10-08T14:19:16","slug":"ksiadz-piotr-kieniewicz-o-glosowaniu-nad-stop-aborcji-polityczna-glupota-albo-potworny-cynizm","status":"publish","type":"post","link":"https:\/\/www.bibula.com\/?p=90388","title":{"rendered":"Ksi\u0105dz Piotr Kieniewicz o g\u0142osowaniu nad \u201eStop aborcji&#8221;: polityczna g\u0142upota albo potworny cynizm"},"content":{"rendered":"\r\n<p><strong>Wiele miejsca sprawie bezceremonialnego wyrzucenia do kosza projektu \u201eStop aborcji\u201d po\u015bwi\u0119ci\u0142a na\u00a0 \u0142amach sobotnio-niedzielnego wydania redakcja \u201eNaszego Dziennika\u201d. Rozm\u00f3wca gazety, teolog moralista ks. dr hab. Piotr Kieniewicz zarzuca PiS oportunizm i zak\u0142amanie. Wzywa te\u017c Episkopat Polski do zdecydowanego \u201eNon possumus\u201d w obronie \u017cycia.<\/strong><\/p>\r\n<p>Projekt Ordo Iuris i spos\u00f3b post\u0119powania Fundacji Pro &#8211; Prawo do \u0179ycia by\u0142y takie jak naucza Ko\u015bci\u00f3\u0142 &#8211; podkre\u015bla w artykule wst\u0119pnym gazety (&#8222;Katolicka racja stanu&#8221;) S\u0142awomir Jagodzi\u0144ski. Dodaje, i\u017c zgodnie z nakazem zawartym na kartach encykliki \u015bw. Jana Paw\u0142a II \u201eEvangelium Vitae\u201d, obowi\u0105zkiem katolika jest d\u0105\u017cenie do mo\u017cliwie jak najpe\u0142niejszej ochrony \u017cycia ludzkiego, z postawieniem na stra\u017cy jego nienaruszalno\u015bci sankcji prawnej. Dopiero gdy z jaki\u015b przyczyn jest to niemo\u017cliwe, mo\u017cemy poprze\u0107 propozycje, kt\u00f3re w jakim\u015b stopniu ogranicz\u0105 dzia\u0142anie szkodliwych przepis\u00f3w. Tak w\u0142a\u015bnie post\u0105pili projektodawcy z Ordo Iuris wycofuj\u0105c si\u0119 z zapisu o karalno\u015bci kobiet dopiero postawieni \u201epod \u015bcian\u0105\u201d przez sejmow\u0105 wi\u0119kszo\u015b\u0107. Takie zreszt\u0105 stanowisko przedstawiali w przesz\u0142o\u015bci polscy biskupi, na przyk\u0142ad w doniesieniu do procedury <em>in vitro<\/em>. \u00a0<\/p>\r\n<p>Publicysta ND pisze mi\u0119dzy innymi: \u201e(\u2026) w czwartkowym g\u0142osowaniu katolicki pose\u0142, osoba, kt\u00f3rej osobisty sprzeciw wobec przerywania ci\u0105\u017cy by\u0142by jasny, powinien poprze\u0107 obywatelski projekt, bo zapewnia\u0142 on pe\u0142n\u0105 ochron\u0119 \u017cycia w Polsce\u201d. Przypomina te\u017c stanowisko Episkopatu og\u0142oszone po czwartkowym haniebnym g\u0142osowaniu w Sejmie. Biskupi wskazali, \u017ce os\u0142ony socjalne obiecane przez rz\u0105d nie mog\u0105 zast\u0105pi\u0107 d\u0105\u017ce\u0144 do prawnej obrony nienarodzonych. \u201eNikt z wierz\u0105cych, ani pose\u0142, ani duchowny, ani \u017caden \u015bwiecki nie mo\u017ce tu zdezerterowa\u0107\u201d &#8211; podkre\u015bla redakcja.<\/p>\r\n<p>\u201eNasz Dziennik\u201d publikuje tak\u017ce rozmow\u0119 z ksi\u0119dzem doktorem habilitowanym Piotrem Kieniewiczem MIC (&#8222;S\u0105d nad niewinnymi&#8221;). Wybitny teolog moralista nie pozostawia suchej nitki na post\u0119powaniu pos\u0142\u00f3w Prawa i Sprawiedliwo\u015bci: \u201eAlbo jest to przejaw politycznej g\u0142upoty, albo potwornego cynizmu. Trzeciej opcji nie widz\u0119\u201d &#8211; m\u00f3wi. Zwraca uwag\u0119, \u017ce PiS, o ile wyrzuci\u0142 do kosza obywatelski projekt ze strachu przed wyst\u0105pieniami ludzi, kt\u00f3rzy na\u0144 nie g\u0142osowali, wykaza\u0142 si\u0119 nieodpowiedzialno\u015bci\u0105. Narazi\u0142 si\u0119 bowiem na utrat\u0119 wiarygodno\u015bci u strony wa\u017cnej cz\u0119\u015bci w\u0142asnego elektoratu. \u201eWszelkie zarzuty, jakie pada\u0142y ze strony partii Jaros\u0142awa Kaczy\u0144skiego pod adresem jego politycznych przeciwnik\u00f3w: zarzuty oportunizmu, zak\u0142amania, nieliczenia si\u0119 z niczym poza w\u0142asnym interesem partyjnym &#8211; tak naprawd\u0119 odnosz\u0105 si\u0119 do samego PiS\u201d &#8211; czytamy. Rozm\u00f3wca ND przewiduje utrat\u0119 przez PiS znacznej cz\u0119\u015bci wyborc\u00f3w: &#8222;Nie sprzeciwaj\u0105c si\u0119 wprost aborcji (&#8230;) pope\u0142ni\u0142o polityczne samob\u00f3jstwo&#8221; &#8211; ocenia.<\/p>\r\n<p>Rozwa\u017caj\u0105c duchowo-moraln\u0105 kondycj\u0119 dzisiejszych Polak\u00f3w duchowny odnosi si\u0119 do opinii zanotowanych na temat pierwszych chrze\u015bcijan w dokumentach zachowanych od II wieku. Wyznawcy Chrystusa wyr\u00f3\u017cniali si\u0119 na tle og\u00f3\u0142u spo\u0142ecze\u0144stwa tym, \u017ce nie \u017cyli rozwi\u0105\u017ale, nie dokonywali aborcji, nie zabijali w\u0142asnych dzieci ani te\u017c nie praktykowali eutanazji. \u201eA dzi\u015b co nas wyr\u00f3\u017cnia? W Polsce, kt\u00f3ra mieni si\u0119 by\u0107 krajem katolickim, dochodzi do eskalacji zachowa\u0144 wymierzonych przeciwko \u017cyciu. To pokazuje, jaka jest wiara w naszym Narodzie. To pokazuje, \u017ce &#8211; przykro mi to m\u00f3wi\u0107 &#8211; nie jeste\u015bmy narodem chrze\u015bcija\u0144skim, poniewa\u017c chrze\u015bcijanie nie zabijaj\u0105 dzieci, nie morduj\u0105 bezbronnych i najs\u0142abszych\u201d &#8211; wskazuje ksi\u0105dz Kieniewicz. \u201eNa dobr\u0105 spraw\u0119 jest to po prostu aborcja na \u017cyczenie\u201d &#8211; m\u00f3wi o funkcjonuj\u0105cej dzi\u015b, na podstawie zaledwie podejrzenia choroby lub upo\u015bledzenia, przes\u0142ance eugenicznej &#8211; \u201e\u0179aden lekarz nie mo\u017ce nigdy na sto procent powiedzie\u0107, \u017ce wyklucza wszystkie wady u dziecka znajduj\u0105cego si\u0119 jeszcze w \u0142onie matki\u201d.<\/p>\r\n<p>Teolog moralista zwraca uwag\u0119 na bardzo istotn\u0105 rol\u0119 ksi\u0119\u017cy biskup\u00f3w w kwestii obrony \u017cycia: \u201e(\u2026) dzi\u015b potrzeba bardzo mocnego i zdecydowanego g\u0142osu Ko\u015bcio\u0142a, jak za czas\u00f3w ks. kard. Stefana Wyszy\u0144skiego: <em>Non possumus! Nie pozwalamy na zabijanie dzieci! <\/em>Tej stanowczo\u015bci w g\u0142osie biskup\u00f3w dzi\u015b brakuje\u201d &#8211; ocenia rozm\u00f3wca ND.<\/p>\r\n<p>&#8222;Obrady komisji i Sejmu nad projektem obywatelskim by\u0142y pospieszne, odbywa\u0142y si\u0119 p\u00f3\u017anym wieczorem i w nocy. Wyrok og\u0142oszono rano. Co to pani przypomina? Bo mi jedno: s\u0105d nad Jezusem Chrystusem. Tu te\u017c dokona\u0142 si\u0119 s\u0105d na niewinnych&#8221; &#8211;\u00a0czytamy w wywiadzie.<\/p>\r\n<p>\u0179r\u00f3d\u0142o: \u201eNasz Dziennik\u201d<\/p>\r\n<p>RoM<\/p>\r\n<\/div>","protected":false},"excerpt":{"rendered":"Wiele miejsca sprawie bezceremonialnego wyrzucenia do kosza projektu \u201eStop aborcji\u201d po\u015bwi\u0119ci\u0142a na\u00a0 \u0142amach sobotnio-niedzielnego wydania redakcja \u201eNaszego Dziennika\u201d. Rozm\u00f3wca gazety, teolog moralista ks. dr hab. Piotr Kieniewicz zarzuca PiS oportunizm i zak\u0142amanie. Wzywa te\u017c Episkopat Polski do zdecydowanego \u201eNon possumus\u201d w obronie \u017cycia. Projekt Ordo Iuris i spos\u00f3b post\u0119powania Fundacji Pro &#8211; Prawo do \u0179ycia [&hellip;]","protected":false},"author":1,"featured_media":0,"comment_status":"closed","ping_status":"closed","sticky":false,"template":"","format":"standard","meta":{"_acf_changed":false,"_monsterinsights_skip_tracking":false,"_monsterinsights_sitenote_active":false,"_monsterinsights_sitenote_note":"","_monsterinsights_sitenote_category":0,"ngg_post_thumbnail":0,"footnotes":"","_wp_rev_ctl_limit":""},"categories":[5],"tags":[94,98],"acf":[],"_links":{"self":[{"href":"https:\/\/www.bibula.com\/index.php?rest_route=\/wp\/v2\/posts\/90388"}],"collection":[{"href":"https:\/\/www.bibula.com\/index.php?rest_route=\/wp\/v2\/posts"}],"about":[{"href":"https:\/\/www.bibula.com\/index.php?rest_route=\/wp\/v2\/types\/post"}],"author":[{"embeddable":true,"href":"https:\/\/www.bibula.com\/index.php?rest_route=\/wp\/v2\/users\/1"}],"replies":[{"embeddable":true,"href":"https:\/\/www.bibula.com\/index.php?rest_route=%2Fwp%2Fv2%2Fcomments&post=90388"}],"version-history":[{"count":0,"href":"https:\/\/www.bibula.com\/index.php?rest_route=\/wp\/v2\/posts\/90388\/revisions"}],"wp:attachment":[{"href":"https:\/\/www.bibula.com\/index.php?rest_route=%2Fwp%2Fv2%2Fmedia&parent=90388"}],"wp:term":[{"taxonomy":"category","embeddable":true,"href":"https:\/\/www.bibula.com\/index.php?rest_route=%2Fwp%2Fv2%2Fcategories&post=90388"},{"taxonomy":"post_tag","embeddable":true,"href":"https:\/\/www.bibula.com\/index.php?rest_route=%2Fwp%2Fv2%2Ftags&post=90388"}],"curies":[{"name":"wp","href":"https:\/\/api.w.org\/{rel}","templated":true}]}}