{"id":90381,"date":"2016-10-08T10:01:56","date_gmt":"2016-10-08T14:01:56","guid":{"rendered":"http:\/\/www.bibula.com\/?p=90381"},"modified":"2016-10-08T10:01:56","modified_gmt":"2016-10-08T14:01:56","slug":"pis-dla-zycia-wszystko-czyli-nic","status":"publish","type":"post","link":"https:\/\/www.bibula.com\/?p=90381","title":{"rendered":"PiS: dla \u017cycia \u201ewszystko&#8221;, czyli nic?"},"content":{"rendered":"<p><strong>Beata Szyd\u0142o i Jaros\u0142aw Kaczy\u0144ski popieraj\u0105c odrzucenie obywatelskiego projektu \u201eStop Aborcji\u201d z\u0142o\u017cyli obietnic\u0119, \u017ce zrobi\u0105 wszystko, by chroni\u0107 \u017cycie. Zasygnalizowane dzia\u0142ania nie maj\u0105 jednak wiele wsp\u00f3lnego z otoczeniem ochron\u0105 prawn\u0105 \u017cycia pocz\u0119tego. To dzia\u0142anie wizerunkowe, bo \u017cycie pocz\u0119te lepiej chronione nie b\u0119dzie.\u00a0<\/strong><\/p>\r\n<p>PiS decyduj\u0105c o zako\u0144czeniu prac nad obywatelskim projektem \u201eStop Aborcji\u201d, chc\u0105c uspokoi\u0107 opini\u0119 publiczn\u0105 i w\u0142asne sumienia, zaproponowa\u0142o m.in. pakiet wsparcia dla matek, kt\u00f3re zdecyduj\u0105 si\u0119 urodzi\u0107 chore dziecko oraz dzia\u0142ania promuj\u0105ce postawy pro-life. Cho\u0107 premier Beata Szyd\u0142o zapewnia\u0142a, \u017ce rz\u0105d zrobi wszystko, by chroni\u0107 \u017cycie, to w\u015br\u00f3d rzuconych w eter propozycji nie pad\u0142a propozycja zwi\u0119kszenia gwarancji prawnych chroni\u0105cych nienarodzonych. Obro\u0144cy \u017cycia w rozmowie z PCh24.pl nie kryli rozczarowania postaw\u0105 parlamentarzyst\u00f3w deklaruj\u0105cych si\u0119 jako katolicy.<\/p>\r\n<p>&#8211; <em>PiS wraz z innymi ugrupowaniami parlamentarnymi opowiedzia\u0142y si\u0119 za prawem do zabijania, a przeciwko prawu do \u017cycia. Szczeg\u00f3lnie bulwersuj\u0105ca jest ob\u0142uda zaprezentowana przez klub parlamentarny PiS, kt\u00f3ry cho\u0107 w przesz\u0142o\u015bci deklarowa\u0142 swoje przywi\u0105zanie do obrony \u017cycia &#8211; co nawiasem m\u00f3wi\u0105c prezes Jaros\u0142aw Kaczy\u0144ski powt\u00f3rzy\u0142 tak\u017ce i teraz z trybuny sejmowej &#8211; w zdecydowanej wi\u0119kszo\u015bci zag\u0142osowa\u0142 przeciwko prawu do \u017cycia najs\u0142abszych<\/em> &#8211; powiedzia\u0142 w rozmowie z PCh24.pl Mariusz Dzier\u017cawski z Fundacji Pro &#8211; Prawo do \u017cycia.<\/p>\r\n<p>Przedstawiciel Komitetu \u201eStop Aborcji\u201d zapytany o obietnice z\u0142o\u017cone przez premier Szyd\u0142o dotycz\u0105ce podj\u0119cia krok\u00f3w na rzecz obrony \u017cycia nienarodzonych przytoczy\u0142 znane ludowe porzekad\u0142o: \u201eobiecanki, cacanki, a g\u0142upiemu rado\u015b\u0107\u201d. Bo jak podkre\u015bli\u0142, \u201enie by\u0142y to bowiem \u017cadne obietnice\u201d. &#8211; <em>Premier Szyd\u0142o nawet nie zaj\u0105kn\u0119\u0142a si\u0119 na temat prawnych gwarancji obrony \u017cycia dzieci w \u0142onie matki. S\u0142owa, kt\u00f3re wywo\u0142a\u0142y entuzjazm w\u015br\u00f3d pos\u0142\u00f3w PiS tak naprawd\u0119\u00a0nic nie kosztuj\u0105. Oczywiste jest bowiem to, \u017ce kobietom i rodzinom w trudnej sytuacji trzeba pomaga\u0107<\/em> &#8211; zauwa\u017cy\u0142 Dzier\u017cawski.<\/p>\r\n<p>Szokuj\u0105cym pozostaje fakt, i\u017c ci sami pos\u0142owie, kt\u00f3rzy w niedalekiej przesz\u0142o\u015bci opowiedzieli si\u0119 za dalszym procedowaniem obywatelskiego projektu wprowadzaj\u0105cego ochron\u0119 \u017cycia ka\u017cdego dziecka we \u015brod\u0119 i czwartek podnie\u015bli r\u0119k\u0119 za zako\u0144czeniem prac i wyrzuceniem prolajferskiej propozycji do kosza.<\/p>\r\n<p>&#8211; <em>Dwa tygodnie temu pos\u0142owie PiS o\u015bmielili si\u0119 sprzeciwi\u0107 swemu kierownictwu partyjnemu i nie poparli tego morderczego projektu aborcjonist\u00f3w, dla niepoznaki nazywaj\u0105cego si\u0119 \u201eRatujmy kobiety\u201d. Oczywi\u015bcie, \u017ce czarne marsze nie przestraszy\u0142y Jaros\u0142aw Kaczy\u0144skiego, by\u0142o one kilkukrotnie mniej liczne od manifestacji KOD, kt\u00f3re na prezesie PiS nie robi\u0105 najmniejszego wra\u017cenia. Prezes u\u017cy\u0142 tego do zastraszenia pos\u0142\u00f3w i mu si\u0119 uda\u0142o<\/em> &#8211; m\u00f3wi\u0142 Dzier\u017cawki.<\/p>\r\n<p>Obro\u0144ca \u017cycia zapewni\u0142, \u017ce Komitet Stop Aborcji nie zaprzestanie swoich dzia\u0142a\u0144. &#8211; <em>B\u0119dziemy nadal walczy\u0107 i pokazywa\u0107, \u017ce aborcja to okrutne zab\u00f3jstwo. Chcemy dalej mobilizowa\u0107 Polak\u00f3w, aby dzia\u0142ali na rzecz prawa do \u017cycia dla tych, kt\u00f3rzy sami broni\u0107 si\u0119 nie mog\u0105 oraz aby przegonili z Sejmu ob\u0142udnik\u00f3w<\/em> &#8211; zadeklarowa\u0142.<br \/>\r\n <br \/>\r\n <strong>Historia zatacza kr\u0105g<\/strong><\/p>\r\n<p>&#8211; <em>Ja ju\u017c to prze\u017cy\u0142em i ju\u017c to widzia\u0142em<\/em> &#8211; skomentowa\u0142 dla PCh24.pl Pawe\u0142 Kwa\u015bniak, prezes Centrum Wspierania Inicjatyw dla \u0179ycia i Rodziny. Jak wyja\u015bni\u0142, analogiczny scenariusz rozegra\u0142 si\u0119, gdy w 2007 roku debatowano o konstytucyjnym wzmocnieniu ochrony \u017cycia. &#8211; <em>Min\u0119\u0142o 9 lat i historia zatoczy\u0142a ko\u0142o. Zatem nie jestem zaskoczony samym rozwojem wypadk\u00f3w, ale szybko\u015bci\u0105 i intensywno\u015bci\u0105 dzia\u0142a\u0144, kt\u00f3re mia\u0142y na celu utopienie obywatelskiego projektu. Mia\u0142em \u015bwiadomo\u015b\u0107, \u017ce dla partii rz\u0105dz\u0105cej projekt \u201eStop Aborcji\u201d jest niewygodny, \u017ce b\u0119d\u0105 podejmowane pr\u00f3by os\u0142abiania jego poszczeg\u00f3lnych zapis\u00f3w, ale nie spodziewa\u0142em si\u0119, \u017ce w ci\u0105gu kilkunastu godzin wykona si\u0119 na nim wyrok<\/em> &#8211; podkre\u015bli\u0142.<\/p>\r\n<p>Zdaniem Paw\u0142a Kwa\u015bniaka, frazesy g\u0142oszone przez PiS o wyj\u0105tkowym traktowaniu projekt\u00f3w obywatelskich mo\u017cna wrzuci\u0107 do kosza, bo to jak potraktowano projekt \u201eStop Aborcji\u201d, to \u017ce nie dopuszczono do dyskusji nad nim, ur\u0105ga wszelkim standardom debaty parlamentarnej. To szczeg\u00f3lnie bolesne, bo projekt dotyczy\u0142 sprawy fundamentalnej &#8211; prawa do \u017cycia.<\/p>\r\n<p>&#8211; <em>W tym kontek\u015bcie przypominaj\u0105 mi si\u0119 s\u0142owa prezesa Jaros\u0142awa Kaczy\u0144skiego, kt\u00f3ry po katastrofie smole\u0144skiej m\u00f3wi\u0142 o \u201ezdradzonych o \u015bwicie\u201d. Dzi\u015b mo\u017cemy m\u00f3wi\u0107 o \u201ezdradzonych wieczorem\u201d. I nie chodzi mi tu o cz\u0142onk\u00f3w Komitetu \u201eStop Aborcji\u201d, ale o dzieci nienarodzone, kt\u00f3re przy odrobinie dobrej woli mo\u017cna by\u0142o otoczy\u0107 wi\u0119ksz\u0105 ochron\u0105<\/em> &#8211; powiedzia\u0142.<\/p>\r\n<p>Pawe\u0142 Kwa\u015bniak pytany o obietnice z\u0142o\u017cone przez premier Beat\u0119 Szyd\u0142o oceni\u0142, \u017ce by\u0107 mo\u017ce oka\u017ce si\u0119, \u017ce s\u0105 to s\u0142uszne inicjatywy, ale to nie zmieni faktu, \u017ce mijaj\u0105 si\u0119 one z faktem, i\u017c nie b\u0119d\u0105 one stanowi\u0107 prawnych gwarancji ochrony dla \u017cycia pocz\u0119tego. &#8211; <em>Pani premier kwestii ochrony prawnej nienarodzonych nie poruszy\u0142a. M\u00f3wi\u0142a m.in. co\u015b o akcji promocyjnej, informacyjnej na temat ochrony \u017cycia. Tego rodzaju dzia\u0142ania nasza organizacja podejmuje od lat. Je\u017celi rz\u0105d chce na tym polu co\u015b zrobi\u0107, to bardzo dobrze, ale to nie jest rozwi\u0105zanie g\u0142\u00f3wnego problemu, jakim jest zabijanie dzieci<\/em> &#8211; podkre\u015bli\u0142.<\/p>\r\n<p><strong>\u201eKaralno\u015b\u0107\u201d kobiet wym\u00f3wk\u0105<\/strong><\/p>\r\n<p>&#8211; <em>Byli\u015bmy g\u0142\u0119boko zaskoczeni \u015brodowym dzia\u0142aniem komisji sprawiedliwo\u015bci. Zwo\u0142ano j\u0105 z naruszeniem regulaminu, gdy\u017c powinna by\u0107 zwo\u0142ana z trzydniowym, a nie kilkugodzinnym wyprzedzeniem. To uniemo\u017cliwi\u0142o przybycie na posiedzenie komisji chocia\u017cby pani dr Joannie Banasiuk, oficjalnemu przedstawicielowi Komitetu. R\u00f3wnie\u017c w toku obrad, chocia\u017c trudno m\u00f3wi\u0107 o jakichkolwiek obradach, wprowadzono tylko jeden punkt: odrzucenie inicjatywy obywatelskiej \u201eStop Aborcji\u201d. Nie poddano tego wniosku \u017cadnej dyskusji<\/em> &#8211; przypomnia\u0142 w rozmowie z PCh24.pl mec. Jerzy Kwa\u015bniewski, prezes Instytutu na rzecz Kultury Prawnej Ordo Iuris.<\/p>\r\n<p>Jak przypomnia\u0142, Sejm w pierwszym czytaniu zadecydowa\u0142 o skierowaniu inicjatywy do prac w komisji, tymczasem ta \u017cadnych prac nie podj\u0119\u0142a. <em>&#8211; Pomimo tego, \u017ce b\u0119d\u0105c tam obecni starali\u015bmy si\u0119 doj\u015b\u0107 do g\u0142osu, prezydium komisji nie udzieli\u0142o nam g\u0142osu, a wniosek z\u0142o\u017cony przez pos\u0142a Witolda Czarneckiego z PiS zosta\u0142 przeg\u0142osowany przez wszystkich pos\u0142\u00f3w Prawa i Sprawiedliwo\u015bci. W tej sytuacji trzeba powiedzie\u0107, \u017ce to pierwsze g\u0142osowanie sprzed p\u00f3\u0142tora tygodnia de facto okaza\u0142o si\u0119 nieskuteczne. Wbrew decyzji Sejmu komisja nie tylko nie podj\u0119\u0142a prac, ale sta\u0142a si\u0119 narz\u0119dziem do z\u0142amania sumie\u0144 pos\u0142\u00f3w<\/em> &#8211; oceni\u0142 mec. Kwa\u015bniewski.<\/p>\r\n<p>Jak doda\u0142, dzi\u0119ki tej nieregulaminowej, szybkiej akcji komisji, mo\u017cliwe by\u0142o powt\u00f3rzenie g\u0142osowania sprzed p\u00f3\u0142tora tygodnia. &#8211; <em>Tym razem pos\u0142owie poddani naciskom ze strony w\u0142adz klubu nie odwa\u017cyli si\u0119 ju\u017c powt\u00f3rzy\u0107 swojego wolnego wyboru za \u017cyciem, jakiego dokonali p\u00f3\u0142tora tygodnia temu. Przypomn\u0119, \u017ce gdy poprzednio dr Banasiuk prezentowa\u0142a projekt po raz pierwszy w Sejmie, reakcje ze strony PiS by\u0142y entuzjastyczne<\/em> &#8211; zaznaczy\u0142.<\/p>\r\n<p>Jak przypomnia\u0142, pos\u0142owie podnosili w\u00f3wczas r\u00f3\u017cne pytania, uwagi, ewentualne zastrze\u017cenia, kt\u00f3re spotka\u0142y si\u0119 z jasn\u0105 odpowiedzi\u0105 ze strony komitetu inicjatywy \u201eStop Aborcji\u201d. By\u0142a to chocia\u017cby zapowied\u017a, \u017ce wszelkie uwagi, poprawki i zmiany s\u0105 mo\u017cliwe po merytorycznej i wnikliwej dyskusji w komisji, pod warunkiem, \u017ce szanowa\u0107 b\u0119d\u0105 prymat prawa do \u017cycia ka\u017cdego cz\u0142owieka w Polsce.<\/p>\r\n<p>&#8211; <em>Dziwi w takim razie, \u017ce \u017caden z tych pos\u0142\u00f3w nie z\u0142o\u017cy\u0142 poprawki w czasie prac komisji, dziwi, \u017ce nikt nie z\u0142o\u017cy\u0142 poprawki w czasie drugiego czytania. Oznacza to, \u017ce mamy de facto do czynienia ze z\u0142amaniem sumienia wszystkich pos\u0142\u00f3w, poza 40 sprawiedliwymi. Bo trzeba pami\u0119ta\u0107, \u017ce mamy w klubie PiS 41 pos\u0142\u00f3w, kt\u00f3rzy zag\u0142osowali przeciw wnioskowi o odrzucenie, albo wstrzymali si\u0119 od g\u0142osu w tej sprawie, wbrew naciskom kierownictwa parti<\/em>i &#8211; powiedzia\u0142 mec. Kwa\u015bniewski.<\/p>\r\n<p>Prezes Instytutu oceni\u0142 r\u00f3wnocze\u015bnie, \u017ce zapowiedzi z\u0142o\u017cone przez premier, nie s\u0105 niewystarczaj\u0105ce dla zapewnienia pe\u0142nej ochrony \u017cycia. &#8211; <em>Oczywi\u015bcie trzeba pochwali\u0107 gotowo\u015b\u0107 do wdra\u017cania \u015brodk\u00f3w wsparcia dla kobiet i dla rodzin, natomiast to samo w sobie \u017cycia nie chroni. Nie ma bowiem mo\u017cliwo\u015bci skutecznej ochrony \u017cycia za pomoc\u0105 \u015bwiadcze\u0144 socjalnych. Tego uczy przyk\u0142ad Hiszpanii, gdzie obowi\u0105zywa\u0142o niegdy\u015b prawo co do zasady zakazuj\u0105ce aborcji (ale z wyj\u0105tkami podobnymi do polskich), a jednocze\u015bnie oferowano szerokie pakiety \u015bwiadcze\u0144 dla matek i dla rodzin, a pomimo tego liczba aborcji z roku na rok ros\u0142a, aby przekroczy\u0107 pr\u00f3g 100 tys. Przy tych samych wyj\u0105tkach, kt\u00f3re dzisiaj mamy w Polsce! Samo wprowadzenie systemu \u015bwiadcze\u0144 nie ratuje \u017cycia. Zwr\u00f3c\u0119 te\u017c\u00a0uwag\u0119, \u017ce w wyst\u0105pieniu Pani premier nie by\u0142o nawet cienia zapowiedzi ograniczenia prawa do zabijania nienarodzonych <\/em>&#8211; zaznaczy\u0142.<\/p>\r\n<p>Mec. Kwa\u015bniewski zauwa\u017cy\u0142 te\u017c, \u017ce z reakcji sejmowej wi\u0119kszo\u015bci wynika jasno, i\u017c nie by\u0142o w\u015br\u00f3d pos\u0142\u00f3w woli do prowadzenia dalszych prac nad projektem \u201eStop Aborcji\u201d nawet z uwzgl\u0119dnieniem poprawki rezygnuj\u0105cej z zapis\u00f3w o tzw. karalno\u015bci kobiet. &#8211; <em>Zatem wi\u0119kszo\u015bci parlamentarnej wcale nie chodzi\u0142o o przepisy karne projektu. Pos\u0142owie co do zasady nie zgadzaj\u0105 si\u0119 najwyra\u017aniej z postulatem ochrony \u017cycia ludzkiego od chwili pocz\u0119cia<\/em> &#8211; podsumowa\u0142.<\/p>\r\n<p><strong>G\u0142os Polak\u00f3w jak \u015bmieci<\/strong><\/p>\r\n<p>Usprawiedliwienia dla postawy wi\u0119kszo\u015bci parlamentarzyst\u00f3w PiS nie znalaz\u0142 Robert Winnicki, pose\u0142 niezrzeszony. &#8211; <em>To co sta\u0142o si\u0119 w \u015brod\u0119 i we czwartek w Sejmie jest niczym innym jak demaskacj\u0105 ob\u0142udy, kt\u00f3r\u0105 PiS uprawia od wielu lat, pozyskuj\u0105c w ten spos\u00f3b wyborc\u00f3w o nastawieniu narodowo-katolickim. Politycy PiS pokazali, \u017ce pe\u0142na ochrona \u017cycia pocz\u0119tego nie jest dla nich spraw\u0105 fundamentaln\u0105. W komisji sprawiedliwo\u015bci, kt\u00f3ra rozpocz\u0119\u0142a si\u0119 w\u015br\u00f3d strasznego wycia, swoistego sabatu pos\u0142\u00f3w i pos\u0142anek Platformy i Nowoczesnej, w og\u00f3le nie dopuszczono do g\u0142osu wnioskodawc\u00f3w z fundacji Pro oraz Instytutu Ordo Iuris<\/em> &#8211; powiedzia\u0142 nam pose\u0142.<\/p>\r\n<p>Jak przypomnia\u0142, na komisji przepchni\u0119to projekt odrzucenia inicjatywy, o co wnioskowa\u0142 pose\u0142 PiS, za\u015b Platforma i Nowoczesna chcia\u0142y \u201ekontynuowa\u0107 sw\u00f3j sabat, proponuj\u0105c prze\u0142o\u017cenie komisji na 11 stycznia\u201d. &#8211; <em>To rzecz odra\u017caj\u0105ca &#8211; mimo i\u017c s\u0105 oni przeciwko projektowi, to chcieli kontynuowa\u0107 temat, \u017ceby m\u00f3c na nim zbija\u0107 kapita\u0142 polityczny. Co bardziej zdumiewaj\u0105ce, wieczorem mieli\u015bmy do czynienia z na szybko zwo\u0142anym II czytaniem projektu, o kt\u00f3rym wnioskodawcy w og\u00f3le nie zostali zawiadomieni. Byli przez nas r\u00f3\u017cnymi sposobami informowani i \u015bci\u0105gani pospiesznie do Sejmu. To ur\u0105ga wszelkim standardom<\/em> &#8211; wskaza\u0142.<\/p>\r\n<p>Pose\u0142 Winnicki zwr\u00f3ci\u0142 te\u017c uwag\u0119 na postaw\u0119 marsza\u0142ka Stanis\u0142awa Tyszki z klubu Kukiz&#8217;15, kt\u00f3ry \u201ewydawa\u0142 si\u0119 by\u0107 absolutnie dogadamy z PiSem, \u017ceby obywatelski projekt i stoj\u0105ce za nim p\u00f3\u0142 miliona podpis\u00f3w jak najszybciej wyrzuci\u0107 do kosza\u201d. &#8211; <em>Nocne obrady prowadzi\u0142 w spos\u00f3b chamski i arogancki, w spos\u00f3b uw\u0142aczaj\u0105cy godno\u015bci parlamentu, skasowa\u0142 normaln\u0105 dla ka\u017cdej debaty i czytania sejmowego mo\u017cliwo\u015b\u0107 zadawania pyta\u0144, co jest kuriozum, czym\u015b niespotykanym. Posiedzenie zamkn\u0105\u0142 obra\u017caj\u0105c pos\u0142\u00f3w <\/em>&#8211; oceni\u0142 parlamentarzysta.<\/p>\r\n<p>Jak zauwa\u017cy\u0142, tak\u017ce we czwartek w Sejmie g\u0142osy wnioskodawc\u00f3w nie zosta\u0142y uwzgl\u0119dnione, a autopoprawka z\u0142o\u017cona przez dr Banasiuk zosta\u0142a odrzucona z przyczyn formalnych. Warto tu jednak pami\u0119ta\u0107, \u017ce wcze\u015bniej wnioskodawcy nie otrzymali szansy na taki ruch. &#8211; <em>Potraktowano g\u0142os za \u017cyciem p\u00f3\u0142 miliona Polak\u00f3w jak \u015bmieci. Zrobili to nie tylko ewidentni wrogowie obrony \u017cycia nienarodzonego z Nowoczesnej i PO, ale r\u00f3wnie\u017c PiS wesp\u00f3\u0142 z marsza\u0142kiem Tyszk\u0105 z Kukiz&#8217;15<\/em> &#8211; doda\u0142 pose\u0142 Winnicki.<\/p>\r\n<p>luk, MW\u0142, MA<\/p>\r\n<p class=\"zrodlo\">Za: <a href=\"http:\/\/www.pch24.pl\/pis--dla-zycia-wszystko--czyli-nic-,46485,i.html\">PoloniaChristiana &#8211; pch24.pl (2016-10-06)<\/a><\/p>","protected":false},"excerpt":{"rendered":"Beata Szyd\u0142o i Jaros\u0142aw Kaczy\u0144ski popieraj\u0105c odrzucenie obywatelskiego projektu \u201eStop Aborcji\u201d z\u0142o\u017cyli obietnic\u0119, \u017ce zrobi\u0105 wszystko, by chroni\u0107 \u017cycie. Zasygnalizowane dzia\u0142ania nie maj\u0105 jednak wiele wsp\u00f3lnego z otoczeniem ochron\u0105 prawn\u0105 \u017cycia pocz\u0119tego. To dzia\u0142anie wizerunkowe, bo \u017cycie pocz\u0119te lepiej chronione nie b\u0119dzie.\u00a0 PiS decyduj\u0105c o zako\u0144czeniu prac nad obywatelskim projektem \u201eStop Aborcji\u201d, chc\u0105c uspokoi\u0107 opini\u0119 [&hellip;]","protected":false},"author":1,"featured_media":0,"comment_status":"closed","ping_status":"closed","sticky":false,"template":"","format":"standard","meta":{"_acf_changed":false,"_monsterinsights_skip_tracking":false,"_monsterinsights_sitenote_active":false,"_monsterinsights_sitenote_note":"","_monsterinsights_sitenote_category":0,"ngg_post_thumbnail":0,"footnotes":"","_wp_rev_ctl_limit":""},"categories":[8],"tags":[94,98,37],"acf":[],"_links":{"self":[{"href":"https:\/\/www.bibula.com\/index.php?rest_route=\/wp\/v2\/posts\/90381"}],"collection":[{"href":"https:\/\/www.bibula.com\/index.php?rest_route=\/wp\/v2\/posts"}],"about":[{"href":"https:\/\/www.bibula.com\/index.php?rest_route=\/wp\/v2\/types\/post"}],"author":[{"embeddable":true,"href":"https:\/\/www.bibula.com\/index.php?rest_route=\/wp\/v2\/users\/1"}],"replies":[{"embeddable":true,"href":"https:\/\/www.bibula.com\/index.php?rest_route=%2Fwp%2Fv2%2Fcomments&post=90381"}],"version-history":[{"count":0,"href":"https:\/\/www.bibula.com\/index.php?rest_route=\/wp\/v2\/posts\/90381\/revisions"}],"wp:attachment":[{"href":"https:\/\/www.bibula.com\/index.php?rest_route=%2Fwp%2Fv2%2Fmedia&parent=90381"}],"wp:term":[{"taxonomy":"category","embeddable":true,"href":"https:\/\/www.bibula.com\/index.php?rest_route=%2Fwp%2Fv2%2Fcategories&post=90381"},{"taxonomy":"post_tag","embeddable":true,"href":"https:\/\/www.bibula.com\/index.php?rest_route=%2Fwp%2Fv2%2Ftags&post=90381"}],"curies":[{"name":"wp","href":"https:\/\/api.w.org\/{rel}","templated":true}]}}