{"id":90338,"date":"2016-10-08T13:04:26","date_gmt":"2016-10-08T17:04:26","guid":{"rendered":"http:\/\/www.bibula.com\/?p=90338"},"modified":"2016-10-10T13:23:48","modified_gmt":"2016-10-10T17:23:48","slug":"abp-henryk-hoser-krytycznie-o-odrzuceniu-przez-sejm-projektu-stop-aborcji","status":"publish","type":"post","link":"https:\/\/www.bibula.com\/?p=90338","title":{"rendered":"Abp Henryk Hoser krytycznie o odrzuceniu przez Sejm projektu Stop Aborcji"},"content":{"rendered":"<p><strong>&#8211; <em>Warto\u015b\u0107 ludzkiego \u017cycia jest na tyle wielka, \u017ce nie powinna by\u0107 przedmiotem przetarg\u00f3w politycznych czy decyzji umo\u017cliwiaj\u0105cych zabijanie cz\u0142owieka w jego wczesnych stadiach istnienia<\/em> &#8211; podkre\u015bli\u0142 abp Henryk Hoser odnosz\u0105c si\u0119 do odrzucenia przez Sejm obywatelskiego projekt ustawy \u201eStop Aborcji\u201d. Zak\u0142ada\u0142 on wprowadzenie ca\u0142kowitej i pe\u0142nej ochrony \u017cycia dzieci nienarodzonych. Za odrzuceniem projektu w drugim czytaniu g\u0142osowa\u0142a zdecydowana wi\u0119kszo\u015b\u0107 pos\u0142\u00f3w wszystkich klub\u00f3w parlamentarnych. \u00a0<\/strong><\/p>\r\n<p>Zdaniem przewodnicz\u0105cego Zespo\u0142u Ekspert\u00f3w ds. Bioetycznych KEP odrzucenie projektu oznacza stan prawny trudny do przyj\u0119cia. &#8211; <em>By\u0107 mo\u017ce projekt ustawy \u201eStop Aborcji\u201d wymaga\u0142 pewnej korekty, ale by\u0142 do\u015b\u0107 solidnie przygotowany. Tymczasem jego odrzucenie spowodowa\u0142o, \u017ce mamy w tej chwili tak\u0105 sam\u0105 sytuacja jaka by\u0142a przedtem czyli zasadnicze prawodawstwo tego bardzo trudnego i bolesnego problemu jakim jest dost\u0119p do aborcji si\u0119 nie zmienia<\/em> &#8211; zwr\u00f3ci\u0142 uwag\u0119 abp Hoser. Podkre\u015bli\u0142, \u017ce warto\u015b\u0107 ludzkiego \u017cycia jest na tyle wielka, \u017ce nie powinna by\u0107 przedmiotem przetarg\u00f3w politycznych czy decyzji umo\u017cliwiaj\u0105cych zabijanie cz\u0142owieka w jego wczesnych stadiach istnienia. \u015awiadomo\u015b\u0107 tego powinna by\u0107 nieustannie pog\u0142\u0119biona ze zrozumieniem r\u00f3\u017cnych stopni warto\u015bci tych d\u00f3br kt\u00f3re chcemy w \u017cyciu osi\u0105gn\u0105\u0107 &#8211; powiedzia\u0142 duchowny.<\/p>\r\n<p>Zdaniem abp Hosera konieczne jest przypominanie prawdy o warto\u015bci ludzkiego \u017cycia i modlitwa o \u015bwiat\u0142o Ducha \u015awi\u0119tego dla spo\u0142ecze\u0144stwa oraz tych kt\u00f3rzy ustanawiaj\u0105 prawo. &#8211; <em>Musimy modli\u0107 si\u0119 by Pan nas o\u015bwieca\u0142 i prowadzi\u0142, bo wszystkie dzia\u0142ania przeciwne \u017cyciu maj\u0105 ogromne prze\u0142o\u017cenie spo\u0142eczne na sprawy pozornie dalekie jak chocia\u017cby wychowanie czy ekonomia<\/em> &#8211; zwr\u00f3ci\u0142 uwag\u0119 hierarcha.<\/p>\r\n<p>W czasie czwartkowego g\u0142osowania w Sejmie wi\u0119kszo\u015b\u0107 pos\u0142\u00f3w przyj\u0119\u0142a stanowisko sejmowej komisji sprawiedliwo\u015bci, kt\u00f3ra wczoraj opowiedzia\u0142a si\u0119 za odrzuceniem tego projektu w ca\u0142o\u015bci.<\/p>\r\n<p>Opozycja opowiada\u0142a si\u0119 za dalszymi pracami nad ustaw\u0105 w komisjach sejmowych. Jednak wniosek o jej odrzucenie zg\u0142osi\u0142o Prawo i Sprawiedliwo\u015b\u0107. Jednocze\u015bnie premier Beata Szyd\u0142o zapowiedzia\u0142a podj\u0119cie prac nad zwi\u0119kszeniem ochrony \u017cycia dzieci nienarodzonych. Pierwsze propozycje maj\u0105 powsta\u0107 jeszcze w tym miesi\u0105cu.<\/p>\r\n<p>\u0179r\u00f3d\u0142o: KAI, PCh24.pl<\/p>\r\n<p>POz<\/p>\r\n<p class=\"zrodlo\">Za: <a href=\"http:\/\/www.pch24.pl\/abp-henryk-hoser-krytycznie-o-odrzuceniu-przez-sejm-projektu-stop-aborcji,46490,i.html\">PoloniaChristiana &#8211; pch24.pl (2016-10-07)<\/a><\/p>\r\n<h4>\u00a0<\/h4>\r\n<hr style=\"background-color: #000000; border-width: 0; color: #000000; height: 2px; line-height: 0; text-align: center; width: 100%;\" \/>\r\n<h4>\u00a0<\/h4>\r\n<p><strong><em>Poni\u017cej, fragment Komunikatu KEP-skich. W skr\u00f3cie: podpisani pod Komunikatem &#8222;Pasterze Ko\u015bcio\u0142a katolickiego w Polsce&#8221; s\u0105 ZA UTRZYMANIEM aborcji w Polsce w dotychczasowym kszta\u0142cie, a swym pow\u015bci\u0105gliwym, wymijaj\u0105cym i absurdalnym Komunikatem przyczynili si\u0119 do zapiecz\u0119towania przez PiS przepis\u00f3w dalej zezwalaj\u0105cych na mordowanie niewinnych istot &#8230; <\/em><\/strong>&#8211; Red.<strong><em><br \/>\r\n <\/em><\/strong><\/p>\r\n<h2>Komunikat z 374. Zebrania Plenarnego Konferencji Episkopatu Polski<\/h2>\r\n<p>W dniach 4 i 5 pa\u017adziernika br. w Warszawie odby\u0142o si\u0119 374. Zebranie Plenarne Konferencji Episkopatu Polski. Obradami kierowa\u0142 abp Stanis\u0142aw G\u0105decki, przewodnicz\u0105cy Konferencji Episkopatu Polski. W zebraniu wzi\u0105\u0142 udzia\u0142 ks. pra\u0142. Mykhaylo Tkhorovskyy, Charg\u00c3\u00a9 d\u2019Affaires Nuncjatury Apostolskiej w Polsce.<\/p>\r\n<p>[&#8230;]<\/p>\r\n<p><br \/>\r\n <strong>4.<\/strong> W kwestii \u015bwi\u0119to\u015bci \u017cycia ludzkiego biskupi przypominaj\u0105 nauczanie Ojca \u015awi\u0119tego Jan Paw\u0142a II, kt\u00f3ry napisa\u0142: \u201eAkceptacja przerywania ci\u0105\u017cy przez mentalno\u015b\u0107, obyczaj i nawet przez prawo jest wymownym znakiem niezwykle gro\u017anego kryzysu zmys\u0142u moralnego, kt\u00f3ry stopniowo traci zdolno\u015b\u0107 rozr\u00f3\u017cnienia mi\u0119dzy dobrem i z\u0142em, nawet w\u00f3wczas, gdy chodzi o podstawowe prawo do \u017cycia (\u2026). Ci\u0119\u017car moralny przerywania ci\u0105\u017cy ukazuje si\u0119 w ca\u0142ej prawdzie, je\u015bli si\u0119 uzna, \u017ce chodzi tu o zab\u00f3jstwo, a zw\u0142aszcza je\u015bli rozwa\u017cy si\u0119 szczeg\u00f3lne okoliczno\u015bci, kt\u00f3re je okre\u015blaj\u0105. Tym, kto zostaje zabity, jest istota ludzka u progu \u017cycia, a wi\u0119c istota najbardziej niewinna, jak\u0105 w og\u00f3le mo\u017cna sobie wyobrazi\u0107: nie spos\u00f3b uzna\u0107 jej za napastnika, a tym bardziej za napastnika niesprawiedliwego! (\u2026) Jest ca\u0142kowicie powierzona trosce i opiece tej, kt\u00f3ra nosi j\u0105 w \u0142onie\u201d (Evangelium vitae, 58).<br \/>\r\n <br \/>\r\n Ko\u015bci\u00f3\u0142 od wiek\u00f3w nieprzerwanie wspiera kobiety w macierzy\u0144stwie. Ponad 800 instytucji Ko\u015bcio\u0142a katolickiego w Polsce realizuje ok. 5 tys. dzie\u0142 charytatywnych, docieraj\u0105c do ok. 3 mln os\u00f3b. W\u015br\u00f3d nich s\u0105 domy samotnej matki, okna \u017cycia, o\u015brodki adopcyjne oraz pomoc rodzicom samotnie wychowuj\u0105cym dzieci. Konferencja Episkopatu Polski z zadowoleniem przyjmuje inicjatywy spo\u0142eczne i pa\u0144stwowe, kt\u00f3re wspieraj\u0105 narodziny dzieci i ich rozw\u00f3j. Jednocze\u015bnie biskupi dzi\u0119kuj\u0105 wszystkim, kt\u00f3rzy ju\u017c zaanga\u017cowali si\u0119 w trosk\u0119 o kobiety i dzieci.<br \/>\r\n <br \/>\r\n Biskupi podkre\u015blaj\u0105, \u017ce instytucje Ko\u015bcio\u0142a nie zajmuj\u0105 si\u0119 przygotowywaniem projekt\u00f3w ustaw cywilnych, ale korzystaj\u0105 z prawa do wyra\u017cania swoich opinii nt. proponowanych regulacji prawnych. W tym kontek\u015bcie Konferencja Episkopatu Polski zaznacza, i\u017c \u017cycie ka\u017cdego cz\u0142owieka jest warto\u015bci\u0105 podstawow\u0105 i nienaruszaln\u0105. Biskupi polscy przypominaj\u0105, i\u017c nie popieraj\u0105 projekt\u00f3w zapis\u00f3w prawnych, kt\u00f3re przewiduj\u0105 karanie kobiet, kt\u00f3re dopu\u015bci\u0142y si\u0119 aborcji. Te kwestie Ko\u015bci\u00f3\u0142 rozwi\u0105zuje w sakramencie pojednania, zgodnie z przepisami Kodeksu Prawa Kanonicznego i normami etyczno-moralnymi (zob. Komunikat z 372. Zebrania Plenarnego Konferencji Episkopatu Polski, Gniezno-Pozna\u0144, 14-16 kwietnia 2016 r.). Konferencja Episkopatu Polski zach\u0119ca jednocze\u015bnie do modlitwy w intencji kobiet, kt\u00f3re swoim \u017cyciem wype\u0142niaj\u0105 powo\u0142anie do macierzy\u0144stwa oraz w intencji kobiet, kt\u00f3re prze\u017cywaj\u0105 trudno\u015bci w swoim \u017cyciu.<br \/>\r\n <br \/>\r\n [&#8230;]<\/p>\r\n<p>Biskupi b\u0142ogos\u0142awi\u0105 rodakom w kraju i za granic\u0105, zawierzaj\u0105c Matce Bo\u017cej kontynuacj\u0119 dzie\u0142a \u015awiatowych Dni M\u0142odzie\u017cy, Jubileuszu Mi\u0142osierdzia i Roku 1050-lecia Chrztu Polski.<br \/>\r\n <br \/>\r\n Podpisali: Pasterze Ko\u015bcio\u0142a katolickiego w Polsce<br \/>\r\n <br \/>\r\n Warszawa, 5 pa\u017adziernika 2016 r.<br \/>\r\n <br \/>\r\n Za zgodno\u015b\u0107:<br \/>\r\n + Artur G. Mizi\u0144ski<br \/>\r\n Sekretarz Generalny KEP<\/p>\r\n<p class=\"zrodlo\">\u00a0<\/p>\r\n<p class=\"zrodlo\">Ca\u0142o\u015b\u0107: <a href=\"http:\/\/www.katolickie.media.pl\/archidiecezja.lodz.pl\/new\/?news_id=4041a5180d05e80de438ebe0f0e697f7\">archidiecezja.lodz.pl\/new\/?news_id=4041a5180d05e80de438ebe0f0e697f7<\/a><\/p>\r\n<h4>\u00a0<\/h4>\r\n<hr style=\"background-color: #000000; border-width: 0; color: #000000; height: 2px; line-height: 0; text-align: center; width: 100%;\" \/>\r\n<h4>\u00a0<\/h4>","protected":false},"excerpt":{"rendered":"&#8211; Warto\u015b\u0107 ludzkiego \u017cycia jest na tyle wielka, \u017ce nie powinna by\u0107 przedmiotem przetarg\u00f3w politycznych czy decyzji umo\u017cliwiaj\u0105cych zabijanie cz\u0142owieka w jego wczesnych stadiach istnienia &#8211; podkre\u015bli\u0142 abp Henryk Hoser odnosz\u0105c si\u0119 do odrzucenia przez Sejm obywatelskiego projekt ustawy \u201eStop Aborcji\u201d. Zak\u0142ada\u0142 on wprowadzenie ca\u0142kowitej i pe\u0142nej ochrony \u017cycia dzieci nienarodzonych. Za odrzuceniem projektu w [&hellip;]","protected":false},"author":5,"featured_media":0,"comment_status":"closed","ping_status":"closed","sticky":false,"template":"","format":"standard","meta":{"_acf_changed":false,"_monsterinsights_skip_tracking":false,"_monsterinsights_sitenote_active":false,"_monsterinsights_sitenote_note":"","_monsterinsights_sitenote_category":0,"ngg_post_thumbnail":0,"footnotes":"","_wp_rev_ctl_limit":""},"categories":[5],"tags":[94,98],"acf":[],"_links":{"self":[{"href":"https:\/\/www.bibula.com\/index.php?rest_route=\/wp\/v2\/posts\/90338"}],"collection":[{"href":"https:\/\/www.bibula.com\/index.php?rest_route=\/wp\/v2\/posts"}],"about":[{"href":"https:\/\/www.bibula.com\/index.php?rest_route=\/wp\/v2\/types\/post"}],"author":[{"embeddable":true,"href":"https:\/\/www.bibula.com\/index.php?rest_route=\/wp\/v2\/users\/5"}],"replies":[{"embeddable":true,"href":"https:\/\/www.bibula.com\/index.php?rest_route=%2Fwp%2Fv2%2Fcomments&post=90338"}],"version-history":[{"count":0,"href":"https:\/\/www.bibula.com\/index.php?rest_route=\/wp\/v2\/posts\/90338\/revisions"}],"wp:attachment":[{"href":"https:\/\/www.bibula.com\/index.php?rest_route=%2Fwp%2Fv2%2Fmedia&parent=90338"}],"wp:term":[{"taxonomy":"category","embeddable":true,"href":"https:\/\/www.bibula.com\/index.php?rest_route=%2Fwp%2Fv2%2Fcategories&post=90338"},{"taxonomy":"post_tag","embeddable":true,"href":"https:\/\/www.bibula.com\/index.php?rest_route=%2Fwp%2Fv2%2Ftags&post=90338"}],"curies":[{"name":"wp","href":"https:\/\/api.w.org\/{rel}","templated":true}]}}