{"id":90311,"date":"2016-10-04T21:05:06","date_gmt":"2016-10-05T01:05:06","guid":{"rendered":"http:\/\/www.bibula.com\/?p=90311"},"modified":"2016-10-04T21:05:06","modified_gmt":"2016-10-05T01:05:06","slug":"natemat-uderza-w-michaela-schudricha-serwis-sugeruje-ze-naczelny-rabin-polski-popiera-eugenike","status":"publish","type":"post","link":"https:\/\/www.bibula.com\/?p=90311","title":{"rendered":"NaTemat uderza w Michaela Schudricha? Serwis sugeruje, \u017ce naczelny rabin Polski popiera eugenik\u0119"},"content":{"rendered":"<p><strong>Michael Schudrich poinformowa\u0107 mia\u0142, \u017ce solidaryzuje si\u0119 \u201eze wszystkimi kobietami walcz\u0105cymi w obronie ich godno\u015bci i praw\u201d. Lewicowy portal NaTemat podchwyci\u0142 w\u0105tek i bez wi\u0119kszych podstaw stwierdzi\u0142, \u017ce naczelny rabin Polski mia\u0142 na my\u015bli zwolenniczki aborcji domagaj\u0105ce si\u0119 prawa do mordowania swoich dzieci, sugeruj\u0105c tym samym, \u017ce \u017cydowski duchowny popiera rozwi\u0105zania eugeniczne, od kt\u00f3rych nie stronili morduj\u0105cy \u017byd\u00f3w Niemcy.<\/strong><\/p>\r\n<p>\u201eMoja <em>dwar Tora<\/em> podczas nabo\u017ce\u0144stwa porannego w pierwszy dzie\u0144 \u017cydowskiego Nowego Roku, w poniedzia\u0142ek 3\/10, po\u015bwi\u0119cona b\u0119dzie prawom i godno\u015bci kobiety w judaizmie. Chc\u0119 w ten spos\u00f3b wyrazi\u0107 solidarno\u015b\u0107 ze wszystkimi kobietami walcz\u0105cymi w obronie ich godno\u015bci i praw\u201d &#8211; poinformowa\u0107 mia\u0142 rabin Schudrich, o czym na Facebooku napisa\u0142a cytowana przez naTemat Beata Chmiel. Nie ma tu mowy o aborcji czy \u201eCzarnym Prote\u015bcie\u201d.<\/p>\r\n<p>Tymczasem lewicowe medium pisze: \u201eW ten spos\u00f3b chce on [Schudrich-red.] wyrazi\u0107 solidarno\u015b\u0107 z kobietami, kt\u00f3re protestowa\u0142y dzi\u015b na ulicach miast Polski w obronie swoich praw\u201d, jednoznacznie, ale i miejmy nadziej\u0119 bezpodstawnie \u0142\u0105cz\u0105c rabina z pogl\u0105dami kobiet domagaj\u0105cych si\u0119 legalizacji aborcji.<\/p>\r\n<p>Trudno bowiem wyobrazi\u0107 sobie, by jakikolwiek \u017byd popiera\u0142 eugenik\u0119, przez kt\u00f3r\u0105 to \u017cycie straci\u0142o kilka milion\u00f3w os\u00f3b tej narodowo\u015bci. Tymczasem to w\u0142a\u015bnie aborcja eugeniczna jest najcz\u0119\u015bciej stosowan\u0105 w Polsce. Na mocy tej \u201eprzes\u0142anki\u201d morduje si\u0119 rocznie oko\u0142o tysi\u0105ca polskich dzieci. W ramach dzia\u0142a\u0144 eugenicznych Niemcy mordowali \u017byd\u00f3w w trakcie II Wojny \u015awiatowej.<\/p>\r\n<p>MW\u0142<\/p>","protected":false},"excerpt":{"rendered":"Michael Schudrich poinformowa\u0107 mia\u0142, \u017ce solidaryzuje si\u0119 \u201eze wszystkimi kobietami walcz\u0105cymi w obronie ich godno\u015bci i praw\u201d. Lewicowy portal NaTemat podchwyci\u0142 w\u0105tek i bez wi\u0119kszych podstaw stwierdzi\u0142, \u017ce naczelny rabin Polski mia\u0142 na my\u015bli zwolenniczki aborcji domagaj\u0105ce si\u0119 prawa do mordowania swoich dzieci, sugeruj\u0105c tym samym, \u017ce \u017cydowski duchowny popiera rozwi\u0105zania eugeniczne, od kt\u00f3rych nie [&hellip;]","protected":false},"author":1,"featured_media":0,"comment_status":"closed","ping_status":"closed","sticky":false,"template":"","format":"standard","meta":{"_acf_changed":false,"_monsterinsights_skip_tracking":false,"ngg_post_thumbnail":0,"footnotes":"","_wp_rev_ctl_limit":""},"categories":[8],"tags":[94,245,98,18,102],"acf":[],"_links":{"self":[{"href":"https:\/\/www.bibula.com\/index.php?rest_route=\/wp\/v2\/posts\/90311"}],"collection":[{"href":"https:\/\/www.bibula.com\/index.php?rest_route=\/wp\/v2\/posts"}],"about":[{"href":"https:\/\/www.bibula.com\/index.php?rest_route=\/wp\/v2\/types\/post"}],"author":[{"embeddable":true,"href":"https:\/\/www.bibula.com\/index.php?rest_route=\/wp\/v2\/users\/1"}],"replies":[{"embeddable":true,"href":"https:\/\/www.bibula.com\/index.php?rest_route=%2Fwp%2Fv2%2Fcomments&post=90311"}],"version-history":[{"count":0,"href":"https:\/\/www.bibula.com\/index.php?rest_route=\/wp\/v2\/posts\/90311\/revisions"}],"wp:attachment":[{"href":"https:\/\/www.bibula.com\/index.php?rest_route=%2Fwp%2Fv2%2Fmedia&parent=90311"}],"wp:term":[{"taxonomy":"category","embeddable":true,"href":"https:\/\/www.bibula.com\/index.php?rest_route=%2Fwp%2Fv2%2Fcategories&post=90311"},{"taxonomy":"post_tag","embeddable":true,"href":"https:\/\/www.bibula.com\/index.php?rest_route=%2Fwp%2Fv2%2Ftags&post=90311"}],"curies":[{"name":"wp","href":"https:\/\/api.w.org\/{rel}","templated":true}]}}