{"id":89943,"date":"2016-09-23T15:50:28","date_gmt":"2016-09-23T19:50:28","guid":{"rendered":"http:\/\/www.bibula.com\/?p=89943"},"modified":"2016-09-23T15:50:28","modified_gmt":"2016-09-23T19:50:28","slug":"skandal-w-poznaniu-i-protest-do-prezydenta-przeciwko-promocji-lgbt","status":"publish","type":"post","link":"https:\/\/www.bibula.com\/?p=89943","title":{"rendered":"Skandal w Poznaniu i protest do prezydenta przeciwko promocji LGBT"},"content":{"rendered":"<p><strong>Oficjalna promocja ruchu LGBT &#8211; na to nie zdoby\u0142o si\u0119 wcze\u015bniej w tak otwarty spos\u00f3b \u017cadne polskie miasto. T\u0119czowe flagi porozwieszane na ulicach Poznania za akceptacj\u0105 magistratu w zwi\u0105zku z sobotnim tzw. marszem r\u00f3wno\u015bci wzbudzi\u0142y sprzeciw \u015brodowisk zwi\u0105zanych z lokalnym Klubem \u201ePolonia Christiana\u201d.<\/strong><\/p>\r\n<p>Flagi symbolizuj\u0105ce mi\u0119dzynarodowy ruch homoseksualist\u00f3w widnia\u0142y w pi\u0105tek za zgod\u0105 prezydenta miasta Jacka Ja\u015bkowiaka mi\u0119dzy innymi na ul. Niepodleg\u0142o\u015bci i wok\u00f3\u0142 placu Wolno\u015bci. Zgodnie z zamierzeniem organizator\u00f3w maj\u0105 wisie\u0107 do niedzieli na ca\u0142ej trasie marszu. \u00a0\u00a0Trzynasty marsz zaplanowany na sobot\u0119 odby\u0107 si\u0119 ma z udzia\u0142em prezydenta.<\/p>\r\n<p>\u201eZ ubolewaniem stwierdzam, \u017ce po raz kolejny do promocji homoseksualizmu, oraz skrajnych, godz\u0105cych w warto\u015bci konstytucyjne Rzeczypospolitej Polskiej, postulat\u00f3w zaanga\u017cowa\u0142 Pan prac\u0119 instytucji kultury w naszym mie\u015bcie. Ponadto przeznaczy\u0142 Pan na ten cel czas urz\u0119dnik\u00f3w i pieni\u0105dze podatnik\u00f3w!\u201d &#8211; czytamy w li\u015bcie protestacyjnym wys\u0142anym do Jacka Ja\u015bkowiaka przez przedstawicieli \u015brodowisk zwi\u0105zanych z Klubem \u201ePolonia Christiana\u201d. Sprzeciw ko\u0144czy si\u0119 \u017c\u0105daniem wycofania w\u0142adz miasta z promocji demoralizuj\u0105cej ideologii.<\/p>\r\n<p>RoM<\/p>\r\n<p>Oto pe\u0142ny tekst protestu:<\/p>\r\n<blockquote>\r\n<p>Pan Jacek Ja\u015bkowiak<br \/>\r\n plac Kolegiacki 17,<br \/>\r\n 61-841 Pozna\u0144<br \/>\r\n tel. (61) 646-33-44<br \/>\r\n <span style=\"text-decoration: underline;\"><strong><a href=\"mailto:prezydent@um.poznan.pl\" target=\"_blank\">prezydent@um.poznan.pl<\/a><\/strong><\/span><\/p>\r\n<p>Szanowny Panie Prezydencie,<\/p>\r\n<p>Z licznych doniesie\u0144 prasowych dowiadujemy, si\u0119, \u017ce miasto Pozna\u0144, wyra\u017caj\u0105c poparcie dla promocji homoseksualizmu, zezwoli\u0142o na &#8222;przystrojenie&#8221; miasta &#8211; symbolami ruchu homoseksualist\u00f3w &#8211; t\u0119czowymi flagami (np. \u201eG\u0142os Wielkopolski\u201d z 22.09.2016 r.). Pan, jako Prezydent Miasta Poznania, jak gorliwie donosz\u0105 media, ma zamiar wyst\u0105pi\u0107 na paradzie aktywist\u00f3w homoseksualnych, kt\u00f3rzy b\u0119d\u0105 publicznie manifestowa\u0107 swoj\u0105 seksualno\u015b\u0107 na ulicach Poznania.\u00a0<\/p>\r\n<p>Z ubolewaniem stwierdzam, \u017ce po raz kolejny do promocji homoseksualizmu, oraz skrajnych, godz\u0105cych w warto\u015bci konstytucyjne Rzeczypospolitej Polskiej, postulat\u00f3w zaanga\u017cowa\u0142 Pan prac\u0119 instytucji kultury w naszym mie\u015bcie. Ponadto przeznaczy\u0142 Pan na ten cel czas urz\u0119dnik\u00f3w i pieni\u0105dze podatnik\u00f3w!\u00a0<\/p>\r\n<p>Pana decyzja wywo\u0142uje moje oburzenie i sprzeciw! Pozna\u0144, z ca\u0142ym jego wspania\u0142ym dorobkiem kulturalnym, gospodarczym i intelektualnym, doczeka\u0142 si\u0119 na skutek Pana decyzji tak wielkiego poni\u017cenia\u2026 !<\/p>\r\n<p>Szok jest tym wi\u0119kszy, \u017ce zdecydowa\u0142 si\u0119 Pan na ten skandaliczny akt w roku, w kt\u00f3rym Polska z dum\u0105 \u015bwi\u0119tuje 1050. rocznic\u0119 chrztu Polski. Czy pozwalaj\u0105c, na \u201eprzystrojenie\u201d tego wspania\u0142ego miasta symbolami promuj\u0105cymi homoseksualizm, uzna\u0142 Pan, \u017ce te symbole reprezentuj\u0105 ducha Poznaniak\u00f3w? Tego samego ducha, kt\u00f3ry przez wieki da\u0142 Polsce tak wielki wk\u0142ad w budow\u0119 i obron\u0119 polskiej to\u017csamo\u015bci, niepodleg\u0142o\u015bci i kultury?<\/p>\r\n<p>Ponadto, zgodnie z art. 18 Konstytucji Rzeczypospolitej Polskiej, ma\u0142\u017ce\u0144stwo jako zwi\u0105zek kobiety i m\u0119\u017cczyzny, rodzina, macierzy\u0144stwo i rodzicielstwo znajduj\u0105 si\u0119 pod ochron\u0105 i opiek\u0105 Rzeczypospolitej Polskiej. Nie ma Pan prawa wykorzystywa\u0107 powierzonego Panu przez mieszka\u0144c\u00f3w urz\u0119du oraz bud\u017cetu miasta do wspierania \u015brodowisk i postulat\u00f3w kt\u00f3rych celem jest walka z rodzin\u0105!<\/p>\r\n<p>Czy nie zauwa\u017cy\u0142 Pan, jak bardzo taka postawa nie licuje z podstawowymi zasadami moralno\u015bci, warto\u015bciami chronionymi konstytucyjnie, czy wreszcie jak bardzo szkodzi to wizerunkowi Poznania?<\/p>\r\n<p>\u0179\u0105dam natychmiastowego wycofania si\u0119 w\u0142adz Poznania z poparcia dla \u015brodowisk walcz\u0105cych przeciw ma\u0142\u017ce\u0144stwu i rodzinie, oraz zaprzestania popierania postaw sprzecznych z wielowiekow\u0105 wspania\u0142\u0105, tradycj\u0105 Poznania i Konstytucj\u0105 Rzeczpospolitej Polskiej.<\/p>\r\n<\/blockquote>\r\n<h4>\u00a0<\/h4>\r\n<hr style=\"background-color: #000000; border-width: 0; color: #000000; height: 2px; line-height: 0; text-align: center; width: 100%;\" \/>\r\n<h4>\u00a0<\/h4>","protected":false},"excerpt":{"rendered":"Oficjalna promocja ruchu LGBT &#8211; na to nie zdoby\u0142o si\u0119 wcze\u015bniej w tak otwarty spos\u00f3b \u017cadne polskie miasto. T\u0119czowe flagi porozwieszane na ulicach Poznania za akceptacj\u0105 magistratu w zwi\u0105zku z sobotnim tzw. marszem r\u00f3wno\u015bci wzbudzi\u0142y sprzeciw \u015brodowisk zwi\u0105zanych z lokalnym Klubem \u201ePolonia Christiana\u201d. Flagi symbolizuj\u0105ce mi\u0119dzynarodowy ruch homoseksualist\u00f3w widnia\u0142y w pi\u0105tek za zgod\u0105 prezydenta miasta [&hellip;]","protected":false},"author":1,"featured_media":0,"comment_status":"closed","ping_status":"closed","sticky":false,"template":"","format":"standard","meta":{"_acf_changed":false,"_monsterinsights_skip_tracking":false,"_monsterinsights_sitenote_active":false,"_monsterinsights_sitenote_note":"","_monsterinsights_sitenote_category":0,"ngg_post_thumbnail":0,"footnotes":"","_wp_rev_ctl_limit":""},"categories":[8],"tags":[26,98],"acf":[],"_links":{"self":[{"href":"https:\/\/www.bibula.com\/index.php?rest_route=\/wp\/v2\/posts\/89943"}],"collection":[{"href":"https:\/\/www.bibula.com\/index.php?rest_route=\/wp\/v2\/posts"}],"about":[{"href":"https:\/\/www.bibula.com\/index.php?rest_route=\/wp\/v2\/types\/post"}],"author":[{"embeddable":true,"href":"https:\/\/www.bibula.com\/index.php?rest_route=\/wp\/v2\/users\/1"}],"replies":[{"embeddable":true,"href":"https:\/\/www.bibula.com\/index.php?rest_route=%2Fwp%2Fv2%2Fcomments&post=89943"}],"version-history":[{"count":0,"href":"https:\/\/www.bibula.com\/index.php?rest_route=\/wp\/v2\/posts\/89943\/revisions"}],"wp:attachment":[{"href":"https:\/\/www.bibula.com\/index.php?rest_route=%2Fwp%2Fv2%2Fmedia&parent=89943"}],"wp:term":[{"taxonomy":"category","embeddable":true,"href":"https:\/\/www.bibula.com\/index.php?rest_route=%2Fwp%2Fv2%2Fcategories&post=89943"},{"taxonomy":"post_tag","embeddable":true,"href":"https:\/\/www.bibula.com\/index.php?rest_route=%2Fwp%2Fv2%2Ftags&post=89943"}],"curies":[{"name":"wp","href":"https:\/\/api.w.org\/{rel}","templated":true}]}}