{"id":89939,"date":"2016-09-23T14:48:04","date_gmt":"2016-09-23T18:48:04","guid":{"rendered":"http:\/\/www.bibula.com\/?p=89939"},"modified":"2016-09-23T14:48:04","modified_gmt":"2016-09-23T18:48:04","slug":"refleksje-z-wycieczki-do-lwowa-bozena-ratter","status":"publish","type":"post","link":"https:\/\/www.bibula.com\/?p=89939","title":{"rendered":"Refleksje z wycieczki do Lwowa &#8211; <em>Bo\u017cena Ratter<\/em>"},"content":{"rendered":"<p style=\"padding-left: 30px;\">\u201eOkrutne spustoszenie zasta\u0142 Kazimierz we Lwowie: ludno\u015b\u0107 tak by\u0142a zdziesi\u0105tkowana przez ord\u0119, \u017ce kiedy staty\u015bci przyst\u0105pili do spisywania ludno\u015bci, po\u015br\u00f3d Ormian, \u017byd\u00f3w, Polak\u00f3w i Niemc\u00f3w naliczyli si\u0119 Rusin\u00f3w ledwie czternastu. Kazimierz, o kt\u00f3rym wiemy, \u017ce zasta\u0142 Polsk\u0119 drewnian\u0105, a zostawi\u0142 murowan\u0105, zasad\u0119 t\u0119 zastosowa\u0142 z powodzeniem i we Lwowie. Da\u0142 miastu autonomi\u0119 wedle magdeburskiego prawa, zbudowa\u0142 mury dooko\u0142a grodu, baszty obronne i fortalicje, a nade wszystko dwa zamki z kamienia &#8211; Wysoki i Niski.\u201d (<em>Jerzy Janicki, Ni ma jak Lw\u00f3w<\/em>).<\/p>\r\n<p><a href=\"http:\/\/www.klubinteligencjipolskiej.pl\/wp-content\/uploads\/sites\/2\/2016\/09\/Wycieczka-do-Lwowa-MariaMirecka.jpg\"><img fetchpriority=\"high\" decoding=\"async\" class=\"aligncenter  wp-image-14802\" src=\"http:\/\/www.klubinteligencjipolskiej.pl\/wp-content\/uploads\/sites\/2\/2016\/09\/Wycieczka-do-Lwowa-MariaMirecka.jpg\" alt=\"wycieczka-do-lwowa-mariamirecka\" width=\"600\" height=\"800\" \/><\/a><\/p>\r\n<p>Przy Rynku we Lwowie stoi Kamienica Jana III Sobieskiego. Konstanty Korniakt, kupiec z greckiej wyspy Krety, dorobi\u0142 si\u0119 we Lwowie\u00a0 maj\u0105tku a przez ma\u0142\u017ce\u0144stwo z Ann\u0105 Dzieduszyck\u0105 wszed\u0142 w stosunki z mo\u017cnymi w Polsce rodami. Na mocy dekretu Stefana Batorego, otrzyma\u0142 przywilej wybudowania podw\u00f3jnie szerokiej kamienicy. Kamienic\u0119 naby\u0142 i przebudowa\u0142 Jakub Sobieski, ojciec kr\u00f3la. Wej\u015bcie zdobi bogaty portal. Wewn\u0105trz znajduje si\u0119 arkadowy dziedziniec (kamienic\u0119 zwano od przebudowy \u201eMa\u0142ym Wawelem\u201d), a elewacj\u0119 wie\u0144czy attyka, w kt\u00f3rej umieszczono figury przedstawiaj\u0105ce posta\u0107 kr\u00f3la w koronie i orszak zbrojnych rycerzy.<\/p>\r\n<p><a href=\"http:\/\/www.klubinteligencjipolskiej.pl\/wp-content\/uploads\/sites\/2\/2016\/09\/Wycieczka-do-Lwowa-kamienica-JanaIIISobieskiego.jpg\"><img decoding=\"async\" class=\"aligncenter  wp-image-14800\" src=\"http:\/\/www.klubinteligencjipolskiej.pl\/wp-content\/uploads\/sites\/2\/2016\/09\/Wycieczka-do-Lwowa-kamienica-JanaIIISobieskiego.jpg\" alt=\"wycieczka-do-lwowa-kamienica-janaiiisobieskiego\" width=\"600\" height=\"800\" \/><\/a><\/p>\r\n<p style=\"padding-left: 30px;\">\u201eKamienica kr\u00f3lewska, niegdy\u015b w\u0142asno\u015b\u0107 Jana III Sobieskiego, niedawno nabyta przez gmin\u0119 miasta Lw\u00f3w na pomieszczenie Muzeum narodowego imienia tego\u017c kr\u00f3la. Muzeum zawiera zbi\u00f3r portret\u00f3w historycznych (245) oraz pami\u0105tki, odnosz\u0105ce si\u0119 do Jana Sobieskiego i jego czas\u00f3w jako to dokumenty, autografy, medale etc. Na drugim pi\u0119trze zbi\u00f3r sztych\u00f3w, widoki miasta Lwowa, zabytki cech\u00f3w lwowskich, zabytki municypalne, portrety mieszczan lwowskich i osobisto\u015bci ze Lwowem zwi\u0105zek maj\u0105cych, a nadto monety mennicy lwowskiej, medale, piecz\u0119cie, insygnia itd.\u201d( <em>Przewodnik po Galicyi, dr. M.Or\u0142owicz rok 1919<\/em>).<\/p>\r\n<p>Mimo, i\u017c obecny konsul we Lwowie zapewnia\u0142 o godnym podziwu porozumieniu mi\u0119dzy Polakami i Ukrai\u0144cami wyra\u017caj\u0105cym si\u0119 liczb\u0105 200\u00a0000 Ukrai\u0144c\u00f3w ch\u0119tnych do nauki j\u0119zyka polskiego, w Muzeum przy \u017cadnym eksponacie nie ma opisu w j\u0119zyku polskim, jest natomiast w j\u0119zyku ukrai\u0144skim i angielskim. Wypowied\u017a konsula traktuj\u0119 jako obietnic\u0119 przywr\u00f3cenia j\u0119zyka polskiego w opisie eksponat\u00f3w stanowi\u0105cych polskie dziedzictwo narodowe.<\/p>\r\n<p style=\"padding-left: 30px;\">\u201eOd dawna le\u017cy mi na sercu i w my\u015bli, \u017cebym po sobie zostawi\u0142 <strong>mojemu narodowi<\/strong> pami\u0105tk\u0119. B\u00f3g widzi, \u017cem rozczulony i zaj\u0119ty jedynie ch\u0119ci\u0105 bycia u\u017cytecznym i po mojej \u015bmierci mojemu narodowi. Chodzi mi o t\u0119 bibliotek\u0119 jak o c\u00f3rk\u0119 jedynaczk\u0119 na wydaniu, kt\u00f3rej bym na los nie chcia\u0142 odumrze\u0107..\u201d- pisa\u0142 w 1815 roku <strong>Maksymilian hrabia Ossoli\u0144ski<\/strong>.<\/p>\r\n<p>Gdy u st\u00f3p cytadeli sp\u0142on\u0119\u0142a piekarnia wojskowa, na pozosta\u0142ych po niej fundamentach \u201ewed\u0142ug projektu in\u017cyniera i genera\u0142a w jednej osobie, J\u00f3zefa Bema, zbudowano w pi\u0119knym empirowym stylu &#8211; bibliotek\u0119. Ca\u0142o\u015b\u0107 obiekt\u00f3w wraz z gruntami naby\u0142 J\u00f3zef hrabia Maksymilian Ossoli\u0144ski za sum\u0119 23\u00a0710 z\u0142otych, co potwierdzono specjalnym aktem dok\u0142adnie dnia 26 marca 1817 roku. Jaki nieprzebrany maj\u0105tek materialny i duchowy stanowi\u0142y zbiory Ossolineum, niech \u015bwiadcz\u0105 spisy dokonane na rok przed wojn\u0105: 807122 dzie\u0142 ksi\u0105\u017ckowych skatalogowanych i ponad 100000 nie skatalogowanych, r\u0119kopis\u00f3w 13500, autograf\u00f3w 7 500, dyplom\u00f3w 2125 muzykali\u00f3w 741. Setki inkunabu\u0142\u00f3w, pierwodruki pisarzy staropolskich, tysi\u0105ce archeologic\u00f3w, obraz\u00f3w, rycin, monet. Zak\u0142ad Narodowy Ossoli\u0144skich fundowa\u0142 nadto stypendia. Z bezustannych przedsi\u0119wzi\u0119\u0107 edytorskich powsta\u0142y prace prawdziwie pomnikowe, jak \u201ePsa\u0142terz floria\u0144ski\u201d, \u201eMonumenta Poloniae typographica\u201d, \u201eHistoria sztuki\u201d w opracowaniu Mieczys\u0142awa G\u0119barowicza (pozosta\u0142 wierny sztuce i Lwowowi, w kt\u00f3rym zmar\u0142 w 1984 roku), \u201eElementy teorii poznania, logiki formalnej i metodologii nauk\u201d Tadeusza Kotarbi\u0144skiego i wiele, wiele innych. Ossolineum by\u0142o akuszerem podr\u0119cznika, pocz\u0119tego przez dw\u00f3ch polonist\u00f3w szk\u00f3\u0142 \u015bwieckich: Stanis\u0142awa Maykowskiego i Juliusza Balickiego, z jego kart mowy ojczystej uczy\u0142o si\u0119 kilka pokole\u0144 Polak\u00f3w, a nazywa\u0142 si\u0119 \u201eM\u00f3wi\u0105 wieki\u201d. (<em>Jerzy Janicki, Ni ma jak Lw\u00f3w<\/em>)<\/p>\r\n<p><a href=\"http:\/\/www.klubinteligencjipolskiej.pl\/wp-content\/uploads\/sites\/2\/2016\/09\/Wycieczka-do-Lwowa-Matejko_GaleriaLwowska.jpg\"><img decoding=\"async\" class=\"aligncenter  wp-image-14799\" src=\"http:\/\/www.klubinteligencjipolskiej.pl\/wp-content\/uploads\/sites\/2\/2016\/09\/Wycieczka-do-Lwowa-Matejko_GaleriaLwowska.jpg\" alt=\"wycieczka-do-lwowa-matejko_galerialwowska\" width=\"600\" height=\"800\" \/><\/a><\/p>\r\n<p>Niestety, mimo wielkiej pomocy jakiej Polska udziela Ukrainie nie mo\u017cemy odzyska\u0107 naszego dziedzictwa narodowego. Przechowywane w fatalnych warunkach, zalewane przez ciekn\u0105ce dachy niszczeje. Nasi obecni s\u0105siedzi zachowuj\u0105 si\u0119 jak przys\u0142owiowy pies ogrodnika. Dotyczy to r\u00f3wnie\u017c Lwowskiej Galerii Obraz\u00f3w, z kt\u00f3rej ukradziono przy pomocy pracownika muzeum 14 obraz\u00f3w Artura Grottgera.<\/p>\r\n<p style=\"padding-left: 30px;\">\u201eKiedy\u015b budynek ten nale\u017ca\u0142 do W\u0142adys\u0142awa \u0141ozi\u0144skiego, profesora lwowskiego Uniwersytetu, uczonego, a przede wszystkim co si\u0119 zowie kolekcjonera. Kog\u00f3\u017c on tam nie pozawiesza\u0142 na \u015bcianach: Leopolskiego, Siemiradzkiego, Grottgera, Matejk\u0119, Fa\u0142ata, Rozwadowskiego, Malczewskiego, a jeszcze mu by\u0142o ma\u0142o i przej\u0105\u0142 zbiory Orzechowicza krociowej warto\u015bci, mistrz\u00f3w weneckich i flamandzkich. Dzi\u015b na ca\u0142o\u015b\u0107 Galerii sk\u0142adaj\u0105 si\u0119 ponadto zbiory z muzeum Lubomirskich, Dzieduszyckich, muzeum miejskiego, przemys\u0142owego, Przybys\u0142awskiego z Uni\u017ca i Toepfera i dr. \u0141ukasiewicza (to z jego zbior\u00f3w jest Veronese i Breughel). Jest tu portret Antonio Grimem p\u0119dzla ni mniej ni wi\u0119cej tylko Tycjana, jest Sebastian Ricci, Caravaggio,\u00a0 jest Reni, Bacciarelli, Brandt, Luca Giordano, jest pi\u0119tnastowieczny Gentile di Fabriano i Jan Breughel Starszy zwany Aksamitnym, i Wr\u00f3bel i Gierymski, i je\u015bli komu ma\u0142o, to jeszcze Rubens.Trzydzie\u015bci pi\u0119\u0107 tysi\u0119cy eksponat\u00f3w! W tej liczbie i rze\u017aby, jak cho\u0107by nagrobek dzieci Poni\u0144skich d\u0142uta Thorwaldsena. Trzeba bowiem wiedzie\u0107, \u017ce s\u0142ynny Du\u0144czyk, zanim w Warszawie usadzi\u0142 na koniu ksi\u0119cia Poniatowskiego, zaprojektowa\u0142 dla Lwowa nagrobek J\u00f3zefy Dunin Borkowskiej w ko\u015bciele Dominikan\u00f3w. (<em>Jerzy Janicki, Ni ma jak Lw\u00f3w<\/em>).<\/p>\r\n<p>Jak bardzo zastraszani s\u0105 Polacy \u015bwiadczy zachowanie polskiego przewodnika w Galerii Lwowskiej, kt\u00f3remu wci\u0105\u017c towarzyszy nas\u0142uchuj\u0105cy ukrai\u0144ski pracownik. Oczywi\u015bcie, przy tych wspania\u0142ych dzie\u0142ach nie ma \u017cadnego napisu w j\u0119zyku polskim jak r\u00f3wnie\u017c jakiejkolwiek wzmianki, i\u017c pochodz\u0105 one z kolekcji odebranej polskiej elicie lub przez ni\u0105 darowanej polskiemu narodowi. Tego te\u017c nie mo\u017ce powiedzie\u0107 zwiedzaj\u0105cym polski przewodnik.<\/p>\r\n<p style=\"padding-left: 30px;\">\u201eW Kutach urodzi\u0142a si\u0119 Jadwiga z Karczewskich Zarugiewiczowa (1878- 1968) &#8211; \u017cona Andrzeja Zarugiewicza (brata wybitnego ogrodnika, tw\u00f3rcy plantacji winogronowych w Zaleszczykach, a po wojnie w Zielonej G\u00f3rze &#8211; Grzegorza, r\u00f3wnie\u017c urodzonego w Kutach). By\u0142a matk\u0105 Konstantego Zarugiewicza (1901-1920) &#8211; studenta Politechniki Lwowskiej, kt\u00f3ry zgin\u0105\u0142 17 sierpnia 1920 roku w bitwie pod Zadw\u00f3rzem &#8211; polskimi Termopilami, broni\u0105c przedpola Lwowa przed Kozakami z armii konnej pod wodz\u0105 Siemiona Budionnego. Poci\u0119tych szablami kozackimi zw\u0142ok Konstantego Zarugiewicza nie uda\u0142o si\u0119 zidentyfikowa\u0107. Zosta\u0142 pochowany na polu bitwy w zbiorowej mogile z 318 towarzyszami broni, podobnie zmasakrowanymi przez Kozak\u00f3w. W pierwszej po\u0142owie lat 20 XX wieku zapad\u0142a decyzja o stworzeniu w centrum Warszawy symbolicznego Grobu Nieznanego \u0179o\u0142nierza. 4 kwietnia 1925 roku wylosowano miejsce, sk\u0105d miano pobra\u0107 symboliczne prochy. Los chcia\u0142, \u017ce wybrano Cmentarz Obro\u0144c\u00f3w Lwowa, gdzie spoczywali te\u017c niekt\u00f3rzy \u017co\u0142nierze zabici w bitwie pod Zadw\u00f3rzem. 29 pa\u017adziernika 1925 roku we Lwowie na Cmentarzu Orl\u0105t ekshumowano prochy trzech nieznanych z nazwiska \u017co\u0142nierzy. I w\u00f3wczas Jadwiga Zarugiewiczowa, jako jedna z tysi\u0119cy matek, kt\u00f3re straci\u0142y na wojnie syn\u00f3w i nie zna\u0142y miejsca ich spoczynku, zosta\u0142a wyr\u00f3\u017cniona prawem wskazania jednej z trzech trumien z ekshumowanymi prochami\u201d. <em>(Kresowa Atlantyda, prof. Stanis\u0142aw S\u0142awomir Nicieja<\/em>).<\/p>\r\n<p>W katakumbach na Cmentarzu Orl\u0105t Lwowskich wymienione s\u0105 nazwiska poleg\u0142ych w listopadzie 1918 roku, mi\u0119dzy innymi: <em>Ha\u0142uza Wilhelm, lat 15 ucz. VI kl. gimn. VIII, zm. 5 XI 1918 pod Kulparkowem, krz. \u2026\u2026\u2026\u2026\u2026\u2026\u2026 odz. V odc.<\/em> Kropki to wyskrobane przez pa\u0144stwo ukrai\u0144skie s\u0142owa \u201eza Obr. Lwowa\u201d , wymazane przy ka\u017cdym nazwisku znajduj\u0105cym si\u0119 na p\u0142ytach. To nie jedyny spos\u00f3b na okazywanie szowinizmu wobec Polak\u00f3w, pomniki naszych poet\u00f3w, pisarzy, urz\u0119dnik\u00f3w zas\u0142aniane s\u0105 celowo pomnikami \u201ebohater\u00f3w\u201d ukrai\u0144skich, w polskich\u00a0 grobach bez naszej zgody chowani s\u0105 obywatele ukrai\u0144scy, zmieniana jest tylko tablica z imieniem i nazwiskiem. Ze \u015brodk\u00f3w polskiego podatnika odnawiane s\u0105 nie tylko pomniki luminarzy kultury, sztuki, nauki, przemys\u0142u i rolnictwa na Kresach, odnawiane s\u0105 pomniki ukrai\u0144skich bohater\u00f3w.\u00a0 Z pieni\u0119dzy polskiego podatnika odnawiane s\u0105 budynki,\u00a0 z kt\u00f3rych usuwane s\u0105 oryginalne tablice a w ich miejsce umieszczane ukrai\u0144skie ca\u0142kowicie zamazuj\u0105ce polsko\u015b\u0107 tych obiekt\u00f3w. Mimo, i\u017c budynki te wpisane s\u0105 do rejestru zabytk\u00f3w.<\/p>\r\n<p>W Warszawie, na skwerze u zbiegu ulic Goworka i Spacerowej znajduje si\u0119 pomnik Tarasa Szewczenki, ukrai\u0144skiego poety. Pomnik ufundowany zosta\u0142 przez Rad\u0119 Miasta Kijowa, Rad\u0119 Miasta Lwowa, Lwowsk\u0105 Obwodow\u0105 Administracj\u0119 Pa\u0144stwow\u0105, gmin\u0119 Warszawa &#8211; Centrum. Miasta i wsie na Dolnym \u015al\u0105sku maj\u0105 nazwy dwuj\u0119zyczne, przed klasztorami i ko\u015bcio\u0142ami tablice wieloj\u0119zyczne z nazwiskami niemieckich baron\u00f3w, fundator\u00f3w.<\/p>\r\n<p><a href=\"http:\/\/www.klubinteligencjipolskiej.pl\/wp-content\/uploads\/sites\/2\/2016\/09\/Wycieczka-do-Lwowa-katakumby_cmetarzOrl%C4%85tLwowskich.jpg\"><img loading=\"lazy\" decoding=\"async\" class=\"aligncenter  wp-image-14801\" src=\"http:\/\/www.klubinteligencjipolskiej.pl\/wp-content\/uploads\/sites\/2\/2016\/09\/Wycieczka-do-Lwowa-katakumby_cmetarzOrl%C4%85tLwowskich.jpg\" alt=\"wycieczka-do-lwowa-katakumby_cmetarzorlatlwowskich\" width=\"600\" height=\"450\" \/><\/a><\/p>\r\n<p>Nie widz\u0119 r\u00f3wnowagi w traktowaniu polskiego dziedzictwa narodowego oraz Polak\u00f3w przez Ukrain\u0119 a mniejszo\u015bci ukrai\u0144skiej\u00a0 w Polsce. Ale czemu ja si\u0119 dziwi\u0119, wszak Julia Brystygierowa, zwana Krwaw\u0105 Lun\u0105, urodzona niedaleko Lwowa bo w Stryju, absolwentka Uniwersytetu Lwowskiego, \u017cona syjonisty, \u201e<em>jako cz\u0142onkini Komunistycznej Partii Zachodniej Ukrainy zorganizowa\u0142a we Lwowie s\u0142ynny Kongres Pracownik\u00f3w Kultury, na kt\u00f3rym Emil Zegad\u0142owicz wzni\u00f3s\u0142 has\u0142o: \u201eDo zobaczenia w czerwonej Warszawie\u201d. (Kresowa Atlantyda, prof. Stanis\u0142aw S\u0142awomir Nicieja<\/em>).\u00a0 Pos\u0142uchali i na nasze nieszcz\u0119\u015bcie przybyli do Warszawy na czele z Juli\u0105, kt\u00f3ra wzmocni\u0142a V Departament Urz\u0119du Bezpiecze\u0144stwa obejmuj\u0105c stanowisko dyrektora. Co gorsze, pozostali w niej do dzisiaj, o czym najwymowniej \u015bwiadczy stosunek ich potomk\u00f3w do\u00a0 pa\u0144stwowego pogrzebu Danuty Siedzik\u00f3wny i Feliksa Salmanowicza, kt\u00f3ry mia\u0142 miejsce 28 sierpnia 2016 roku w Gda\u0144sku. A to w\u0142a\u015bnie Julia Brystygierowa ze szczeg\u00f3lnym okrucie\u0144stwem traktowa\u0142a wi\u0119zionych m\u0142odych akowc\u00f3w, przedstawicieli polskiej elity intelektualnej i patriotycznej, takich jak Inka. To o niej powiedzia\u0142 Kardyna\u0142 Stefan Wyszy\u0144ski \u201estraszna kobieta\u201d. V Departament inwigilowa\u0142 \u015brodowiska klerykalne i tw\u00f3rcze.<\/p>\r\n<p>Wci\u0105\u017c mam w uszach wypowied\u017a konsula ze Lwowa. Czyje interesy reprezentuje? A mo\u017ce boi si\u0119, tak jak Polacy, kt\u00f3rzy zdecydowali si\u0119 pozosta\u0107 na ziemi przodk\u00f3w? Podkre\u015blanie wspania\u0142ego porozumienia mi\u0119dzy Polakami i Ukrai\u0144cami bo Ukrai\u0144cy ch\u0119tnie ucz\u0105 si\u0119 polskiego, podkre\u015blanie i\u017c Ukrai\u0144cy pracuj\u0105 na zmywaku a w Polsce szerzy si\u0119 cwaniactwo, dyskwalifikuje go jako Polaka, dyplomat\u0119 a zw\u0142aszcza konsula.<br \/>\r\n Ucz\u0105 si\u0119 polskiego bo to jest ich interes, chc\u0105 przyjecha\u0107 do Polski, maj\u0105 tu lepiej ni\u017c wielu Polak\u00f3w, o co dba diaspora ukrai\u0144ska.\u00a0 Ilu spo\u015br\u00f3d miliona w Polsce pracuje w le\u015bnictwie, s\u0105dach, firmach, s\u0142u\u017cbie zdrowia, szkolnictwie, urz\u0119dach, ilu otrzymuje stypendia i dodatek 500+ , ilu z nich otrzyma\u0142o obywatelstwo polskie i naby\u0142o mieszkania? Kobiety opiekuj\u0105ce si\u0119 osobami starszymi i sprz\u0105taj\u0105ce w Warszawie zarabiaj\u0105 po 4500 z\u0142, malarz w Warszawie zatrudnia do sprz\u0105tania ukrai\u0144skie kobiety i p\u0142aci im 18 z\u0142 za godzin\u0119. Taks\u00f3wkarz we Lwowie \u017cyczy sobie za przew\u00f3z spod opery na dworzec kolejowy 90 hrywien i jest oburzony przy pr\u00f3bie negocjacji. Przecie\u017c zna zarobki i ceny w Polsce, jego syn 2 lata by\u0142 kucharzem w hotelu we Wroc\u0142awiu i zarabia\u0142 10 z\u0142 na godzin\u0119, mia\u0142 wy\u017cywienie, bo jeszcze nie zdarzy\u0142o si\u0119 by kucharz nie mia\u0142 co je\u015b\u0107 i mia\u0142 zakwaterowanie. A Polka z Lubawki pracuje w Kamiennej G\u00f3rze (doje\u017cd\u017ca), zarabia 8 z\u0142 na godzin\u0119, pracuje na ca\u0142y etat ale umowa jest na 1\/4 etatu. Polka, c\u00f3rka wyp\u0119dzonych z Tarnopola przez szowinist\u00f3w ukrai\u0144skich.<\/p>\r\n<p>Szukamy \u015bladu prababci we wsi pod Drohobyczem. W roku 1909 postawiono murowany ko\u015bci\u00f3\u0142, inspiratorem budowy by\u0142 ks. kanonik Aleksander Stopczy\u0144ski, zmar\u0142y i pochowany obok na cmentarzu katolickim w roku 1923. W roku 1876 Rychcice liczy\u0142y 2005 mieszka\u0144c\u00f3w oraz 401 dom\u00f3w (w tym 1376 katolik\u00f3w, 664 unit\u00f3w, i 39 wyz. moj\u017ceszowego, narodowo\u015bci 1438 Polak\u00f3w, 635 Rusin\u00f3w i 7 Niemc\u00f3w). Przez wie\u015b przechodzi\u0142a linia kolejowa wybudowana w okresie austro-w\u0119gierskim. Pod koniec XIX w. w\u0142asno\u015b\u0107 wi\u0119kszo\u015bciowa Juliusza Bielskiego.<\/p>\r\n<p>Ko\u015bci\u00f3\u0142 obecnie greckokatolicki, groby polskie zaro\u015bni\u0119te. Wasyl, sympatyczny mieszkaniec wsi pomaga nam szuka\u0107, ale nie omieszka podkre\u015bli\u0107, i\u017c Krak\u00f3w i Przemy\u015bl to by\u0142y miasta ukrai\u0144skie.\u00a0 Wskazuje nam domy, w kt\u00f3rych jeszcze mieszkaj\u0105 Polki, jeden z nich to drewniana chata, klepisko pokryte linoleum, bieda a\u017c piszczy. 80-letnia staruszka m\u00f3wi przy Wasylu po ukrai\u0144sku. Do Polak\u00f3w na Ukrainie spiesz\u0105 z pomoc\u0105 humanitarn\u0105 Polacy z G\u00f3rnego i Dolnego \u015al\u0105ska, spieszy wspania\u0142a Maria Eleonora Mirecka-Lory\u015b, kt\u00f3ra przyjecha\u0142a na uroczysto\u015bci do Zadw\u00f3rza by kilka dni p\u00f3\u017aniej\u00a0 wsi\u0105\u015b\u0107 w samoch\u00f3d i z zebranymi w\u015br\u00f3d Polonii ameryka\u0144skiej \u015brodkami, dotrze\u0107 do biednych chat, gdzie mieszkaj\u0105 Polacy, kt\u00f3rzy nie wyparli si\u0119 mi\u0142o\u015bci do Polski mimo braku opieki ze strony pa\u0144stwa ukrai\u0144skiego i polskiego. To wielki\u00a0 zaszczyt spotka\u0107 Pani\u0105 Mari\u0119, odwa\u017cna jak zwykle, gdy na spotkaniu z M\u0142odzie\u017c\u0105 Wszechpolsk\u0105 pad\u0142o stwierdzenie, i\u017c na pewno ba\u0142aby si\u0119 jecha\u0107 na motorze, zaprzeczy\u0142a i przejecha\u0142a z m\u0142odym cz\u0142owiekiem :-).\u00a0 Z roku na rok niszczone s\u0105 na Ukrainie \u015blady polsko\u015bci na zabytkach, ko\u015bcio\u0142ach, cmentarzach. Czy to wynik porozumienia mi\u0119dzy Polakami i Ukrai\u0144cami? Ciekawe, w sytuacji realnego zagro\u017cenia wojn\u0105 z Rosj\u0105 prowadz\u0105 wojn\u0119 z polsko\u015bci\u0105. Dlaczego zgadzamy si\u0119 na emigracj\u0119 zarobkow\u0105 z Ukrainy bez uzyskania r\u00f3wnorz\u0119dnego traktowania obywateli polskich na Ukrainie? Dlaczego nie pi\u0119tnujemy szowinizmu ukrai\u0144skiego nauczeni do\u015bwiadczeniem z II Wojny \u015awiatowej? Wobec ich jawnej niech\u0119ci do Polak\u00f3w nie czuj\u0119 si\u0119 bezpiecznie w ich towarzystwie na terenie Polski.<\/p>\r\n<p>Dlaczego nie \u017c\u0105damy zwrotu polskiego dziedzictwa narodowego lub przynajmniej szacunku dla niego? Dlaczego godzimy si\u0119, by ko\u015bcio\u0142y katolickie, zabytki architektoniczne, przerabiane by\u0142y na cerkwie a polski podatnik uczestniczy\u0142 w zbi\u00f3rkach na budow\u0119 nowych ko\u015bcio\u0142\u00f3w dla Polak\u00f3w na Ukrainie? Czy prowadzimy ewidencj\u0119 polskiego dziedzictwa narodowego na Ukrainie tak jak czyni\u0105 to Niemcy na terenie \u015al\u0105ska?<\/p>\r\n<p>Kresy, czyli mi\u0119dzy innymi ziemie znajduj\u0105ce si\u0119 obecnie na terenie Litwy, Bia\u0142orusi, Ukrainy to ku\u017ania najwspanialszych umys\u0142\u00f3w i serc, to \u015bwiat ludzi, kt\u00f3rych dorobek s\u0142u\u017cy\u0142 nie tylko Europie ale ca\u0142emu\u00a0 \u015bwiatu, to dziedzictwo narodowe, kt\u00f3re zna\u0107 powinien ka\u017cdy z nas.<\/p>\r\n<p><strong><em>Bo\u017cena Ratter<\/em><\/strong><\/p>","protected":false},"excerpt":{"rendered":"\u201eOkrutne spustoszenie zasta\u0142 Kazimierz we Lwowie: ludno\u015b\u0107 tak by\u0142a zdziesi\u0105tkowana przez ord\u0119, \u017ce kiedy staty\u015bci przyst\u0105pili do spisywania ludno\u015bci, po\u015br\u00f3d Ormian, \u017byd\u00f3w, Polak\u00f3w i Niemc\u00f3w naliczyli si\u0119 Rusin\u00f3w ledwie czternastu. Kazimierz, o kt\u00f3rym wiemy, \u017ce zasta\u0142 Polsk\u0119 drewnian\u0105, a zostawi\u0142 murowan\u0105, zasad\u0119 t\u0119 zastosowa\u0142 z powodzeniem i we Lwowie. Da\u0142 miastu autonomi\u0119 wedle magdeburskiego prawa, [&hellip;]","protected":false},"author":1,"featured_media":0,"comment_status":"closed","ping_status":"closed","sticky":false,"template":"","format":"standard","meta":{"_acf_changed":false,"_monsterinsights_skip_tracking":false,"_monsterinsights_sitenote_active":false,"_monsterinsights_sitenote_note":"","_monsterinsights_sitenote_category":0,"ngg_post_thumbnail":0,"footnotes":"","_wp_rev_ctl_limit":""},"categories":[215],"tags":[65,98,188,167],"acf":[],"_links":{"self":[{"href":"https:\/\/www.bibula.com\/index.php?rest_route=\/wp\/v2\/posts\/89939"}],"collection":[{"href":"https:\/\/www.bibula.com\/index.php?rest_route=\/wp\/v2\/posts"}],"about":[{"href":"https:\/\/www.bibula.com\/index.php?rest_route=\/wp\/v2\/types\/post"}],"author":[{"embeddable":true,"href":"https:\/\/www.bibula.com\/index.php?rest_route=\/wp\/v2\/users\/1"}],"replies":[{"embeddable":true,"href":"https:\/\/www.bibula.com\/index.php?rest_route=%2Fwp%2Fv2%2Fcomments&post=89939"}],"version-history":[{"count":0,"href":"https:\/\/www.bibula.com\/index.php?rest_route=\/wp\/v2\/posts\/89939\/revisions"}],"wp:attachment":[{"href":"https:\/\/www.bibula.com\/index.php?rest_route=%2Fwp%2Fv2%2Fmedia&parent=89939"}],"wp:term":[{"taxonomy":"category","embeddable":true,"href":"https:\/\/www.bibula.com\/index.php?rest_route=%2Fwp%2Fv2%2Fcategories&post=89939"},{"taxonomy":"post_tag","embeddable":true,"href":"https:\/\/www.bibula.com\/index.php?rest_route=%2Fwp%2Fv2%2Ftags&post=89939"}],"curies":[{"name":"wp","href":"https:\/\/api.w.org\/{rel}","templated":true}]}}