{"id":89920,"date":"2016-09-23T09:25:10","date_gmt":"2016-09-23T13:25:10","guid":{"rendered":"http:\/\/www.bibula.com\/?p=89920"},"modified":"2016-09-23T09:25:10","modified_gmt":"2016-09-23T13:25:10","slug":"oto-do-czego-doprowadzil-zachodni-ateizm-szwajcarzy-masowo-rozwazaja-eutanazje","status":"publish","type":"post","link":"https:\/\/www.bibula.com\/?p=89920","title":{"rendered":"Oto do czego doprowadzi\u0142 zachodni ateizm. Szwajcarzy masowo rozwa\u017caj\u0105 eutanazj\u0119"},"content":{"rendered":"<p><strong>Szwajcarskie media komentuj\u0105 przeprowadzony kilka tygodni temu sonda\u017c, kt\u00f3rego wyniki w\u0142a\u015bnie ujawniono. Z badania wynika, \u017ce a\u017c 63 procent Szwajcar\u00f3w powy\u017cej 50 roku \u017cycia nie wyklucza, \u017ce w przysz\u0142o\u015bci podda si\u0119 eutanazji.<\/strong><\/p>\r\n<p>Sonda\u017c zosta\u0142 przeprowadzony na mieszka\u0144cach niemieckoj\u0119zycznych cz\u0119\u015bci kraju, w badaniu udzia\u0142 wzi\u0119\u0142o 1036 os\u00f3b. Szwajcarskie media przypominaj\u0105 jednak, \u017ce podobny by\u0142 rezultat ankiety przeprowadzonej przed kilkoma laty w kantonach zamieszkanych przez ludno\u015b\u0107 francuskoj\u0119zyczn\u0105 &#8211; donosi wprost.pl.<\/p>\r\n<p>Wiceprzewodnicz\u0105ca organizacji Exit (zlecaj\u0105cej sonda\u017c) Marion Schafroth podczas konferencji prasowej, na kt\u00f3rej zaprezentowane zosta\u0142y wyniki badania, przekaza\u0142a, \u017ce pacjenci \u201ew spos\u00f3b oczywisty\u201d oczekuj\u0105 od lekarzy rozmowy na temat eutanazji i to \u201ebez tabu\u201d. Zaapelowa\u0142a przy tym do organizacji medycznych, by ich cz\u0142onkowie \u201erozwa\u017cyli wolontariat przy zabiegach\u201d.<\/p>\r\n<p>W minionym roku sama organizacja Exit pomog\u0142a w samob\u00f3jstwie 782 os\u00f3b w niemieckoj\u0119zycznej cz\u0119\u015bci kraju i 213 osobom we francuskoj\u0119zycznych kantonach. \u015arednia wieku pacjent\u00f3w, kt\u00f3rzy decydowali si\u0119 na eutanazj\u0119, wynosi\u0142a 78 lat, ich liczba wzros\u0142a o 30 proc. w por\u00f3wnaniu do 2014 roku.<\/p>\r\n<p>kra<\/p>","protected":false},"excerpt":{"rendered":"Szwajcarskie media komentuj\u0105 przeprowadzony kilka tygodni temu sonda\u017c, kt\u00f3rego wyniki w\u0142a\u015bnie ujawniono. Z badania wynika, \u017ce a\u017c 63 procent Szwajcar\u00f3w powy\u017cej 50 roku \u017cycia nie wyklucza, \u017ce w przysz\u0142o\u015bci podda si\u0119 eutanazji. Sonda\u017c zosta\u0142 przeprowadzony na mieszka\u0144cach niemieckoj\u0119zycznych cz\u0119\u015bci kraju, w badaniu udzia\u0142 wzi\u0119\u0142o 1036 os\u00f3b. Szwajcarskie media przypominaj\u0105 jednak, \u017ce podobny by\u0142 rezultat ankiety [&hellip;]","protected":false},"author":1,"featured_media":0,"comment_status":"closed","ping_status":"closed","sticky":false,"template":"","format":"standard","meta":{"_acf_changed":false,"_monsterinsights_skip_tracking":false,"_monsterinsights_sitenote_active":false,"_monsterinsights_sitenote_note":"","_monsterinsights_sitenote_category":0,"ngg_post_thumbnail":0,"footnotes":"","_wp_rev_ctl_limit":""},"categories":[6],"tags":[49,239],"acf":[],"_links":{"self":[{"href":"https:\/\/www.bibula.com\/index.php?rest_route=\/wp\/v2\/posts\/89920"}],"collection":[{"href":"https:\/\/www.bibula.com\/index.php?rest_route=\/wp\/v2\/posts"}],"about":[{"href":"https:\/\/www.bibula.com\/index.php?rest_route=\/wp\/v2\/types\/post"}],"author":[{"embeddable":true,"href":"https:\/\/www.bibula.com\/index.php?rest_route=\/wp\/v2\/users\/1"}],"replies":[{"embeddable":true,"href":"https:\/\/www.bibula.com\/index.php?rest_route=%2Fwp%2Fv2%2Fcomments&post=89920"}],"version-history":[{"count":0,"href":"https:\/\/www.bibula.com\/index.php?rest_route=\/wp\/v2\/posts\/89920\/revisions"}],"wp:attachment":[{"href":"https:\/\/www.bibula.com\/index.php?rest_route=%2Fwp%2Fv2%2Fmedia&parent=89920"}],"wp:term":[{"taxonomy":"category","embeddable":true,"href":"https:\/\/www.bibula.com\/index.php?rest_route=%2Fwp%2Fv2%2Fcategories&post=89920"},{"taxonomy":"post_tag","embeddable":true,"href":"https:\/\/www.bibula.com\/index.php?rest_route=%2Fwp%2Fv2%2Ftags&post=89920"}],"curies":[{"name":"wp","href":"https:\/\/api.w.org\/{rel}","templated":true}]}}