{"id":89878,"date":"2016-09-20T14:13:05","date_gmt":"2016-09-20T18:13:05","guid":{"rendered":"http:\/\/www.bibula.com\/?p=89878"},"modified":"2016-09-20T14:22:38","modified_gmt":"2016-09-20T18:22:38","slug":"roberto-de-mattei-o-prawdziwym-zrodle-podzialow-w-kosciele","status":"publish","type":"post","link":"https:\/\/www.bibula.com\/?p=89878","title":{"rendered":"Roberto de Mattei o prawdziwym \u017ar\u00f3dle podzia\u0142\u00f3w w Ko\u015bciele"},"content":{"rendered":"<p><strong>Informacja, dezinformacja, prawda, p\u00f3\u0142prawda i k\u0142amstwa, wszystkie wydaj\u0105 si\u0119 by\u0107 pomieszane w sposobie komunikowania si\u0119 Stolicy Apostolskiej. Historia Ko\u015bcio\u0142a jest tworzona poprzez wywiady, improwizowane wyk\u0142ady, artyku\u0142y umieszczane na p\u00f3\u0142oficjalnych blogach i w plotkarskich mediach, pozostawiaj\u0105c szerokie pole do dokonywania wszelakich mo\u017cliwych interpretacji i daj\u0105c podstawy do przypuszcze\u0144, \u017ce zamieszanie ma charakter celowy.<\/strong><\/p>\r\n<p><strong>Dwa ostatnie przyk\u0142ady<\/strong><\/p>\r\n<p>Pierwszy odnosi si\u0119 do wydalenia Prezesa IOR (Banku Watyka\u0144skiego) Ettore Gotti Tedeschi w 2012 roku. W najnowszej ksi\u0105\u017cce Benedykta XVI \u201e<em>Ostatnie rozmowy<\/em>\u201d z Peter Seewald, \u201ePapie\u017c Emeryt\u201d bierze odpowiedzialno\u015b\u0107 za zwolnienie Gotti Tedeschi, kt\u00f3re to motywuje konieczno\u015bci\u0105 \u201eodnowienia zarz\u0105dzania\u201d Bankiem Watyka\u0144skim. Jednak\u017ce pra\u0142at Georg G\u00c3\u00a4nswein, sekretarz papie\u017ca Benedykta XVI, stwierdzi\u0142 kiedy\u015b, \u017ce Papie\u017c nie wiedzia\u0142 nic o tym zwolnieniu i \u201eby\u0142 zaskoczony, bardzo zaskoczony brakiem zaufania dla profesora\u201d. Andrea Tornielli w dniu\u00a0 22 pa\u017adziernika 2013 roku, odni\u00f3s\u0142\u00a0 si\u0119 do tego w artykule zatytu\u0142owanym: \u201e<em>Benedykt XVI by\u0142 bardzo zaskoczony zwolnieniem Gotti Tedeschi<\/em>\u201d. W dniu 9 wrze\u015bnia 2016 roku, ten sam watykanista, nie wskazuj\u0105c \u017cadnej sprzeczno\u015bci, zaprezentowa\u0142 now\u0105 wersj\u0119 artyku\u0142u zatytu\u0142owan\u0105: \u201e<em>Ratzinger: to by\u0142 m\u00f3j pomys\u0142, aby zmieni\u0107 zarz\u0105dzanie IOR w 2012 roku<\/em>\u201d. Co w takim razie pozostaje prawd\u0105? Z ca\u0142\u0105 pewno\u015bci\u0105 kto\u015b k\u0142amie i zamieszanie istnieje nadal.<\/p>\r\n<p><span class=\"pullquote\"><!--  'Intencj\u0105 [Papie\u017ca Franciszka] jest, aby dokona\u0107 zmiany w doktrynie Ko\u015bcio\u0142a ukradkiem, w niejednoznaczny spos\u00f3b?' --><\/span><\/p>\r\n<p>Drugi przypadek wydaje si\u0119 powa\u017cniejszy. W dniu 5 wrze\u015bnia 2016 roku, na stronie <em>Infocatolica<\/em> opublikowano list, kt\u00f3ry papie\u017c Franciszek wys\u0142a\u0142 do biskup\u00f3w Argentyny Buenos Aires &#8211; w odpowiedzi na dokument <em>Criterios b\u00e1sicos para la aplicaci\u00f3n del cap\u00c3\u00adtulo VIII de Amoris Laetitia<\/em> (Podstawowe kryteria dla stosowania Rozdzia\u0142u VIII z <em>Amoris Laetitia<\/em>). W dokumencie, kt\u00f3ry mia\u0142 dostarczy\u0107 tamtejszemu duchowie\u0144stwu kryteri\u00f3w stosowania rozdzia\u0142u \u00f3smego <em>Amoris Laetitia<\/em>, argenty\u0144scy biskupi twierdz\u0105, \u017ce osoby rozwiedzione i takie, kt\u00f3re ponownie zawar\u0142y zwi\u0105zek ma\u0142\u017ce\u0144ski, mog\u0105 by\u0107 dopuszczone do sakramentalnej Komunii, nawet je\u015bli funkcjonuj\u0105 tylko w ma\u0142\u017ce\u0144stwie zgodnym w prawem \u015bwieckim, bez zamiaru praktykowania cnoty czysto\u015bci. Papie\u017c Franciszek wyrazi\u0142 swoje uznanie dla tej propozycji, pisz\u0105c do pra\u0142at\u00f3w, \u017ce <em>tekst jest bardzo dobry i wyja\u015bnia, rozdzia\u0142 VIII Amoris Laetitia w doskona\u0142y spos\u00f3b. Nie ma innej interpretacji. I jestem pewien, \u017ce <\/em>[ta interpretacja] <em>dobrze si\u0119 sprawdzi <\/em>[b\u0119dzie dobrze funkcjonowa\u0107]. W obliczu natychmiastowych kontrowersji, kt\u00f3re wywo\u0142a\u0142 papieski list, tajemniczo znikn\u0105\u0142 on ze strony [Infocatolica], sprawiaj\u0105c,\u00a0 \u017ce wiele os\u00f3b zacz\u0119\u0142o mie\u0107 w\u0105tpliwo\u015bci co do jego istnienia, a\u017c wreszcie <em>L\u2019Osservatore Romano<\/em> potwierdzi\u0142 jego autentyczno\u015b\u0107.<\/p>\r\n<p>\u201eNie ma innej interpretacji\u201d<em>. <\/em>Stanowisko Papie\u017ca Franciszka na temat os\u00f3b rozwiedzionych i takich, kt\u00f3re zawar\u0142y ponowny zwi\u0105zek ma\u0142\u017ce\u0144ski, wydaje si\u0119 jasne. Biskup Rzymu wyrazi\u0142 je w trakcie swojego lotu powrotnego z wyspy Lesbos. Jednak je\u015bli takie s\u0105 jego pogl\u0105dy [przemy\u015blenia], dlaczego zamieszcza je w przypisie <em>Amoris Laetitia<\/em> i w prywatnym li\u015bcie nieprzeznaczonym do publikacji, zamiast wy\u0142o\u017cy\u0107 w bardziej jasny i przejrzysty spos\u00f3b? By\u0107 mo\u017ce wtedy sprzeczno\u015bci dotycz\u0105ce odwiecznego Magisterium Ko\u015bcio\u0142a sta\u0142yby si\u0119 publiczne i formalne, natomiast intencj\u0105 jest, aby dokona\u0107 zmiany w doktrynie Ko\u015bcio\u0142a ukradkiem, w niejednoznaczny spos\u00f3b?<\/p>\r\n<p>Mo\u017cna odnie\u015b\u0107 wra\u017cenie, \u017ce znajdujemy si\u0119 w obliczu manipulacji informacjami, maj\u0105cej na celu kreowanie napi\u0119\u0107 i podzia\u0142\u00f3w wewn\u0105trz Ko\u015bcio\u0142a, na kt\u00f3re papie\u017c narzeka\u0142 podczas swojego wyk\u0142adu w Santa Marta w dniu 12 wrze\u015bnia: <em>[&#8230;] ideologiczne, teologiczne podzia\u0142y, kt\u00f3re szarpi\u0105 Ko\u015bcio\u0142em. Diabe\u0142 rozsiewa zazdro\u015b\u0107, ambicje, pomys\u0142y, ale do podzia\u0142u! [&#8230;] Podzia\u0142y sprawiaj\u0105, \u017ce widzisz t\u0119 cz\u0119\u015b\u0107, jedn\u0105 przeciw drugiej. Zawsze przeciw! Nie ma oleju jedno\u015bci, balsamu jedno\u015bci<\/em>.<\/p>\r\n<p>Podzia\u0142y maj\u0105 swoje \u017ar\u00f3d\u0142o w rozwidlonym j\u0119zyku Diab\u0142a i mog\u0105 zosta\u0107 pokonane przede wszystkim przez prawd\u0119; prawd\u0119 na temat wiary i moralno\u015bci, ale r\u00f3wnie\u017c prawd\u0119 j\u0119zyka i zachowania, co oznacza porzucenie wszystkich k\u0142amstw, fa\u0142szerstw i pow\u015bci\u0105gliwo\u015bci, pod\u0105\u017caj\u0105c przy tym za nauczaniem Ewangelii \u201eNiech wasza mowa b\u0119dzie: Tak, tak; nie, nie. A co nadto jest, od Z\u0142ego pochodzi\u201d (Mt 5, 37).<\/p>\r\n<p><strong><em>Roberto de Mattei<\/em><\/strong><\/p>\r\n<p><em>Corrispondenza Romana<\/em><\/p>\r\n<p>14 wrzesie\u0144 12016<\/p>\r\n<blockquote>\r\n<p>[<strong>Wybrane wypowiedzi internaut\u00f3w pod w\/w tekstem na stronie \u017ar\u00f3d\u0142owej:<\/strong>]<\/p>\r\n<p><em>antymodernista<\/em><br \/>\r\n Papie\u017c Franciszek dialoguje teraz w Asy\u017cu z innowiercami zamiast ich nawraca\u0107 na wiar\u0119 katolick\u0105. Wkr\u00f3tce te\u017c b\u0119dzie \u015bwi\u0119towa\u0107 dzie\u0144 heretyka Lutra. Biskupi polscy maj\u0105 w kr\u00f3tkiej perspektywie dni judaizmu i islamu infekuj\u0105ce Ko\u015bci\u00f3\u0142 Chrystusowy !Czy szatan nie wali kopytami w euforii, \u017ce ma starannie dobranych pomocnik\u00f3w ?!<\/p>\r\n<p><em>Romeus<\/em><br \/>\r\n Franciszek doskonale zdaje sobie spraw\u0119, \u017ce og\u0142oszenie &#8222;otwartym tekstem&#8221; przyzwolenia na komuni\u0119 dla rozwodnik\u00f3w spowodowa\u0142oby r\u00f3wnie otwarty sprzeciw katolik\u00f3w, kt\u00f3rzy &#8211; o paradoksie! &#8211; w Ko\u015bciele katolickim stanowi\u0105 dzi\u015b by\u0107 mo\u017ce mniejszo\u015b\u0107, ale jednak wci\u0105\u017c do\u015b\u0107 liczebn\u0105. Dlatego herezj\u0119, kt\u00f3r\u0105 &#8211; jak si\u0119 zdaje &#8211; w pe\u0142ni aprobuje i popiera wprowadza podst\u0119pnie: a to jakie\u015b dwuznaczne sformu\u0142owanie, a to przypis, a to prywatny list etc. Dba przy tym jednocze\u015bnie nieustannie, by w mediach kreowa\u0107 si\u0119 na obro\u0144c\u0119 ubogich, kt\u00f3ry odwiedza chore dzieci, wspiera (tak\u017ce finansowo) emigrant\u00f3w, patronuje dzie\u0142om mi\u0142osierdzia. Buduje sobie w ten spos\u00f3b globalne, wizerunkowe alibi &#8211; no bo kt\u00f3\u017c o\u015bmieli si\u0119 krytykowa\u0107 tak &#8222;dobrego&#8221;, &#8222;skromnego&#8221; i &#8222;pokornego&#8221; papie\u017ca? Tymczasem po cichu z \u017celazn\u0105 konsekwencj\u0105 pracuje nad zmian\u0105 doktryny, kt\u00f3ra w rzeczywisto\u015bci jest zamachem na sakramenty Eucharystii, Ma\u0142\u017ce\u0144stwa i Pokuty.<\/p>\r\n<p><em>cristero<\/em><br \/>\r\n Bardzo taktowne, bardzo. Problem w sposobie komunikowania si\u0119 &#8222;Stolicy Apostolskiej&#8221;. A jednak ten drugi, powa\u017cny przyk\u0142ad wyra\u017anie wskazuje osobist\u0105 win\u0119 konkretnego cz\u0142owieka. I tak niestety to wygl\u0105da, nawet je\u015bli &#8211; co trudno ustali\u0107 &#8211; t\u0105 win\u0105 by\u0142aby zgoda na bycie marionetk\u0105 w r\u0119kach innych.<\/p>\r\n<p><em>Tomasz<\/em><br \/>\r\n Chodzi o dopasowanie Ko\u015bcio\u0142a do \u015bwiata &#8211; subtelnymi, coraz wi\u0119kszymi krokami, w formie niedom\u00f3wie\u0144, niejasno\u015bci, celowej gry s\u0142\u00f3w, domys\u0142\u00f3w &#8211; nied\u0142ugo ju\u017c nast\u0105pi ca\u0142kowity podzia\u0142. Podzia\u0142 na Nierz\u0105dnic\u0119 i Niewiast\u0119. Po kt\u00f3rej b\u0119dziemy stronie? Wyk\u0142ady Ks. Murzi\u0144skiego (wszystkie) &#8211; obowi\u0105zkowe dla dzisiejszego Katolika, kt\u00f3ry chce by\u0107 wierny nauce Chrystusa i Jego prawdziwego Ko\u015bcio\u0142a.<\/p>\r\n<\/blockquote>\r\n<p class=\"zrodlo\">Za: <a href=\"http:\/\/www.pch24.pl\/roberto-de-mattei-o-prawdziwym-zrodle-podzialow-w-kosciele,46069,i.html\">PoloniaChristiana &#8211; pch24.pl (2016-09-20)<\/a><\/p>\r\n<h4>\u00a0<\/h4>\r\n<hr style=\"background-color: #000000; border-width: 0; color: #000000; height: 2px; line-height: 0; text-align: center; width: 100%;\" \/>\r\n<h4>\u00a0<\/h4>","protected":false},"excerpt":{"rendered":"Informacja, dezinformacja, prawda, p\u00f3\u0142prawda i k\u0142amstwa, wszystkie wydaj\u0105 si\u0119 by\u0107 pomieszane w sposobie komunikowania si\u0119 Stolicy Apostolskiej. Historia Ko\u015bcio\u0142a jest tworzona poprzez wywiady, improwizowane wyk\u0142ady, artyku\u0142y umieszczane na p\u00f3\u0142oficjalnych blogach i w plotkarskich mediach, pozostawiaj\u0105c szerokie pole do dokonywania wszelakich mo\u017cliwych interpretacji i daj\u0105c podstawy do przypuszcze\u0144, \u017ce zamieszanie ma charakter celowy. Dwa ostatnie przyk\u0142ady [&hellip;]","protected":false},"author":1,"featured_media":0,"comment_status":"closed","ping_status":"closed","sticky":false,"template":"","format":"standard","meta":{"_acf_changed":false,"_monsterinsights_skip_tracking":false,"_monsterinsights_sitenote_active":false,"_monsterinsights_sitenote_note":"","_monsterinsights_sitenote_category":0,"ngg_post_thumbnail":0,"footnotes":"","_wp_rev_ctl_limit":""},"categories":[3],"tags":[41,33],"acf":[],"_links":{"self":[{"href":"https:\/\/www.bibula.com\/index.php?rest_route=\/wp\/v2\/posts\/89878"}],"collection":[{"href":"https:\/\/www.bibula.com\/index.php?rest_route=\/wp\/v2\/posts"}],"about":[{"href":"https:\/\/www.bibula.com\/index.php?rest_route=\/wp\/v2\/types\/post"}],"author":[{"embeddable":true,"href":"https:\/\/www.bibula.com\/index.php?rest_route=\/wp\/v2\/users\/1"}],"replies":[{"embeddable":true,"href":"https:\/\/www.bibula.com\/index.php?rest_route=%2Fwp%2Fv2%2Fcomments&post=89878"}],"version-history":[{"count":0,"href":"https:\/\/www.bibula.com\/index.php?rest_route=\/wp\/v2\/posts\/89878\/revisions"}],"wp:attachment":[{"href":"https:\/\/www.bibula.com\/index.php?rest_route=%2Fwp%2Fv2%2Fmedia&parent=89878"}],"wp:term":[{"taxonomy":"category","embeddable":true,"href":"https:\/\/www.bibula.com\/index.php?rest_route=%2Fwp%2Fv2%2Fcategories&post=89878"},{"taxonomy":"post_tag","embeddable":true,"href":"https:\/\/www.bibula.com\/index.php?rest_route=%2Fwp%2Fv2%2Ftags&post=89878"}],"curies":[{"name":"wp","href":"https:\/\/api.w.org\/{rel}","templated":true}]}}